{"id":57304,"date":"2023-08-10T23:17:23","date_gmt":"2023-08-11T03:17:23","guid":{"rendered":"https:\/\/lasprimeras.com.do\/?p=57304"},"modified":"2023-08-10T23:17:25","modified_gmt":"2023-08-11T03:17:25","slug":"moodys-mejora-la-perspectiva-de-la-rd-y-reafirma-la-sostenibilidad-de-la-deuda-publica","status":"publish","type":"post","link":"https:\/\/lasprimeras.com.do\/index.php\/2023\/08\/10\/moodys-mejora-la-perspectiva-de-la-rd-y-reafirma-la-sostenibilidad-de-la-deuda-publica\/","title":{"rendered":"Moody\u2019s mejora la perspectiva de la RD y reafirma la sostenibilidad de la deuda p\u00fablica"},"content":{"rendered":"\n<p><strong>Hacienda destac\u00f3 que este avance permite al pa\u00eds colocarse m\u00e1s cerca de la meta de ser Grado de Inversi\u00f3n.<\/strong><\/p>\n\n\n\n<p>La agencia calificadora Moody\u2019s mejor\u00f3 este jueves la perspectiva de la Rep\u00fablica Dominicana, subi\u00e9ndola de Ba3 estable a Ba3 positiva, reconociendo, entre otros factores, el manejo eficiente y proactivo de la deuda p\u00fablica del pa\u00eds en la actual administraci\u00f3n que encabeza el presidente Luis Abinader.<\/p>\n\n\n\n<p>La efectividad de la pol\u00edtica fiscal, mejora de los ingresos, fortaleza econ\u00f3mica, impulsada por el crecimiento del producto interno bruto (PIB) y la demostrada resiliencia del pa\u00eds a los choques externos, fueron los dem\u00e1s factores que motivaron el cambio positivo a la perspectiva del pa\u00eds, de acuerdo con el informe de la reputada firma. &nbsp;<\/p>\n\n\n\n<p>\u201cLa efectividad del Gobierno ha mejorado en los a\u00f1os recientes, contribuyendo a la fuerte recuperaci\u00f3n del pa\u00eds despu\u00e9s de la pandemia. Hay una mejora en el desempe\u00f1o fiscal y una reducci\u00f3n de la inflaci\u00f3n\u201d, establece el documento. &nbsp;<\/p>\n\n\n\n<p>El ministro de Hacienda, Jochi Vicente, manifest\u00f3 que esta mejora en la perspectiva se debe a los esfuerzos y al firme compromiso del equipo de trabajo que gestiona el Ministerio de Hacienda para reducir los niveles de endeudamiento y garantizar su sostenibilidad.<\/p>\n\n\n\n<p>\u201cAdem\u00e1s de las operaciones de manejo de pasivo que realizamos y la reducci\u00f3n lograda del servicio de la deuda, tambi\u00e9n hemos disminuido las necesidades de financiamiento, producto de la disciplina con la que manejamos las finanzas p\u00fablicas\u201d, resalt\u00f3 Vicente. &nbsp; &nbsp;<\/p>\n\n\n\n<p>El informe de Moody\u2019s precisa que, al cierre de 2022, la deuda del sector p\u00fablico no financiero represent\u00f3 el 46% del PIB, reflejando as\u00ed una mejora significativa al compararse con el 57% registrado al cierre de 2020.<\/p>\n\n\n\n<p>En tanto, la viceministra de Cr\u00e9dito P\u00fablico, Mar\u00eda Jos\u00e9 Mart\u00ednez, destac\u00f3 que \u201ceste cambio a positivo en la perspectiva de riesgo del pa\u00eds es el resultado de las mejoras en gobernanza, institucionalidad y manejo de la deuda que hemos implementado, los cuales nos llevan un paso m\u00e1s cerca a nuestra meta de alcanzar el Grado de Inversi\u00f3n\u201d.<\/p>\n\n\n\n<p>A final del a\u00f1o pasado, el Gobierno logr\u00f3 un hito luego de que por primera vez en la historia el pa\u00eds alcanzara la calificaci\u00f3n crediticia \u201cBB\u201d, otorgada por la agencia Standard &amp; Poor\u2019s (S&amp;P), ya que desde el 2015 esta no realizaba una subida en la valoraci\u00f3n crediticia del pa\u00eds.<\/p>\n\n\n\n<p>S&amp;P tambi\u00e9n destac\u00f3 la mejora de la<br>institucionalidad en la administraci\u00f3n p\u00fablica, la capacidad de mantener altas tasas de crecimiento econ\u00f3mico, fortalecimiento en la planificaci\u00f3n fiscal y el manejo de la deuda p\u00fablica.<\/p>\n","protected":false},"excerpt":{"rendered":"<p>Hacienda destac\u00f3 que este avance permite al pa\u00eds colocarse m\u00e1s cerca de la meta de ser Grado de Inversi\u00f3n. La agencia calificadora Moody\u2019s mejor\u00f3 este jueves la perspectiva de la&hellip;<\/p>\n","protected":false},"author":2,"featured_media":57305,"comment_status":"open","ping_status":"open","sticky":false,"template":"","format":"standard","meta":{"content-type":"","jetpack_post_was_ever_published":false,"_jetpack_newsletter_access":"","_jetpack_dont_email_post_to_subs":false,"_jetpack_newsletter_tier_id":0,"_jetpack_memberships_contains_paywalled_content":false,"_jetpack_memberships_contains_paid_content":false,"footnotes":""},"categories":[39,25],"tags":[4219,6081,6083,6080,1226,6082],"class_list":["post-57304","post","type-post","status-publish","format-standard","has-post-thumbnail","hentry","category-economia","category-portada","tag-deuda-publica","tag-jochi-vicente","tag-moodys","tag-perspectiva","tag-republica-dominicana","tag-sostenibilidad"],"jetpack_featured_media_url":"https:\/\/lasprimeras.com.do\/wp-content\/uploads\/2023\/08\/Jochi-Vicente-1.jpg","jetpack-related-posts":[{"id":85568,"url":"https:\/\/lasprimeras.com.do\/index.php\/2024\/07\/02\/bc-dice-el-gobierno-debe-subir-impuestos-y-bajar-deuda-publica\/","url_meta":{"origin":57304,"position":0},"title":"BC dice el Gobierno debe subir impuestos y bajar deuda p\u00fablica","author":"Nelson Feliz","date":"2 de julio de 2024","format":false,"excerpt":"El Banco Central de la Rep\u00fablica Dominicana recomend\u00f3 a los planificadores de la pol\u00edtica fiscal que orienten la deuda p\u00fablica \u201chacia una trayectoria descendente\u201d y aumentar los colchones fiscales mediante la implementaci\u00f3n de reformas tributarias. En su p\u00e1gina abierta titulada \u201cConfianza en la econom\u00eda dominicana: an\u00e1lisis desde la perspectiva de\u2026","rel":"","context":"En \u00abECONOM\u00cdA\u00bb","block_context":{"text":"ECONOM\u00cdA","link":"https:\/\/lasprimeras.com.do\/index.php\/category\/economia\/"},"img":{"alt_text":"Banco Central","src":"https:\/\/i0.wp.com\/lasprimeras.com.do\/wp-content\/uploads\/2023\/08\/Banco-Central.jpg?resize=350%2C200&ssl=1","width":350,"height":200,"srcset":"https:\/\/i0.wp.com\/lasprimeras.com.do\/wp-content\/uploads\/2023\/08\/Banco-Central.jpg?resize=350%2C200&ssl=1 1x, https:\/\/i0.wp.com\/lasprimeras.com.do\/wp-content\/uploads\/2023\/08\/Banco-Central.jpg?resize=525%2C300&ssl=1 1.5x"},"classes":[]},{"id":69079,"url":"https:\/\/lasprimeras.com.do\/index.php\/2023\/11\/29\/fitch-ratings-mejora-la-perspectiva-del-pais-de-estable-a-positiva\/","url_meta":{"origin":57304,"position":1},"title":"Fitch Ratings mejora la perspectiva del pa\u00eds de estable a positiva","author":"Nelson Feliz","date":"29 de noviembre de 2023","format":false,"excerpt":"La agencia calificadorareconoci\u00f3 los esfuerzos del Gobierno para fortalecer las instituciones y el ataque a la corrupci\u00f3n. Las mejoras institucionales logradas por el Gobierno del presidente Luis Abinader yel manejo econ\u00f3mico por parte de las autoridades fiscales y monetarias permitieron que la calificadora Fitch Ratingselevara este mi\u00e9rcoles la perspectiva del\u2026","rel":"","context":"En \u00abECONOM\u00cdA\u00bb","block_context":{"text":"ECONOM\u00cdA","link":"https:\/\/lasprimeras.com.do\/index.php\/category\/economia\/"},"img":{"alt_text":"Ministerio de Hacienda","src":"https:\/\/i0.wp.com\/lasprimeras.com.do\/wp-content\/uploads\/2023\/08\/Ministerio-de-Hacienda.jpg?resize=350%2C200&ssl=1","width":350,"height":200,"srcset":"https:\/\/i0.wp.com\/lasprimeras.com.do\/wp-content\/uploads\/2023\/08\/Ministerio-de-Hacienda.jpg?resize=350%2C200&ssl=1 1x, https:\/\/i0.wp.com\/lasprimeras.com.do\/wp-content\/uploads\/2023\/08\/Ministerio-de-Hacienda.jpg?resize=525%2C300&ssl=1 1.5x, https:\/\/i0.wp.com\/lasprimeras.com.do\/wp-content\/uploads\/2023\/08\/Ministerio-de-Hacienda.jpg?resize=700%2C400&ssl=1 2x"},"classes":[]},{"id":59161,"url":"https:\/\/lasprimeras.com.do\/index.php\/2023\/08\/31\/jochi-vicente-rd-ha-dado-pasos-significativos-para-obtener-el-grado-de-inversion\/","url_meta":{"origin":57304,"position":2},"title":"Jochi Vicente: &#8220;RD ha dado pasos significativos para obtener el Grado de Inversi\u00f3n&#8221;","author":"Nelson Feliz","date":"31 de agosto de 2023","format":false,"excerpt":"El ministro de Hacienda habl\u00f3 en la apertura del primer seminario \u201cDeuda soberana regional: hacia el Grado de Inversi\u00f3n\u201d, con sede en Rep\u00fablica Dominicana. El ministro de Hacienda, Jochi Vicente, afirm\u00f3 este jueves que el pa\u00eds ha dado pasos significativos con el prop\u00f3sito de alcanzar el Grado de Inversi\u00f3n en\u2026","rel":"","context":"En \u00abECONOM\u00cdA\u00bb","block_context":{"text":"ECONOM\u00cdA","link":"https:\/\/lasprimeras.com.do\/index.php\/category\/economia\/"},"img":{"alt_text":"Ministerio de Hacienda","src":"https:\/\/i0.wp.com\/lasprimeras.com.do\/wp-content\/uploads\/2023\/08\/Ministerio-de-Hacienda.jpg?resize=350%2C200&ssl=1","width":350,"height":200,"srcset":"https:\/\/i0.wp.com\/lasprimeras.com.do\/wp-content\/uploads\/2023\/08\/Ministerio-de-Hacienda.jpg?resize=350%2C200&ssl=1 1x, https:\/\/i0.wp.com\/lasprimeras.com.do\/wp-content\/uploads\/2023\/08\/Ministerio-de-Hacienda.jpg?resize=525%2C300&ssl=1 1.5x, https:\/\/i0.wp.com\/lasprimeras.com.do\/wp-content\/uploads\/2023\/08\/Ministerio-de-Hacienda.jpg?resize=700%2C400&ssl=1 2x"},"classes":[]},{"id":118220,"url":"https:\/\/lasprimeras.com.do\/index.php\/2025\/12\/23\/banreservas-se-consagra-con-la-mayor-cantidad-de-premios-internacionales-en-2025-entre-ellos-mejor-banco-digital\/","url_meta":{"origin":57304,"position":3},"title":"Banreservas se consagra con la mayor cantidad de premios internacionales en 2025, entre ellos mejor banco digital","author":"Nelson Feliz","date":"23 de diciembre de 2025","format":false,"excerpt":"La instituci\u00f3n financiera mantiene calificaci\u00f3n AAA de largo plazo, con perspectiva Estable, de las calificadoras de riesgos Moody\u2019s y Feller Rate El Banco de Reservas se consagr\u00f3 como la instituci\u00f3n financiera de la Rep\u00fablica Dominicana con m\u00e1s reconocimientos internacionales en el a\u00f1o 2025, entre ellos el important\u00edsimo rengl\u00f3n de seguridad\u2026","rel":"","context":"En \u00abECONOM\u00cdA\u00bb","block_context":{"text":"ECONOM\u00cdA","link":"https:\/\/lasprimeras.com.do\/index.php\/category\/economia\/"},"img":{"alt_text":"","src":"https:\/\/i0.wp.com\/lasprimeras.com.do\/wp-content\/uploads\/2025\/12\/Banreservas-2.jpg?resize=350%2C200&ssl=1","width":350,"height":200,"srcset":"https:\/\/i0.wp.com\/lasprimeras.com.do\/wp-content\/uploads\/2025\/12\/Banreservas-2.jpg?resize=350%2C200&ssl=1 1x, https:\/\/i0.wp.com\/lasprimeras.com.do\/wp-content\/uploads\/2025\/12\/Banreservas-2.jpg?resize=525%2C300&ssl=1 1.5x, https:\/\/i0.wp.com\/lasprimeras.com.do\/wp-content\/uploads\/2025\/12\/Banreservas-2.jpg?resize=700%2C400&ssl=1 2x"},"classes":[]},{"id":53030,"url":"https:\/\/lasprimeras.com.do\/index.php\/2023\/06\/23\/fmi-recomienda-a-rd-enfocarse-en-mantener-la-estabilidad-a-corto-plazo\/","url_meta":{"origin":57304,"position":4},"title":"FMI recomienda a RD enfocarse en mantener la estabilidad a corto plazo","author":"Nelson Feliz","date":"23 de junio de 2023","format":false,"excerpt":"El organismo indic\u00f3 que las perspectivas econ\u00f3micas son positivas, aunque los riesgos a la baja dominan en el corto plazo. El Fondo Monetario Internacional (FMI) recomienda a Rep\u00fablica Dominicana enfocar sus pol\u00edticas a corto plazo en mantener la estabilidad macroecon\u00f3mica y financiera y avanzar con las reformas estructurales para impulsar\u2026","rel":"","context":"En \u00abECONOM\u00cdA\u00bb","block_context":{"text":"ECONOM\u00cdA","link":"https:\/\/lasprimeras.com.do\/index.php\/category\/economia\/"},"img":{"alt_text":"","src":"https:\/\/i0.wp.com\/lasprimeras.com.do\/wp-content\/uploads\/2023\/06\/fmi-sd.jpg?resize=350%2C200&ssl=1","width":350,"height":200,"srcset":"https:\/\/i0.wp.com\/lasprimeras.com.do\/wp-content\/uploads\/2023\/06\/fmi-sd.jpg?resize=350%2C200&ssl=1 1x, https:\/\/i0.wp.com\/lasprimeras.com.do\/wp-content\/uploads\/2023\/06\/fmi-sd.jpg?resize=525%2C300&ssl=1 1.5x, https:\/\/i0.wp.com\/lasprimeras.com.do\/wp-content\/uploads\/2023\/06\/fmi-sd.jpg?resize=700%2C400&ssl=1 2x"},"classes":[]},{"id":89528,"url":"https:\/\/lasprimeras.com.do\/index.php\/2024\/09\/26\/ministro-afirma-reforma-integral-es-necesaria-para-lograr-desarrollo-economico-sostenible\/","url_meta":{"origin":57304,"position":5},"title":"Ministro afirma reforma integral es necesaria para lograr desarrollo econ\u00f3mico sostenible","author":"Nelson Feliz","date":"26 de septiembre de 2024","format":false,"excerpt":"El ministro de Hacienda, Jochi Vicente, present\u00f3 las perspectivas acerca del contexto fiscal actual y los principios que sustentan la propuesta de reforma fiscal integral que se trabaja desde el gobierno, en su ponencia titulada: \u00abCoyuntura Fiscal de Rep\u00fablica Dominicana\u00bb. Vicente explic\u00f3 que, para responder adecuadamente a las demandas de\u2026","rel":"","context":"En \u00abECONOM\u00cdA\u00bb","block_context":{"text":"ECONOM\u00cdA","link":"https:\/\/lasprimeras.com.do\/index.php\/category\/economia\/"},"img":{"alt_text":"","src":"https:\/\/i0.wp.com\/lasprimeras.com.do\/wp-content\/uploads\/2024\/09\/Jochi-Vicente.jpg?resize=350%2C200&ssl=1","width":350,"height":200,"srcset":"https:\/\/i0.wp.com\/lasprimeras.com.do\/wp-content\/uploads\/2024\/09\/Jochi-Vicente.jpg?resize=350%2C200&ssl=1 1x, https:\/\/i0.wp.com\/lasprimeras.com.do\/wp-content\/uploads\/2024\/09\/Jochi-Vicente.jpg?resize=525%2C300&ssl=1 1.5x"},"classes":[]}],"jetpack_sharing_enabled":true,"_links":{"self":[{"href":"https:\/\/lasprimeras.com.do\/index.php\/wp-json\/wp\/v2\/posts\/57304","targetHints":{"allow":["GET"]}}],"collection":[{"href":"https:\/\/lasprimeras.com.do\/index.php\/wp-json\/wp\/v2\/posts"}],"about":[{"href":"https:\/\/lasprimeras.com.do\/index.php\/wp-json\/wp\/v2\/types\/post"}],"author":[{"embeddable":true,"href":"https:\/\/lasprimeras.com.do\/index.php\/wp-json\/wp\/v2\/users\/2"}],"replies":[{"embeddable":true,"href":"https:\/\/lasprimeras.com.do\/index.php\/wp-json\/wp\/v2\/comments?post=57304"}],"version-history":[{"count":1,"href":"https:\/\/lasprimeras.com.do\/index.php\/wp-json\/wp\/v2\/posts\/57304\/revisions"}],"predecessor-version":[{"id":57306,"href":"https:\/\/lasprimeras.com.do\/index.php\/wp-json\/wp\/v2\/posts\/57304\/revisions\/57306"}],"wp:featuredmedia":[{"embeddable":true,"href":"https:\/\/lasprimeras.com.do\/index.php\/wp-json\/wp\/v2\/media\/57305"}],"wp:attachment":[{"href":"https:\/\/lasprimeras.com.do\/index.php\/wp-json\/wp\/v2\/media?parent=57304"}],"wp:term":[{"taxonomy":"category","embeddable":true,"href":"https:\/\/lasprimeras.com.do\/index.php\/wp-json\/wp\/v2\/categories?post=57304"},{"taxonomy":"post_tag","embeddable":true,"href":"https:\/\/lasprimeras.com.do\/index.php\/wp-json\/wp\/v2\/tags?post=57304"}],"curies":[{"name":"wp","href":"https:\/\/api.w.org\/{rel}","templated":true}]}}