{"id":57310,"date":"2023-08-10T23:48:23","date_gmt":"2023-08-11T03:48:23","guid":{"rendered":"https:\/\/lasprimeras.com.do\/?p=57310"},"modified":"2023-08-10T23:48:25","modified_gmt":"2023-08-11T03:48:25","slug":"danilo-medina-reune-con-dirigentes-del-pld-en-los-estados-unidos","status":"publish","type":"post","link":"https:\/\/lasprimeras.com.do\/index.php\/2023\/08\/10\/danilo-medina-reune-con-dirigentes-del-pld-en-los-estados-unidos\/","title":{"rendered":"Danilo Medina re\u00fane con dirigentes del PLD en los Estados Unidos"},"content":{"rendered":"\n<p>El ex presidente de la Rep\u00fablica, Danilo Medina, Presidente del Partido de la Liberaci\u00f3n (PLD) sostuvo un encuentro con los dirigentes de esa organizaci\u00f3n en los diferentes comit\u00e9s seccionales en los Estados Unidos.<\/p>\n\n\n\n<p>Los miembros del Comit\u00e9 Pol\u00edtico, Melanio Paredes, Enlace de campa\u00f1a en Estados Unidos y Alexis Lantigua, titular de la Secretar\u00eda de Dominicanos (as) en el Exterior, el presidente del PLD comparti\u00f3 con sus compa\u00f1eros de Partido de la Circunscripci\u00f3n Uno del Exterior (de los Estados Unidos).<\/p>\n\n\n\n<p>La situaci\u00f3n pol\u00edtica actual, el avance del proceso electoral interno, la l\u00ednea ascendente del candidato a la presidencial, Abel Mart\u00ednez y los trabajos para conquistar el triunfo en el exterior, son parte de los temas tratados en el encuentro de este jueves realizado en el sal\u00f3n Profesor Juan Bosch de la Oficina Presidencial del PLD en la zona universitaria.<\/p>\n\n\n\n<p>En la reuni\u00f3n de los dirigentes del PLD en Estados Unidos particip\u00f3 una representaci\u00f3n del Sector Externo que apoya la candidatura de Abel Mart\u00ednez, quienes visitan el pa\u00eds a invitaci\u00f3n del candidato presidencial y Alcalde de Santiago.<\/p>\n\n\n\n<p>Los dirigentes pele de\u00edstas residentes en diversos estados de la uni\u00f3n norteamericana estudian el modelo de gesti\u00f3n municipal ejemplar de Abel Mart\u00ednez al frente del Ayuntamiento de Santiago de los Caballeros, que proyecta a Abel como el gran gerente para cambiar a mejor toda la Rep\u00fablica Dominicana desde la jefatura del Estado.<\/p>\n","protected":false},"excerpt":{"rendered":"<p>El ex presidente de la Rep\u00fablica, Danilo Medina, Presidente del Partido de la Liberaci\u00f3n (PLD) sostuvo un encuentro con los dirigentes de esa organizaci\u00f3n en los diferentes comit\u00e9s seccionales en&hellip;<\/p>\n","protected":false},"author":2,"featured_media":57311,"comment_status":"open","ping_status":"open","sticky":false,"template":"","format":"standard","meta":{"content-type":"","jetpack_post_was_ever_published":false,"_jetpack_newsletter_access":"","_jetpack_dont_email_post_to_subs":false,"_jetpack_newsletter_tier_id":0,"_jetpack_memberships_contains_paywalled_content":false,"_jetpack_memberships_contains_paid_content":false,"footnotes":""},"categories":[25],"tags":[501,983,98,269],"class_list":["post-57310","post","type-post","status-publish","format-standard","has-post-thumbnail","hentry","category-portada","tag-danilo-medina","tag-dirigentes","tag-estados-unidos","tag-pld"],"jetpack_featured_media_url":"https:\/\/lasprimeras.com.do\/wp-content\/uploads\/2023\/08\/PLD-eeuu.jpg","jetpack-related-posts":[{"id":128698,"url":"https:\/\/lasprimeras.com.do\/index.php\/2026\/04\/25\/danilo-medina-encabezara-actos-de-juramentacion-del-pld-este-domingo\/","url_meta":{"origin":57310,"position":0},"title":"Danilo Medina encabezar\u00e1 actos de juramentaci\u00f3n del PLD este domingo","author":"Nelson Feliz","date":"25 de abril de 2026","format":false,"excerpt":"Danilo Medina encabezar\u00e1 este domingo sendas actividades de juramentaci\u00f3n: la primera en Mao en la ma\u00f1ana y la segunda en Santiago en horas de la tarde. El expresidente Danilo Medina, presidente del Partido de la Liberaci\u00f3n Dominicana (PLD), participar\u00e1 este domingo en sendos actos de juramentaci\u00f3n de ciudadanos que apoyan\u2026","rel":"","context":"En \u00abPOLITICA\u00bb","block_context":{"text":"POLITICA","link":"https:\/\/lasprimeras.com.do\/index.php\/category\/politica\/"},"img":{"alt_text":"Danilo Medina","src":"https:\/\/i0.wp.com\/lasprimeras.com.do\/wp-content\/uploads\/2026\/04\/Danilo-Medina-2.jpg?resize=350%2C200&ssl=1","width":350,"height":200,"srcset":"https:\/\/i0.wp.com\/lasprimeras.com.do\/wp-content\/uploads\/2026\/04\/Danilo-Medina-2.jpg?resize=350%2C200&ssl=1 1x, https:\/\/i0.wp.com\/lasprimeras.com.do\/wp-content\/uploads\/2026\/04\/Danilo-Medina-2.jpg?resize=525%2C300&ssl=1 1.5x, https:\/\/i0.wp.com\/lasprimeras.com.do\/wp-content\/uploads\/2026\/04\/Danilo-Medina-2.jpg?resize=700%2C400&ssl=1 2x"},"classes":[]},{"id":105311,"url":"https:\/\/lasprimeras.com.do\/index.php\/2025\/08\/01\/danilo-medina-y-johnny-pujols-encabezaran-asamblea-del-pld-en-la-vega-el-domingo\/","url_meta":{"origin":57310,"position":1},"title":"Danilo Medina y Johnny Pujols encabezar\u00e1n asamblea del PLD en La Vega el domingo","author":"Nelson Feliz","date":"1 de agosto de 2025","format":false,"excerpt":"El PLD en La Vega se prepara para la realizaci\u00f3n de la asamblea provincial programada para el pr\u00f3ximo domingo. El Partido de la Liberaci\u00f3n Dominicana (PLD) en La Vega afina los detalles para celebrar este domingo 3 de agosto la asamblea correspondiente a dicha provincia en la que participar\u00e1n miembros\u2026","rel":"","context":"En \u00abPOLITICA\u00bb","block_context":{"text":"POLITICA","link":"https:\/\/lasprimeras.com.do\/index.php\/category\/politica\/"},"img":{"alt_text":"Danilo Medina y Johnny Pujols","src":"https:\/\/i0.wp.com\/lasprimeras.com.do\/wp-content\/uploads\/2025\/08\/Danilo-Medina-y-Johnny-Pujols.jpg?resize=350%2C200&ssl=1","width":350,"height":200,"srcset":"https:\/\/i0.wp.com\/lasprimeras.com.do\/wp-content\/uploads\/2025\/08\/Danilo-Medina-y-Johnny-Pujols.jpg?resize=350%2C200&ssl=1 1x, https:\/\/i0.wp.com\/lasprimeras.com.do\/wp-content\/uploads\/2025\/08\/Danilo-Medina-y-Johnny-Pujols.jpg?resize=525%2C300&ssl=1 1.5x, https:\/\/i0.wp.com\/lasprimeras.com.do\/wp-content\/uploads\/2025\/08\/Danilo-Medina-y-Johnny-Pujols.jpg?resize=700%2C400&ssl=1 2x"},"classes":[]},{"id":101074,"url":"https:\/\/lasprimeras.com.do\/index.php\/2025\/06\/15\/danilo-medina-la-gente-reconoce-que-con-el-pld-se-vivia-mejor-video\/","url_meta":{"origin":57310,"position":2},"title":"Danilo Medina: La gente reconoce que con el PLD se viv\u00eda mejor | Video","author":"Nelson Feliz","date":"15 de junio de 2025","format":false,"excerpt":"Danilo Medina encabeza un encuentro en Barahona trata el tema relativo a la l\u00ednea organizativa y electoral del PLD con los miembros del Comit\u00e9 Central de all\u00ed. https:\/\/twitter.com\/i\/status\/1934343489531109712 El ex presidente de la Rep\u00fablica, Danilo Medina, apunt\u00f3 este domingo la atenci\u00f3n que sobre el Partido de la Liberaci\u00f3n Dominicana tienen\u2026","rel":"","context":"En \u00abPOLITICA\u00bb","block_context":{"text":"POLITICA","link":"https:\/\/lasprimeras.com.do\/index.php\/category\/politica\/"},"img":{"alt_text":"Danilo Medina","src":"https:\/\/i0.wp.com\/lasprimeras.com.do\/wp-content\/uploads\/2025\/06\/Danilo-Medina.jpg?resize=350%2C200&ssl=1","width":350,"height":200,"srcset":"https:\/\/i0.wp.com\/lasprimeras.com.do\/wp-content\/uploads\/2025\/06\/Danilo-Medina.jpg?resize=350%2C200&ssl=1 1x, https:\/\/i0.wp.com\/lasprimeras.com.do\/wp-content\/uploads\/2025\/06\/Danilo-Medina.jpg?resize=525%2C300&ssl=1 1.5x, https:\/\/i0.wp.com\/lasprimeras.com.do\/wp-content\/uploads\/2025\/06\/Danilo-Medina.jpg?resize=700%2C400&ssl=1 2x"},"classes":[]},{"id":103671,"url":"https:\/\/lasprimeras.com.do\/index.php\/2025\/07\/17\/asamblea-provincial-del-pld-en-dajabon-el-domingo-20-julio\/","url_meta":{"origin":57310,"position":3},"title":"Asamblea provincial del PLD en Dajab\u00f3n el domingo 20 julio","author":"Nelson Feliz","date":"17 de julio de 2025","format":false,"excerpt":"El PLD en Dajab\u00f3n prepara asamblea de dirigentes pautada para el pr\u00f3ximo domingo, que encabezar\u00e1n, Danilo Medina, presidente del PLD y Johnny Pujols, secretario general El Partido de la Liberaci\u00f3n Dominicana (PLD) en Dajab\u00f3n se prepara para recibir el pr\u00f3ximo domingo al ex presidente de la Rep\u00fablica, Danilo Medina, presidente\u2026","rel":"","context":"En \u00abPOLITICA\u00bb","block_context":{"text":"POLITICA","link":"https:\/\/lasprimeras.com.do\/index.php\/category\/politica\/"},"img":{"alt_text":"","src":"https:\/\/i0.wp.com\/lasprimeras.com.do\/wp-content\/uploads\/2025\/07\/Asamblea-provincial-del-PLD-en-Dajabon.jpg?resize=350%2C200&ssl=1","width":350,"height":200,"srcset":"https:\/\/i0.wp.com\/lasprimeras.com.do\/wp-content\/uploads\/2025\/07\/Asamblea-provincial-del-PLD-en-Dajabon.jpg?resize=350%2C200&ssl=1 1x, https:\/\/i0.wp.com\/lasprimeras.com.do\/wp-content\/uploads\/2025\/07\/Asamblea-provincial-del-PLD-en-Dajabon.jpg?resize=525%2C300&ssl=1 1.5x, https:\/\/i0.wp.com\/lasprimeras.com.do\/wp-content\/uploads\/2025\/07\/Asamblea-provincial-del-PLD-en-Dajabon.jpg?resize=700%2C400&ssl=1 2x"},"classes":[]},{"id":123121,"url":"https:\/\/lasprimeras.com.do\/index.php\/2026\/02\/26\/danilo-lamenta-la-ocurrencia-de-dos-apagones-generales-en-tres-meses-video\/","url_meta":{"origin":57310,"position":4},"title":"Danilo lamenta la ocurrencia de dos apagones generales en tres meses | Video","author":"Nelson Feliz","date":"26 de febrero de 2026","format":false,"excerpt":"El presidente del PLD se muestra esperanzado de los inconvenientes que han generado los Blackout puedan corregirse, porque representan una mala imagen para el pa\u00eds El ex presidente de la Rep\u00fablica, Danilo Medina, presidente del Partido de la Liberaci\u00f3n Dominicana (PLD), al lamentar la ocurrencia de dos apagones generales en\u2026","rel":"","context":"En \u00abPOLITICA\u00bb","block_context":{"text":"POLITICA","link":"https:\/\/lasprimeras.com.do\/index.php\/category\/politica\/"},"img":{"alt_text":"Danilo Medina","src":"https:\/\/i0.wp.com\/lasprimeras.com.do\/wp-content\/uploads\/2026\/02\/Danilo-Medina-4.jpg?resize=350%2C200&ssl=1","width":350,"height":200,"srcset":"https:\/\/i0.wp.com\/lasprimeras.com.do\/wp-content\/uploads\/2026\/02\/Danilo-Medina-4.jpg?resize=350%2C200&ssl=1 1x, https:\/\/i0.wp.com\/lasprimeras.com.do\/wp-content\/uploads\/2026\/02\/Danilo-Medina-4.jpg?resize=525%2C300&ssl=1 1.5x, https:\/\/i0.wp.com\/lasprimeras.com.do\/wp-content\/uploads\/2026\/02\/Danilo-Medina-4.jpg?resize=700%2C400&ssl=1 2x, https:\/\/i0.wp.com\/lasprimeras.com.do\/wp-content\/uploads\/2026\/02\/Danilo-Medina-4.jpg?resize=1050%2C600&ssl=1 3x, https:\/\/i0.wp.com\/lasprimeras.com.do\/wp-content\/uploads\/2026\/02\/Danilo-Medina-4.jpg?resize=1400%2C800&ssl=1 4x"},"classes":[]},{"id":111497,"url":"https:\/\/lasprimeras.com.do\/index.php\/2025\/10\/09\/asamblea-de-dirigentes-del-pld-este-domingo-en-santiago\/","url_meta":{"origin":57310,"position":5},"title":"Asamblea de dirigentes del PLD este domingo en Santiago","author":"Nelson Feliz","date":"9 de octubre de 2025","format":false,"excerpt":"El ex Presidente, Danilo Medina, presidente del PLD Y Johnny Pujols, secretario general, encabezan asamblea provincial en Santiago. El Partido de la Liberaci\u00f3n Dominicana (PLD) en Santiago avanza en los preparativos de la asamblea de sus dirigentes en la provincia, que ser\u00e1 encabezada por el presidente de la organizaci\u00f3n, el\u2026","rel":"","context":"En \u00abPOLITICA\u00bb","block_context":{"text":"POLITICA","link":"https:\/\/lasprimeras.com.do\/index.php\/category\/politica\/"},"img":{"alt_text":"","src":"https:\/\/i0.wp.com\/lasprimeras.com.do\/wp-content\/uploads\/2025\/10\/Danilo-Medina-y-Johnny-Pujols.jpeg?resize=350%2C200&ssl=1","width":350,"height":200,"srcset":"https:\/\/i0.wp.com\/lasprimeras.com.do\/wp-content\/uploads\/2025\/10\/Danilo-Medina-y-Johnny-Pujols.jpeg?resize=350%2C200&ssl=1 1x, https:\/\/i0.wp.com\/lasprimeras.com.do\/wp-content\/uploads\/2025\/10\/Danilo-Medina-y-Johnny-Pujols.jpeg?resize=525%2C300&ssl=1 1.5x, https:\/\/i0.wp.com\/lasprimeras.com.do\/wp-content\/uploads\/2025\/10\/Danilo-Medina-y-Johnny-Pujols.jpeg?resize=700%2C400&ssl=1 2x, https:\/\/i0.wp.com\/lasprimeras.com.do\/wp-content\/uploads\/2025\/10\/Danilo-Medina-y-Johnny-Pujols.jpeg?resize=1050%2C600&ssl=1 3x"},"classes":[]}],"jetpack_sharing_enabled":true,"_links":{"self":[{"href":"https:\/\/lasprimeras.com.do\/index.php\/wp-json\/wp\/v2\/posts\/57310","targetHints":{"allow":["GET"]}}],"collection":[{"href":"https:\/\/lasprimeras.com.do\/index.php\/wp-json\/wp\/v2\/posts"}],"about":[{"href":"https:\/\/lasprimeras.com.do\/index.php\/wp-json\/wp\/v2\/types\/post"}],"author":[{"embeddable":true,"href":"https:\/\/lasprimeras.com.do\/index.php\/wp-json\/wp\/v2\/users\/2"}],"replies":[{"embeddable":true,"href":"https:\/\/lasprimeras.com.do\/index.php\/wp-json\/wp\/v2\/comments?post=57310"}],"version-history":[{"count":1,"href":"https:\/\/lasprimeras.com.do\/index.php\/wp-json\/wp\/v2\/posts\/57310\/revisions"}],"predecessor-version":[{"id":57312,"href":"https:\/\/lasprimeras.com.do\/index.php\/wp-json\/wp\/v2\/posts\/57310\/revisions\/57312"}],"wp:featuredmedia":[{"embeddable":true,"href":"https:\/\/lasprimeras.com.do\/index.php\/wp-json\/wp\/v2\/media\/57311"}],"wp:attachment":[{"href":"https:\/\/lasprimeras.com.do\/index.php\/wp-json\/wp\/v2\/media?parent=57310"}],"wp:term":[{"taxonomy":"category","embeddable":true,"href":"https:\/\/lasprimeras.com.do\/index.php\/wp-json\/wp\/v2\/categories?post=57310"},{"taxonomy":"post_tag","embeddable":true,"href":"https:\/\/lasprimeras.com.do\/index.php\/wp-json\/wp\/v2\/tags?post=57310"}],"curies":[{"name":"wp","href":"https:\/\/api.w.org\/{rel}","templated":true}]}}