{"id":57320,"date":"2023-08-11T06:56:03","date_gmt":"2023-08-11T10:56:03","guid":{"rendered":"https:\/\/lasprimeras.com.do\/?p=57320"},"modified":"2023-08-11T06:56:05","modified_gmt":"2023-08-11T10:56:05","slug":"jce-prohibe-mitines-marchas-y-publicidad-externa-durante-precampana","status":"publish","type":"post","link":"https:\/\/lasprimeras.com.do\/index.php\/2023\/08\/11\/jce-prohibe-mitines-marchas-y-publicidad-externa-durante-precampana\/","title":{"rendered":"JCE prohibe m\u00edtines, marchas y publicidad externa durante precampa\u00f1a"},"content":{"rendered":"\n<p>La Junta Central Electoral (JCE) prohibi\u00f3 los m\u00edtines, marchas y publicidad externa durante la precampa\u00f1a y amenaz\u00f3 con multas y retenci\u00f3n de los fondos p\u00fablicos que aporta el Estado a los partidos pol\u00edticos si incumplen la medida.<\/p>\n\n\n\n<p>Record\u00f3 que, hasta que no quede abierto el per\u00edodo de campa\u00f1a electoral, est\u00e1 prohibida \u00abla celebraci\u00f3n de eventos multitudinarios como m\u00edtines, marchas, caravanas y la divulgaci\u00f3n de propaganda electoral como la colocaci\u00f3n de vallas, afiches, pancartas, as\u00ed como la promoci\u00f3n de los aspirantes a trav\u00e9s de medios de comunicaci\u00f3n como la radio y la televisi\u00f3n\u00bb.<\/p>\n\n\n\n<p>En un comunicado de admonici\u00f3n, el Pleno de la JCE orden\u00f3 tambi\u00e9n \u00abcesar la difusi\u00f3n de mensajes proselitistas en radio y televisi\u00f3n en un plazo de quince d\u00edas, hasta el 25 de agosto\u00bb.<\/p>\n\n\n\n<p>De igual manera, la Junta reiter\u00f3 la prohibici\u00f3n ya existente del uso de los s\u00edmbolos patrios en cualquier medio de difusi\u00f3n o promoci\u00f3n proselitista con fines electorales.<br>Dijo que los partidos que irrespeten dicha medida ser\u00e1n sancionados con el pago de 1 a 200 salarios m\u00ednimos.<\/p>\n","protected":false},"excerpt":{"rendered":"<p>La Junta Central Electoral (JCE) prohibi\u00f3 los m\u00edtines, marchas y publicidad externa durante la precampa\u00f1a y amenaz\u00f3 con multas y retenci\u00f3n de los fondos p\u00fablicos que aporta el Estado a&hellip;<\/p>\n","protected":false},"author":2,"featured_media":56174,"comment_status":"open","ping_status":"open","sticky":false,"template":"","format":"standard","meta":{"content-type":"","jetpack_post_was_ever_published":false,"_jetpack_newsletter_access":"","_jetpack_dont_email_post_to_subs":false,"_jetpack_newsletter_tier_id":0,"_jetpack_memberships_contains_paywalled_content":false,"_jetpack_memberships_contains_paid_content":false,"footnotes":""},"categories":[35],"tags":[183,3851,6091,4270,6090,1460],"class_list":["post-57320","post","type-post","status-publish","format-standard","has-post-thumbnail","hentry","category-nacionales","tag-jce","tag-marchas","tag-mitines","tag-precampana","tag-prohibe-2","tag-publicidad"],"jetpack_featured_media_url":"https:\/\/lasprimeras.com.do\/wp-content\/uploads\/2023\/07\/JCE.jpg","jetpack-related-posts":[{"id":58866,"url":"https:\/\/lasprimeras.com.do\/index.php\/2023\/08\/29\/jce-ratifica-medida-que-prohibe-mitines-y-marchas-en-precampana\/","url_meta":{"origin":57320,"position":0},"title":"JCE ratifica medida que proh\u00edbe m\u00edtines y marchas en precampa\u00f1a","author":"Nelson Feliz","date":"29 de agosto de 2023","format":false,"excerpt":"La Junta Central Electoral (JCE) ratific\u00f3 su comunicado de admonici\u00f3n que proh\u00edbe a los partidos la realizaci\u00f3n de m\u00edtines, marchas y vallas publicitarias durante la precampa\u00f1a. Advirti\u00f3 que aplicar\u00e1 sanciones administrativas de uno a 200 salarios m\u00ednimos a las organizaciones pol\u00edticas, candidatos y candidatas, sus representantes o jefes de campa\u00f1a\u2026","rel":"","context":"En \u00abNACIONALES\u00bb","block_context":{"text":"NACIONALES","link":"https:\/\/lasprimeras.com.do\/index.php\/category\/nacionales\/"},"img":{"alt_text":"JCE","src":"https:\/\/i0.wp.com\/lasprimeras.com.do\/wp-content\/uploads\/2023\/07\/JCE.jpg?resize=350%2C200&ssl=1","width":350,"height":200,"srcset":"https:\/\/i0.wp.com\/lasprimeras.com.do\/wp-content\/uploads\/2023\/07\/JCE.jpg?resize=350%2C200&ssl=1 1x, https:\/\/i0.wp.com\/lasprimeras.com.do\/wp-content\/uploads\/2023\/07\/JCE.jpg?resize=525%2C300&ssl=1 1.5x, https:\/\/i0.wp.com\/lasprimeras.com.do\/wp-content\/uploads\/2023\/07\/JCE.jpg?resize=700%2C400&ssl=1 2x"},"classes":[]},{"id":59034,"url":"https:\/\/lasprimeras.com.do\/index.php\/2023\/08\/30\/jce-ratifica-sancionara-partidos-y-a-candidatos-violen-medida-legal\/","url_meta":{"origin":57320,"position":1},"title":"JCE ratifica sancionar\u00e1 partidos y a candidatos violen medida legal","author":"Nelson Feliz","date":"30 de agosto de 2023","format":false,"excerpt":"La Junta Central Electoral (JCE) ratific\u00f3 su comunicado que proh\u00edbe a los partidos la realizaci\u00f3n de m\u00edtines, marchas y vallas publicitarias durante la precampa\u00f1a. Advirti\u00f3 que aplicar\u00e1 sanciones administrativas de uno a 200 salarios m\u00ednimos a las organizaciones pol\u00edticas, candidatos y candidatas, sus representantes o jefes de campa\u00f1a que organicen\u2026","rel":"","context":"En \u00abPORTADA\u00bb","block_context":{"text":"PORTADA","link":"https:\/\/lasprimeras.com.do\/index.php\/category\/portada\/"},"img":{"alt_text":"JCE","src":"https:\/\/i0.wp.com\/lasprimeras.com.do\/wp-content\/uploads\/2023\/07\/JCE.jpg?resize=350%2C200&ssl=1","width":350,"height":200,"srcset":"https:\/\/i0.wp.com\/lasprimeras.com.do\/wp-content\/uploads\/2023\/07\/JCE.jpg?resize=350%2C200&ssl=1 1x, https:\/\/i0.wp.com\/lasprimeras.com.do\/wp-content\/uploads\/2023\/07\/JCE.jpg?resize=525%2C300&ssl=1 1.5x, https:\/\/i0.wp.com\/lasprimeras.com.do\/wp-content\/uploads\/2023\/07\/JCE.jpg?resize=700%2C400&ssl=1 2x"},"classes":[]},{"id":57367,"url":"https:\/\/lasprimeras.com.do\/index.php\/2023\/08\/11\/fp-ignorara-orden-jce-mantendra-actividades-politicas-inalterables\/","url_meta":{"origin":57320,"position":2},"title":"FP ignorar\u00e1 orden JCE; mantendr\u00e1 actividades pol\u00edticas inalterables","author":"Nelson Feliz","date":"11 de agosto de 2023","format":false,"excerpt":"La Fuerza del Pueblo mantendr\u00e1 sus actividades pol\u00edticas \u00abinalterables\u00bb y no obedecer\u00e1 un ordenamiento de la Junta Centra Electoral (JCE) que proh\u00edbe a los partidos realizar m\u00edtines, marchas y publicidad externa durante la precampa\u00f1a. FP indic\u00f3 mediante un comunicado que la decisi\u00f3n de la JCE lleg\u00f3 \u201ctarde\u201d y es violatoria\u2026","rel":"","context":"En \u00abPORTADA\u00bb","block_context":{"text":"PORTADA","link":"https:\/\/lasprimeras.com.do\/index.php\/category\/portada\/"},"img":{"alt_text":"Leonel Fermandez","src":"https:\/\/i0.wp.com\/lasprimeras.com.do\/wp-content\/uploads\/2023\/08\/Leonel-Fermandez.jpeg?resize=350%2C200&ssl=1","width":350,"height":200,"srcset":"https:\/\/i0.wp.com\/lasprimeras.com.do\/wp-content\/uploads\/2023\/08\/Leonel-Fermandez.jpeg?resize=350%2C200&ssl=1 1x, https:\/\/i0.wp.com\/lasprimeras.com.do\/wp-content\/uploads\/2023\/08\/Leonel-Fermandez.jpeg?resize=525%2C300&ssl=1 1.5x, https:\/\/i0.wp.com\/lasprimeras.com.do\/wp-content\/uploads\/2023\/08\/Leonel-Fermandez.jpeg?resize=700%2C400&ssl=1 2x, https:\/\/i0.wp.com\/lasprimeras.com.do\/wp-content\/uploads\/2023\/08\/Leonel-Fermandez.jpeg?resize=1050%2C600&ssl=1 3x, https:\/\/i0.wp.com\/lasprimeras.com.do\/wp-content\/uploads\/2023\/08\/Leonel-Fermandez.jpeg?resize=1400%2C800&ssl=1 4x"},"classes":[]},{"id":59115,"url":"https:\/\/lasprimeras.com.do\/index.php\/2023\/08\/30\/danilo-diaz-resolucion-de-la-jce-favorece-campana-reeleccionista\/","url_meta":{"origin":57320,"position":3},"title":"Danilo D\u00edaz: Resoluci\u00f3n de la JCE favorece campa\u00f1a reeleccionista","author":"Nelson Feliz","date":"30 de agosto de 2023","format":false,"excerpt":"Es lamentable que la JCE haya preferido la confrontaci\u00f3n antes que el di\u00e1logo con los partidos pol\u00edticos, como establece la Ley. El delegado pol\u00edtico suplente del Partido de la Liberaci\u00f3n Dominicana (PLD) ante la Junta Central Electoral, Danilo D\u00edaz, dijo que la ratificaci\u00f3n de ese organismo prohibiendo los m\u00edtines, marchas\u2026","rel":"","context":"En \u00abSin categor\u00eda\u00bb","block_context":{"text":"Sin categor\u00eda","link":"https:\/\/lasprimeras.com.do\/index.php\/category\/sin-categoria\/"},"img":{"alt_text":"","src":"https:\/\/i0.wp.com\/lasprimeras.com.do\/wp-content\/uploads\/2023\/08\/Danilo-Diaz.jpg?resize=350%2C200&ssl=1","width":350,"height":200},"classes":[]},{"id":107825,"url":"https:\/\/lasprimeras.com.do\/index.php\/2025\/08\/31\/jce-da-cinco-dias-a-camino-nuevo-para-retirar-vallas-de-omar-fernandez\/","url_meta":{"origin":57320,"position":4},"title":"JCE da cinco d\u00edas a Camino Nuevo para retirar vallas de Omar Fern\u00e1ndez","author":"Nelson Feliz","date":"31 de agosto de 2025","format":false,"excerpt":"La Junta Central Electoral (JCE) otorg\u00f3 un plazo de cinco d\u00edas h\u00e1biles, al partido Camino Nuevo para retirar las vallas publicitarias colocadas en distintos puntos del Gran Santo Domingo con la imagen del senador del Distrito Nacional, Omar Fern\u00e1ndez, a quien la organizaci\u00f3n hab\u00eda ofrecido su candidatura presidencial. Mediante un\u2026","rel":"","context":"En \u00abPOLITICA\u00bb","block_context":{"text":"POLITICA","link":"https:\/\/lasprimeras.com.do\/index.php\/category\/politica\/"},"img":{"alt_text":"","src":"https:\/\/i0.wp.com\/lasprimeras.com.do\/wp-content\/uploads\/2025\/08\/CaminioNuevo1.jpg?resize=350%2C200&ssl=1","width":350,"height":200,"srcset":"https:\/\/i0.wp.com\/lasprimeras.com.do\/wp-content\/uploads\/2025\/08\/CaminioNuevo1.jpg?resize=350%2C200&ssl=1 1x, https:\/\/i0.wp.com\/lasprimeras.com.do\/wp-content\/uploads\/2025\/08\/CaminioNuevo1.jpg?resize=525%2C300&ssl=1 1.5x, https:\/\/i0.wp.com\/lasprimeras.com.do\/wp-content\/uploads\/2025\/08\/CaminioNuevo1.jpg?resize=700%2C400&ssl=1 2x"},"classes":[]},{"id":57752,"url":"https:\/\/lasprimeras.com.do\/index.php\/2023\/08\/15\/partidos-de-oposicion-se-pronuncian-contra-prohibicion-jce-sobre-eventos-y-propaganda-en-precampana\/","url_meta":{"origin":57320,"position":5},"title":"Partidos de oposici\u00f3n se pronuncian contra prohibici\u00f3n JCE sobre eventos y propaganda en precampa\u00f1a","author":"Nelson Feliz","date":"15 de agosto de 2023","format":false,"excerpt":"El Partido Revolucionario Dominicano (PRD), junto a la Fuerza del Pueblo (FP) y el Partido de la Liberaci\u00f3n Dominicana (PLD), deposit\u00f3 este lunes un documento ante la Junta Central Electoral (JCE) donde estas tres organizaciones opositoras manifiestan su rechazo al comunicado en el que \u00f3rgano de comicios advirti\u00f3 sobre la\u2026","rel":"","context":"En \u00abPORTADA\u00bb","block_context":{"text":"PORTADA","link":"https:\/\/lasprimeras.com.do\/index.php\/category\/portada\/"},"img":{"alt_text":"JCE","src":"https:\/\/i0.wp.com\/lasprimeras.com.do\/wp-content\/uploads\/2023\/07\/JCE.jpg?resize=350%2C200&ssl=1","width":350,"height":200,"srcset":"https:\/\/i0.wp.com\/lasprimeras.com.do\/wp-content\/uploads\/2023\/07\/JCE.jpg?resize=350%2C200&ssl=1 1x, https:\/\/i0.wp.com\/lasprimeras.com.do\/wp-content\/uploads\/2023\/07\/JCE.jpg?resize=525%2C300&ssl=1 1.5x, https:\/\/i0.wp.com\/lasprimeras.com.do\/wp-content\/uploads\/2023\/07\/JCE.jpg?resize=700%2C400&ssl=1 2x"},"classes":[]}],"jetpack_sharing_enabled":true,"_links":{"self":[{"href":"https:\/\/lasprimeras.com.do\/index.php\/wp-json\/wp\/v2\/posts\/57320","targetHints":{"allow":["GET"]}}],"collection":[{"href":"https:\/\/lasprimeras.com.do\/index.php\/wp-json\/wp\/v2\/posts"}],"about":[{"href":"https:\/\/lasprimeras.com.do\/index.php\/wp-json\/wp\/v2\/types\/post"}],"author":[{"embeddable":true,"href":"https:\/\/lasprimeras.com.do\/index.php\/wp-json\/wp\/v2\/users\/2"}],"replies":[{"embeddable":true,"href":"https:\/\/lasprimeras.com.do\/index.php\/wp-json\/wp\/v2\/comments?post=57320"}],"version-history":[{"count":1,"href":"https:\/\/lasprimeras.com.do\/index.php\/wp-json\/wp\/v2\/posts\/57320\/revisions"}],"predecessor-version":[{"id":57321,"href":"https:\/\/lasprimeras.com.do\/index.php\/wp-json\/wp\/v2\/posts\/57320\/revisions\/57321"}],"wp:featuredmedia":[{"embeddable":true,"href":"https:\/\/lasprimeras.com.do\/index.php\/wp-json\/wp\/v2\/media\/56174"}],"wp:attachment":[{"href":"https:\/\/lasprimeras.com.do\/index.php\/wp-json\/wp\/v2\/media?parent=57320"}],"wp:term":[{"taxonomy":"category","embeddable":true,"href":"https:\/\/lasprimeras.com.do\/index.php\/wp-json\/wp\/v2\/categories?post=57320"},{"taxonomy":"post_tag","embeddable":true,"href":"https:\/\/lasprimeras.com.do\/index.php\/wp-json\/wp\/v2\/tags?post=57320"}],"curies":[{"name":"wp","href":"https:\/\/api.w.org\/{rel}","templated":true}]}}