{"id":57328,"date":"2023-08-11T07:44:40","date_gmt":"2023-08-11T11:44:40","guid":{"rendered":"https:\/\/lasprimeras.com.do\/?p=57328"},"modified":"2023-08-11T07:44:42","modified_gmt":"2023-08-11T11:44:42","slug":"one-publica-primeros-resultados-del-x-censo-nacional-de-poblacion-y-vivienda","status":"publish","type":"post","link":"https:\/\/lasprimeras.com.do\/index.php\/2023\/08\/11\/one-publica-primeros-resultados-del-x-censo-nacional-de-poblacion-y-vivienda\/","title":{"rendered":"ONE publica primeros resultados del X Censo Nacional de Poblaci\u00f3n y Vivienda"},"content":{"rendered":"\n<p><strong>La Oficina Nacional de Estad\u00edstica (ONE) inform\u00f3 los primeros resultados preliminares del X Censo Nacional de Poblaci\u00f3n y Vivienda (XCNPV) donde se contempla la poblaci\u00f3n total, por sexo, por provincia, por regi\u00f3n, el total de viviendas y la densidad poblacional.<\/strong><\/p>\n\n\n\n<p>La Oficina Nacional de Estad\u00edstica (ONE), comunic\u00f3 los primeros resultados preliminares del X Censo Nacional de Poblaci\u00f3n y Vivienda (XCNPV), informando que en la Rep\u00fablica Dominicana hay un total de 10,760,028 habitantes, lo que representa un aumento poblacional de un 13.9% en comparaci\u00f3n con el Censo realizado en 2010. Este total poblacional est\u00e1 compuesto por 5,437,095 mujeres y 5,322,933 hombres, seg\u00fan los datos informados por la ONE.<\/p>\n\n\n\n<p>En cuanto a la ubicaci\u00f3n geogr\u00e1fica, la ONE informa que el 35.3% de la poblaci\u00f3n total se concentra en la Regi\u00f3n Ozama, donde solo en la provincia de Santo Domingo la poblaci\u00f3n asciende a 2,769,589 habitantes, siendo la de mayor tama\u00f1o poblacional del pa\u00eds.<\/p>\n\n\n\n<p>Los resultados presentados evidencian que la provincia de Santiago pas\u00f3 a ocupar el segundo lugar con una poblaci\u00f3n de 1,074,684 personas por encima del Distrito Nacional que ahora pas\u00f3 a ser la tercera en tama\u00f1o poblacional.<\/p>\n\n\n\n<p>Al presentarse los datos comparados con el censo del 2010, la provincia La Altagracia muestra el mayor crecimiento poblacional con un 4.1%, pasando a ocupar el quinto lugar con una poblaci\u00f3n 446,060 habitantes. Por su parte, San Crist\u00f3bal ocupa el cuarto lugar, con una poblaci\u00f3n de 688,828 habitantes.<\/p>\n\n\n\n<p>Los resultados presentados tambi\u00e9n evidencian que, a pesar de un incremento de la poblaci\u00f3n total, se mantiene la tendencia al descenso de la tasa de crecimiento intercensal al pasar de 1.22% entre el 2002 y el 2010, a 1.10% entre el 2010 y el 2022.<br>El valor de este indicador demogr\u00e1fico refleja la tendencia de las \u00faltimas siete d\u00e9cadas.<\/p>\n\n\n\n<p>La directora general de la Oficina Nacional de Estad\u00edstica (ONE) Miosotis Rivas Pe\u00f1a, expres\u00f3 que \u201cel Censo es una gran herramienta de mucha utilidad para la toma de decisiones, tanto para el sector p\u00fablico, como para el privado, ya que provee informaci\u00f3n de cu\u00e1nto somos, qui\u00e9nes somos y d\u00f3nde vivimos; informaciones b\u00e1sicas para la adecuada formulaci\u00f3n de pol\u00edticas p\u00fablicas y la toma de decisiones.<\/p>\n\n\n\n<p>Es un honor para m\u00ed, tomando en cuenta censos anteriores, poder entregarles estos primeros resultados en tan corto tiempo, lo cual representa un logro de la sociedad dominicana que ha entendido la importancia de una operaci\u00f3n estad\u00edstica como esta, siendo parte del primer censo tecnol\u00f3gico de la Rep\u00fablica Dominicana. Agradecemos infinitamente el apoyo brindado\u201d<\/p>\n\n\n\n<p>Rivas Pe\u00f1a, tambi\u00e9n agradeci\u00f3 a todas las instituciones p\u00fablicas, el sector privado, y la sociedad civil, as\u00ed como los organismos internacionales, a todo el personal operativo, y el equipo de la ONE, que pusieron todo su esfuerzo y empe\u00f1o para lograr que estos resultados cumplan con los est\u00e1ndares de calidad requeridos.<\/p>\n\n\n\n<p>La ONE incluy\u00f3, dentro de la presentaci\u00f3n de los resultados, un calendario que explica que los pr\u00f3ximos resultados se seguir\u00e1n difundiendo a partir del cuarto trimestre del 2023.<\/p>\n\n\n\n<p>Dentro del acto tambi\u00e9n participaron el ministro de la Presidencia, Joel Santos, el ministro de Econom\u00eda, Planificaci\u00f3n y Desarrollo, P\u00e1vel Isa Contreras; la rectora de la Universidad Iberoamericana (UNIBE), Odile Camilo Vicent, as\u00ed como el vicepresidente ejecutivo del Consejo Nacional de la Empresa Privada (CONEP), Cesar Dargam.<\/p>\n","protected":false},"excerpt":{"rendered":"<p>La Oficina Nacional de Estad\u00edstica (ONE) inform\u00f3 los primeros resultados preliminares del X Censo Nacional de Poblaci\u00f3n y Vivienda (XCNPV) donde se contempla la poblaci\u00f3n total, por sexo, por provincia,&hellip;<\/p>\n","protected":false},"author":2,"featured_media":57329,"comment_status":"open","ping_status":"open","sticky":false,"template":"","format":"standard","meta":{"content-type":"","jetpack_post_was_ever_published":false,"_jetpack_newsletter_access":"","_jetpack_dont_email_post_to_subs":false,"_jetpack_newsletter_tier_id":0,"_jetpack_memberships_contains_paywalled_content":false,"_jetpack_memberships_contains_paid_content":false,"footnotes":""},"categories":[35,25],"tags":[5049,172,6096,1417,1473,1426],"class_list":["post-57328","post","type-post","status-publish","format-standard","has-post-thumbnail","hentry","category-nacionales","category-portada","tag-censo","tag-nacional","tag-one","tag-poblacion","tag-resultados","tag-vivienda"],"jetpack_featured_media_url":"https:\/\/lasprimeras.com.do\/wp-content\/uploads\/2023\/08\/Oficina-Nacional-de-Estadistica.jpg","jetpack-related-posts":[{"id":77373,"url":"https:\/\/lasprimeras.com.do\/index.php\/2024\/02\/20\/minpre-y-one-firman-acuerdo-para-proveer-indicadores-estadisticos-sobre-seguridad-alimentaria-del-pais\/","url_meta":{"origin":57328,"position":0},"title":"Minpre y ONE firman acuerdo para proveer indicadores estad\u00edsticos sobre seguridad alimentaria del pa\u00eds","author":"BIMARY DE JES\u00daS Matos","date":"20 de febrero de 2024","format":false,"excerpt":"SANTO DOMINGO. El Ministerio de la Presidencia (Minpre) y la Oficina Nacional de Estad\u00edstica (ONE), firmaron un acuerdo de cooperaci\u00f3n interinstitucional, con el objetivo de proveer indicadores estad\u00edsticos para mantener actualizado el Sistema de Informaci\u00f3n de la Soberan\u00eda y Seguridad Alimentaria de Rep\u00fablica Dominicana. El convenio fue suscrito por los\u2026","rel":"","context":"En \u00abPORTADA\u00bb","block_context":{"text":"PORTADA","link":"https:\/\/lasprimeras.com.do\/index.php\/category\/portada\/"},"img":{"alt_text":"","src":"https:\/\/i0.wp.com\/lasprimeras.com.do\/wp-content\/uploads\/2024\/02\/IMG-20240220-WA0048-scaled.jpg?resize=350%2C200&ssl=1","width":350,"height":200,"srcset":"https:\/\/i0.wp.com\/lasprimeras.com.do\/wp-content\/uploads\/2024\/02\/IMG-20240220-WA0048-scaled.jpg?resize=350%2C200&ssl=1 1x, https:\/\/i0.wp.com\/lasprimeras.com.do\/wp-content\/uploads\/2024\/02\/IMG-20240220-WA0048-scaled.jpg?resize=525%2C300&ssl=1 1.5x, https:\/\/i0.wp.com\/lasprimeras.com.do\/wp-content\/uploads\/2024\/02\/IMG-20240220-WA0048-scaled.jpg?resize=700%2C400&ssl=1 2x, https:\/\/i0.wp.com\/lasprimeras.com.do\/wp-content\/uploads\/2024\/02\/IMG-20240220-WA0048-scaled.jpg?resize=1050%2C600&ssl=1 3x, https:\/\/i0.wp.com\/lasprimeras.com.do\/wp-content\/uploads\/2024\/02\/IMG-20240220-WA0048-scaled.jpg?resize=1400%2C800&ssl=1 4x"},"classes":[]},{"id":55356,"url":"https:\/\/lasprimeras.com.do\/index.php\/2023\/07\/20\/abel-martinez-ya-que-el-gobierno-no-ha-podido-dar-resultados-del-censo-cuando-lleguemos-al-poder-esos-datos-seran-revelados\/","url_meta":{"origin":57328,"position":1},"title":"Abel Mart\u00ednez: Ya que el Gobierno no ha podido dar resultados del Censo, cuando lleguemos al Poder\u2026 esos datos ser\u00e1n revelados","author":"Nelson Feliz","date":"20 de julio de 2023","format":false,"excerpt":"El precandidato presidencial por el Partido de la Liberaci\u00f3n Dominicana (PLD), Abel Mart\u00ednez, critic\u00f3 que el Gobierno dominicano no haya concluido el Censo Nacional del a\u00f1o pasado, por lo que prometi\u00f3 que cuando gane las elecciones presidenciales en 2024 revelar\u00e1 esos datos al d\u00eda siguiente de tomar posesi\u00f3n de su\u2026","rel":"","context":"En \u00abPORTADA\u00bb","block_context":{"text":"PORTADA","link":"https:\/\/lasprimeras.com.do\/index.php\/category\/portada\/"},"img":{"alt_text":"Abel Mart\u00ednez","src":"https:\/\/i0.wp.com\/lasprimeras.com.do\/wp-content\/uploads\/2023\/06\/Abel-Martinez.jpg?resize=350%2C200&ssl=1","width":350,"height":200,"srcset":"https:\/\/i0.wp.com\/lasprimeras.com.do\/wp-content\/uploads\/2023\/06\/Abel-Martinez.jpg?resize=350%2C200&ssl=1 1x, https:\/\/i0.wp.com\/lasprimeras.com.do\/wp-content\/uploads\/2023\/06\/Abel-Martinez.jpg?resize=525%2C300&ssl=1 1.5x, https:\/\/i0.wp.com\/lasprimeras.com.do\/wp-content\/uploads\/2023\/06\/Abel-Martinez.jpg?resize=700%2C400&ssl=1 2x"},"classes":[]},{"id":99809,"url":"https:\/\/lasprimeras.com.do\/index.php\/2025\/05\/27\/abinader-designa-a-mildred-gabriela-martinez-mejia-como-nueva-directora-de-la-one\/","url_meta":{"origin":57328,"position":2},"title":"Abinader designa a Mildred Gabriela Mart\u00ednez Mej\u00eda como nueva directora de la ONE","author":"Nelson Feliz","date":"27 de mayo de 2025","format":false,"excerpt":"El presidente Luis Abinader mediante el decreto 269-35, design\u00f3 a Mildred Gabriela Mart\u00ednez Mej\u00eda como la nueva directora de la Oficina Nacional de Estad\u00edstica (ONE). Perfil de Mart\u00ednez Mej\u00eda Es psic\u00f3loga cl\u00ednica, egresada Cum Laude de la Universidad Aut\u00f3noma de Santo Domingo (UASD, 2001). Posee una maestr\u00eda en Alta Direcci\u00f3n\u2026","rel":"","context":"En \u00abNACIONALES\u00bb","block_context":{"text":"NACIONALES","link":"https:\/\/lasprimeras.com.do\/index.php\/category\/nacionales\/"},"img":{"alt_text":"Mildred Gabriela Mart\u00ednez Mej\u00eda","src":"https:\/\/i0.wp.com\/lasprimeras.com.do\/wp-content\/uploads\/2025\/05\/Mildred-Gabriela-Martinez-Mejia.jpg?resize=350%2C200&ssl=1","width":350,"height":200,"srcset":"https:\/\/i0.wp.com\/lasprimeras.com.do\/wp-content\/uploads\/2025\/05\/Mildred-Gabriela-Martinez-Mejia.jpg?resize=350%2C200&ssl=1 1x, https:\/\/i0.wp.com\/lasprimeras.com.do\/wp-content\/uploads\/2025\/05\/Mildred-Gabriela-Martinez-Mejia.jpg?resize=525%2C300&ssl=1 1.5x, https:\/\/i0.wp.com\/lasprimeras.com.do\/wp-content\/uploads\/2025\/05\/Mildred-Gabriela-Martinez-Mejia.jpg?resize=700%2C400&ssl=1 2x"},"classes":[]},{"id":103722,"url":"https:\/\/lasprimeras.com.do\/index.php\/2025\/07\/17\/el-55-de-los-dominicanos-en-estados-unidos-tiene-menos-de-34-anos\/","url_meta":{"origin":57328,"position":3},"title":"El 55 % de los dominicanos en Estados Unidos tiene menos de 34 a\u00f1os","author":"Nelson Feliz","date":"17 de julio de 2025","format":false,"excerpt":"El nuevo registro sociodemogr\u00e1fico de los dominicanos en el exterior revela c\u00f3mo es la di\u00e1spora en Estados Unidos Ver\u00f3nica Rosario N\u00fa\u00f1ez Santo Domingo -La comunidad dominicana en Estados Unidos se aproxima a los 2.4 millones de residentes legales. Se trata de una poblaci\u00f3n que contin\u00faa siendo mayoritariamente femenina, con una\u2026","rel":"","context":"En \u00abECONOM\u00cdA\u00bb","block_context":{"text":"ECONOM\u00cdA","link":"https:\/\/lasprimeras.com.do\/index.php\/category\/economia\/"},"img":{"alt_text":"","src":"https:\/\/i0.wp.com\/lasprimeras.com.do\/wp-content\/uploads\/2025\/07\/rd.jpg?resize=350%2C200&ssl=1","width":350,"height":200,"srcset":"https:\/\/i0.wp.com\/lasprimeras.com.do\/wp-content\/uploads\/2025\/07\/rd.jpg?resize=350%2C200&ssl=1 1x, https:\/\/i0.wp.com\/lasprimeras.com.do\/wp-content\/uploads\/2025\/07\/rd.jpg?resize=525%2C300&ssl=1 1.5x, https:\/\/i0.wp.com\/lasprimeras.com.do\/wp-content\/uploads\/2025\/07\/rd.jpg?resize=700%2C400&ssl=1 2x"},"classes":[]},{"id":125764,"url":"https:\/\/lasprimeras.com.do\/index.php\/2026\/03\/25\/one-unfpa-y-ue-impulsan-estadisticas-sobre-migracion\/","url_meta":{"origin":57328,"position":4},"title":"ONE, UNFPA y UE impulsan estad\u00edsticas sobre migraci\u00f3n","author":"Nelson Feliz","date":"25 de marzo de 2026","format":false,"excerpt":"La iniciativa impulsa el aprovechamiento de registros administrativos y la mejora de la calidad de los datos para la toma de decisiones p\u00fablicas. La Oficina Nacional de Estad\u00edstica (ONE), con la asistencia t\u00e9cnica del Fondo de Poblaci\u00f3n de las Naciones Unidas (UNFPA) y el financiamiento de la Uni\u00f3n Europea, present\u00f3\u2026","rel":"","context":"En \u00abNACIONALES\u00bb","block_context":{"text":"NACIONALES","link":"https:\/\/lasprimeras.com.do\/index.php\/category\/nacionales\/"},"img":{"alt_text":"","src":"https:\/\/i0.wp.com\/lasprimeras.com.do\/wp-content\/uploads\/2026\/03\/ONE_9487.jpg?resize=350%2C200&ssl=1","width":350,"height":200,"srcset":"https:\/\/i0.wp.com\/lasprimeras.com.do\/wp-content\/uploads\/2026\/03\/ONE_9487.jpg?resize=350%2C200&ssl=1 1x, https:\/\/i0.wp.com\/lasprimeras.com.do\/wp-content\/uploads\/2026\/03\/ONE_9487.jpg?resize=525%2C300&ssl=1 1.5x, https:\/\/i0.wp.com\/lasprimeras.com.do\/wp-content\/uploads\/2026\/03\/ONE_9487.jpg?resize=700%2C400&ssl=1 2x"},"classes":[]},{"id":107210,"url":"https:\/\/lasprimeras.com.do\/index.php\/2025\/08\/24\/costos-de-construccion-de-viviendas-en-el-gran-santo-domingo-suben-3-52-en-un-ano\/","url_meta":{"origin":57328,"position":5},"title":"Costos de construcci\u00f3n de viviendas en el Gran Santo Domingo suben 3.52% en un a\u00f1o","author":"Nelson Feliz","date":"24 de agosto de 2025","format":false,"excerpt":"Precio de casas unifamiliares de un nivel bajaron un 0.13% en julio: mano de obra se mantiene invariable, seg\u00fan informe de la ONE Massiel de Jes\u00fas El d\u00e9ficit habitacional en Rep\u00fablica Dominicana contin\u00faa siendo un reto importante, con un 48.9% de las familias sin acceso a una vivienda propia, y\u2026","rel":"","context":"En \u00abECONOM\u00cdA\u00bb","block_context":{"text":"ECONOM\u00cdA","link":"https:\/\/lasprimeras.com.do\/index.php\/category\/economia\/"},"img":{"alt_text":"","src":"https:\/\/i0.wp.com\/lasprimeras.com.do\/wp-content\/uploads\/2025\/08\/vivienda-3-1.jpeg?resize=350%2C200&ssl=1","width":350,"height":200,"srcset":"https:\/\/i0.wp.com\/lasprimeras.com.do\/wp-content\/uploads\/2025\/08\/vivienda-3-1.jpeg?resize=350%2C200&ssl=1 1x, https:\/\/i0.wp.com\/lasprimeras.com.do\/wp-content\/uploads\/2025\/08\/vivienda-3-1.jpeg?resize=525%2C300&ssl=1 1.5x, https:\/\/i0.wp.com\/lasprimeras.com.do\/wp-content\/uploads\/2025\/08\/vivienda-3-1.jpeg?resize=700%2C400&ssl=1 2x, https:\/\/i0.wp.com\/lasprimeras.com.do\/wp-content\/uploads\/2025\/08\/vivienda-3-1.jpeg?resize=1050%2C600&ssl=1 3x"},"classes":[]}],"jetpack_sharing_enabled":true,"_links":{"self":[{"href":"https:\/\/lasprimeras.com.do\/index.php\/wp-json\/wp\/v2\/posts\/57328","targetHints":{"allow":["GET"]}}],"collection":[{"href":"https:\/\/lasprimeras.com.do\/index.php\/wp-json\/wp\/v2\/posts"}],"about":[{"href":"https:\/\/lasprimeras.com.do\/index.php\/wp-json\/wp\/v2\/types\/post"}],"author":[{"embeddable":true,"href":"https:\/\/lasprimeras.com.do\/index.php\/wp-json\/wp\/v2\/users\/2"}],"replies":[{"embeddable":true,"href":"https:\/\/lasprimeras.com.do\/index.php\/wp-json\/wp\/v2\/comments?post=57328"}],"version-history":[{"count":1,"href":"https:\/\/lasprimeras.com.do\/index.php\/wp-json\/wp\/v2\/posts\/57328\/revisions"}],"predecessor-version":[{"id":57330,"href":"https:\/\/lasprimeras.com.do\/index.php\/wp-json\/wp\/v2\/posts\/57328\/revisions\/57330"}],"wp:featuredmedia":[{"embeddable":true,"href":"https:\/\/lasprimeras.com.do\/index.php\/wp-json\/wp\/v2\/media\/57329"}],"wp:attachment":[{"href":"https:\/\/lasprimeras.com.do\/index.php\/wp-json\/wp\/v2\/media?parent=57328"}],"wp:term":[{"taxonomy":"category","embeddable":true,"href":"https:\/\/lasprimeras.com.do\/index.php\/wp-json\/wp\/v2\/categories?post=57328"},{"taxonomy":"post_tag","embeddable":true,"href":"https:\/\/lasprimeras.com.do\/index.php\/wp-json\/wp\/v2\/tags?post=57328"}],"curies":[{"name":"wp","href":"https:\/\/api.w.org\/{rel}","templated":true}]}}