{"id":57348,"date":"2023-08-11T08:43:09","date_gmt":"2023-08-11T12:43:09","guid":{"rendered":"https:\/\/lasprimeras.com.do\/?p=57348"},"modified":"2023-08-11T08:43:10","modified_gmt":"2023-08-11T12:43:10","slug":"un-buen-activo-politico","status":"publish","type":"post","link":"https:\/\/lasprimeras.com.do\/index.php\/2023\/08\/11\/un-buen-activo-politico\/","title":{"rendered":"Un buen activo Pol\u00edtico"},"content":{"rendered":"\n<p>Los partidos pol\u00edticos deben ocuparse mas a fondo al momento de escoger sus candidatos para la elecci\u00f3n popular.<\/p>\n\n\n\n<p>En ocasiones al elegir un candidato o candidata se cometen errores insalvables frente a la sociedad, teniendo otros activos, que bajo ning\u00fan concepto son objetables frente a los electores.<\/p>\n\n\n\n<p>Me refiero a que Leandra Acosta es un activo pol\u00edtico \u00fanico en el municipio Santo Domingo Este, veamos: bien preparada, conocedora en profundidad de los temas municipales, muy buena aceptaci\u00f3n por los municipes, ademas la \u00fanica mujer capaz de hacer las transformaciones en esa demarcaci\u00f3n, por todo lo antes expuesto, debi\u00f3 ser bien ponderada.<\/p>\n\n\n\n<p>Ella, de cero ha logrado construir equipos se trabajos que la han acompa\u00f1ado durante todo el trayecto, y aun no habiendo sido seleccionada permanece activa, debido a su compromiso moral con sus municipes y su partido.<\/p>\n\n\n\n<p>Leandra ha alcanzado los mas altos niveles de aceptaci\u00f3n en SDE, ustedes saben porqu\u00e9, porque ha hecho del trabajo pol\u00edtico un h\u00e1bito natural, pero ademas por que tiene una profunda vocaci\u00f3n de servicio.<\/p>\n\n\n\n<p>Ella tiene en carpeta de mas de diez propuestas que van dirigidas a transformar ese municipio, por que ella conoce en profundidad los verdaderos problemas que aquejan a los ciudadanos de la comarca.<\/p>\n\n\n\n<p>Por que elegir una persona cuestionada por la sociedad, es cierto que legalmente no tiene ning\u00fan impedimento, pero la sociedad esta atenta a todas las acciones de los partidos.<\/p>\n\n\n\n<p>Finalmente, Fuerza del Pueblo tiene la obligaci\u00f3n de armonizar la boleta a presentar para las pr\u00f3ximas elecciones, no se puede dar el lujo de llevar candidaturas cuestionadas, mucho cuidado a la Direcci\u00f3n Pol\u00edtica de Fuerza del Pueblo.<\/p>\n","protected":false},"excerpt":{"rendered":"<p>Los partidos pol\u00edticos deben ocuparse mas a fondo al momento de escoger sus candidatos para la elecci\u00f3n popular. En ocasiones al elegir un candidato o candidata se cometen errores insalvables&hellip;<\/p>\n","protected":false},"author":2,"featured_media":54231,"comment_status":"open","ping_status":"open","sticky":false,"template":"","format":"standard","meta":{"content-type":"","jetpack_post_was_ever_published":false,"_jetpack_newsletter_access":"","_jetpack_dont_email_post_to_subs":false,"_jetpack_newsletter_tier_id":0,"_jetpack_memberships_contains_paywalled_content":false,"_jetpack_memberships_contains_paid_content":false,"footnotes":""},"categories":[95,25],"tags":[6107],"class_list":["post-57348","post","type-post","status-publish","format-standard","has-post-thumbnail","hentry","category-opinion","category-portada","tag-un-buen-activo-politico"],"jetpack_featured_media_url":"https:\/\/lasprimeras.com.do\/wp-content\/uploads\/2023\/07\/Leandra-Acosta.jpeg","jetpack-related-posts":[{"id":65659,"url":"https:\/\/lasprimeras.com.do\/index.php\/2023\/10\/30\/los-nueve-candidatos-que-disputaran-la-presidencia-en-elecciones-2024\/","url_meta":{"origin":57348,"position":0},"title":"Los nueve candidatos que disputar\u00e1n la presidencia en elecciones 2024","author":"BIMARY DE JES\u00daS Matos","date":"30 de octubre de 2023","format":false,"excerpt":"SANTO DOMINGO.-La boleta electoral en el nivel presidencial para las elecciones del 2024, tendr\u00e1 al menos nueve candidatos presidenciales. Una cantidad superior a la de las elecciones del 2020 cuando se presentaron seis candidatos y las del 2016 que tuvo ocho. Adem\u00e1s de Luis Abinader, Leonel Fern\u00e1ndez, Abel Mart\u00ednez y\u2026","rel":"","context":"En \u00abSin categor\u00eda\u00bb","block_context":{"text":"Sin categor\u00eda","link":"https:\/\/lasprimeras.com.do\/index.php\/category\/sin-categoria\/"},"img":{"alt_text":"","src":"https:\/\/i0.wp.com\/lasprimeras.com.do\/wp-content\/uploads\/2023\/10\/WhatsApp-Image-2023-10-30-at-9.45.18-AM.webp?resize=350%2C200&ssl=1","width":350,"height":200,"srcset":"https:\/\/i0.wp.com\/lasprimeras.com.do\/wp-content\/uploads\/2023\/10\/WhatsApp-Image-2023-10-30-at-9.45.18-AM.webp?resize=350%2C200&ssl=1 1x, https:\/\/i0.wp.com\/lasprimeras.com.do\/wp-content\/uploads\/2023\/10\/WhatsApp-Image-2023-10-30-at-9.45.18-AM.webp?resize=525%2C300&ssl=1 1.5x, https:\/\/i0.wp.com\/lasprimeras.com.do\/wp-content\/uploads\/2023\/10\/WhatsApp-Image-2023-10-30-at-9.45.18-AM.webp?resize=700%2C400&ssl=1 2x, https:\/\/i0.wp.com\/lasprimeras.com.do\/wp-content\/uploads\/2023\/10\/WhatsApp-Image-2023-10-30-at-9.45.18-AM.webp?resize=1050%2C600&ssl=1 3x, https:\/\/i0.wp.com\/lasprimeras.com.do\/wp-content\/uploads\/2023\/10\/WhatsApp-Image-2023-10-30-at-9.45.18-AM.webp?resize=1400%2C800&ssl=1 4x"},"classes":[]},{"id":52742,"url":"https:\/\/lasprimeras.com.do\/index.php\/2023\/06\/13\/ramon-raposo-traza-ruta-del-crecimiento-de-cara-a-comicios-del-2024\/","url_meta":{"origin":57348,"position":1},"title":"Ram\u00f3n Raposo traza ruta del crecimiento de cara a comicios del 2024\u00a0\u00a0","author":"prenxa100","date":"13 de junio de 2023","format":false,"excerpt":"El candidato a diputado del Partido Revolucionario Dominicano (PRD), por el municipio Santo Domingo Norte, Ram\u00f3n Raposo sostuvo un encuentro de coordinaci\u00f3n con dirigentes que respaldan su proyecto pol\u00edtico donde fue establecido un programa de trabajo de cara a las elecciones del 2024.\u00a0\u00a0 El evento fue desarrollado en la Biblioteca\u2026","rel":"","context":"En \u00abSin categor\u00eda\u00bb","block_context":{"text":"Sin categor\u00eda","link":"https:\/\/lasprimeras.com.do\/index.php\/category\/sin-categoria\/"},"img":{"alt_text":"","src":"https:\/\/i0.wp.com\/lasprimeras.com.do\/wp-content\/uploads\/2023\/06\/ramon-raposo-traza-ruta-del-crecimiento-de-cara-a-comicios-del-2024.jpg?resize=350%2C200&ssl=1","width":350,"height":200},"classes":[]},{"id":106704,"url":"https:\/\/lasprimeras.com.do\/index.php\/2025\/08\/18\/politicos-y-politiqueros\/","url_meta":{"origin":57348,"position":2},"title":"Pol\u00edticos y politiqueros","author":"Nelson Feliz","date":"18 de agosto de 2025","format":false,"excerpt":"Por: Miguel Florentino La pol\u00edtica como ciencia es una actividad hermosa pues, con ella se puede hacer transformaciones importantes para cualquier sociedad del mundo, pero lamentablemente ha sido distorsionada por muchos politiqueros que se hacen llamar pol\u00edticos. Cuando una persona utiliza pr\u00e1cticas indecorosas para lograr un objetivo espec\u00edfico en la\u2026","rel":"","context":"En \u00abOPINI\u00d3N\u00bb","block_context":{"text":"OPINI\u00d3N","link":"https:\/\/lasprimeras.com.do\/index.php\/category\/opinion\/"},"img":{"alt_text":"Miguel Florentino","src":"https:\/\/i0.wp.com\/lasprimeras.com.do\/wp-content\/uploads\/2025\/08\/Miguel-Florentino.jpg?resize=350%2C200&ssl=1","width":350,"height":200,"srcset":"https:\/\/i0.wp.com\/lasprimeras.com.do\/wp-content\/uploads\/2025\/08\/Miguel-Florentino.jpg?resize=350%2C200&ssl=1 1x, https:\/\/i0.wp.com\/lasprimeras.com.do\/wp-content\/uploads\/2025\/08\/Miguel-Florentino.jpg?resize=525%2C300&ssl=1 1.5x, https:\/\/i0.wp.com\/lasprimeras.com.do\/wp-content\/uploads\/2025\/08\/Miguel-Florentino.jpg?resize=700%2C400&ssl=1 2x"},"classes":[]},{"id":108110,"url":"https:\/\/lasprimeras.com.do\/index.php\/2025\/09\/03\/llaman-a-elsa-mantilla-tomar-licencia-por-el-resto-actividades-desfile-dominicano-paterson-nj\/","url_meta":{"origin":57348,"position":3},"title":"Llaman a Elsa Mantilla tomar licencia por el resto actividades Desfile Dominicano Paterson-NJ","author":"Nelson Feliz","date":"3 de septiembre de 2025","format":false,"excerpt":"https:\/\/www.youtube.com\/shorts\/Qsy5ks6q3tU Por Ram\u00f3n Mercedes PATERSON-NJ.- Ante las recientes proclamas pol\u00edticas p\u00fablicas que a favor de la aspirante presidencial del PRM, Carolina Mej\u00eda, hiciera en esta ciudad la presidenta del Desfile Dominicano, Elsa Mantilla, quisqueyanos solicitan que ella tome licencia por el resto de las actividades a desarrollar, para evitar que\u2026","rel":"","context":"En \u00abINTERNACIONALES\u00bb","block_context":{"text":"INTERNACIONALES","link":"https:\/\/lasprimeras.com.do\/index.php\/category\/sin-categoria\/internacionales\/"},"img":{"alt_text":"","src":"https:\/\/i0.wp.com\/lasprimeras.com.do\/wp-content\/uploads\/2025\/09\/Elsa-Mantilla.jpg?resize=350%2C200&ssl=1","width":350,"height":200,"srcset":"https:\/\/i0.wp.com\/lasprimeras.com.do\/wp-content\/uploads\/2025\/09\/Elsa-Mantilla.jpg?resize=350%2C200&ssl=1 1x, https:\/\/i0.wp.com\/lasprimeras.com.do\/wp-content\/uploads\/2025\/09\/Elsa-Mantilla.jpg?resize=525%2C300&ssl=1 1.5x, https:\/\/i0.wp.com\/lasprimeras.com.do\/wp-content\/uploads\/2025\/09\/Elsa-Mantilla.jpg?resize=700%2C400&ssl=1 2x"},"classes":[]},{"id":100643,"url":"https:\/\/lasprimeras.com.do\/index.php\/2025\/06\/09\/rosalia-sosa-abinader-no-debe-asumir-la-presidencia-del-prm\/","url_meta":{"origin":57348,"position":4},"title":"Rosal\u00eda Sosa: \u201cAbinader no debe asumir la presidencia del PRM\u201d","author":"Nelson Feliz","date":"9 de junio de 2025","format":false,"excerpt":"La Vicerrectora de Extensi\u00f3n de la Universidad Aut\u00f3noma de Santo Domingo (UASD) y miembro del Movimiento C\u00edvico no Partidista (Participaci\u00f3n Ciudadana), Rosal\u00eda Sosa, expres\u00f3 este lunes su desacuerdo con la posibilidad de que el presidente Luis Abinader asuma la presidencia del Partido Revolucionario Moderno (PRM), advirtiendo que ello representar\u00eda un\u2026","rel":"","context":"En \u00abPOLITICA\u00bb","block_context":{"text":"POLITICA","link":"https:\/\/lasprimeras.com.do\/index.php\/category\/politica\/"},"img":{"alt_text":"","src":"https:\/\/i0.wp.com\/lasprimeras.com.do\/wp-content\/uploads\/2025\/06\/Rosalia-Sosa.jpg?resize=350%2C200&ssl=1","width":350,"height":200,"srcset":"https:\/\/i0.wp.com\/lasprimeras.com.do\/wp-content\/uploads\/2025\/06\/Rosalia-Sosa.jpg?resize=350%2C200&ssl=1 1x, https:\/\/i0.wp.com\/lasprimeras.com.do\/wp-content\/uploads\/2025\/06\/Rosalia-Sosa.jpg?resize=525%2C300&ssl=1 1.5x"},"classes":[]},{"id":73652,"url":"https:\/\/lasprimeras.com.do\/index.php\/2024\/01\/15\/campana-municipal-se-activa-con-multiples-eventos-en-todo-el-pais\/","url_meta":{"origin":57348,"position":5},"title":"Campa\u00f1a municipal se activa con m\u00faltiples eventos en todo el pa\u00eds","author":"BIMARY DE JES\u00daS Matos","date":"15 de enero de 2024","format":false,"excerpt":"SANTO DOMINGO.-Demostraciones de fuerza concentrando a miles de simpatizantes, publicaci\u00f3n de encuestas, declaraciones altisonantes y otras manifestaciones propias de la campa\u00f1a municipal que entra en su etapa final, caracterizaron el accionar pol\u00edtico de sus principales actores con aspiraciones municipales, este fin de semana a poco m\u00e1s de un mes de\u2026","rel":"","context":"En \u00abSin categor\u00eda\u00bb","block_context":{"text":"Sin categor\u00eda","link":"https:\/\/lasprimeras.com.do\/index.php\/category\/sin-categoria\/"},"img":{"alt_text":"","src":"https:\/\/i0.wp.com\/lasprimeras.com.do\/wp-content\/uploads\/2024\/01\/WhatsApp-Image-2024-01-14-at-10.45.20-PM-1.webp?resize=350%2C200&ssl=1","width":350,"height":200,"srcset":"https:\/\/i0.wp.com\/lasprimeras.com.do\/wp-content\/uploads\/2024\/01\/WhatsApp-Image-2024-01-14-at-10.45.20-PM-1.webp?resize=350%2C200&ssl=1 1x, https:\/\/i0.wp.com\/lasprimeras.com.do\/wp-content\/uploads\/2024\/01\/WhatsApp-Image-2024-01-14-at-10.45.20-PM-1.webp?resize=525%2C300&ssl=1 1.5x"},"classes":[]}],"jetpack_sharing_enabled":true,"_links":{"self":[{"href":"https:\/\/lasprimeras.com.do\/index.php\/wp-json\/wp\/v2\/posts\/57348","targetHints":{"allow":["GET"]}}],"collection":[{"href":"https:\/\/lasprimeras.com.do\/index.php\/wp-json\/wp\/v2\/posts"}],"about":[{"href":"https:\/\/lasprimeras.com.do\/index.php\/wp-json\/wp\/v2\/types\/post"}],"author":[{"embeddable":true,"href":"https:\/\/lasprimeras.com.do\/index.php\/wp-json\/wp\/v2\/users\/2"}],"replies":[{"embeddable":true,"href":"https:\/\/lasprimeras.com.do\/index.php\/wp-json\/wp\/v2\/comments?post=57348"}],"version-history":[{"count":1,"href":"https:\/\/lasprimeras.com.do\/index.php\/wp-json\/wp\/v2\/posts\/57348\/revisions"}],"predecessor-version":[{"id":57349,"href":"https:\/\/lasprimeras.com.do\/index.php\/wp-json\/wp\/v2\/posts\/57348\/revisions\/57349"}],"wp:featuredmedia":[{"embeddable":true,"href":"https:\/\/lasprimeras.com.do\/index.php\/wp-json\/wp\/v2\/media\/54231"}],"wp:attachment":[{"href":"https:\/\/lasprimeras.com.do\/index.php\/wp-json\/wp\/v2\/media?parent=57348"}],"wp:term":[{"taxonomy":"category","embeddable":true,"href":"https:\/\/lasprimeras.com.do\/index.php\/wp-json\/wp\/v2\/categories?post=57348"},{"taxonomy":"post_tag","embeddable":true,"href":"https:\/\/lasprimeras.com.do\/index.php\/wp-json\/wp\/v2\/tags?post=57348"}],"curies":[{"name":"wp","href":"https:\/\/api.w.org\/{rel}","templated":true}]}}