{"id":57350,"date":"2023-08-11T11:17:22","date_gmt":"2023-08-11T15:17:22","guid":{"rendered":"https:\/\/lasprimeras.com.do\/?p=57350"},"modified":"2023-08-11T11:17:23","modified_gmt":"2023-08-11T15:17:23","slug":"casc-insta-al-gobierno-incluir-en-el-presupuesto-un-aumento-salarial-para-servidores-publicos","status":"publish","type":"post","link":"https:\/\/lasprimeras.com.do\/index.php\/2023\/08\/11\/casc-insta-al-gobierno-incluir-en-el-presupuesto-un-aumento-salarial-para-servidores-publicos\/","title":{"rendered":"CASC insta al Gobierno incluir en el Presupuesto un aumento salarial para servidores p\u00fablicos"},"content":{"rendered":"\n<p>Por Mart\u00edn Restituyo<\/p>\n\n\n\n<p>La Confederaci\u00f3n Aut\u00f3noma Sindical Clasista (CASC), entidad representativa de los trabajadores en la Rep\u00fablica Dominicana, hace un en\u00e9rgico llamado al Gobierno a considerar la implementaci\u00f3n de un aumento salarial sustancial para los servidores p\u00fablicos en la elaboraci\u00f3n del presupuesto para el pr\u00f3ximo a\u00f1o.<\/p>\n\n\n\n<p>Entendemos que los servidores p\u00fablicos son fundamentales para el desarrollo y funcionamiento del pa\u00eds, desempe\u00f1ando un papel esencial en la provisi\u00f3n de servicios y la gesti\u00f3n de los asuntos gubernamentales. Sin embargo, en muchos casos, sus salarios no reflejan adecuadamente su dedicaci\u00f3n y responsabilidad.<\/p>\n\n\n\n<p>\u201cEs imperativo reconocer y valorar el compromiso y el esfuerzo de los empleados del sector p\u00fablico, especialmente en un contexto en el que han enfrentado desaf\u00edos adicionales debido a la pandemia y sus consecuencias econ\u00f3micas\u201d.<\/p>\n\n\n\n<p>Como de todos es sabido, un aumento salarial no solo contribuir\u00eda al bienestar de estos trabajadores y sus familias, sino que tambi\u00e9n fomentar\u00eda la motivaci\u00f3n y el rendimiento, as\u00ed como una mejora de la econom\u00eda nacional.<\/p>\n\n\n\n<p>La CASC hace un llamado al Gobierno a evaluar de manera integral la situaci\u00f3n econ\u00f3mica y a considerar la posibilidad de destinar recursos para un aumento de sueldo significativo en el Presupuesto General de la Naci\u00f3n del a\u00f1o entrante.<\/p>\n\n\n\n<p>Solicitamos a que este incremento sea justo y acorde con la inflaci\u00f3n y el costo de vida, de manera que los trabajadores del sector p\u00fablico puedan enfrentar los desaf\u00edos financieros con mayor estabilidad.<\/p>\n\n\n\n<p>Nuestra confederaci\u00f3n est\u00e1 dispuesta a colaborar y dialogar con las autoridades para encontrar soluciones que beneficien tanto a los empleados p\u00fablicos como al pa\u00eds en su conjunto.<\/p>\n\n\n\n<p>Creemos que un alza salarial para los servidores p\u00fablicos no solo es un acto de justicia, sino tambi\u00e9n una inversi\u00f3n en el bienestar y el progreso de la Rep\u00fablica Dominicana.<\/p>\n\n\n\n<p>Instamos al Gobierno a considerar este llamado con la seriedad que merece, en aras de construir un pa\u00eds m\u00e1s equitativo y pr\u00f3spero para todos.<\/p>\n","protected":false},"excerpt":{"rendered":"<p>Por Mart\u00edn Restituyo La Confederaci\u00f3n Aut\u00f3noma Sindical Clasista (CASC), entidad representativa de los trabajadores en la Rep\u00fablica Dominicana, hace un en\u00e9rgico llamado al Gobierno a considerar la implementaci\u00f3n de un&hellip;<\/p>\n","protected":false},"author":2,"featured_media":57351,"comment_status":"open","ping_status":"open","sticky":false,"template":"","format":"standard","meta":{"content-type":"","jetpack_post_was_ever_published":false,"_jetpack_newsletter_access":"","_jetpack_dont_email_post_to_subs":false,"_jetpack_newsletter_tier_id":0,"_jetpack_memberships_contains_paywalled_content":false,"_jetpack_memberships_contains_paid_content":false,"footnotes":""},"categories":[39,25],"tags":[467,4920,171,5744,296,4745],"class_list":["post-57350","post","type-post","status-publish","format-standard","has-post-thumbnail","hentry","category-economia","category-portada","tag-aumento-salarial","tag-casc","tag-gobierno","tag-presupuesto","tag-publicos","tag-servidores"],"jetpack_featured_media_url":"https:\/\/lasprimeras.com.do\/wp-content\/uploads\/2023\/08\/CASC.jpg","jetpack-related-posts":[{"id":48519,"url":"https:\/\/lasprimeras.com.do\/index.php\/2023\/05\/01\/trabajadores-reclaman-un-nuevo-contrato-social-como-garantia-de-sus-derechos\/","url_meta":{"origin":57350,"position":0},"title":"Trabajadores reclaman un nuevo contrato social como garant\u00eda de sus derechos","author":"prenxa100","date":"1 de mayo de 2023","format":false,"excerpt":"Santo Domingo. - \u00a0Con un llamado a que en el pa\u00eds se establezca un nuevo contrato social que garantice mejores condiciones de vida para las y los trabajadores, el ejercicio pleno de la libertad sindical, la negociaci\u00f3n colectiva y el di\u00e1logo social, las centrales sindicales conmemoraron el D\u00eda Internacional del\u2026","rel":"","context":"En \u00abNACIONALES\u00bb","block_context":{"text":"NACIONALES","link":"https:\/\/lasprimeras.com.do\/index.php\/category\/nacionales\/"},"img":{"alt_text":"","src":"","width":0,"height":0},"classes":[]},{"id":84361,"url":"https:\/\/lasprimeras.com.do\/index.php\/2024\/06\/06\/fenticommc-convoca-de-urgencia-su-direccion-nacional\/","url_meta":{"origin":57350,"position":1},"title":"FENTICOMMC convoca de urgencia su direcci\u00f3n nacional","author":"Nelson Feliz","date":"6 de junio de 2024","format":false,"excerpt":"Aqu\u00ed se conocer\u00e1 la demora en la aplicaci\u00f3n de aumento salarial en el sector construcci\u00f3n. La Federaci\u00f3n Nacional\u00a0 de Trabajadores de la Industria de la Construcci\u00f3n, Madera y Materiales de Construcci\u00f3n (FENTICOMMC), convoc\u00f3 de urgencia a m\u00e1s de 120 mil secretarios generales de los sindicatos afiliados para discutir la tardanza\u2026","rel":"","context":"En \u00abECONOM\u00cdA\u00bb","block_context":{"text":"ECONOM\u00cdA","link":"https:\/\/lasprimeras.com.do\/index.php\/category\/economia\/"},"img":{"alt_text":"FENTICOMMC","src":"https:\/\/i0.wp.com\/lasprimeras.com.do\/wp-content\/uploads\/2024\/06\/FENTICOMMC.jpg?resize=350%2C200&ssl=1","width":350,"height":200,"srcset":"https:\/\/i0.wp.com\/lasprimeras.com.do\/wp-content\/uploads\/2024\/06\/FENTICOMMC.jpg?resize=350%2C200&ssl=1 1x, https:\/\/i0.wp.com\/lasprimeras.com.do\/wp-content\/uploads\/2024\/06\/FENTICOMMC.jpg?resize=525%2C300&ssl=1 1.5x, https:\/\/i0.wp.com\/lasprimeras.com.do\/wp-content\/uploads\/2024\/06\/FENTICOMMC.jpg?resize=700%2C400&ssl=1 2x"},"classes":[]},{"id":94802,"url":"https:\/\/lasprimeras.com.do\/index.php\/2025\/03\/05\/cmd-marchara-hacia-salud-publica-por-aumento-salarial-a-medicos-pensionados\/","url_meta":{"origin":57350,"position":2},"title":"CMD marchar\u00e1 hacia Salud P\u00fablica, por aumento salarial a m\u00e9dicos pensionados","author":"Nelson Feliz","date":"5 de marzo de 2025","format":false,"excerpt":"El presidente del Colegio M\u00e9dico Dominicano, Dr. Waldo Ariel Suero expres\u00f3 que el jueves 13 de marzo, el gremio m\u00e9dico har\u00e1 una marcha hacia el Ministerio de Salud P\u00fablica a las 9 am, partiendo desde el Hospital Salvador B. Gautier. Suero consider\u00f3 que la situaci\u00f3n socio econ\u00f3mica y emocionante del\u2026","rel":"","context":"En \u00abSALUD\u00bb","block_context":{"text":"SALUD","link":"https:\/\/lasprimeras.com.do\/index.php\/category\/salud\/"},"img":{"alt_text":"Waldo Ariel Suero","src":"https:\/\/i0.wp.com\/lasprimeras.com.do\/wp-content\/uploads\/2025\/03\/Waldo-Ariel-Suero.jpg?resize=350%2C200&ssl=1","width":350,"height":200,"srcset":"https:\/\/i0.wp.com\/lasprimeras.com.do\/wp-content\/uploads\/2025\/03\/Waldo-Ariel-Suero.jpg?resize=350%2C200&ssl=1 1x, https:\/\/i0.wp.com\/lasprimeras.com.do\/wp-content\/uploads\/2025\/03\/Waldo-Ariel-Suero.jpg?resize=525%2C300&ssl=1 1.5x, https:\/\/i0.wp.com\/lasprimeras.com.do\/wp-content\/uploads\/2025\/03\/Waldo-Ariel-Suero.jpg?resize=700%2C400&ssl=1 2x"},"classes":[]},{"id":63953,"url":"https:\/\/lasprimeras.com.do\/index.php\/2023\/10\/17\/enfermeras-haran-paro-en-reclamo-de-aumentos\/","url_meta":{"origin":57350,"position":3},"title":"Enfermeras har\u00e1n paro en reclamo de aumentos","author":"BIMARY DE JES\u00daS Matos","date":"17 de octubre de 2023","format":false,"excerpt":"Santo Domingo.- El Consejo Nacional de Enfermer\u00eda y la Coordinadora Nacional de Salud anunciaron ayer un paro de labores que se realizar\u00e1 este mi\u00e9rcoles en reclamo de aumento salarial y otras reivindicaciones. Los representantes de los gremios indicaron que el paro ser\u00e1 desde las 7:00 de la ma\u00f1ana hasta las\u2026","rel":"","context":"En \u00abNACIONALES\u00bb","block_context":{"text":"NACIONALES","link":"https:\/\/lasprimeras.com.do\/index.php\/category\/nacionales\/"},"img":{"alt_text":"","src":"https:\/\/i0.wp.com\/lasprimeras.com.do\/wp-content\/uploads\/2023\/10\/Captura-de-pantalla-2023-10-16-172822.webp?resize=350%2C200&ssl=1","width":350,"height":200,"srcset":"https:\/\/i0.wp.com\/lasprimeras.com.do\/wp-content\/uploads\/2023\/10\/Captura-de-pantalla-2023-10-16-172822.webp?resize=350%2C200&ssl=1 1x, https:\/\/i0.wp.com\/lasprimeras.com.do\/wp-content\/uploads\/2023\/10\/Captura-de-pantalla-2023-10-16-172822.webp?resize=525%2C300&ssl=1 1.5x, https:\/\/i0.wp.com\/lasprimeras.com.do\/wp-content\/uploads\/2023\/10\/Captura-de-pantalla-2023-10-16-172822.webp?resize=700%2C400&ssl=1 2x"},"classes":[]},{"id":87488,"url":"https:\/\/lasprimeras.com.do\/index.php\/2024\/08\/12\/enfermeras-y-bioanalistas-protestan-por-mejores-condiciones-laborales-en-cabral\/","url_meta":{"origin":57350,"position":4},"title":"Enfermeras y bioanalistas protestan por mejores condiciones laborales en Cabral","author":"Nelson Feliz","date":"12 de agosto de 2024","format":false,"excerpt":"Enfermeras y bioanalistas del hospital municipal de Cabral se manifestaron frente a las instalaciones del centro de salud para exigir mejoras en sus condiciones laborales y garantizar una atenci\u00f3n de calidad a la poblaci\u00f3n. La protesta, convocada por la Uni\u00f3n Nacional de Servicios de Enfermer\u00eda (UNASE-CASC) y el Colegio Dominicano\u2026","rel":"","context":"En \u00abPORTADA\u00bb","block_context":{"text":"PORTADA","link":"https:\/\/lasprimeras.com.do\/index.php\/category\/portada\/"},"img":{"alt_text":"Enfermeras y bioanalistas","src":"https:\/\/i0.wp.com\/lasprimeras.com.do\/wp-content\/uploads\/2024\/08\/Enfermeras-y-bioanalistas-1.jpg?resize=350%2C200&ssl=1","width":350,"height":200,"srcset":"https:\/\/i0.wp.com\/lasprimeras.com.do\/wp-content\/uploads\/2024\/08\/Enfermeras-y-bioanalistas-1.jpg?resize=350%2C200&ssl=1 1x, https:\/\/i0.wp.com\/lasprimeras.com.do\/wp-content\/uploads\/2024\/08\/Enfermeras-y-bioanalistas-1.jpg?resize=525%2C300&ssl=1 1.5x, https:\/\/i0.wp.com\/lasprimeras.com.do\/wp-content\/uploads\/2024\/08\/Enfermeras-y-bioanalistas-1.jpg?resize=700%2C400&ssl=1 2x"},"classes":[]},{"id":81725,"url":"https:\/\/lasprimeras.com.do\/index.php\/2024\/04\/24\/cientos-profesores-dominicanos-exigen-aumento-salarial-y-mejoras\/","url_meta":{"origin":57350,"position":5},"title":"Cientos profesores dominicanos exigen aumento salarial y mejoras","author":"BIMARY DE JES\u00daS Matos","date":"24 de abril de 2024","format":false,"excerpt":"Santo Domingo.- Cientos de profesores llegados de todos los puntos de Rep\u00fablica Dominicana reclamaron este martes frente al Ministerio de Educaci\u00f3n en Santo Domingo aumentos salariales y mejoras de las condiciones de la comunidad educativa, que tambi\u00e9n afectan a los estudiantes. La protesta, convocada por la Asociaci\u00f3n Dominicana de Profesores\u2026","rel":"","context":"En \u00abNACIONALES\u00bb","block_context":{"text":"NACIONALES","link":"https:\/\/lasprimeras.com.do\/index.php\/category\/nacionales\/"},"img":{"alt_text":"","src":"https:\/\/i0.wp.com\/lasprimeras.com.do\/wp-content\/uploads\/2024\/04\/WhatsApp-Image-2024-04-23-at-10.32.54-AM-8.jpeg?resize=350%2C200&ssl=1","width":350,"height":200,"srcset":"https:\/\/i0.wp.com\/lasprimeras.com.do\/wp-content\/uploads\/2024\/04\/WhatsApp-Image-2024-04-23-at-10.32.54-AM-8.jpeg?resize=350%2C200&ssl=1 1x, https:\/\/i0.wp.com\/lasprimeras.com.do\/wp-content\/uploads\/2024\/04\/WhatsApp-Image-2024-04-23-at-10.32.54-AM-8.jpeg?resize=525%2C300&ssl=1 1.5x"},"classes":[]}],"jetpack_sharing_enabled":true,"_links":{"self":[{"href":"https:\/\/lasprimeras.com.do\/index.php\/wp-json\/wp\/v2\/posts\/57350","targetHints":{"allow":["GET"]}}],"collection":[{"href":"https:\/\/lasprimeras.com.do\/index.php\/wp-json\/wp\/v2\/posts"}],"about":[{"href":"https:\/\/lasprimeras.com.do\/index.php\/wp-json\/wp\/v2\/types\/post"}],"author":[{"embeddable":true,"href":"https:\/\/lasprimeras.com.do\/index.php\/wp-json\/wp\/v2\/users\/2"}],"replies":[{"embeddable":true,"href":"https:\/\/lasprimeras.com.do\/index.php\/wp-json\/wp\/v2\/comments?post=57350"}],"version-history":[{"count":1,"href":"https:\/\/lasprimeras.com.do\/index.php\/wp-json\/wp\/v2\/posts\/57350\/revisions"}],"predecessor-version":[{"id":57352,"href":"https:\/\/lasprimeras.com.do\/index.php\/wp-json\/wp\/v2\/posts\/57350\/revisions\/57352"}],"wp:featuredmedia":[{"embeddable":true,"href":"https:\/\/lasprimeras.com.do\/index.php\/wp-json\/wp\/v2\/media\/57351"}],"wp:attachment":[{"href":"https:\/\/lasprimeras.com.do\/index.php\/wp-json\/wp\/v2\/media?parent=57350"}],"wp:term":[{"taxonomy":"category","embeddable":true,"href":"https:\/\/lasprimeras.com.do\/index.php\/wp-json\/wp\/v2\/categories?post=57350"},{"taxonomy":"post_tag","embeddable":true,"href":"https:\/\/lasprimeras.com.do\/index.php\/wp-json\/wp\/v2\/tags?post=57350"}],"curies":[{"name":"wp","href":"https:\/\/api.w.org\/{rel}","templated":true}]}}