{"id":57495,"date":"2023-08-13T13:07:09","date_gmt":"2023-08-13T17:07:09","guid":{"rendered":"https:\/\/lasprimeras.com.do\/?p=57495"},"modified":"2023-08-13T13:20:38","modified_gmt":"2023-08-13T17:20:38","slug":"union-internacional-de-oficiales-y-civiles-en-ny-reconoce-al-presidente-abinader","status":"publish","type":"post","link":"https:\/\/lasprimeras.com.do\/index.php\/2023\/08\/13\/union-internacional-de-oficiales-y-civiles-en-ny-reconoce-al-presidente-abinader\/","title":{"rendered":"Uni\u00f3n Internacional de Oficiales y Civiles en NY reconoce al presidente Abinader"},"content":{"rendered":"\n<p>El presidente Luis Abinader fue reconocido por la Uni\u00f3n Internacional de Oficiales y Civiles (UIOC), por los avances que ha logrado en la Reforma de la Polic\u00eda Nacional y la seguridad de la naci\u00f3n dominicana en tan solo tres a\u00f1os de gobierno.<\/p>\n\n\n\n<p>Tras recibir el reconocimiento, el Mandatario agradeci\u00f3 a la Uni\u00f3n Internacional Oficial y Civiles, quienes dijeron, han estado presentes y colaborado con la Reforma de la Polic\u00eda Nacional de Rep\u00fablica Dominicana, enviando varios equipos de ayuda.<\/p>\n\n\n\n<p>&#8220;Tomo este reconocimiento como un impulso y un compromiso m\u00e1s para seguir cambiando la Polic\u00eda Nacional, para que sea verdaderamente eficiente, respetuosa de los derechos humanos y sobre todo que cuide la vida y los bienes de todos los dominicanos y mejorar su calidad de vida&#8221;, manifest\u00f3 Abinader.<\/p>\n\n\n\n<p>Record\u00f3 que esta reforma inici\u00f3 hace un a\u00f1o y medio y agreg\u00f3 que pese a que no vendr\u00edan tiempos f\u00e1ciles, ya est\u00e1 encaminada y seguir\u00e1&nbsp; trabajando hasta continuar haciendo una diferencia.<\/p>\n\n\n\n<p>&#8220;Porque ese es uno de los regalos que le quiero dejar a la sociedad dominicana: una polic\u00eda reformada, una polic\u00eda que realmente pueda controlar la criminalidad y la delincuencia y al mismo tiempo, pueda respetar los derechos humanos&#8221;, expres\u00f3 el presidente Abinader.<\/p>\n\n\n\n<p>Destac\u00f3 que en su gobierno se ha mejorando significativamente el salario, log\u00edstica, tecnolog\u00eda y tambi\u00e9n se han realizado una reestructuraci\u00f3n gerencial que est\u00e1 dando resultados.<\/p>\n\n\n\n<p>&#8220;Con la ayuda de esta uni\u00f3n internacional que desde ya hace varios meses ha estado colaborando, vamos a seguir mejorando varias \u00e1reas de la Polic\u00eda Nacional donde se necesitan mayor inversi\u00f3n, como nosotros estamos planificando para el pr\u00f3ximo a\u00f1o&#8221;, expuso.<\/p>\n\n\n\n<p>El jefe de Estado finaliz\u00f3 su intervenci\u00f3n recalcando que hoy est\u00e1 m\u00e1s comprometido con mejorar la polic\u00eda y el pa\u00eds.<\/p>\n","protected":false},"excerpt":{"rendered":"<p>El presidente Luis Abinader fue reconocido por la Uni\u00f3n Internacional de Oficiales y Civiles (UIOC), por los avances que ha logrado en la Reforma de la Polic\u00eda Nacional y la&hellip;<\/p>\n","protected":false},"author":2,"featured_media":57499,"comment_status":"open","ping_status":"open","sticky":false,"template":"","format":"standard","meta":{"content-type":"","jetpack_post_was_ever_published":false,"_jetpack_newsletter_access":"","_jetpack_dont_email_post_to_subs":false,"_jetpack_newsletter_tier_id":0,"_jetpack_memberships_contains_paywalled_content":false,"_jetpack_memberships_contains_paid_content":false,"footnotes":""},"categories":[35,25],"tags":[6173,1638,67,1595,5949,1157,820,2653],"class_list":["post-57495","post","type-post","status-publish","format-standard","has-post-thumbnail","hentry","category-nacionales","category-portada","tag-civiles","tag-internacional","tag-luis-abinader","tag-ny","tag-oficiales","tag-policia-nacional","tag-reforma","tag-union"],"jetpack_featured_media_url":"https:\/\/lasprimeras.com.do\/wp-content\/uploads\/2023\/08\/Luis-Abinader-Oficiales.jpg","jetpack-related-posts":[{"id":117414,"url":"https:\/\/lasprimeras.com.do\/index.php\/2025\/12\/10\/abinader-encabeza-graduacion-de-64-nuevos-cadetes-de-la-policia-nacional\/","url_meta":{"origin":57495,"position":0},"title":"Abinader encabeza graduaci\u00f3n de 64 nuevos cadetes de la Polic\u00eda Nacional","author":"Nelson Feliz","date":"10 de diciembre de 2025","format":false,"excerpt":"Director de la Escuela para Cadetes, coronel Julio Enmanuel Valenzuela Pe\u00f1a, reconoci\u00f3 el respaldo firme del presidente Abinader a la reforma y modernizaci\u00f3n de la Polic\u00eda Nacional, destacando que su visi\u00f3n y acompa\u00f1amiento han fortalecido la formaci\u00f3n, renovado procesos institucionales y elevado los est\u00e1ndares \u00e9ticos y profesionales de los futuros\u2026","rel":"","context":"En \u00abNACIONALES\u00bb","block_context":{"text":"NACIONALES","link":"https:\/\/lasprimeras.com.do\/index.php\/category\/nacionales\/"},"img":{"alt_text":"","src":"https:\/\/i0.wp.com\/lasprimeras.com.do\/wp-content\/uploads\/2025\/12\/Luis.jpg?resize=350%2C200&ssl=1","width":350,"height":200,"srcset":"https:\/\/i0.wp.com\/lasprimeras.com.do\/wp-content\/uploads\/2025\/12\/Luis.jpg?resize=350%2C200&ssl=1 1x, https:\/\/i0.wp.com\/lasprimeras.com.do\/wp-content\/uploads\/2025\/12\/Luis.jpg?resize=525%2C300&ssl=1 1.5x, https:\/\/i0.wp.com\/lasprimeras.com.do\/wp-content\/uploads\/2025\/12\/Luis.jpg?resize=700%2C400&ssl=1 2x"},"classes":[]},{"id":75963,"url":"https:\/\/lasprimeras.com.do\/index.php\/2024\/02\/06\/ucropord-reconocera-al-empresario-dominicano-fausto-codio\/","url_meta":{"origin":57495,"position":1},"title":"UCROPORD reconocer\u00e1 al empresario dominicano Fausto Codio","author":"Nelson Feliz","date":"6 de febrero de 2024","format":false,"excerpt":"Por Vicente Balbuena La Uni\u00f3n Nacional de Cronistas Policiales de la Rep\u00fablica Dominicana, UCROPORD, anunci\u00f3 hoy el reconocimiento del empresario dominicano, Fausto Rafael Codio. El presidente de dicha entidad, Ireno B\u00e1ez Hilario, inform\u00f3 que la actividad se efectuar\u00e1 este mi\u00e9rcoles 7 de febrero a la 4 PM en Bonao. B\u00e1ez,\u2026","rel":"","context":"En \u00abNACIONALES\u00bb","block_context":{"text":"NACIONALES","link":"https:\/\/lasprimeras.com.do\/index.php\/category\/nacionales\/"},"img":{"alt_text":"reco","src":"https:\/\/i0.wp.com\/lasprimeras.com.do\/wp-content\/uploads\/2024\/02\/reco.png?resize=350%2C200&ssl=1","width":350,"height":200,"srcset":"https:\/\/i0.wp.com\/lasprimeras.com.do\/wp-content\/uploads\/2024\/02\/reco.png?resize=350%2C200&ssl=1 1x, https:\/\/i0.wp.com\/lasprimeras.com.do\/wp-content\/uploads\/2024\/02\/reco.png?resize=525%2C300&ssl=1 1.5x"},"classes":[]},{"id":57502,"url":"https:\/\/lasprimeras.com.do\/index.php\/2023\/08\/13\/luis-abinader-encabeza-entrega-viviendas-en-estados-unidos\/","url_meta":{"origin":57495,"position":2},"title":"Luis Abinader encabeza entrega viviendas en Estados Unidos","author":"Nelson Feliz","date":"13 de agosto de 2023","format":false,"excerpt":"El presidente Abinader encabez\u00f3 la entrega de decenas de apartamentos a familias de la comunidad dominicana en Estados Unidos. Abinader anunci\u00f3 que dar\u00e1 instrucciones al Ministerio de la Presidencia, para el lanzamiento en los pr\u00f3ximos meses de un programa especial del \u201cPlan Nacional de Viviendas Familia Feliz\u201d, para la comunidad\u2026","rel":"","context":"En \u00abNACIONALES\u00bb","block_context":{"text":"NACIONALES","link":"https:\/\/lasprimeras.com.do\/index.php\/category\/nacionales\/"},"img":{"alt_text":"Luis Abinader","src":"https:\/\/i0.wp.com\/lasprimeras.com.do\/wp-content\/uploads\/2023\/08\/Luis-Abinader-NY.jpg?resize=350%2C200&ssl=1","width":350,"height":200,"srcset":"https:\/\/i0.wp.com\/lasprimeras.com.do\/wp-content\/uploads\/2023\/08\/Luis-Abinader-NY.jpg?resize=350%2C200&ssl=1 1x, https:\/\/i0.wp.com\/lasprimeras.com.do\/wp-content\/uploads\/2023\/08\/Luis-Abinader-NY.jpg?resize=525%2C300&ssl=1 1.5x, https:\/\/i0.wp.com\/lasprimeras.com.do\/wp-content\/uploads\/2023\/08\/Luis-Abinader-NY.jpg?resize=700%2C400&ssl=1 2x"},"classes":[]},{"id":106173,"url":"https:\/\/lasprimeras.com.do\/index.php\/2025\/08\/11\/subdirector-pn-rd-participa-en-ny-del-national-night-out\/","url_meta":{"origin":57495,"position":3},"title":"Subdirector PN-RD participa en NY del \u00abNational Night Out\u00bb","author":"Nelson Feliz","date":"11 de agosto de 2025","format":false,"excerpt":"https:\/\/www.youtube.com\/watch?v=dTJQXLw4YyQ Por Ram\u00f3n Mercedes NUEVA YORK.- El subdirector general de la Polic\u00eda de la Rep\u00fablica Dominicana, general Juan Hilario Guzm\u00e1n Bad\u00eda, particip\u00f3 el pasado fin de semana de la decimosexta edici\u00f3n del evento comunitario \u201cNational Night Out\u201d, organizado por el Tercer Cuartel del Departamento de Polic\u00eda de la ciudad Yonkers-Westchester,\u2026","rel":"","context":"En \u00abINTERNACIONALES\u00bb","block_context":{"text":"INTERNACIONALES","link":"https:\/\/lasprimeras.com.do\/index.php\/category\/sin-categoria\/internacionales\/"},"img":{"alt_text":"","src":"https:\/\/i0.wp.com\/lasprimeras.com.do\/wp-content\/uploads\/2025\/08\/WhatsApp-Image-2025-08-11-at-7.11.51-AM.jpeg?resize=350%2C200&ssl=1","width":350,"height":200,"srcset":"https:\/\/i0.wp.com\/lasprimeras.com.do\/wp-content\/uploads\/2025\/08\/WhatsApp-Image-2025-08-11-at-7.11.51-AM.jpeg?resize=350%2C200&ssl=1 1x, https:\/\/i0.wp.com\/lasprimeras.com.do\/wp-content\/uploads\/2025\/08\/WhatsApp-Image-2025-08-11-at-7.11.51-AM.jpeg?resize=525%2C300&ssl=1 1.5x"},"classes":[]},{"id":117980,"url":"https:\/\/lasprimeras.com.do\/index.php\/2025\/12\/18\/afirma-posicion-presidente-abinader-ante-la-corrupcion-fortalece-democracia-rd\/","url_meta":{"origin":57495,"position":4},"title":"Afirma posici\u00f3n presidente Abinader ante la corrupci\u00f3n fortalece democracia RD","author":"Nelson Feliz","date":"18 de diciembre de 2025","format":false,"excerpt":"Por Ram\u00f3n Mercedes NUEVA YORK.- La posici\u00f3n que el presidente Luis Abinader ha asumido en el Gobierno \u00abTengo amigos, pero no c\u00f3mplices\u00bb lo demuestra con hechos como en el caso del Seguro Nacional de Salud (SeNaSa), viene a fortalecer el sistema democr\u00e1tico dominicano. La afirmaci\u00f3n es del empresario en esta\u2026","rel":"","context":"En \u00abINTERNACIONALES\u00bb","block_context":{"text":"INTERNACIONALES","link":"https:\/\/lasprimeras.com.do\/index.php\/category\/sin-categoria\/internacionales\/"},"img":{"alt_text":"","src":"https:\/\/i0.wp.com\/lasprimeras.com.do\/wp-content\/uploads\/2025\/12\/Afirma-posicion-presidente-Abinader-ante-la-corrupcion-fortalece-democracia-RD.jpg?resize=350%2C200&ssl=1","width":350,"height":200,"srcset":"https:\/\/i0.wp.com\/lasprimeras.com.do\/wp-content\/uploads\/2025\/12\/Afirma-posicion-presidente-Abinader-ante-la-corrupcion-fortalece-democracia-RD.jpg?resize=350%2C200&ssl=1 1x, https:\/\/i0.wp.com\/lasprimeras.com.do\/wp-content\/uploads\/2025\/12\/Afirma-posicion-presidente-Abinader-ante-la-corrupcion-fortalece-democracia-RD.jpg?resize=525%2C300&ssl=1 1.5x"},"classes":[]},{"id":57353,"url":"https:\/\/lasprimeras.com.do\/index.php\/2023\/08\/11\/abinader-llega-esta-tarde-a-ny-para-participar-el-domingo-en-el-desfile-dominicano\/","url_meta":{"origin":57495,"position":5},"title":"Abinader llega esta tarde a NY para participar el domingo en el desfile Dominicano","author":"Nelson Feliz","date":"11 de agosto de 2023","format":false,"excerpt":"El mandatario tambi\u00e9n, asistir\u00e1 a un encuentro con la comunidad coordinado por el congresista Adriano Espaillat, a un desayuno con las Seccionales y C\u00f3nsules, al acto de entrega de reconocimientos del INDEX y entregar\u00e1 llaves para viviendas a dominicanos residentes EEUU. El presidente Luis Abinader llegar\u00e1 la tarde de este\u2026","rel":"","context":"En \u00abNACIONALES\u00bb","block_context":{"text":"NACIONALES","link":"https:\/\/lasprimeras.com.do\/index.php\/category\/nacionales\/"},"img":{"alt_text":"Luis Abinader","src":"https:\/\/i0.wp.com\/lasprimeras.com.do\/wp-content\/uploads\/2023\/08\/Abinader-Avion.jpg?resize=350%2C200&ssl=1","width":350,"height":200,"srcset":"https:\/\/i0.wp.com\/lasprimeras.com.do\/wp-content\/uploads\/2023\/08\/Abinader-Avion.jpg?resize=350%2C200&ssl=1 1x, https:\/\/i0.wp.com\/lasprimeras.com.do\/wp-content\/uploads\/2023\/08\/Abinader-Avion.jpg?resize=525%2C300&ssl=1 1.5x, https:\/\/i0.wp.com\/lasprimeras.com.do\/wp-content\/uploads\/2023\/08\/Abinader-Avion.jpg?resize=700%2C400&ssl=1 2x"},"classes":[]}],"jetpack_sharing_enabled":true,"_links":{"self":[{"href":"https:\/\/lasprimeras.com.do\/index.php\/wp-json\/wp\/v2\/posts\/57495","targetHints":{"allow":["GET"]}}],"collection":[{"href":"https:\/\/lasprimeras.com.do\/index.php\/wp-json\/wp\/v2\/posts"}],"about":[{"href":"https:\/\/lasprimeras.com.do\/index.php\/wp-json\/wp\/v2\/types\/post"}],"author":[{"embeddable":true,"href":"https:\/\/lasprimeras.com.do\/index.php\/wp-json\/wp\/v2\/users\/2"}],"replies":[{"embeddable":true,"href":"https:\/\/lasprimeras.com.do\/index.php\/wp-json\/wp\/v2\/comments?post=57495"}],"version-history":[{"count":1,"href":"https:\/\/lasprimeras.com.do\/index.php\/wp-json\/wp\/v2\/posts\/57495\/revisions"}],"predecessor-version":[{"id":57497,"href":"https:\/\/lasprimeras.com.do\/index.php\/wp-json\/wp\/v2\/posts\/57495\/revisions\/57497"}],"wp:featuredmedia":[{"embeddable":true,"href":"https:\/\/lasprimeras.com.do\/index.php\/wp-json\/wp\/v2\/media\/57499"}],"wp:attachment":[{"href":"https:\/\/lasprimeras.com.do\/index.php\/wp-json\/wp\/v2\/media?parent=57495"}],"wp:term":[{"taxonomy":"category","embeddable":true,"href":"https:\/\/lasprimeras.com.do\/index.php\/wp-json\/wp\/v2\/categories?post=57495"},{"taxonomy":"post_tag","embeddable":true,"href":"https:\/\/lasprimeras.com.do\/index.php\/wp-json\/wp\/v2\/tags?post=57495"}],"curies":[{"name":"wp","href":"https:\/\/api.w.org\/{rel}","templated":true}]}}