{"id":57505,"date":"2023-08-13T14:03:09","date_gmt":"2023-08-13T18:03:09","guid":{"rendered":"https:\/\/lasprimeras.com.do\/?p=57505"},"modified":"2023-08-14T06:08:48","modified_gmt":"2023-08-14T10:08:48","slug":"encuesta-revela-thomas-osuna-encabeza-preferencia-electoral-de-los-precandidatos-a-diputados-en-sdn","status":"publish","type":"post","link":"https:\/\/lasprimeras.com.do\/index.php\/2023\/08\/13\/encuesta-revela-thomas-osuna-encabeza-preferencia-electoral-de-los-precandidatos-a-diputados-en-sdn\/","title":{"rendered":"Encuesta revela Thomas Osuna encabeza preferencia electoral de los precandidatos a diputados en SDN"},"content":{"rendered":"\n<p>Una encuesta realizada en Santo Domingo Norte por el peri\u00f3dico Informativo Digital, ha recopilado que de los siguientes 3.750 votantes que fueron entrevistados, sit\u00faa a Thomas Osuna y V\u00edctor Pav\u00f3n en primer y segundo lugar, respectivamente.<\/p>\n\n\n\n<p>Los resultados claves de la encuesta recientemente concluida, que explor\u00f3 las preferencias de los votantes en Santo Domingo Norte, de cara a las elecciones de 2024 para el cargo de diputado.<\/p>\n\n\n\n<p>Los estudios metodol\u00f3gicos, fueron realizados desde el 6 hasta el d\u00eda 12 de agosto 2023; los datos arrojaron resultados sobre las preferencias pol\u00edticas en la circunscripci\u00f3n 6 del municipio Santo Domingo Norte.<\/p>\n\n\n\n<p>Los cinco principales candidatos, cuyos resultados se destacan a continuaci\u00f3n, han generado un particular inter\u00e9s entre los votantes:<\/p>\n\n\n\n<p>1.&nbsp;&nbsp;&nbsp;&nbsp;&nbsp; Thomas Osuna (PRM): Con un s\u00f3lido respaldo del 18% de los votantes (685 votos), Thomas Ozuna del Partido Revolucionario Moderno (PRM) lidera la encuesta.<\/p>\n\n\n\n<p>2.&nbsp;&nbsp;&nbsp;&nbsp;&nbsp; V\u00edctor Pav\u00f3n (FP): V\u00edctor Pav\u00f3n, del Partido Fuerza del Pueblo (FP), ha obtenido un significativo respaldo del 17% de los votantes (652 votos).<\/p>\n\n\n\n<p>3.&nbsp;&nbsp;&nbsp;&nbsp;&nbsp; Wendy \u00d3scar (PRM): Con un respaldo del 15% de los votantes (575 votos), Wendy \u00d3scar, representante del Partido Revolucionario Moderno (PRM), figura como una opci\u00f3n popular en las preferencias de los encuestados.<\/p>\n\n\n\n<p>4.&nbsp;&nbsp;&nbsp;&nbsp;&nbsp; Jos\u00e9 Manuel L\u00f3pez (PRM): Jos\u00e9 Manuel L\u00f3pez, tambi\u00e9n del Partido Revolucionario Moderno (PRM), ha obtenido un respaldo igualmente s\u00f3lido del 13% de los votantes (544 votos).<\/p>\n\n\n\n<p>5.&nbsp;&nbsp;&nbsp;&nbsp;&nbsp; Carlos P\u00e9rez (FP): El candidato Carlos P\u00e9rez, de Fuerza del Pueblo (FP), ha asegurado un respetable 9% de respaldo entre los votantes (355 votos).<\/p>\n\n\n\n<p>Es importante se\u00f1alar que los resultados de esta encuesta no son definitivos y pueden cambiar en funci\u00f3n de las campa\u00f1as pol\u00edticas y eventos futuros. No obstante, la participaci\u00f3n ciudadana en este tipo de estudios es esencial para garantizar que las voces de todos los dominicanos sean escuchadas y se fomente el debate democr\u00e1tico.<\/p>\n\n\n\n<p>El panorama pol\u00edtico dominicano de cara a las elecciones presidenciales de 2024 sigue siendo incierto, y los resultados de la encuesta podr\u00edan cambiar a medida que se acerque la fecha de los comicios.<\/p>\n\n\n\n<p>Los partidos pol\u00edticos y sus candidatos tendr\u00e1n que trabajar en estrategias y propuestas que beneficien al pa\u00eds y reflejan las necesidades y preocupaciones de la poblaci\u00f3n. Para obtener m\u00e1s detalles sobre la encuesta, an\u00e1lisis pol\u00edticos y comentarios de expertos, invitamos a nuestros lectores a seguir nuestras plataformas digitales y redes sociales<\/p>\n","protected":false},"excerpt":{"rendered":"<p>Una encuesta realizada en Santo Domingo Norte por el peri\u00f3dico Informativo Digital, ha recopilado que de los siguientes 3.750 votantes que fueron entrevistados, sit\u00faa a Thomas Osuna y V\u00edctor Pav\u00f3n&hellip;<\/p>\n","protected":false},"author":2,"featured_media":57506,"comment_status":"open","ping_status":"open","sticky":false,"template":"","format":"standard","meta":{"content-type":"","jetpack_post_was_ever_published":false,"_jetpack_newsletter_access":"","_jetpack_dont_email_post_to_subs":false,"_jetpack_newsletter_tier_id":0,"_jetpack_memberships_contains_paywalled_content":false,"_jetpack_memberships_contains_paid_content":false,"footnotes":""},"categories":[1],"tags":[274,731,2195,3855,3361,2092,6175],"class_list":["post-57505","post","type-post","status-publish","format-standard","has-post-thumbnail","hentry","category-sin-categoria","tag-diputados","tag-electoral","tag-encuesta","tag-precandidatos","tag-preferencia","tag-sdn","tag-thomas-osuna"],"jetpack_featured_media_url":"https:\/\/lasprimeras.com.do\/wp-content\/uploads\/2023\/08\/Encuesta.jpg","jetpack-related-posts":[{"id":53921,"url":"https:\/\/lasprimeras.com.do\/index.php\/2023\/07\/03\/morrobel-encabeza-preferencia-aspirantes-diputado-fp-con-51\/","url_meta":{"origin":57505,"position":0},"title":"Morrobel encabeza preferencia aspirantes diputado FP con 51%","author":"Nelson Feliz","date":"3 de julio de 2023","format":false,"excerpt":"En la cuarta entrega de la encuesta realizada por Social and Political Investigations, Gregorio Morrobel, continua encabezando la preferencia entre los aspirantes a diputado del partido Fuerza del Pueblo (FP) en la circunscripci\u00f3n electoral n\u00famero uno del exterior. La empresa explic\u00f3 que \u00aben esta penultima entrega decidimos medir a los\u2026","rel":"","context":"En \u00abSin categor\u00eda\u00bb","block_context":{"text":"Sin categor\u00eda","link":"https:\/\/lasprimeras.com.do\/index.php\/category\/sin-categoria\/"},"img":{"alt_text":"Gregorio Morrobel","src":"https:\/\/i0.wp.com\/lasprimeras.com.do\/wp-content\/uploads\/2023\/07\/77d8ba8d-4ac5-4719-a8e8-2b1454c3bf2a.jpg?resize=350%2C200&ssl=1","width":350,"height":200,"srcset":"https:\/\/i0.wp.com\/lasprimeras.com.do\/wp-content\/uploads\/2023\/07\/77d8ba8d-4ac5-4719-a8e8-2b1454c3bf2a.jpg?resize=350%2C200&ssl=1 1x, https:\/\/i0.wp.com\/lasprimeras.com.do\/wp-content\/uploads\/2023\/07\/77d8ba8d-4ac5-4719-a8e8-2b1454c3bf2a.jpg?resize=525%2C300&ssl=1 1.5x, https:\/\/i0.wp.com\/lasprimeras.com.do\/wp-content\/uploads\/2023\/07\/77d8ba8d-4ac5-4719-a8e8-2b1454c3bf2a.jpg?resize=700%2C400&ssl=1 2x, https:\/\/i0.wp.com\/lasprimeras.com.do\/wp-content\/uploads\/2023\/07\/77d8ba8d-4ac5-4719-a8e8-2b1454c3bf2a.jpg?resize=1050%2C600&ssl=1 3x, https:\/\/i0.wp.com\/lasprimeras.com.do\/wp-content\/uploads\/2023\/07\/77d8ba8d-4ac5-4719-a8e8-2b1454c3bf2a.jpg?resize=1400%2C800&ssl=1 4x"},"classes":[]},{"id":60467,"url":"https:\/\/lasprimeras.com.do\/index.php\/2023\/09\/14\/danaides-ortiz-juramentara-sus-equipos-de-campana-en-sdn-y-la-victoria\/","url_meta":{"origin":57505,"position":1},"title":"Danaides Ortiz juramentar\u00e1 sus equipos de campa\u00f1a en SDN y La Victoria","author":"Nelson Feliz","date":"14 de septiembre de 2023","format":false,"excerpt":"La precandidata a diputada de la Fuerza del Pueblo(FP) por Santo Domingo Norte(SDN), Danaides Ortiz, agotar\u00e1 este fin de semana una apretada agenda, que incluye presentaci\u00f3n de precandidatos a regidores y juramentaciones de sus equipos de campa\u00f1a en SDN y el distrito de La Victoria. La virtual candidata a diputada\u2026","rel":"","context":"En \u00abPORTADA\u00bb","block_context":{"text":"PORTADA","link":"https:\/\/lasprimeras.com.do\/index.php\/category\/portada\/"},"img":{"alt_text":"Danaides Ortiz","src":"https:\/\/i0.wp.com\/lasprimeras.com.do\/wp-content\/uploads\/2023\/09\/Danaides-Ortiz.jpg?resize=350%2C200&ssl=1","width":350,"height":200,"srcset":"https:\/\/i0.wp.com\/lasprimeras.com.do\/wp-content\/uploads\/2023\/09\/Danaides-Ortiz.jpg?resize=350%2C200&ssl=1 1x, https:\/\/i0.wp.com\/lasprimeras.com.do\/wp-content\/uploads\/2023\/09\/Danaides-Ortiz.jpg?resize=525%2C300&ssl=1 1.5x, https:\/\/i0.wp.com\/lasprimeras.com.do\/wp-content\/uploads\/2023\/09\/Danaides-Ortiz.jpg?resize=700%2C400&ssl=1 2x"},"classes":[]},{"id":54695,"url":"https:\/\/lasprimeras.com.do\/index.php\/2023\/07\/13\/pavon-asegura-no-sera-un-diputado-inorganico-que-ira-al-congreso-a-subir-o-bajar-la-mano\/","url_meta":{"origin":57505,"position":2},"title":"Pav\u00f3n asegura no ser\u00e1 un diputado inorg\u00e1nico; dice ir\u00e1 al congreso a subir o bajar la mano","author":"Nelson Feliz","date":"13 de julio de 2023","format":false,"excerpt":"El\u00a0aspirante a diputado por la Fuerza del Pueblo en Santo Domingo Norte, V\u00edctor Pav\u00f3n, manifest\u00f3 este jueves que cuenta con una propuesta legislativa y una amplia agenda, en la cual se encuentran varios Proyectos de Ley que aportaran grandemente al desarrollo econ\u00f3mico y social del municipio y del pa\u00eds. Pav\u00f3n,\u2026","rel":"","context":"En \u00abPORTADA\u00bb","block_context":{"text":"PORTADA","link":"https:\/\/lasprimeras.com.do\/index.php\/category\/portada\/"},"img":{"alt_text":"V\u00edctor Pav\u00f3n","src":"https:\/\/i0.wp.com\/lasprimeras.com.do\/wp-content\/uploads\/2023\/07\/WhatsApp-Image-2023-07-13-at-8.44.01-AM-e1689261464732.jpeg?resize=350%2C200&ssl=1","width":350,"height":200,"srcset":"https:\/\/i0.wp.com\/lasprimeras.com.do\/wp-content\/uploads\/2023\/07\/WhatsApp-Image-2023-07-13-at-8.44.01-AM-e1689261464732.jpeg?resize=350%2C200&ssl=1 1x, https:\/\/i0.wp.com\/lasprimeras.com.do\/wp-content\/uploads\/2023\/07\/WhatsApp-Image-2023-07-13-at-8.44.01-AM-e1689261464732.jpeg?resize=525%2C300&ssl=1 1.5x, https:\/\/i0.wp.com\/lasprimeras.com.do\/wp-content\/uploads\/2023\/07\/WhatsApp-Image-2023-07-13-at-8.44.01-AM-e1689261464732.jpeg?resize=700%2C400&ssl=1 2x, https:\/\/i0.wp.com\/lasprimeras.com.do\/wp-content\/uploads\/2023\/07\/WhatsApp-Image-2023-07-13-at-8.44.01-AM-e1689261464732.jpeg?resize=1050%2C600&ssl=1 3x"},"classes":[]},{"id":59918,"url":"https:\/\/lasprimeras.com.do\/index.php\/2023\/09\/08\/leonel-lanzara-precandidatura-de-carlos-guzman-en-sdn-este-sabado\/","url_meta":{"origin":57505,"position":3},"title":"Leonel lanzar\u00e1 precandidatura de Carlos Guzm\u00e1n en SDN este s\u00e1bado","author":"Nelson Feliz","date":"8 de septiembre de 2023","format":false,"excerpt":"El presidente y l\u00edder del partido Fuerza del Pueblo (FP), Leonel Fern\u00e1ndez, estar\u00e1 este s\u00e1bado en Santo Domingo Norte, encabezando el acto de lanzamiento de la precandidatura de Carlos Guzm\u00e1n, a la Alcald\u00eda de ese municipio. Este s\u00e1bado se presentar\u00e1n las precandidaturas \u00fanicas de Carlos Guzm\u00e1n, en el municipio de\u2026","rel":"","context":"En \u00abPORTADA\u00bb","block_context":{"text":"PORTADA","link":"https:\/\/lasprimeras.com.do\/index.php\/category\/portada\/"},"img":{"alt_text":"Leonel Fernandez y Carlos Guzm\u00e1n","src":"https:\/\/i0.wp.com\/lasprimeras.com.do\/wp-content\/uploads\/2023\/09\/Leonel-Fernandez-y-Carlos-Guzman.jpg?resize=350%2C200&ssl=1","width":350,"height":200,"srcset":"https:\/\/i0.wp.com\/lasprimeras.com.do\/wp-content\/uploads\/2023\/09\/Leonel-Fernandez-y-Carlos-Guzman.jpg?resize=350%2C200&ssl=1 1x, https:\/\/i0.wp.com\/lasprimeras.com.do\/wp-content\/uploads\/2023\/09\/Leonel-Fernandez-y-Carlos-Guzman.jpg?resize=525%2C300&ssl=1 1.5x, https:\/\/i0.wp.com\/lasprimeras.com.do\/wp-content\/uploads\/2023\/09\/Leonel-Fernandez-y-Carlos-Guzman.jpg?resize=700%2C400&ssl=1 2x"},"classes":[]},{"id":114318,"url":"https:\/\/lasprimeras.com.do\/index.php\/2025\/11\/12\/miguel-florentino-favorece-victor-pavon-sea-proximo-candidato-alcalde-sdn\/","url_meta":{"origin":57505,"position":4},"title":"Miguel Florentino favorece V\u00edctor Pav\u00f3n sea pr\u00f3ximo candidato alcalde SDN","author":"Nelson Feliz","date":"12 de noviembre de 2025","format":false,"excerpt":"El miembro de la Direcci\u00f3n Central del Partido Fuerza del Pueblo (FP) y dirigente fundador de esa organizaci\u00f3n en Santo Domingo Norte (SDN), Miguel Florentino, favoreci\u00f3 que para el pr\u00f3ximo torneo electoral municipal sea escogido como candidato a alcalde el empresario V\u00edctor Pav\u00f3n. Florentino dijo que V\u00edctor Pav\u00f3n viene trabajando\u2026","rel":"","context":"En \u00abPOLITICA\u00bb","block_context":{"text":"POLITICA","link":"https:\/\/lasprimeras.com.do\/index.php\/category\/politica\/"},"img":{"alt_text":"","src":"https:\/\/i0.wp.com\/lasprimeras.com.do\/wp-content\/uploads\/2025\/11\/Miguel-Florentino.jpg?resize=350%2C200&ssl=1","width":350,"height":200,"srcset":"https:\/\/i0.wp.com\/lasprimeras.com.do\/wp-content\/uploads\/2025\/11\/Miguel-Florentino.jpg?resize=350%2C200&ssl=1 1x, https:\/\/i0.wp.com\/lasprimeras.com.do\/wp-content\/uploads\/2025\/11\/Miguel-Florentino.jpg?resize=525%2C300&ssl=1 1.5x, https:\/\/i0.wp.com\/lasprimeras.com.do\/wp-content\/uploads\/2025\/11\/Miguel-Florentino.jpg?resize=700%2C400&ssl=1 2x"},"classes":[]},{"id":61124,"url":"https:\/\/lasprimeras.com.do\/index.php\/2023\/09\/22\/danaides-ortiz-lanza-campana-de-prevencionfumigacion-y-erradicacion-del-dengue-en-sdn\/","url_meta":{"origin":57505,"position":5},"title":"Danaides Ortiz lanza campa\u00f1a de prevenci\u00f3n,fumigaci\u00f3n y erradicaci\u00f3n del dengue en SDN","author":"Nelson Feliz","date":"22 de septiembre de 2023","format":false,"excerpt":"La precandidata a diputada por la Fuerza del Pueblo (FP) en Santo Domingo Norte (SDN), Danaides Ortiz, inform\u00f3 que a partir de hoy nuestra campa\u00f1a se basar\u00e1 en la contribuci\u00f3n para la prevenci\u00f3n y erradicaci\u00f3n del dengue, con el objetivo de que el mosquito que produce esta mortal enfermedad desaparezca\u2026","rel":"","context":"En \u00abPORTADA\u00bb","block_context":{"text":"PORTADA","link":"https:\/\/lasprimeras.com.do\/index.php\/category\/portada\/"},"img":{"alt_text":"Danaides Ortiz","src":"https:\/\/i0.wp.com\/lasprimeras.com.do\/wp-content\/uploads\/2023\/09\/Danaides-Ortiz-1.jpg?resize=350%2C200&ssl=1","width":350,"height":200,"srcset":"https:\/\/i0.wp.com\/lasprimeras.com.do\/wp-content\/uploads\/2023\/09\/Danaides-Ortiz-1.jpg?resize=350%2C200&ssl=1 1x, https:\/\/i0.wp.com\/lasprimeras.com.do\/wp-content\/uploads\/2023\/09\/Danaides-Ortiz-1.jpg?resize=525%2C300&ssl=1 1.5x, https:\/\/i0.wp.com\/lasprimeras.com.do\/wp-content\/uploads\/2023\/09\/Danaides-Ortiz-1.jpg?resize=700%2C400&ssl=1 2x"},"classes":[]}],"jetpack_sharing_enabled":true,"_links":{"self":[{"href":"https:\/\/lasprimeras.com.do\/index.php\/wp-json\/wp\/v2\/posts\/57505","targetHints":{"allow":["GET"]}}],"collection":[{"href":"https:\/\/lasprimeras.com.do\/index.php\/wp-json\/wp\/v2\/posts"}],"about":[{"href":"https:\/\/lasprimeras.com.do\/index.php\/wp-json\/wp\/v2\/types\/post"}],"author":[{"embeddable":true,"href":"https:\/\/lasprimeras.com.do\/index.php\/wp-json\/wp\/v2\/users\/2"}],"replies":[{"embeddable":true,"href":"https:\/\/lasprimeras.com.do\/index.php\/wp-json\/wp\/v2\/comments?post=57505"}],"version-history":[{"count":1,"href":"https:\/\/lasprimeras.com.do\/index.php\/wp-json\/wp\/v2\/posts\/57505\/revisions"}],"predecessor-version":[{"id":57507,"href":"https:\/\/lasprimeras.com.do\/index.php\/wp-json\/wp\/v2\/posts\/57505\/revisions\/57507"}],"wp:featuredmedia":[{"embeddable":true,"href":"https:\/\/lasprimeras.com.do\/index.php\/wp-json\/wp\/v2\/media\/57506"}],"wp:attachment":[{"href":"https:\/\/lasprimeras.com.do\/index.php\/wp-json\/wp\/v2\/media?parent=57505"}],"wp:term":[{"taxonomy":"category","embeddable":true,"href":"https:\/\/lasprimeras.com.do\/index.php\/wp-json\/wp\/v2\/categories?post=57505"},{"taxonomy":"post_tag","embeddable":true,"href":"https:\/\/lasprimeras.com.do\/index.php\/wp-json\/wp\/v2\/tags?post=57505"}],"curies":[{"name":"wp","href":"https:\/\/api.w.org\/{rel}","templated":true}]}}