{"id":57517,"date":"2023-08-13T15:23:04","date_gmt":"2023-08-13T19:23:04","guid":{"rendered":"https:\/\/lasprimeras.com.do\/?p=57517"},"modified":"2023-08-13T15:23:06","modified_gmt":"2023-08-13T19:23:06","slug":"los-muertos-en-maui-suman-93-y-las-autoridades-alertan-de-que-lo-peor-esta-por-venir","status":"publish","type":"post","link":"https:\/\/lasprimeras.com.do\/index.php\/2023\/08\/13\/los-muertos-en-maui-suman-93-y-las-autoridades-alertan-de-que-lo-peor-esta-por-venir\/","title":{"rendered":"Los muertos en Maui suman 93 y las autoridades alertan de que lo peor est\u00e1 por venir"},"content":{"rendered":"\n<p>Los incendios que han asolado la isla de Maui durante la \u00faltima semana han dejado ya 93 muertos, seg\u00fan las \u00faltimas cifras publicadas este domingo por las autoridades, que han alertado de que el proceso de b\u00fasqueda de fallecidos est\u00e1 en su etapa inicial y que lo peor est\u00e1 por venir.<\/p>\n\n\n\n<p>El jefe del departamento de Polic\u00eda de Maui, John Pelletier, afirm\u00f3 en una rueda de prensa el s\u00e1bado que el proceso de b\u00fasqueda, recuperaci\u00f3n e identificaci\u00f3n a\u00fan se encuentra en su etapa inicial por lo que el n\u00famero de muertos aumentar\u00e1 y no est\u00e1 claro d\u00f3nde terminar\u00e1.<\/p>\n\n\n\n<p>&#8220;Ninguno de nosotros sabe realmente su tama\u00f1o todav\u00eda&#8221;, dijo Pelletier, quien record\u00f3 que la mayor devastaci\u00f3n se encuentra en el oeste de la isla hawaiana, donde ciudades como Lahaina han quedado destruidas casi en su totalidad.<\/p>\n\n\n\n<p>Aunque las autoridades est\u00e1n siendo precavidas a la hora de dar una cifra, el propio Pelletier estim\u00f3 el pasado jueves en unas 1.000 personas el n\u00famero de desaparecidos, personas que hasta el momento no hab\u00edan sido localizadas por sus familiares, una cifra que no ha vuelto a actualizar.<\/p>\n\n\n\n<p>Pelletier estim\u00f3 que hasta este s\u00e1bado solo se ha podido inspeccionar el 3% del \u00e1rea afectada: &#8220;Vamos lo m\u00e1s r\u00e1pido que podemos, pero solo se ha podido llegar al 3 %, eso es lo que se ha buscado con los perros&#8221;.<\/p>\n\n\n\n<p>En la isla hawaiana se encuentran efectivos de b\u00fasqueda equipados con perros que intentan encontrar cad\u00e1veres entre las cenizas. Pelletier se\u00f1al\u00f3 que el calor y la humedad de Maui probablemente est\u00e1n ralentizando el trabajo de los canes: &#8220;Solo podemos ir tan r\u00e1pido como el animal pueda ir&#8221;, dijo.<\/p>\n\n\n\n<p>Tambi\u00e9n la identificaci\u00f3n de los cuerpos encontrados va lenta y hasta el momento solo dos han podido ser identificados, aunque su identidad todav\u00eda no se ha hecho p\u00fablica.<\/p>\n\n\n\n<p>Seg\u00fan el \u00faltimo informe publicado este domingo por el Condado de Maui los equipos de extinci\u00f3n de incendios contin\u00faan intentando apagar los brotes en los incendios de Lahaina y Upcountry Maui, mientras que el incendio de Pulehu\/K\u012bhei se extingui\u00f3 completamente este s\u00e1bado.<\/p>\n\n\n\n<p>Los fuegos, que comenzaron el pasado d\u00eda 8, han desplazado a miles de personas y un total de 1.418 se encuentran en alguno de los seis refugios temporales que se han habilitado.<\/p>\n\n\n\n<p>Este s\u00e1bado, el gobernador de Haw\u00e1i, Josh Green, recorri\u00f3 algunas de las zonas afectadas y advirti\u00f3 despu\u00e9s que los muertos &#8220;van a seguir aumentando&#8221;. &#8220;Queremos preparar a la gente para eso&#8221;, afirm\u00f3 el pol\u00edtico dem\u00f3crata, quien record\u00f3 que estos incendios se han convertido en los m\u00e1s letales del \u00faltimo siglo en Estados Unidos.<\/p>\n\n\n\n<p>As\u00ed, el n\u00famero de muertos por los incendios de Maui ha superado a las 85 personas que murieron en los fuegos de Camp Fire de 2018 en California.<\/p>\n\n\n\n<p>&#8220;Este es el desastre natural m\u00e1s grande que hemos experimentado&#8221; y &#8220;ser\u00e1 un desastre natural del que tomar\u00e1 una cantidad incre\u00edble de tiempo recuperarse&#8221;, dijo.<\/p>\n\n\n\n<p>Mientras se hace un balance de los da\u00f1os, que podr\u00edan superar los 6.000 millones de d\u00f3lares, tambi\u00e9n comienzan a analizarse los posibles fallos. Cuando estallaron los incendios y Maui perdi\u00f3 la electricidad y las comunicaciones, el sistema de alarmas de Haw\u00e1i, el m\u00e1s grande del mundo, no se activ\u00f3, seg\u00fan las autoridades.<\/p>\n\n\n\n<p>Por este motivo, la fiscal general de Haw\u00e1i, Anne L\u00f3pez, anunci\u00f3 ayer que realizar\u00e1 una &#8220;investigaci\u00f3n exhaustiva&#8221; sobre la respuesta de las autoridades a la cat\u00e1strofe.<\/p>\n\n\n\n<p>&#8220;Mi departamento est\u00e1 comprometido a comprender las decisiones que se tomaron antes y durante los incendios forestales y a compartir con el p\u00fablico los resultados de esta revisi\u00f3n&#8221;, dijo.<\/p>\n\n\n\n<p>Fuente Agencia EFE<\/p>\n","protected":false},"excerpt":{"rendered":"<p>Los incendios que han asolado la isla de Maui durante la \u00faltima semana han dejado ya 93 muertos, seg\u00fan las \u00faltimas cifras publicadas este domingo por las autoridades, que han&hellip;<\/p>\n","protected":false},"author":2,"featured_media":57519,"comment_status":"open","ping_status":"open","sticky":false,"template":"","format":"standard","meta":{"content-type":"","jetpack_post_was_ever_published":false,"_jetpack_newsletter_access":"","_jetpack_dont_email_post_to_subs":false,"_jetpack_newsletter_tier_id":0,"_jetpack_memberships_contains_paywalled_content":false,"_jetpack_memberships_contains_paid_content":false,"footnotes":""},"categories":[1],"tags":[1687,949,6181,686],"class_list":["post-57517","post","type-post","status-publish","format-standard","has-post-thumbnail","hentry","category-sin-categoria","tag-alertan","tag-autoridades","tag-maui","tag-muertos"],"jetpack_featured_media_url":"https:\/\/lasprimeras.com.do\/wp-content\/uploads\/2023\/08\/muertos.jpg","jetpack-related-posts":[{"id":57342,"url":"https:\/\/lasprimeras.com.do\/index.php\/2023\/08\/11\/el-papa-francisco-profundamente-triste-por-los-devastadores-incendios-en-hawai\/","url_meta":{"origin":57517,"position":0},"title":"El papa Francisco, &#8220;profundamente triste&#8221; por los devastadores incendios en Haw\u00e1i","author":"Nelson Feliz","date":"11 de agosto de 2023","format":false,"excerpt":"Al menos 55 personas han muerto en el devastador incendio forestal activo que est\u00e1 afectando a Haw\u00e1i y particularmente al pueblo de Lahaina, ubicado en la isla de Maui El papa Francisco expres\u00f3 hoy su \"profunda tristeza\" por \"la p\u00e9rdida de vidas humanas y la destrucci\u00f3n causada\" por el devastador\u2026","rel":"","context":"En \u00abSin categor\u00eda\u00bb","block_context":{"text":"Sin categor\u00eda","link":"https:\/\/lasprimeras.com.do\/index.php\/category\/sin-categoria\/"},"img":{"alt_text":"El sal\u00f3n de la hist\u00f3rica Iglesia Waiola en Lahaina y la cercana Misi\u00f3n Lahaina Hongwanji est\u00e1n envueltos en llamas a lo largo de Wainee Street el martes, 8 de agosto de 2023, en Lahaina, Haw\u00e1iAP","src":"https:\/\/i0.wp.com\/lasprimeras.com.do\/wp-content\/uploads\/2023\/08\/incendios.jpeg?resize=350%2C200&ssl=1","width":350,"height":200,"srcset":"https:\/\/i0.wp.com\/lasprimeras.com.do\/wp-content\/uploads\/2023\/08\/incendios.jpeg?resize=350%2C200&ssl=1 1x, https:\/\/i0.wp.com\/lasprimeras.com.do\/wp-content\/uploads\/2023\/08\/incendios.jpeg?resize=525%2C300&ssl=1 1.5x, https:\/\/i0.wp.com\/lasprimeras.com.do\/wp-content\/uploads\/2023\/08\/incendios.jpeg?resize=700%2C400&ssl=1 2x"},"classes":[]},{"id":57883,"url":"https:\/\/lasprimeras.com.do\/index.php\/2023\/08\/17\/hawai-el-numero-de-muertos-por-los-incendios-asciende-a-110\/","url_meta":{"origin":57517,"position":1},"title":"HAWAI: El n\u00famero de muertos por los incendios asciende a 110","author":"Nelson Feliz","date":"17 de agosto de 2023","format":false,"excerpt":"El gobernador de Haw\u00e1i (EEUU), Josh Green ha informado en una rueda de prensa de que el n\u00famero de fallecidos por los incendios en la isla hawaiana de Maui han ascendido a 110, seg\u00fan ha informado la cadena CNN, y se espera que esta cifra siga aumentando mientras avanzan las\u2026","rel":"","context":"En \u00abSin categor\u00eda\u00bb","block_context":{"text":"Sin categor\u00eda","link":"https:\/\/lasprimeras.com.do\/index.php\/category\/sin-categoria\/"},"img":{"alt_text":"incendios","src":"https:\/\/i0.wp.com\/lasprimeras.com.do\/wp-content\/uploads\/2023\/08\/incendios-1.jpeg?resize=350%2C200&ssl=1","width":350,"height":200,"srcset":"https:\/\/i0.wp.com\/lasprimeras.com.do\/wp-content\/uploads\/2023\/08\/incendios-1.jpeg?resize=350%2C200&ssl=1 1x, https:\/\/i0.wp.com\/lasprimeras.com.do\/wp-content\/uploads\/2023\/08\/incendios-1.jpeg?resize=525%2C300&ssl=1 1.5x, https:\/\/i0.wp.com\/lasprimeras.com.do\/wp-content\/uploads\/2023\/08\/incendios-1.jpeg?resize=700%2C400&ssl=1 2x"},"classes":[]},{"id":57345,"url":"https:\/\/lasprimeras.com.do\/index.php\/2023\/08\/11\/declaran-a-hawai-en-estado-de-catastrofe-ante-incendios-forestales\/","url_meta":{"origin":57517,"position":2},"title":"Declaran a Haw\u00e1i en estado de cat\u00e1strofe ante incendios forestales","author":"Nelson Feliz","date":"11 de agosto de 2023","format":false,"excerpt":"Los incendios forestales en la costa oeste de Maui, alimentados por los fuertes vientos de un hurac\u00e1n que pasaba hacia el sur, estallaron el martes. El presidente de Estados Unidos, Joe Biden, declar\u00f3 el jueves el estado de cat\u00e1strofe natural para Haw\u00e1i, donde los voraces incendios forestales han destruido la\u2026","rel":"","context":"En \u00abSin categor\u00eda\u00bb","block_context":{"text":"Sin categor\u00eda","link":"https:\/\/lasprimeras.com.do\/index.php\/category\/sin-categoria\/"},"img":{"alt_text":"Restos de viviendas y autos calcinados tras un incendio en Lahaina, Hawai, el 10 de agosto de 2023. RICK BOWMER","src":"https:\/\/i0.wp.com\/lasprimeras.com.do\/wp-content\/uploads\/2023\/08\/incendios-forestales.jpeg?resize=350%2C200&ssl=1","width":350,"height":200,"srcset":"https:\/\/i0.wp.com\/lasprimeras.com.do\/wp-content\/uploads\/2023\/08\/incendios-forestales.jpeg?resize=350%2C200&ssl=1 1x, https:\/\/i0.wp.com\/lasprimeras.com.do\/wp-content\/uploads\/2023\/08\/incendios-forestales.jpeg?resize=525%2C300&ssl=1 1.5x, https:\/\/i0.wp.com\/lasprimeras.com.do\/wp-content\/uploads\/2023\/08\/incendios-forestales.jpeg?resize=700%2C400&ssl=1 2x"},"classes":[]},{"id":58088,"url":"https:\/\/lasprimeras.com.do\/index.php\/2023\/08\/19\/el-gobernador-de-hawai-la-ciudad-de-maui-devastada-por-el-fuego-se-levantara-de-nuevo\/","url_meta":{"origin":57517,"position":3},"title":"El gobernador de Haw\u00e1i: La ciudad de Maui devastada por el fuego &#8220;se levantar\u00e1 de nuevo&#8221;","author":"Nelson Feliz","date":"19 de agosto de 2023","format":false,"excerpt":"POR BOBBY CAINA CALVAN, JENNIFER SINCO KELLEHER Y CHRISTOPHER WEBER El gobernador de Haw\u00e1i, Josh Green, dijo que lo que se reconstruya a partir de las cenizas de los devastadores incendios forestales en Maui ser\u00e1 determinado por la gente de La Haina, Haw\u00e1i. \u201cLahaina se levantar\u00e1 de nuevo\u201d, dijo Green\u2026","rel":"","context":"En \u00abSin categor\u00eda\u00bb","block_context":{"text":"Sin categor\u00eda","link":"https:\/\/lasprimeras.com.do\/index.php\/category\/sin-categoria\/"},"img":{"alt_text":"Restos de viviendas y autos calcinados tras un incendio en Lahaina, Hawai, el 10 de agosto de 2023. RICK BOWMER","src":"https:\/\/i0.wp.com\/lasprimeras.com.do\/wp-content\/uploads\/2023\/08\/incendios-forestales.jpeg?resize=350%2C200&ssl=1","width":350,"height":200,"srcset":"https:\/\/i0.wp.com\/lasprimeras.com.do\/wp-content\/uploads\/2023\/08\/incendios-forestales.jpeg?resize=350%2C200&ssl=1 1x, https:\/\/i0.wp.com\/lasprimeras.com.do\/wp-content\/uploads\/2023\/08\/incendios-forestales.jpeg?resize=525%2C300&ssl=1 1.5x, https:\/\/i0.wp.com\/lasprimeras.com.do\/wp-content\/uploads\/2023\/08\/incendios-forestales.jpeg?resize=700%2C400&ssl=1 2x"},"classes":[]},{"id":57894,"url":"https:\/\/lasprimeras.com.do\/index.php\/2023\/08\/17\/los-incendios-y-otros-desastres-estan-aumentando-en-hawai-segun-este-analisis-de-datos-de-ap\/","url_meta":{"origin":57517,"position":4},"title":"Los incendios y otros desastres est\u00e1n aumentando en Haw\u00e1i, seg\u00fan este an\u00e1lisis de datos de AP","author":"Nelson Feliz","date":"17 de agosto de 2023","format":false,"excerpt":"POR SETH BORENSTEIN , MARY KATHERINE WILDEMAN Y BOBBY CAINA CALVAN KIHEI, Haw\u00e1i (AP) \u2014 Inundaciones repentinas y deslizamientos de tierra provocados por huracanes. Lava que se cuela en los barrios. Sequ\u00eda feroz que se materializa en un instante y perdura. Temblores. Y ahora, incendios mortales que queman bloque tras\u2026","rel":"","context":"En \u00abSin categor\u00eda\u00bb","block_context":{"text":"Sin categor\u00eda","link":"https:\/\/lasprimeras.com.do\/index.php\/category\/sin-categoria\/"},"img":{"alt_text":"Incendios","src":"https:\/\/i0.wp.com\/lasprimeras.com.do\/wp-content\/uploads\/2023\/08\/Hawai.jpg?resize=350%2C200&ssl=1","width":350,"height":200,"srcset":"https:\/\/i0.wp.com\/lasprimeras.com.do\/wp-content\/uploads\/2023\/08\/Hawai.jpg?resize=350%2C200&ssl=1 1x, https:\/\/i0.wp.com\/lasprimeras.com.do\/wp-content\/uploads\/2023\/08\/Hawai.jpg?resize=525%2C300&ssl=1 1.5x, https:\/\/i0.wp.com\/lasprimeras.com.do\/wp-content\/uploads\/2023\/08\/Hawai.jpg?resize=700%2C400&ssl=1 2x"},"classes":[]},{"id":97999,"url":"https:\/\/lasprimeras.com.do\/index.php\/2025\/04\/30\/hawai-planea-aumentar-el-impuesto-hotelero-para-afrontar-el-cambio-climatico\/","url_meta":{"origin":57517,"position":5},"title":"Haw\u00e1i planea aumentar el impuesto hotelero para afrontar el cambio clim\u00e1tico","author":"Nelson Feliz","date":"30 de abril de 2025","format":false,"excerpt":"Por AUDREY McAVOY HONOLULU (AP) \u2014 En una medida pionera, los legisladores de Haw\u00e1i est\u00e1n listos para aumentar un impuesto aplicado a los viajeros que se alojan en hoteles, alquileres vacacionales y otros alojamientos de corto plazo y destinar el nuevo dinero a programas para enfrentar el calentamiento del planeta.\u2026","rel":"","context":"En \u00abTURISMO\u00bb","block_context":{"text":"TURISMO","link":"https:\/\/lasprimeras.com.do\/index.php\/category\/turismo\/"},"img":{"alt_text":"","src":"https:\/\/i0.wp.com\/lasprimeras.com.do\/wp-content\/uploads\/2025\/04\/Hawai.jpg?resize=350%2C200&ssl=1","width":350,"height":200,"srcset":"https:\/\/i0.wp.com\/lasprimeras.com.do\/wp-content\/uploads\/2025\/04\/Hawai.jpg?resize=350%2C200&ssl=1 1x, https:\/\/i0.wp.com\/lasprimeras.com.do\/wp-content\/uploads\/2025\/04\/Hawai.jpg?resize=525%2C300&ssl=1 1.5x, https:\/\/i0.wp.com\/lasprimeras.com.do\/wp-content\/uploads\/2025\/04\/Hawai.jpg?resize=700%2C400&ssl=1 2x"},"classes":[]}],"jetpack_sharing_enabled":true,"_links":{"self":[{"href":"https:\/\/lasprimeras.com.do\/index.php\/wp-json\/wp\/v2\/posts\/57517","targetHints":{"allow":["GET"]}}],"collection":[{"href":"https:\/\/lasprimeras.com.do\/index.php\/wp-json\/wp\/v2\/posts"}],"about":[{"href":"https:\/\/lasprimeras.com.do\/index.php\/wp-json\/wp\/v2\/types\/post"}],"author":[{"embeddable":true,"href":"https:\/\/lasprimeras.com.do\/index.php\/wp-json\/wp\/v2\/users\/2"}],"replies":[{"embeddable":true,"href":"https:\/\/lasprimeras.com.do\/index.php\/wp-json\/wp\/v2\/comments?post=57517"}],"version-history":[{"count":1,"href":"https:\/\/lasprimeras.com.do\/index.php\/wp-json\/wp\/v2\/posts\/57517\/revisions"}],"predecessor-version":[{"id":57520,"href":"https:\/\/lasprimeras.com.do\/index.php\/wp-json\/wp\/v2\/posts\/57517\/revisions\/57520"}],"wp:featuredmedia":[{"embeddable":true,"href":"https:\/\/lasprimeras.com.do\/index.php\/wp-json\/wp\/v2\/media\/57519"}],"wp:attachment":[{"href":"https:\/\/lasprimeras.com.do\/index.php\/wp-json\/wp\/v2\/media?parent=57517"}],"wp:term":[{"taxonomy":"category","embeddable":true,"href":"https:\/\/lasprimeras.com.do\/index.php\/wp-json\/wp\/v2\/categories?post=57517"},{"taxonomy":"post_tag","embeddable":true,"href":"https:\/\/lasprimeras.com.do\/index.php\/wp-json\/wp\/v2\/tags?post=57517"}],"curies":[{"name":"wp","href":"https:\/\/api.w.org\/{rel}","templated":true}]}}