{"id":57536,"date":"2023-08-13T16:04:18","date_gmt":"2023-08-13T20:04:18","guid":{"rendered":"https:\/\/lasprimeras.com.do\/?p=57536"},"modified":"2023-08-13T16:04:21","modified_gmt":"2023-08-13T20:04:21","slug":"peru-aprueba-aborto-para-una-nina-de-11-anos-violada-por-su-padrastro","status":"publish","type":"post","link":"https:\/\/lasprimeras.com.do\/index.php\/2023\/08\/13\/peru-aprueba-aborto-para-una-nina-de-11-anos-violada-por-su-padrastro\/","title":{"rendered":"Per\u00fa aprueba aborto para una ni\u00f1a de 11 a\u00f1os violada por su padrastro"},"content":{"rendered":"\n<p>El pedido para el acceso a este procedimiento hab\u00eda sido denegado inicialmente. Esto provoc\u00f3 que familiares y organizaciones de derechos humanos exigieran celeridad y que el Estado protegiera la salud de la menor y garantizara justicia en su caso.<\/p>\n\n\n\n<p>El Instituto Nacional Materno Perinatal (INMP) de Per\u00fa aprob\u00f3 el aborto terap\u00e9utico para una ni\u00f1a de 11 a\u00f1os que hab\u00eda sido violada por su padrastro en la ciudad de Iquitos (Loreto).<\/p>\n\n\n\n<p>El organismo concluy\u00f3 que someter a esta menor, de 22 semanas de gestaci\u00f3n, a una interrupci\u00f3n voluntaria del embarazo evitar\u00eda &#8220;un mal grave o permanente&#8221; en su salud f\u00edsica y mental.<\/p>\n\n\n\n<p>&#8220;En consecuencia, se inici\u00f3 al procedimiento m\u00e9dico correspondiente, y se mantiene en estricta vigilancia de la evoluci\u00f3n cl\u00ednica de la paciente&#8221;, indic\u00f3 el INMP.<\/p>\n\n\n\n<p>La legislaci\u00f3n peruana permite el aborto cuando es terap\u00e9utico, es decir, cuando se considera un riesgo para la vida o grave y permanente para la salud de la madre.<\/p>\n\n\n\n<p>Sin embargo, en el caso de Mila, seud\u00f3nimo para proteger la identidad de v\u00edctima, las autoridades de salud locales se negaron inicialmente a permitir este procedimiento, se\u00f1ala con el diario El Comercio.<\/p>\n\n\n\n<p>Pol\u00e9mica<\/p>\n\n\n\n<p>Esa decisi\u00f3n hab\u00eda sido tomada el pasado 4 de agosto por una junta m\u00e9dica del Hospital Regional de Loreto, &#8220;bajo el argumento de que los casos de violaci\u00f3n no est\u00e1n incluidos dentro del protocolo del aborto terap\u00e9utico&#8221;, indic\u00f3 el Poder Judicial del Per\u00fa, que cuestion\u00f3 y rechaz\u00f3 la decisi\u00f3n.<\/p>\n\n\n\n<p>&#8220;El riesgo contra la vida de una ni\u00f1a de once a\u00f1os por complicaciones con el embarazo, cuyo cuerpo a\u00fan no est\u00e1 preparado para el alumbramiento, es incluso mucho m\u00e1s alto&#8221;, dijo la jueza suprema, Janet Tello Gilardi.<\/p>\n\n\n\n<p>El caso de Mila, conocido a inicios de julio, provoc\u00f3 que familiares, vecinos y organizaciones de derechos humanos exigieran celeridad en la aplicaci\u00f3n del aborto terap\u00e9utico.<\/p>\n\n\n\n<p>El Centro de Promoci\u00f3n y Defensa de los Derechos Sexuales y Reproductivos (Promsex), que representa a la ni\u00f1a, exigi\u00f3 que el Estado cumpliera con sus obligaciones de &#8220;garantizar&#8221; justicia para la menor y &#8220;proteger&#8221; su salud y su vida.<\/p>\n\n\n\n<p>&#8220;Las autoridades, lejos de atender el embarazo de riesgo, no hicieron nada para que la ni\u00f1a recibiera una evaluaci\u00f3n m\u00e9dica integral&#8221;, dijo la organizaci\u00f3n.<\/p>\n\n\n\n<p>El Ministerio de Salud del Per\u00fa se pronunci\u00f3 y resolvi\u00f3 trasladar a la menor el mi\u00e9rcoles al INMP, m\u00e1xima entidad en salud sexual y reproductiva del pa\u00eds, para &#8220;proteger su salud y brindarle una mejor atenci\u00f3n especializada&#8221;.<\/p>\n\n\n\n<p>Finalmente fue ingresada, evaluada rigurosamente y se le brind\u00f3 atenci\u00f3n integral. El INMP hizo un llamado a &#8220;proteger la intimidad&#8221; de la paciente en aras de &#8220;su salud y desarrollo integral futuro&#8221;.<\/p>\n\n\n\n<p>El agresor<\/p>\n\n\n\n<p>Se presume que Lucas Pezo Amaringo, padrastro de Mila, habr\u00eda abusado sexualmente de ella durante por lo menos cuatro a\u00f1os. Las autoridades nunca lograron su captura ni tampoco se decretaron sanciones penales en su contra.<\/p>\n\n\n\n<p>&#8220;La madre, mujer extremadamente pobre, analfabeta, ha sido tambi\u00e9n v\u00edctima sistem\u00e1tica de diversas formas de violencia por parte del mismo agresor; as\u00ed como los hermanos de la ni\u00f1a, de 7 y 3 a\u00f1os.<\/p>\n\n\n\n<p>Para las instituciones tutelares de Iquitos, estos hechos no han sido ajenos desde hace varios a\u00f1os, sin embargo, no se procur\u00f3 ninguna medida efectiva que pudiera protegerlos y evitar estas terribles consecuencias&#8221;, asevera Promsex.<\/p>\n\n\n\n<p>En este contexto, el Ministerio de la Mujer y Poblaciones Vulnerables (MIMP) solicit\u00f3 esta semana a la Corte Superior de Justicia de Loreto la detenci\u00f3n inmediata de Amaringo, de 41 a\u00f1os, que &#8220;se encuentra libre con comparecencia restringida&#8221; a pesar de la gravedad de las acusaciones.<\/p>\n\n\n\n<p>&#8220;La Ley 30364 dispone que el Poder Judicial act\u00fae con diligencia en casos de violencia, considerando el inter\u00e9s superior de la ni\u00f1a y garantizando su acceso a la justicia, lo que no ha sucedido hasta la fecha&#8221;, aleg\u00f3 el MIMP.<\/p>\n\n\n\n<p>De acuerdo con informaci\u00f3n suministrada por El Comercio este s\u00e1bado, el Poder Judicial program\u00f3 para el pr\u00f3ximo 16 de agosto la audiencia de apelaci\u00f3n al pedido de prisi\u00f3n preventiva contra Pezo Amaringo.<\/p>\n\n\n\n<p>Fuente RT<\/p>\n","protected":false},"excerpt":{"rendered":"<p>El pedido para el acceso a este procedimiento hab\u00eda sido denegado inicialmente. Esto provoc\u00f3 que familiares y organizaciones de derechos humanos exigieran celeridad y que el Estado protegiera la salud&hellip;<\/p>\n","protected":false},"author":2,"featured_media":57537,"comment_status":"open","ping_status":"open","sticky":false,"template":"","format":"standard","meta":{"content-type":"","jetpack_post_was_ever_published":false,"_jetpack_newsletter_access":"","_jetpack_dont_email_post_to_subs":false,"_jetpack_newsletter_tier_id":0,"_jetpack_memberships_contains_paywalled_content":false,"_jetpack_memberships_contains_paid_content":false,"footnotes":""},"categories":[1],"tags":[2180,4300,3526,3769,6196],"class_list":["post-57536","post","type-post","status-publish","format-standard","has-post-thumbnail","hentry","category-sin-categoria","tag-aborto","tag-nina","tag-padrastro","tag-peru","tag-violada"],"jetpack_featured_media_url":"https:\/\/lasprimeras.com.do\/wp-content\/uploads\/2023\/08\/Nina-Violada.jpg","jetpack-related-posts":[{"id":85104,"url":"https:\/\/lasprimeras.com.do\/index.php\/2024\/06\/22\/eeuu-defensora-del-aborto-que-fue-violada-por-su-padrastro-hara-campana-con-la-primera-dama\/","url_meta":{"origin":57536,"position":0},"title":"EEUU: Defensora del aborto, que fue violada por su padrastro, har\u00e1 campa\u00f1a con la primera dama","author":"Nelson Feliz","date":"22 de junio de 2024","format":false,"excerpt":"BY COLLEEN LONG WASHINGTON (AP) \u2014 Una mujer de 22 a\u00f1os que se convirti\u00f3 en defensora del derecho al aborto tras ser violada por su padrastro cuando era ni\u00f1a, har\u00e1 campa\u00f1a con la primera dama Jill Biden en Pensilvania este fin de semana como parte de una estrategia electoral en\u2026","rel":"","context":"En \u00abSin categor\u00eda\u00bb","block_context":{"text":"Sin categor\u00eda","link":"https:\/\/lasprimeras.com.do\/index.php\/category\/sin-categoria\/"},"img":{"alt_text":"Defensora del aborto","src":"https:\/\/i0.wp.com\/lasprimeras.com.do\/wp-content\/uploads\/2024\/06\/Defensora-del-aborto.jpg?resize=350%2C200&ssl=1","width":350,"height":200,"srcset":"https:\/\/i0.wp.com\/lasprimeras.com.do\/wp-content\/uploads\/2024\/06\/Defensora-del-aborto.jpg?resize=350%2C200&ssl=1 1x, https:\/\/i0.wp.com\/lasprimeras.com.do\/wp-content\/uploads\/2024\/06\/Defensora-del-aborto.jpg?resize=525%2C300&ssl=1 1.5x, https:\/\/i0.wp.com\/lasprimeras.com.do\/wp-content\/uploads\/2024\/06\/Defensora-del-aborto.jpg?resize=700%2C400&ssl=1 2x"},"classes":[]},{"id":76237,"url":"https:\/\/lasprimeras.com.do\/index.php\/2024\/02\/08\/hombre-que-violo-nina-en-barahona-tenia-menos-de-dos-meses-de-relacion-con-la-madre\/","url_meta":{"origin":57536,"position":1},"title":"Hombre que viol\u00f3 ni\u00f1a en Barahona ten\u00eda menos de dos meses de relaci\u00f3n con la madre\u00a0","author":"Nelson Feliz","date":"8 de febrero de 2024","format":false,"excerpt":"Confesi\u00f3n del agresor revela represalia contra su pareja. Familiares de la ni\u00f1a de 2 a\u00f1os que falleci\u00f3 tras violaci\u00f3n sexual por parte de su padrastro en el municipio Baitoa, provincia Barahona, dicen estar \"sorprendidos\" con la noticia. Seg\u00fan Amandry C\u00e1ceres Garc\u00eda, primo de la madre de la ni\u00f1a, desconoc\u00edan la\u2026","rel":"","context":"En \u00abNACIONALES\u00bb","block_context":{"text":"NACIONALES","link":"https:\/\/lasprimeras.com.do\/index.php\/category\/nacionales\/"},"img":{"alt_text":"Inacif","src":"https:\/\/i0.wp.com\/lasprimeras.com.do\/wp-content\/uploads\/2024\/02\/Inacif.jpg?resize=350%2C200&ssl=1","width":350,"height":200,"srcset":"https:\/\/i0.wp.com\/lasprimeras.com.do\/wp-content\/uploads\/2024\/02\/Inacif.jpg?resize=350%2C200&ssl=1 1x, https:\/\/i0.wp.com\/lasprimeras.com.do\/wp-content\/uploads\/2024\/02\/Inacif.jpg?resize=525%2C300&ssl=1 1.5x, https:\/\/i0.wp.com\/lasprimeras.com.do\/wp-content\/uploads\/2024\/02\/Inacif.jpg?resize=700%2C400&ssl=1 2x"},"classes":[]},{"id":78325,"url":"https:\/\/lasprimeras.com.do\/index.php\/2024\/03\/14\/adolescente-muere-al-acudir-a-un-aborto-inseguro-en-el-seibo\/","url_meta":{"origin":57536,"position":2},"title":"Adolescente muere al acudir a un aborto inseguro en El Seibo","author":"Nelson Feliz","date":"14 de marzo de 2024","format":false,"excerpt":"Coalici\u00f3n exige aprobaci\u00f3n urgente de las tres causales; llama al presidente Luis Abinader y al congreso a priorizar su aprobaci\u00f3n antes de que m\u00e1s ni\u00f1as y mujeres sigan muriendo. La Coalici\u00f3n por los Derechos y la Vida de las Mujeres lament\u00f3 la muerte de una adolescente\u00a0 de 13 a\u00f1os de\u2026","rel":"","context":"En \u00abSin categor\u00eda\u00bb","block_context":{"text":"Sin categor\u00eda","link":"https:\/\/lasprimeras.com.do\/index.php\/category\/sin-categoria\/"},"img":{"alt_text":"aborto","src":"https:\/\/i0.wp.com\/lasprimeras.com.do\/wp-content\/uploads\/2024\/03\/aborto.jpg?resize=350%2C200&ssl=1","width":350,"height":200},"classes":[]},{"id":112057,"url":"https:\/\/lasprimeras.com.do\/index.php\/2025\/10\/16\/diputadas-dan-marcha-atras-en-propuesta-de-indulto-a-quienes-practiquen-abortos-a-ninas-violadas\/","url_meta":{"origin":57536,"position":3},"title":"Diputadas dan marcha atr\u00e1s en propuesta de indulto a quienes practiquen abortos a ni\u00f1as violadas","author":"Nelson Feliz","date":"16 de octubre de 2025","format":false,"excerpt":"Las diputadas que impulsaron y depositaron el proyecto de ley sobre protecci\u00f3n integral a v\u00edctimas de violencia y coerci\u00f3n reproductiva dieron marcha atr\u00e1s y eliminaron del texto la pol\u00e9mica disposici\u00f3n que permit\u00eda al presidente considerar un \"indulto anticipado\" para los m\u00e9dicos que practicaran abortos a ni\u00f1as embarazadas v\u00edctimas de violaciones\u2026","rel":"","context":"En \u00abNACIONALES\u00bb","block_context":{"text":"NACIONALES","link":"https:\/\/lasprimeras.com.do\/index.php\/category\/nacionales\/"},"img":{"alt_text":"","src":"https:\/\/i0.wp.com\/lasprimeras.com.do\/wp-content\/uploads\/2025\/10\/DIPU.jpg?resize=350%2C200&ssl=1","width":350,"height":200,"srcset":"https:\/\/i0.wp.com\/lasprimeras.com.do\/wp-content\/uploads\/2025\/10\/DIPU.jpg?resize=350%2C200&ssl=1 1x, https:\/\/i0.wp.com\/lasprimeras.com.do\/wp-content\/uploads\/2025\/10\/DIPU.jpg?resize=525%2C300&ssl=1 1.5x, https:\/\/i0.wp.com\/lasprimeras.com.do\/wp-content\/uploads\/2025\/10\/DIPU.jpg?resize=700%2C400&ssl=1 2x"},"classes":[]},{"id":75395,"url":"https:\/\/lasprimeras.com.do\/index.php\/2024\/02\/01\/hombre-provoco-aborto-a-su-pareja-a-quien-violaba-y-secuestraba-en-zulo-de-villalba-madrid\/","url_meta":{"origin":57536,"position":4},"title":"Hombre provoc\u00f3 aborto a su pareja, a quien violaba y secuestraba en zulo de Villalba-Madrid","author":"Nelson Feliz","date":"1 de febrero de 2024","format":false,"excerpt":"El agresor se encuentra en prisi\u00f3n provisional acusado de los delitos de agresi\u00f3n sexual, detenci\u00f3n ilegal, lesiones, malos tratos f\u00edsicos, psicol\u00f3gicos y contra la integridad moral. Por Jose S\u00e1nchez Madrid.-. Un min\u00fasculo habit\u00e1culo lleno de humedades y basura. As\u00ed era el zulo descubierto por la Guardia Civil en Collado Villalba\u2026","rel":"","context":"En \u00abSin categor\u00eda\u00bb","block_context":{"text":"Sin categor\u00eda","link":"https:\/\/lasprimeras.com.do\/index.php\/category\/sin-categoria\/"},"img":{"alt_text":"detenido","src":"https:\/\/i0.wp.com\/lasprimeras.com.do\/wp-content\/uploads\/2024\/02\/detenido.jpg?resize=350%2C200&ssl=1","width":350,"height":200,"srcset":"https:\/\/i0.wp.com\/lasprimeras.com.do\/wp-content\/uploads\/2024\/02\/detenido.jpg?resize=350%2C200&ssl=1 1x, https:\/\/i0.wp.com\/lasprimeras.com.do\/wp-content\/uploads\/2024\/02\/detenido.jpg?resize=525%2C300&ssl=1 1.5x, https:\/\/i0.wp.com\/lasprimeras.com.do\/wp-content\/uploads\/2024\/02\/detenido.jpg?resize=700%2C400&ssl=1 2x"},"classes":[]},{"id":93330,"url":"https:\/\/lasprimeras.com.do\/index.php\/2025\/02\/07\/condenan-a-15-anos-hombre-que-violo-y-embarazo-una-nina-de-12-anos-en-samana\/","url_meta":{"origin":57536,"position":5},"title":"Condenan a 15 a\u00f1os hombre que viol\u00f3 y embaraz\u00f3 una ni\u00f1a de 12 a\u00f1os en Saman\u00e1","author":"Nelson Feliz","date":"7 de febrero de 2025","format":false,"excerpt":"El Ministerio P\u00fablico dijo que la ni\u00f1a hab\u00eda sido abusada desde los cinco a\u00f1os. El Tribunal Colegiado de Saman\u00e1 conden\u00f3 de 15 a\u00f1os de prisi\u00f3n a un hombre hallado culpable de violar a una ni\u00f1a de 12 a\u00f1os de edad, hija de un amigo, en un hecho ocurrido en esta\u2026","rel":"","context":"En \u00abJUSTICIA\u00bb","block_context":{"text":"JUSTICIA","link":"https:\/\/lasprimeras.com.do\/index.php\/category\/justicia\/"},"img":{"alt_text":"Tribunal Colegiado de Saman\u00e1","src":"https:\/\/i0.wp.com\/lasprimeras.com.do\/wp-content\/uploads\/2025\/02\/Tribunal-Colegiado-de-Samana.jpg?resize=350%2C200&ssl=1","width":350,"height":200,"srcset":"https:\/\/i0.wp.com\/lasprimeras.com.do\/wp-content\/uploads\/2025\/02\/Tribunal-Colegiado-de-Samana.jpg?resize=350%2C200&ssl=1 1x, https:\/\/i0.wp.com\/lasprimeras.com.do\/wp-content\/uploads\/2025\/02\/Tribunal-Colegiado-de-Samana.jpg?resize=525%2C300&ssl=1 1.5x, https:\/\/i0.wp.com\/lasprimeras.com.do\/wp-content\/uploads\/2025\/02\/Tribunal-Colegiado-de-Samana.jpg?resize=700%2C400&ssl=1 2x"},"classes":[]}],"jetpack_sharing_enabled":true,"_links":{"self":[{"href":"https:\/\/lasprimeras.com.do\/index.php\/wp-json\/wp\/v2\/posts\/57536","targetHints":{"allow":["GET"]}}],"collection":[{"href":"https:\/\/lasprimeras.com.do\/index.php\/wp-json\/wp\/v2\/posts"}],"about":[{"href":"https:\/\/lasprimeras.com.do\/index.php\/wp-json\/wp\/v2\/types\/post"}],"author":[{"embeddable":true,"href":"https:\/\/lasprimeras.com.do\/index.php\/wp-json\/wp\/v2\/users\/2"}],"replies":[{"embeddable":true,"href":"https:\/\/lasprimeras.com.do\/index.php\/wp-json\/wp\/v2\/comments?post=57536"}],"version-history":[{"count":1,"href":"https:\/\/lasprimeras.com.do\/index.php\/wp-json\/wp\/v2\/posts\/57536\/revisions"}],"predecessor-version":[{"id":57538,"href":"https:\/\/lasprimeras.com.do\/index.php\/wp-json\/wp\/v2\/posts\/57536\/revisions\/57538"}],"wp:featuredmedia":[{"embeddable":true,"href":"https:\/\/lasprimeras.com.do\/index.php\/wp-json\/wp\/v2\/media\/57537"}],"wp:attachment":[{"href":"https:\/\/lasprimeras.com.do\/index.php\/wp-json\/wp\/v2\/media?parent=57536"}],"wp:term":[{"taxonomy":"category","embeddable":true,"href":"https:\/\/lasprimeras.com.do\/index.php\/wp-json\/wp\/v2\/categories?post=57536"},{"taxonomy":"post_tag","embeddable":true,"href":"https:\/\/lasprimeras.com.do\/index.php\/wp-json\/wp\/v2\/tags?post=57536"}],"curies":[{"name":"wp","href":"https:\/\/api.w.org\/{rel}","templated":true}]}}