{"id":57558,"date":"2023-08-13T17:42:06","date_gmt":"2023-08-13T21:42:06","guid":{"rendered":"https:\/\/lasprimeras.com.do\/?p=57558"},"modified":"2023-08-13T17:42:07","modified_gmt":"2023-08-13T21:42:07","slug":"elizabeth-rosa-el-pld-volvera-al-poder-con-abel-martinez","status":"publish","type":"post","link":"https:\/\/lasprimeras.com.do\/index.php\/2023\/08\/13\/elizabeth-rosa-el-pld-volvera-al-poder-con-abel-martinez\/","title":{"rendered":"Elizabeth Rosa: El PLD volver\u00e1 al poder con Abel Mart\u00ednez"},"content":{"rendered":"\n<p class=\"wp-block-paragraph\">La precandidata a diputada por la Circunscripci\u00f3n 03 de la Provincia Santiago, del Partido de la Liberaci\u00f3n Dominicana (PLD), Dra. Elizabeth Rosa, resalt\u00f3 que esa organizaci\u00f3n cada d\u00eda ha mostrado una gran robustez institucional, lo cual, lo convierte en un partido listo para retomar el poder con Abel Mart\u00ednez y as\u00ed vuelva el progreso y desarrollo a la Rep\u00fablica Dominicana.<\/p>\n\n\n\n<p class=\"wp-block-paragraph\">Elizabeth Rosa manifest\u00f3 que \u00abel PLD volver\u00e1 al poder con Abel Mart\u00ednez porque el pueblo cada d\u00eda se ha dado cuenta de que el presidente Luis Abinader est\u00e1 aniquilando las esperanzas de vida de los dominicanos\u00bb.<\/p>\n\n\n\n<p class=\"wp-block-paragraph\">La miembro del Comit\u00e9 Central consider\u00f3 que Abel Mart\u00ednez es el mejor candidato que ahora mismo est\u00e1 compitiendo y representa el verdadero cambio sin reversas para llegar a ganar las elecciones del a\u00f1o 2024.<\/p>\n\n\n\n<p class=\"wp-block-paragraph\">\u201cSin lugar a duda Abel Mart\u00ednez, es la garant\u00eda para enfrentar los tres principales males del pa\u00eds de una forma decidida: acabar con el hambre, enfrentar la delincuencia con mano dura y convertir este pa\u00eds en una f\u00e1brica de empleos\u201d. Sostuvo Elizabeth Rosa<\/p>\n\n\n\n<p class=\"wp-block-paragraph\">La joven dirigente agreg\u00f3 adem\u00e1s que Abel Mart\u00ednez, es un hombre con demasiado talento, capacidad, honestidad, transparencia y con voluntad de trabajar por el pueblo dominicano \u201cpara resolver los principales problemas que se han agudizado en la presente administraci\u00f3n del presidente Luis Abinader\u201d.<\/p>\n\n\n\n<p class=\"wp-block-paragraph\">\u201cEn Abel Mart\u00ednez confiamos, porque ha demostrado desde Santiago, donde le entregaron una ciudad que no era conocida por el orden y la limpieza y hoy todo el que nos visita se sorprende queriendo vivir en Santiago\u201d dijo<\/p>\n\n\n\n<p class=\"wp-block-paragraph\">\u201cEn el gobierno de Danilo Medina los precios de la canasta familiar estaban m\u00e1s estables en comparaci\u00f3n con el gobierno actual, donde el costo de la misma est\u00e1 por las nubes y se hace insoportable para las familias dominicanas\u201d, expres\u00f3 el diputado Yaco.<\/p>\n\n\n\n<p class=\"wp-block-paragraph\">La marcha caravana de la Esperanza se realiz\u00f3 este Domingo con un recorrido que inici\u00f3 a las 10:00 am en el recorrido impacto las provincias, Espaillat, Hermanas Mirabal, Duarte y La Vega donde \u201cel punto de inicio de este recorrido de 131.5 kil\u00f3metros fue en la avenida 27 febrero en Santiago de los Caballeros en las proximidades de lo que se conoce como la Junta de los Dos Caminos (Centro Cultural Le\u00f3n)\u201d<\/p>\n","protected":false},"excerpt":{"rendered":"<p>La precandidata a diputada por la Circunscripci\u00f3n 03 de la Provincia Santiago, del Partido de la Liberaci\u00f3n Dominicana (PLD), Dra. Elizabeth Rosa, resalt\u00f3 que esa organizaci\u00f3n cada d\u00eda ha mostrado&hellip;<\/p>\n","protected":false},"author":2,"featured_media":57559,"comment_status":"open","ping_status":"open","sticky":false,"template":"","format":"standard","meta":{"content-type":"","_jetpack_newsletter_access":"","_jetpack_dont_email_post_to_subs":false,"_jetpack_newsletter_tier_id":0,"_jetpack_memberships_contains_paywalled_content":false,"_jetpack_feature_clip_id":0,"_jetpack_memberships_contains_paid_content":false,"footnotes":"","jetpack_post_was_ever_published":false},"categories":[1],"tags":[261],"class_list":["post-57558","post","type-post","status-publish","format-standard","has-post-thumbnail","hentry","category-sin-categoria","tag-elizabeth-rosa"],"jetpack-related-posts":[{"id":104644,"url":"https:\/\/lasprimeras.com.do\/index.php\/2025\/07\/25\/abel-martinez-asegura-que-la-mejor-coyuntura-para-el-regreso-del-pld-al-poder-es-ahora\/","url_meta":{"origin":57558,"position":0},"title":"Abel Mart\u00ednez asegura que la mejor coyuntura para el regreso del PLD al poder es ahora","author":"Nelson Feliz","date":"25 de julio de 2025","format":false,"excerpt":"El miembro del Comit\u00e9 Pol\u00edtico del PLD , Abel Mart\u00ednez, considera que, con el reencuentro en 2028 entre el PLD y el pueblo dominicano, se cerrar\u00e1 el paso de las actuales promesas incumplidas, regresando las soluciones reales a los problemas que enfrenta RD.,\u00abLa historia nos da una nueva oportunidad, y\u2026","rel":"","context":"En \u00abPOLITICA\u00bb","block_context":{"text":"POLITICA","link":"https:\/\/lasprimeras.com.do\/index.php\/category\/politica\/"},"img":{"alt_text":"","src":"https:\/\/i0.wp.com\/lasprimeras.com.do\/wp-content\/uploads\/2024\/09\/ABEL-MARTINEZ.jpg?resize=350%2C200&ssl=1","width":350,"height":200,"srcset":"https:\/\/i0.wp.com\/lasprimeras.com.do\/wp-content\/uploads\/2024\/09\/ABEL-MARTINEZ.jpg?resize=350%2C200&ssl=1 1x, https:\/\/i0.wp.com\/lasprimeras.com.do\/wp-content\/uploads\/2024\/09\/ABEL-MARTINEZ.jpg?resize=525%2C300&ssl=1 1.5x, https:\/\/i0.wp.com\/lasprimeras.com.do\/wp-content\/uploads\/2024\/09\/ABEL-MARTINEZ.jpg?resize=700%2C400&ssl=1 2x"},"classes":[]},{"id":138671,"url":"https:\/\/lasprimeras.com.do\/index.php\/2026\/09\/01\/abel-martinez-lanza-advertencia-al-pld-rumbo-a-2028\/","url_meta":{"origin":57558,"position":1},"title":"Abel Mart\u00ednez lanza advertencia al PLD rumbo a 2028","author":"Nelson Feliz","date":"1 de septiembre de 2026","format":false,"excerpt":"La organizaci\u00f3n tiene el camino trazado para retornar al poder en 2028, siempre y cuando se act\u00fae con unidad, se destierren los egos SANTO DOMINGO- El aspirante presidencial del Partido de la Liberaci\u00f3n Dominicana (PLD), Abel Mart\u00ednez, asegur\u00f3 que la organizaci\u00f3n opositora tiene el camino trazado para retornar al poder\u2026","rel":"","context":"En \u00abPOLITICA\u00bb","block_context":{"text":"POLITICA","link":"https:\/\/lasprimeras.com.do\/index.php\/category\/politica\/"},"img":{"alt_text":"","src":"https:\/\/i0.wp.com\/lasprimeras.com.do\/wp-content\/uploads\/2026\/09\/Abel-Martinez.jpg?resize=350%2C200&ssl=1","width":350,"height":200,"srcset":"https:\/\/i0.wp.com\/lasprimeras.com.do\/wp-content\/uploads\/2026\/09\/Abel-Martinez.jpg?resize=350%2C200&ssl=1 1x, https:\/\/i0.wp.com\/lasprimeras.com.do\/wp-content\/uploads\/2026\/09\/Abel-Martinez.jpg?resize=525%2C300&ssl=1 1.5x, https:\/\/i0.wp.com\/lasprimeras.com.do\/wp-content\/uploads\/2026\/09\/Abel-Martinez.jpg?resize=700%2C400&ssl=1 2x"},"classes":[]},{"id":121192,"url":"https:\/\/lasprimeras.com.do\/index.php\/2026\/02\/02\/abel-martinez-sugiere-fortalecer-unidad-y-garantizar-competitividad-del-pld-rumbo-a-2028\/","url_meta":{"origin":57558,"position":2},"title":"Abel Mart\u00ednez sugiere fortalecer unidad y garantizar competitividad del PLD rumbo a 2028","author":"Nelson Feliz","date":"2 de febrero de 2026","format":false,"excerpt":"El excandidato presidencial del Partido de la Liberaci\u00f3n Dominicana (PLD), Abel Mart\u00ednez, plante\u00f3 una propuesta pol\u00edtica orientada a preservar la unidad interna del Partido y colocarlo en condiciones reales de competitividad de cara a las elecciones de 2028, apelando a la madurez, la armon\u00eda y la visi\u00f3n estrat\u00e9gica. Mart\u00ednez explic\u00f3\u2026","rel":"","context":"En \u00abPOLITICA\u00bb","block_context":{"text":"POLITICA","link":"https:\/\/lasprimeras.com.do\/index.php\/category\/politica\/"},"img":{"alt_text":"Abel Mart\u00ednez","src":"https:\/\/i0.wp.com\/lasprimeras.com.do\/wp-content\/uploads\/2025\/12\/Abel-Martinez-1.jpg?resize=350%2C200&ssl=1","width":350,"height":200,"srcset":"https:\/\/i0.wp.com\/lasprimeras.com.do\/wp-content\/uploads\/2025\/12\/Abel-Martinez-1.jpg?resize=350%2C200&ssl=1 1x, https:\/\/i0.wp.com\/lasprimeras.com.do\/wp-content\/uploads\/2025\/12\/Abel-Martinez-1.jpg?resize=525%2C300&ssl=1 1.5x, https:\/\/i0.wp.com\/lasprimeras.com.do\/wp-content\/uploads\/2025\/12\/Abel-Martinez-1.jpg?resize=700%2C400&ssl=1 2x"},"classes":[]},{"id":113297,"url":"https:\/\/lasprimeras.com.do\/index.php\/2025\/10\/31\/comision-del-pld-se-reune-con-abel-martinez\/","url_meta":{"origin":57558,"position":3},"title":"Comision del PLD se reune con Abel Martinez","author":"Nelson Feliz","date":"31 de octubre de 2025","format":false,"excerpt":"La Comisi\u00f3n del PLD conformada para trabajar el Protocolo de Aspirantes Presidenciales se re\u00fane con Abel Mart\u00ednez. La comisi\u00f3n encargada de trabajar el Protocolo de Aspirantes Presidenciales del Partido de la Liberaci\u00f3n Dominicana (PLD) sostuvo un encuentro con Abel Mart\u00ednez, pasado candidato presidencial pelede\u00edsta en el que se intercambiaron ideas\u2026","rel":"","context":"En \u00abPOLITICA\u00bb","block_context":{"text":"POLITICA","link":"https:\/\/lasprimeras.com.do\/index.php\/category\/politica\/"},"img":{"alt_text":"","src":"https:\/\/i0.wp.com\/lasprimeras.com.do\/wp-content\/uploads\/2025\/10\/COMISION-CON-ABEL-2.jpg?resize=350%2C200&ssl=1","width":350,"height":200,"srcset":"https:\/\/i0.wp.com\/lasprimeras.com.do\/wp-content\/uploads\/2025\/10\/COMISION-CON-ABEL-2.jpg?resize=350%2C200&ssl=1 1x, https:\/\/i0.wp.com\/lasprimeras.com.do\/wp-content\/uploads\/2025\/10\/COMISION-CON-ABEL-2.jpg?resize=525%2C300&ssl=1 1.5x, https:\/\/i0.wp.com\/lasprimeras.com.do\/wp-content\/uploads\/2025\/10\/COMISION-CON-ABEL-2.jpg?resize=700%2C400&ssl=1 2x"},"classes":[]},{"id":136395,"url":"https:\/\/lasprimeras.com.do\/index.php\/2026\/08\/03\/abel-martinez-llama-a-los-dominicanos-a-unirse-para-sacar-al-prm-del-gobierno\/","url_meta":{"origin":57558,"position":4},"title":"Abel Mart\u00ednez llama a los dominicanos a unirse para sacar al PRM del Gobierno","author":"Nelson Feliz","date":"3 de agosto de 2026","format":false,"excerpt":"Afirm\u00f3 que las buenas intenciones no bastan para gobernar cuando se desconoce el verdadero sentir, las necesidades y las prioridades del pueblo El aspirante presidencial del Partido de la Liberaci\u00f3n Dominicana (PLD), Abel Mart\u00ednez, llam\u00f3 este domingo a los dominicanos a unirse para sacar del poder al Partido Revolucionario Moderno\u2026","rel":"","context":"En \u00abPOLITICA\u00bb","block_context":{"text":"POLITICA","link":"https:\/\/lasprimeras.com.do\/index.php\/category\/politica\/"},"img":{"alt_text":"Abel Mart\u00ednez","src":"https:\/\/i0.wp.com\/lasprimeras.com.do\/wp-content\/uploads\/2025\/12\/Abel-Martinez-1.jpg?resize=350%2C200&ssl=1","width":350,"height":200,"srcset":"https:\/\/i0.wp.com\/lasprimeras.com.do\/wp-content\/uploads\/2025\/12\/Abel-Martinez-1.jpg?resize=350%2C200&ssl=1 1x, https:\/\/i0.wp.com\/lasprimeras.com.do\/wp-content\/uploads\/2025\/12\/Abel-Martinez-1.jpg?resize=525%2C300&ssl=1 1.5x, https:\/\/i0.wp.com\/lasprimeras.com.do\/wp-content\/uploads\/2025\/12\/Abel-Martinez-1.jpg?resize=700%2C400&ssl=1 2x"},"classes":[]},{"id":104762,"url":"https:\/\/lasprimeras.com.do\/index.php\/2025\/07\/27\/abel-martinez-dice-sera-proclamado-candidato-presidencial-en-2027\/","url_meta":{"origin":57558,"position":5},"title":"Abel Mart\u00ednez dice ser\u00e1 proclamado candidato presidencial en 2027","author":"Nelson Feliz","date":"27 de julio de 2025","format":false,"excerpt":"En un encuentro con l\u00edderes del Partido de la Liberaci\u00f3n Dominicana (PLD), dirigentes comunitarios y ciudadanos comprometidos, Abel Mart\u00ednez reafirm\u00f3 su determinaci\u00f3n de trabajar por un \u00abnuevo comienzo\u00bb para la Rep\u00fablica Dominicana. El exalcalde de Santiago estuvo acompa\u00f1ado por su esposa, la comunicadora Nahiony Reyes. Anunci\u00f3 que en 2027 ser\u00e1\u2026","rel":"","context":"En \u00abPOLITICA\u00bb","block_context":{"text":"POLITICA","link":"https:\/\/lasprimeras.com.do\/index.php\/category\/politica\/"},"img":{"alt_text":"Abel Mart\u00ednez","src":"https:\/\/i0.wp.com\/lasprimeras.com.do\/wp-content\/uploads\/2024\/05\/Abel-Martinez-4.jpg?resize=350%2C200&ssl=1","width":350,"height":200,"srcset":"https:\/\/i0.wp.com\/lasprimeras.com.do\/wp-content\/uploads\/2024\/05\/Abel-Martinez-4.jpg?resize=350%2C200&ssl=1 1x, https:\/\/i0.wp.com\/lasprimeras.com.do\/wp-content\/uploads\/2024\/05\/Abel-Martinez-4.jpg?resize=525%2C300&ssl=1 1.5x, https:\/\/i0.wp.com\/lasprimeras.com.do\/wp-content\/uploads\/2024\/05\/Abel-Martinez-4.jpg?resize=700%2C400&ssl=1 2x"},"classes":[]}],"jetpack_sharing_enabled":true,"jetpack_featured_media_url":"https:\/\/lasprimeras.com.do\/wp-content\/uploads\/2023\/08\/Elizabeth.jpg","_links":{"self":[{"href":"https:\/\/lasprimeras.com.do\/index.php\/wp-json\/wp\/v2\/posts\/57558","targetHints":{"allow":["GET"]}}],"collection":[{"href":"https:\/\/lasprimeras.com.do\/index.php\/wp-json\/wp\/v2\/posts"}],"about":[{"href":"https:\/\/lasprimeras.com.do\/index.php\/wp-json\/wp\/v2\/types\/post"}],"author":[{"embeddable":true,"href":"https:\/\/lasprimeras.com.do\/index.php\/wp-json\/wp\/v2\/users\/2"}],"replies":[{"embeddable":true,"href":"https:\/\/lasprimeras.com.do\/index.php\/wp-json\/wp\/v2\/comments?post=57558"}],"version-history":[{"count":1,"href":"https:\/\/lasprimeras.com.do\/index.php\/wp-json\/wp\/v2\/posts\/57558\/revisions"}],"predecessor-version":[{"id":57560,"href":"https:\/\/lasprimeras.com.do\/index.php\/wp-json\/wp\/v2\/posts\/57558\/revisions\/57560"}],"wp:featuredmedia":[{"embeddable":true,"href":"https:\/\/lasprimeras.com.do\/index.php\/wp-json\/wp\/v2\/media\/57559"}],"wp:attachment":[{"href":"https:\/\/lasprimeras.com.do\/index.php\/wp-json\/wp\/v2\/media?parent=57558"}],"wp:term":[{"taxonomy":"category","embeddable":true,"href":"https:\/\/lasprimeras.com.do\/index.php\/wp-json\/wp\/v2\/categories?post=57558"},{"taxonomy":"post_tag","embeddable":true,"href":"https:\/\/lasprimeras.com.do\/index.php\/wp-json\/wp\/v2\/tags?post=57558"}],"curies":[{"name":"wp","href":"https:\/\/api.w.org\/{rel}","templated":true}]}}