{"id":57666,"date":"2023-08-14T20:39:47","date_gmt":"2023-08-15T00:39:47","guid":{"rendered":"https:\/\/lasprimeras.com.do\/?p=57666"},"modified":"2023-08-14T20:39:49","modified_gmt":"2023-08-15T00:39:49","slug":"manchester-united-vence-1-0-a-wolverhampton-con-un-gol-tardio-de-varane","status":"publish","type":"post","link":"https:\/\/lasprimeras.com.do\/index.php\/2023\/08\/14\/manchester-united-vence-1-0-a-wolverhampton-con-un-gol-tardio-de-varane\/","title":{"rendered":"Manchester United vence 1-0 a Wolverhampton con un gol tard\u00edo de Varane"},"content":{"rendered":"\n<p class=\"wp-block-paragraph\">Manchester United necesit\u00f3 de un gol tard\u00edo del defensor Raphael Varane para derrotar el lunes a duras penas 1-0 a un Wolverhampton que fue superior durante largos pasajes del partido que puso fin a la primera fecha de la Liga Premier inglesa.<\/p>\n\n\n\n<p class=\"wp-block-paragraph\">El central franc\u00e9s cabece\u00f3 desde el punto penal a los 76, luego que el lateral derecho Aaron Wan Bissaka punte\u00f3 el bal\u00f3n hacia su compa\u00f1ero tras un pase flotado de Bruno Fernandes.<\/p>\n\n\n\n<p class=\"wp-block-paragraph\">Fue una astuta por parte de un Manchester United en el que el arquero Andr\u00e9 Onana y el centrocampista Mason Mount hicieron sus debuts oficiales.<\/p>\n\n\n\n<p class=\"wp-block-paragraph\">Pero el equipo de Erik ten Hag evidenci\u00f3 falta de cohesi\u00f3n ante un conjunto visitante que domin\u00f3 en el mediocampo y que gener\u00f3 constante peligro al contragolpear.<\/p>\n\n\n\n<p class=\"wp-block-paragraph\">Wolverhampton roz\u00f3 la apertura del marcador en los primeros compases del segundo tiempo cuando Matheus Cunha estrell\u00f3 un remate contra el poste.<\/p>\n\n\n\n<p class=\"wp-block-paragraph\">El suplente Fabio Silva provoc\u00f3 dos rechaces de Onana con las piernas en los tramos finales en los que el United tuvo que resistir en su feudo.<\/p>\n\n\n\n<p class=\"wp-block-paragraph\">Los Wolves acumularon 23 remates al arco \u2014 la mayor cantidad de un visitante en Old Trafford por la Liga Premier desde 2005 \u2014 pero la falt\u00f3 finura como ocurri\u00f3 la pasada temporada, cuando fueron el equipo menos anotador del torneo con 31 goles.<\/p>\n\n\n\n<p class=\"wp-block-paragraph\">Mount, quien lleg\u00f3 procedente del Chelsea, dur\u00f3 68 minutos antes de ser reemplazado tras un partido en el que no tuvo buena sinton\u00eda con Fernandes y Casemiro en el mediocampo.<\/p>\n\n\n\n<p class=\"wp-block-paragraph\">Onana fue el que impresion\u00f3 m\u00e1s en su debut, realizando seis atajadas en total. Se llev\u00f3 un susto antes del tiempo de reposici\u00f3n al embestir a Sasa Kalajdzic de los Wolves al disputar un bal\u00f3n por lo alto.<\/p>\n\n\n\n<p class=\"wp-block-paragraph\">El VAR intervino, pero no se pit\u00f3 el penal para el enojo del entrenador visitante Gary O\u2019Neil, quien fue amonestado en el \u00e1rea t\u00e9cnica en su primer partido tras ser contratado la semana pasada tras la s\u00fabita salida de Julen Lopetegui.<\/p>\n\n\n\n<p class=\"wp-block-paragraph\">Agencia AP<\/p>\n","protected":false},"excerpt":{"rendered":"<p>Manchester United necesit\u00f3 de un gol tard\u00edo del defensor Raphael Varane para derrotar el lunes a duras penas 1-0 a un Wolverhampton que fue superior durante largos pasajes del partido&hellip;<\/p>\n","protected":false},"author":2,"featured_media":57667,"comment_status":"open","ping_status":"open","sticky":false,"template":"","format":"standard","meta":{"content-type":"","_jetpack_newsletter_access":"","_jetpack_dont_email_post_to_subs":false,"_jetpack_newsletter_tier_id":0,"_jetpack_memberships_contains_paywalled_content":false,"_jetpack_feature_clip_id":0,"_jetpack_memberships_contains_paid_content":false,"footnotes":"","jetpack_post_was_ever_published":false},"categories":[1],"tags":[6246,6245,6247,6244],"class_list":["post-57666","post","type-post","status-publish","format-standard","has-post-thumbnail","hentry","category-sin-categoria","tag-gol","tag-manchester-united-vence-1-0-a-wolverhampton","tag-raphael-varane","tag-tardio"],"jetpack-related-posts":[{"id":62789,"url":"https:\/\/lasprimeras.com.do\/index.php\/2023\/10\/07\/el-manchester-united-derrota-2-1-al-brentford\/","url_meta":{"origin":57666,"position":0},"title":"El Manchester United derrota 2-1 al Brentford","author":"Nelson Feliz","date":"7 de octubre de 2023","format":false,"excerpt":"El suplente Scott McTominay marc\u00f3 los dos goles que le otorgaron la victoria a los ganadores. El Manchester United y su t\u00e9cnico Erik ten Hag pudieron respirar de alivio despu\u00e9s de que remontaron para vencer por 2-1 el s\u00e1bado al Brentford. La alocada celebraci\u00f3n tras el silbatazo final en Old\u2026","rel":"","context":"En \u00abSin categor\u00eda\u00bb","block_context":{"text":"Sin categor\u00eda","link":"https:\/\/lasprimeras.com.do\/index.php\/category\/sin-categoria\/"},"img":{"alt_text":"Jugadores del Mancheterf United celebran uno de los goles marcados en la victoria del club.FUENTE EXTERNA","src":"https:\/\/i0.wp.com\/lasprimeras.com.do\/wp-content\/uploads\/2023\/10\/Jugadores-del-Mancheterf-United.jpeg?resize=350%2C200&ssl=1","width":350,"height":200,"srcset":"https:\/\/i0.wp.com\/lasprimeras.com.do\/wp-content\/uploads\/2023\/10\/Jugadores-del-Mancheterf-United.jpeg?resize=350%2C200&ssl=1 1x, https:\/\/i0.wp.com\/lasprimeras.com.do\/wp-content\/uploads\/2023\/10\/Jugadores-del-Mancheterf-United.jpeg?resize=525%2C300&ssl=1 1.5x, https:\/\/i0.wp.com\/lasprimeras.com.do\/wp-content\/uploads\/2023\/10\/Jugadores-del-Mancheterf-United.jpeg?resize=700%2C400&ssl=1 2x"},"classes":[]},{"id":98739,"url":"https:\/\/lasprimeras.com.do\/index.php\/2025\/05\/12\/ruben-amorim-esta-avergonzado-y-hay-dudas-sobre-su-futuro-como-entrenador-del-manchester-united\/","url_meta":{"origin":57666,"position":1},"title":"Ruben Amorim est\u00e1 avergonzado y hay dudas sobre su futuro como entrenador del Manchester United","author":"Nelson Feliz","date":"12 de mayo de 2025","format":false,"excerpt":"POR JAMES ROBSON MANCHESTER, Inglaterra (AP) \u2014 Ruben Amorim dijo que estaba \u201cavergonzado\u201d el domingo despu\u00e9s de que el Manchester United perdiera una vez m\u00e1s en la Premier League. El United cay\u00f3 a un r\u00e9cord del club al extender su 17ma derrota en la era moderna tras una rev\u00e9s en\u2026","rel":"","context":"En \u00abDEPORTES\u00bb","block_context":{"text":"DEPORTES","link":"https:\/\/lasprimeras.com.do\/index.php\/category\/deportes\/"},"img":{"alt_text":"","src":"https:\/\/i0.wp.com\/lasprimeras.com.do\/wp-content\/uploads\/2025\/05\/Ruben-Amorim.jpg?resize=350%2C200&ssl=1","width":350,"height":200,"srcset":"https:\/\/i0.wp.com\/lasprimeras.com.do\/wp-content\/uploads\/2025\/05\/Ruben-Amorim.jpg?resize=350%2C200&ssl=1 1x, https:\/\/i0.wp.com\/lasprimeras.com.do\/wp-content\/uploads\/2025\/05\/Ruben-Amorim.jpg?resize=525%2C300&ssl=1 1.5x, https:\/\/i0.wp.com\/lasprimeras.com.do\/wp-content\/uploads\/2025\/05\/Ruben-Amorim.jpg?resize=700%2C400&ssl=1 2x"},"classes":[]},{"id":122926,"url":"https:\/\/lasprimeras.com.do\/index.php\/2026\/02\/23\/el-supersuplente-vuelve-a-marcar-sesko-da-al-man-united-el-triunfo-en-everton\/","url_meta":{"origin":57666,"position":2},"title":"El supersuplente vuelve a marcar: Sesko da al Man United el triunfo en Everton","author":"Nelson Feliz","date":"23 de febrero de 2026","format":false,"excerpt":"LIVERPOOL, Inglaterra (AP) \u2014 Benjamin Sesko anot\u00f3 13 minutos despu\u00e9s de entrar al campo para darle la victoria el lunes por 1-0 al Manchester United sobre Everton en la Liga Premier. Fue la tercera vez en cuatro partidos que Sesko marc\u00f3 tras ingresar de cambio y asegur\u00f3 puntos para el\u2026","rel":"","context":"En \u00abDEPORTES\u00bb","block_context":{"text":"DEPORTES","link":"https:\/\/lasprimeras.com.do\/index.php\/category\/deportes\/"},"img":{"alt_text":"Benjamin Sesko del Manchester United","src":"https:\/\/i0.wp.com\/lasprimeras.com.do\/wp-content\/uploads\/2026\/02\/Benjamin-Sesko-del-Manchester-United.jpg?resize=350%2C200&ssl=1","width":350,"height":200,"srcset":"https:\/\/i0.wp.com\/lasprimeras.com.do\/wp-content\/uploads\/2026\/02\/Benjamin-Sesko-del-Manchester-United.jpg?resize=350%2C200&ssl=1 1x, https:\/\/i0.wp.com\/lasprimeras.com.do\/wp-content\/uploads\/2026\/02\/Benjamin-Sesko-del-Manchester-United.jpg?resize=525%2C300&ssl=1 1.5x, https:\/\/i0.wp.com\/lasprimeras.com.do\/wp-content\/uploads\/2026\/02\/Benjamin-Sesko-del-Manchester-United.jpg?resize=700%2C400&ssl=1 2x"},"classes":[]},{"id":129458,"url":"https:\/\/lasprimeras.com.do\/index.php\/2026\/05\/03\/man-united-vence-3-2-al-liverpool-y-volvera-a-la-champions-tras-2-anos-de-ausencia\/","url_meta":{"origin":57666,"position":3},"title":"Man United vence 3-2 al Liverpool y volver\u00e1 a la Champions tras 2 a\u00f1os de ausencia","author":"Nelson Feliz","date":"3 de mayo de 2026","format":false,"excerpt":"POR JAMES ROBSON MANCHESTER, Inglaterra (AP) \u2014 El Manchester United se encamina de regreso a la Liga de Campeones. Una victoria el domingo 3-2 ante Liverpool confirm\u00f3 el regreso del United a la principal competici\u00f3n europea de clubes tras dos a\u00f1os de ausencia . Kobbie Mainoo resolvi\u00f3 un emocionante duelo\u2026","rel":"","context":"En \u00abDEPORTES\u00bb","block_context":{"text":"DEPORTES","link":"https:\/\/lasprimeras.com.do\/index.php\/category\/deportes\/"},"img":{"alt_text":"Man United vence 3-2 al Liverpool","src":"https:\/\/i0.wp.com\/lasprimeras.com.do\/wp-content\/uploads\/2026\/05\/Man-United-vence-3-2-al-Liverpool.jpg?resize=350%2C200&ssl=1","width":350,"height":200,"srcset":"https:\/\/i0.wp.com\/lasprimeras.com.do\/wp-content\/uploads\/2026\/05\/Man-United-vence-3-2-al-Liverpool.jpg?resize=350%2C200&ssl=1 1x, https:\/\/i0.wp.com\/lasprimeras.com.do\/wp-content\/uploads\/2026\/05\/Man-United-vence-3-2-al-Liverpool.jpg?resize=525%2C300&ssl=1 1.5x, https:\/\/i0.wp.com\/lasprimeras.com.do\/wp-content\/uploads\/2026\/05\/Man-United-vence-3-2-al-Liverpool.jpg?resize=700%2C400&ssl=1 2x"},"classes":[]},{"id":121135,"url":"https:\/\/lasprimeras.com.do\/index.php\/2026\/02\/01\/arsenal-aplasta-a-leeds-para-abrir-una-ventaja-de-siete-puntos-en-la-liga-premier-y-chelsea-remonta\/","url_meta":{"origin":57666,"position":4},"title":"Arsenal aplasta a Leeds para abrir una ventaja de siete puntos en la Liga Premier y Chelsea remonta","author":"Nelson Feliz","date":"1 de febrero de 2026","format":false,"excerpt":"POR JAMES ROBSON Arsenal y Liverpool volvieron el s\u00e1bado a la senda de la victoria en la Liga Premier. El Arsenal se distanci\u00f3 siete puntos en la cima de la Liga Premier tras vencer 4-0 al Leeds. El equipo de Mikel Arteta puso fin a una racha de tres partidos\u2026","rel":"","context":"En \u00abDEPORTES\u00bb","block_context":{"text":"DEPORTES","link":"https:\/\/lasprimeras.com.do\/index.php\/category\/deportes\/"},"img":{"alt_text":"","src":"https:\/\/i0.wp.com\/lasprimeras.com.do\/wp-content\/uploads\/2026\/02\/Arsenal-aplasta-a-Leeds.jpg?resize=350%2C200&ssl=1","width":350,"height":200,"srcset":"https:\/\/i0.wp.com\/lasprimeras.com.do\/wp-content\/uploads\/2026\/02\/Arsenal-aplasta-a-Leeds.jpg?resize=350%2C200&ssl=1 1x, https:\/\/i0.wp.com\/lasprimeras.com.do\/wp-content\/uploads\/2026\/02\/Arsenal-aplasta-a-Leeds.jpg?resize=525%2C300&ssl=1 1.5x, https:\/\/i0.wp.com\/lasprimeras.com.do\/wp-content\/uploads\/2026\/02\/Arsenal-aplasta-a-Leeds.jpg?resize=700%2C400&ssl=1 2x"},"classes":[]},{"id":137930,"url":"https:\/\/lasprimeras.com.do\/index.php\/2026\/08\/23\/man-united-y-tottenham-tienen-inicios-lamentables-en-la-liga-premier\/","url_meta":{"origin":57666,"position":5},"title":"Man United y Tottenham tienen inicios lamentables en la Liga Premier","author":"Nelson Feliz","date":"23 de agosto de 2026","format":false,"excerpt":"POR STEVE DOUGLAS Bast\u00f3 solo una jornada de la Liga Premier para pinchar el optimismo de la pretemporada que rodeaba al Manchester United y al Tottenham. La jornada del s\u00e1bado en la m\u00e1xima categor\u00eda empez\u00f3 con el 20 veces campe\u00f3n de la liga inglesa siendo arrollado 2-0 por el reci\u00e9n\u2026","rel":"","context":"En \u00abDEPORTES\u00bb","block_context":{"text":"DEPORTES","link":"https:\/\/lasprimeras.com.do\/index.php\/category\/deportes\/"},"img":{"alt_text":"","src":"https:\/\/i0.wp.com\/lasprimeras.com.do\/wp-content\/uploads\/2026\/08\/Nobel-Mendy-del-Hull.jpg?resize=350%2C200&ssl=1","width":350,"height":200,"srcset":"https:\/\/i0.wp.com\/lasprimeras.com.do\/wp-content\/uploads\/2026\/08\/Nobel-Mendy-del-Hull.jpg?resize=350%2C200&ssl=1 1x, https:\/\/i0.wp.com\/lasprimeras.com.do\/wp-content\/uploads\/2026\/08\/Nobel-Mendy-del-Hull.jpg?resize=525%2C300&ssl=1 1.5x, https:\/\/i0.wp.com\/lasprimeras.com.do\/wp-content\/uploads\/2026\/08\/Nobel-Mendy-del-Hull.jpg?resize=700%2C400&ssl=1 2x"},"classes":[]}],"jetpack_sharing_enabled":true,"jetpack_featured_media_url":"https:\/\/lasprimeras.com.do\/wp-content\/uploads\/2023\/08\/Raphael-Varane.jpeg","_links":{"self":[{"href":"https:\/\/lasprimeras.com.do\/index.php\/wp-json\/wp\/v2\/posts\/57666","targetHints":{"allow":["GET"]}}],"collection":[{"href":"https:\/\/lasprimeras.com.do\/index.php\/wp-json\/wp\/v2\/posts"}],"about":[{"href":"https:\/\/lasprimeras.com.do\/index.php\/wp-json\/wp\/v2\/types\/post"}],"author":[{"embeddable":true,"href":"https:\/\/lasprimeras.com.do\/index.php\/wp-json\/wp\/v2\/users\/2"}],"replies":[{"embeddable":true,"href":"https:\/\/lasprimeras.com.do\/index.php\/wp-json\/wp\/v2\/comments?post=57666"}],"version-history":[{"count":1,"href":"https:\/\/lasprimeras.com.do\/index.php\/wp-json\/wp\/v2\/posts\/57666\/revisions"}],"predecessor-version":[{"id":57668,"href":"https:\/\/lasprimeras.com.do\/index.php\/wp-json\/wp\/v2\/posts\/57666\/revisions\/57668"}],"wp:featuredmedia":[{"embeddable":true,"href":"https:\/\/lasprimeras.com.do\/index.php\/wp-json\/wp\/v2\/media\/57667"}],"wp:attachment":[{"href":"https:\/\/lasprimeras.com.do\/index.php\/wp-json\/wp\/v2\/media?parent=57666"}],"wp:term":[{"taxonomy":"category","embeddable":true,"href":"https:\/\/lasprimeras.com.do\/index.php\/wp-json\/wp\/v2\/categories?post=57666"},{"taxonomy":"post_tag","embeddable":true,"href":"https:\/\/lasprimeras.com.do\/index.php\/wp-json\/wp\/v2\/tags?post=57666"}],"curies":[{"name":"wp","href":"https:\/\/api.w.org\/{rel}","templated":true}]}}