{"id":57727,"date":"2023-08-15T11:18:07","date_gmt":"2023-08-15T15:18:07","guid":{"rendered":"https:\/\/lasprimeras.com.do\/?p=57727"},"modified":"2023-08-15T11:18:09","modified_gmt":"2023-08-15T15:18:09","slug":"nos-toca-salvar-vidas-y-lo-vamos-a-hacer-sin-ningun-limite-de-recursos-dice-abinader-tras-tragedia-en-san-cristobal","status":"publish","type":"post","link":"https:\/\/lasprimeras.com.do\/index.php\/2023\/08\/15\/nos-toca-salvar-vidas-y-lo-vamos-a-hacer-sin-ningun-limite-de-recursos-dice-abinader-tras-tragedia-en-san-cristobal\/","title":{"rendered":"&#8220;Nos toca salvar vidas y lo vamos a hacer sin ning\u00fan l\u00edmite de recursos&#8221;, dice Abinader tras tragedia en San Crist\u00f3bal"},"content":{"rendered":"\n<p>El presidente Luis Abinader visit\u00f3 San Crist\u00f3bal tras la explosi\u00f3n ocurrida este lunes, en la que la que extern\u00f3 sus condolencias a la familia de los fallecidos.<\/p>\n\n\n\n<p>El mandatario manifest\u00f3 que se van hacer una investigaci\u00f3n para determinar el origen y las causas de esta terrible tragedia que hasta el momento ha dejado 10 personas fallecidas, 37 heridos y 11 desaparecidos.<\/p>\n\n\n\n<p>\u00abSe va hacer una investigaci\u00f3n para determinar el origen y las causas, mientras tanto nos toma salvar vidas de lo que ha estado afectados y accidentados y lo vamos hacer sin ning\u00fan limite de recursos para que cada vida humana que podamos salvar con la ayuda de Dios lo podamos hacer\u00bb, manifest\u00f3.<\/p>\n\n\n\n<p>Dijo que est\u00e1n haciendo todo lo humanamente imposible para investigar la desaparici\u00f3n de esas personas que aun no aparecen.<\/p>\n\n\n\n<p>Agreg\u00f3 que va a ver un reporte cada ciertas horas del Servicio Nacional de Salud informando sobre la situaci\u00f3n de cada uno de ellos.<\/p>\n\n\n\n<p>\u00abDesde ayer a las 3 y media de la tarde que fue informado de este evento, un dia 14 de agosto que va hacer un dia que va estar reflejado como de luto para todos los sancristobalenses y al pa\u00eds\u00bb.<\/p>\n\n\n\n<p>As\u00ed mismo dijo que todas las instituciones del gobierno se ha movilizado y seguir\u00e1n moviliz\u00e1ndose hasta retornar a la normalidad de ese municipio y hasta atender al \u00faltimo afectado de este terrible incidente.<\/p>\n\n\n\n<p>\u00abTodav\u00eda se est\u00e1 en investigaci\u00f3n del hecho, he incorporado la ma\u00f1ana de hoy el J2 del Ministerio de Defensa conjuntamente con el excelente trabajo que est\u00e1n investigando los equipos de Bomberos tanto de San crist\u00f3bal como ciudades cercanas como Santo Domingo\u00bb.<\/p>\n\n\n\n<p>Seg\u00fan datos preliminares, se origin\u00f3 en DT Ferreter\u00eda, ubicada entre las calles Dr. Brioso y Padre Ayala, en Villa Valdez, en la zona c\u00e9ntrica del municipio.<\/p>\n\n\n\n<p>Fuente Noticias SIN<\/p>\n","protected":false},"excerpt":{"rendered":"<p>El presidente Luis Abinader visit\u00f3 San Crist\u00f3bal tras la explosi\u00f3n ocurrida este lunes, en la que la que extern\u00f3 sus condolencias a la familia de los fallecidos. El mandatario manifest\u00f3&hellip;<\/p>\n","protected":false},"author":2,"featured_media":53817,"comment_status":"open","ping_status":"open","sticky":false,"template":"","format":"standard","meta":{"content-type":"","jetpack_post_was_ever_published":false,"_jetpack_newsletter_access":"","_jetpack_dont_email_post_to_subs":false,"_jetpack_newsletter_tier_id":0,"_jetpack_memberships_contains_paywalled_content":false,"_jetpack_memberships_contains_paid_content":false,"footnotes":""},"categories":[35,25],"tags":[67,651,416],"class_list":["post-57727","post","type-post","status-publish","format-standard","has-post-thumbnail","hentry","category-nacionales","category-portada","tag-luis-abinader","tag-san-cristobal","tag-tragedia"],"jetpack_featured_media_url":"https:\/\/lasprimeras.com.do\/wp-content\/uploads\/2023\/07\/Luis-Abinader-PP-1.jpg","jetpack-related-posts":[{"id":57769,"url":"https:\/\/lasprimeras.com.do\/index.php\/2023\/08\/15\/coe-vaticina-un-mayor-numero-de-muertos-en-sc-hay-3-dias-de-duelo\/","url_meta":{"origin":57727,"position":0},"title":"COE vaticina un mayor n\u00famero de muertos en SC; hay 3 d\u00edas de duelo","author":"Nelson Feliz","date":"15 de agosto de 2023","format":false,"excerpt":"Autoridades dominicanas de socorro informaron este martes que se elev\u00f3 a 11 el n\u00famero de personas fallecidas en la explosi\u00f3n y posterior incendio producidos ayer en el centro de la ciudad de San Crist\u00f3bal (sur), a unos 30 kil\u00f3metros al oeste de Santo Domingo. El director del Centro de Operaciones\u2026","rel":"","context":"En \u00abNACIONALES\u00bb","block_context":{"text":"NACIONALES","link":"https:\/\/lasprimeras.com.do\/index.php\/category\/nacionales\/"},"img":{"alt_text":"Juan Manuel Mendez","src":"https:\/\/i0.wp.com\/lasprimeras.com.do\/wp-content\/uploads\/2023\/08\/Juan-Manuel-Mendez.png?resize=350%2C200&ssl=1","width":350,"height":200,"srcset":"https:\/\/i0.wp.com\/lasprimeras.com.do\/wp-content\/uploads\/2023\/08\/Juan-Manuel-Mendez.png?resize=350%2C200&ssl=1 1x, https:\/\/i0.wp.com\/lasprimeras.com.do\/wp-content\/uploads\/2023\/08\/Juan-Manuel-Mendez.png?resize=525%2C300&ssl=1 1.5x"},"classes":[]},{"id":57731,"url":"https:\/\/lasprimeras.com.do\/index.php\/2023\/08\/15\/presidente-dice-hacen-todo-lo-humanamente-posible-para-investigar-desaparicion-de-11-personas\/","url_meta":{"origin":57727,"position":1},"title":"Presidente dice hacen todo lo humanamente posible para investigar desaparici\u00f3n de 11 personas","author":"Nelson Feliz","date":"15 de agosto de 2023","format":false,"excerpt":"El presidente de la Rep\u00fablica Luis Abinader inform\u00f3 que se est\u00e1 haciendo todo lo humanamente posible para investigar la desaparici\u00f3n de 11 personas tras la explosi\u00f3n ocurrida este lunes en San Crist\u00f3bal. El mandatario sostuvo que se van hacer una investigaci\u00f3n para determinar el origen y las causas de esta\u2026","rel":"","context":"En \u00abNACIONALES\u00bb","block_context":{"text":"NACIONALES","link":"https:\/\/lasprimeras.com.do\/index.php\/category\/nacionales\/"},"img":{"alt_text":"Ministerio Administrativo de la Presidencia","src":"https:\/\/i0.wp.com\/lasprimeras.com.do\/wp-content\/uploads\/2023\/06\/Presidencia-1.jpg?resize=350%2C200&ssl=1","width":350,"height":200,"srcset":"https:\/\/i0.wp.com\/lasprimeras.com.do\/wp-content\/uploads\/2023\/06\/Presidencia-1.jpg?resize=350%2C200&ssl=1 1x, https:\/\/i0.wp.com\/lasprimeras.com.do\/wp-content\/uploads\/2023\/06\/Presidencia-1.jpg?resize=525%2C300&ssl=1 1.5x, https:\/\/i0.wp.com\/lasprimeras.com.do\/wp-content\/uploads\/2023\/06\/Presidencia-1.jpg?resize=700%2C400&ssl=1 2x"},"classes":[]},{"id":96807,"url":"https:\/\/lasprimeras.com.do\/index.php\/2025\/04\/08\/instituciones-de-emergencia-estan-a-disposicion-para-salvar-vidas-en-tragedia-de-jet-set-dice-abinader\/","url_meta":{"origin":57727,"position":2},"title":"Instituciones de emergencia est\u00e1n a disposici\u00f3n para salvar vidas en tragedia de Jet Set, dice Abinader","author":"Nelson Feliz","date":"8 de abril de 2025","format":false,"excerpt":"El presidente Luis Abinader acudi\u00f3 en compa\u00f1\u00eda de la primera dama, Raquel Arbaje a las instalaciones de Jet Set, donde ocurri\u00f3 la tragedia en la madrugada de este martes tras el colapso del techo del centro de diversi\u00f3n, donde expres\u00f3 que todos los recursos e instituciones de emergencia del gobierno\u2026","rel":"","context":"En \u00abNACIONALES\u00bb","block_context":{"text":"NACIONALES","link":"https:\/\/lasprimeras.com.do\/index.php\/category\/nacionales\/"},"img":{"alt_text":"","src":"https:\/\/i0.wp.com\/lasprimeras.com.do\/wp-content\/uploads\/2025\/04\/Luis-Abinader-t.jpg?resize=350%2C200&ssl=1","width":350,"height":200,"srcset":"https:\/\/i0.wp.com\/lasprimeras.com.do\/wp-content\/uploads\/2025\/04\/Luis-Abinader-t.jpg?resize=350%2C200&ssl=1 1x, https:\/\/i0.wp.com\/lasprimeras.com.do\/wp-content\/uploads\/2025\/04\/Luis-Abinader-t.jpg?resize=525%2C300&ssl=1 1.5x, https:\/\/i0.wp.com\/lasprimeras.com.do\/wp-content\/uploads\/2025\/04\/Luis-Abinader-t.jpg?resize=700%2C400&ssl=1 2x"},"classes":[]},{"id":57865,"url":"https:\/\/lasprimeras.com.do\/index.php\/2023\/08\/16\/aumento-a-27-la-cifra-de-victimas-por-la-explosion-en-san-cristobal\/","url_meta":{"origin":57727,"position":3},"title":"Aument\u00f3 a 27 la cifra de v\u00edctimas por la explosi\u00f3n en San Crist\u00f3bal","author":"Nelson Feliz","date":"16 de agosto de 2023","format":false,"excerpt":"El n\u00famero de fallecidos como consecuencia de la explosi\u00f3n y posterior incendio registrados el lunes en el centro de San Crist\u00f3bal (sur) subi\u00f3 a 27 y ya no hay personas desaparecidas, seg\u00fan datos facilitados este mi\u00e9rcoles por el Centro de Operaciones de Emergencia (COE). Los equipos de rescate hallaron los\u2026","rel":"","context":"En \u00abNACIONALES\u00bb","block_context":{"text":"NACIONALES","link":"https:\/\/lasprimeras.com.do\/index.php\/category\/nacionales\/"},"img":{"alt_text":"Juan Manuel Mendez","src":"https:\/\/i0.wp.com\/lasprimeras.com.do\/wp-content\/uploads\/2023\/08\/Juan-Manuel-Mendez.png?resize=350%2C200&ssl=1","width":350,"height":200,"srcset":"https:\/\/i0.wp.com\/lasprimeras.com.do\/wp-content\/uploads\/2023\/08\/Juan-Manuel-Mendez.png?resize=350%2C200&ssl=1 1x, https:\/\/i0.wp.com\/lasprimeras.com.do\/wp-content\/uploads\/2023\/08\/Juan-Manuel-Mendez.png?resize=525%2C300&ssl=1 1.5x"},"classes":[]},{"id":97569,"url":"https:\/\/lasprimeras.com.do\/index.php\/2025\/04\/23\/antonio-espaillat-tras-tragedia-en-el-jet-set-yo-estoy-aqui-y-yo-voy-a-dar-el-frente-a-todo\/","url_meta":{"origin":57727,"position":4},"title":"Antonio Espaillat tras tragedia en el Jet Set: \u201cYo estoy aqu\u00ed y yo voy a dar el frente a todo\u201d","author":"Nelson Feliz","date":"23 de abril de 2025","format":false,"excerpt":"Aclar\u00f3 que la noche de la tragedia contaba con unos 25 empleados, de los cuales algunos solo prestaban servicio como camareros por ese d\u00eda, tras tener d\u00eda libre de otro trabajo. El empresario Antonio Espaillat, gerente del Jet Set, asegur\u00f3 que dar\u00e1 el frente y \u201cno ir\u00e1 a ning\u00fan lado\u201d,\u2026","rel":"","context":"En \u00abNACIONALES\u00bb","block_context":{"text":"NACIONALES","link":"https:\/\/lasprimeras.com.do\/index.php\/category\/nacionales\/"},"img":{"alt_text":"","src":"https:\/\/i0.wp.com\/lasprimeras.com.do\/wp-content\/uploads\/2025\/04\/antonio-espaillat-1.jpeg?resize=350%2C200&ssl=1","width":350,"height":200,"srcset":"https:\/\/i0.wp.com\/lasprimeras.com.do\/wp-content\/uploads\/2025\/04\/antonio-espaillat-1.jpeg?resize=350%2C200&ssl=1 1x, https:\/\/i0.wp.com\/lasprimeras.com.do\/wp-content\/uploads\/2025\/04\/antonio-espaillat-1.jpeg?resize=525%2C300&ssl=1 1.5x, https:\/\/i0.wp.com\/lasprimeras.com.do\/wp-content\/uploads\/2025\/04\/antonio-espaillat-1.jpeg?resize=700%2C400&ssl=1 2x"},"classes":[]},{"id":57850,"url":"https:\/\/lasprimeras.com.do\/index.php\/2023\/08\/16\/presidente-abinader-dispone-ayuda-total-a-afectados-en-explosion-en-san-cristobal\/","url_meta":{"origin":57727,"position":5},"title":"Presidente Abinader dispone ayuda total a afectados en explosi\u00f3n en San Crist\u00f3bal","author":"Nelson Feliz","date":"16 de agosto de 2023","format":false,"excerpt":"Mandatario se re\u00fane con autoridades locales de San Crist\u00f3bal y funcionarios del \u00e1rea gobierno central. El presidente Luis Abinader junto a la vicepresidenta Raquel Pe\u00f1a, inform\u00f3 que el Gobierno dispondr\u00e1 de la ayuda total a los afectados de la explosi\u00f3n del pasado lunes en la provincia San Crist\u00f3bal. El mandatario\u2026","rel":"","context":"En \u00abNACIONALES\u00bb","block_context":{"text":"NACIONALES","link":"https:\/\/lasprimeras.com.do\/index.php\/category\/nacionales\/"},"img":{"alt_text":"Luis Abinader","src":"https:\/\/i0.wp.com\/lasprimeras.com.do\/wp-content\/uploads\/2023\/08\/GOBIERNO-1.jpg?resize=350%2C200&ssl=1","width":350,"height":200,"srcset":"https:\/\/i0.wp.com\/lasprimeras.com.do\/wp-content\/uploads\/2023\/08\/GOBIERNO-1.jpg?resize=350%2C200&ssl=1 1x, https:\/\/i0.wp.com\/lasprimeras.com.do\/wp-content\/uploads\/2023\/08\/GOBIERNO-1.jpg?resize=525%2C300&ssl=1 1.5x, https:\/\/i0.wp.com\/lasprimeras.com.do\/wp-content\/uploads\/2023\/08\/GOBIERNO-1.jpg?resize=700%2C400&ssl=1 2x"},"classes":[]}],"jetpack_sharing_enabled":true,"_links":{"self":[{"href":"https:\/\/lasprimeras.com.do\/index.php\/wp-json\/wp\/v2\/posts\/57727","targetHints":{"allow":["GET"]}}],"collection":[{"href":"https:\/\/lasprimeras.com.do\/index.php\/wp-json\/wp\/v2\/posts"}],"about":[{"href":"https:\/\/lasprimeras.com.do\/index.php\/wp-json\/wp\/v2\/types\/post"}],"author":[{"embeddable":true,"href":"https:\/\/lasprimeras.com.do\/index.php\/wp-json\/wp\/v2\/users\/2"}],"replies":[{"embeddable":true,"href":"https:\/\/lasprimeras.com.do\/index.php\/wp-json\/wp\/v2\/comments?post=57727"}],"version-history":[{"count":1,"href":"https:\/\/lasprimeras.com.do\/index.php\/wp-json\/wp\/v2\/posts\/57727\/revisions"}],"predecessor-version":[{"id":57728,"href":"https:\/\/lasprimeras.com.do\/index.php\/wp-json\/wp\/v2\/posts\/57727\/revisions\/57728"}],"wp:featuredmedia":[{"embeddable":true,"href":"https:\/\/lasprimeras.com.do\/index.php\/wp-json\/wp\/v2\/media\/53817"}],"wp:attachment":[{"href":"https:\/\/lasprimeras.com.do\/index.php\/wp-json\/wp\/v2\/media?parent=57727"}],"wp:term":[{"taxonomy":"category","embeddable":true,"href":"https:\/\/lasprimeras.com.do\/index.php\/wp-json\/wp\/v2\/categories?post=57727"},{"taxonomy":"post_tag","embeddable":true,"href":"https:\/\/lasprimeras.com.do\/index.php\/wp-json\/wp\/v2\/tags?post=57727"}],"curies":[{"name":"wp","href":"https:\/\/api.w.org\/{rel}","templated":true}]}}