{"id":57729,"date":"2023-08-15T11:33:56","date_gmt":"2023-08-15T15:33:56","guid":{"rendered":"https:\/\/lasprimeras.com.do\/?p=57729"},"modified":"2023-08-15T12:09:40","modified_gmt":"2023-08-15T16:09:40","slug":"osiris-de-leon-dice-esa-explosion-la-produjo-un-escape-de-gas","status":"publish","type":"post","link":"https:\/\/lasprimeras.com.do\/index.php\/2023\/08\/15\/osiris-de-leon-dice-esa-explosion-la-produjo-un-escape-de-gas\/","title":{"rendered":"Osiris de Le\u00f3n dice esa explosi\u00f3n la produjo un escape de gas"},"content":{"rendered":"\n<p>El ge\u00f3logo y ambientalista Osiris de Le\u00f3n, \u00a0sostuvo que este lunes el centro de la provincia de San Crist\u00f3bal, fue estremecido por una gran explosi\u00f3n que se produjo por el escape en un tanque de gas (GLP).<\/p>\n\n\n\n<p>De Le\u00f3n, sostuvo que el nivel de destrucci\u00f3n estructural que se evidencia y la intensidad del incendio que se produjo, que todav\u00eda 12 horas despu\u00e9s se mantiene activo.<\/p>\n\n\n\n<p>Se\u00f1ala que la Cruz Rojas Dominicana ha reportado oficialmente 12 fallecidos y 65 personas heridas, adem\u00e1s, se evidencia da\u00f1os en una manzana completa.<\/p>\n\n\n\n<p>El experto en estudio medioambiental y siniestro, &nbsp;se evidencia que hay una situaci\u00f3n que es necesario revisar y corregir, porque muchas personas entienden que all\u00ed, se realizaban actividades industriales no autorizadas por la alcald\u00eda y las autoridades que tienen que ver con el manejo de sustancia peligrosa.<\/p>\n\n\n\n<p>Afirm\u00f3 que supuestamente en esa zona se trabaja con gases, combustibles, acumulados en altos vol\u00famenes; eso no recuerda \u201ccasos similares\u201d que han ocurrido en Santo Domingo, &nbsp;arrojando un balance negativo; en p\u00e9rdidas de vida, heridos y termino de destrucci\u00f3n material.<\/p>\n","protected":false},"excerpt":{"rendered":"<p>El ge\u00f3logo y ambientalista Osiris de Le\u00f3n, \u00a0sostuvo que este lunes el centro de la provincia de San Crist\u00f3bal, fue estremecido por una gran explosi\u00f3n que se produjo por el&hellip;<\/p>\n","protected":false},"author":2,"featured_media":53813,"comment_status":"open","ping_status":"open","sticky":false,"template":"","format":"standard","meta":{"content-type":"","jetpack_post_was_ever_published":false,"_jetpack_newsletter_access":"","_jetpack_dont_email_post_to_subs":false,"_jetpack_newsletter_tier_id":0,"_jetpack_memberships_contains_paywalled_content":false,"_jetpack_memberships_contains_paid_content":false,"footnotes":""},"categories":[35,25],"tags":[6271,1109,1416],"class_list":["post-57729","post","type-post","status-publish","format-standard","has-post-thumbnail","hentry","category-nacionales","category-portada","tag-escape-de-gas","tag-explosion","tag-osiris-de-leon"],"jetpack_featured_media_url":"https:\/\/lasprimeras.com.do\/wp-content\/uploads\/2023\/07\/Osiris-de-Leon.jpg","jetpack-related-posts":[{"id":113583,"url":"https:\/\/lasprimeras.com.do\/index.php\/2025\/11\/04\/fallece-a-los-91-anos-la-madre-de-osiris-de-leon-el-la-despide-con-ternura\/","url_meta":{"origin":57729,"position":0},"title":"Fallece a los 91 a\u00f1os, la madre de Osiris de Le\u00f3n; \u00e9l la despide con ternura","author":"Nelson Feliz","date":"4 de noviembre de 2025","format":false,"excerpt":"Ge\u00f3logo le dedica un mensaje lleno de ciencia, fe y poes\u00eda. Falleci\u00f3 este lunes, a la edad de 91 a\u00f1os, la madre del ge\u00f3logo dominicano Osiris de Le\u00f3n, Roilda Ismaela de Le\u00f3n, a quien \u00e9l despidi\u00f3 con un emotivo mensaje en su red social X. En su escrito, el cient\u00edfico\u2026","rel":"","context":"En \u00abNACIONALES\u00bb","block_context":{"text":"NACIONALES","link":"https:\/\/lasprimeras.com.do\/index.php\/category\/nacionales\/"},"img":{"alt_text":"","src":"https:\/\/i0.wp.com\/lasprimeras.com.do\/wp-content\/uploads\/2025\/09\/OSIRIS-DE-LEON.jpg?resize=350%2C200&ssl=1","width":350,"height":200,"srcset":"https:\/\/i0.wp.com\/lasprimeras.com.do\/wp-content\/uploads\/2025\/09\/OSIRIS-DE-LEON.jpg?resize=350%2C200&ssl=1 1x, https:\/\/i0.wp.com\/lasprimeras.com.do\/wp-content\/uploads\/2025\/09\/OSIRIS-DE-LEON.jpg?resize=525%2C300&ssl=1 1.5x, https:\/\/i0.wp.com\/lasprimeras.com.do\/wp-content\/uploads\/2025\/09\/OSIRIS-DE-LEON.jpg?resize=700%2C400&ssl=1 2x"},"classes":[]},{"id":52005,"url":"https:\/\/lasprimeras.com.do\/index.php\/2023\/06\/06\/geologo-osiris-de-leon-aclara-video-de-petroleo-no-es-en-rd\/","url_meta":{"origin":57729,"position":1},"title":"Ge\u00f3logo Osiris de Le\u00f3n aclara video de petr\u00f3leo no es en RD","author":"prenxa100","date":"6 de junio de 2023","format":false,"excerpt":"SANTO DOMINGO.- El ge\u00f3logo Osiris de Le\u00f3n, aclar\u00f3 que el video que se ha hecho viral desde hace una semana, en el cual se puede visualizar un lago negro produciendo burbujas, es petr\u00f3leo, sin embargo este no corresponde a ning\u00fan lugar de la Rep\u00fablica Dominicana. \u201cDesde hace una semana nos\u2026","rel":"","context":"En \u00abNACIONALES\u00bb","block_context":{"text":"NACIONALES","link":"https:\/\/lasprimeras.com.do\/index.php\/category\/nacionales\/"},"img":{"alt_text":"","src":"","width":0,"height":0},"classes":[]},{"id":121072,"url":"https:\/\/lasprimeras.com.do\/index.php\/2026\/01\/31\/osiris-de-leon-cataloga-como-una-gran-perdida-para-la-sociedad-el-fallecimiento-de-ramon-alburquerque\/","url_meta":{"origin":57729,"position":2},"title":"Osiris de Le\u00f3n cataloga como &#8220;una gran p\u00e9rdida para la sociedad&#8221; el fallecimiento de Ram\u00f3n Alburquerque","author":"Nelson Feliz","date":"31 de enero de 2026","format":false,"excerpt":"El ge\u00f3logo y ambientalista Osiris de Le\u00f3n cat\u00e1logo este s\u00e1bado que el fallecimiento del l\u00edder pol\u00edtico Ram\u00f3n Alburquerque como una gran p\u00e9rdida a la ciencia, la tecnolog\u00eda, la pol\u00edtica y para la sociedad dominicana. Al ser abordado por la prensa a las afueras de la Funeraria Jard\u00edn Memorial, Osiris record\u00f3\u2026","rel":"","context":"En \u00abPORTADA\u00bb","block_context":{"text":"PORTADA","link":"https:\/\/lasprimeras.com.do\/index.php\/category\/portada\/"},"img":{"alt_text":"Osiris de Le\u00f3n","src":"https:\/\/i0.wp.com\/lasprimeras.com.do\/wp-content\/uploads\/2026\/01\/Osiris-de-Leon.jpg?resize=350%2C200&ssl=1","width":350,"height":200,"srcset":"https:\/\/i0.wp.com\/lasprimeras.com.do\/wp-content\/uploads\/2026\/01\/Osiris-de-Leon.jpg?resize=350%2C200&ssl=1 1x, https:\/\/i0.wp.com\/lasprimeras.com.do\/wp-content\/uploads\/2026\/01\/Osiris-de-Leon.jpg?resize=525%2C300&ssl=1 1.5x"},"classes":[]},{"id":112874,"url":"https:\/\/lasprimeras.com.do\/index.php\/2025\/10\/28\/osiris-de-leon-habla-del-peligro-de-un-huracan-categoria-5\/","url_meta":{"origin":57729,"position":3},"title":"Osiris de Le\u00f3n habla del peligro de un hurac\u00e1n categor\u00eda 5","author":"Nelson Feliz","date":"28 de octubre de 2025","format":false,"excerpt":"El ge\u00f3logo llama a intervenir varios puentes del pa\u00eds. El ge\u00f3logo y ambientalista Osiris de Le\u00f3n, declar\u00f3 que donde pasa un hurac\u00e1n categor\u00eda 5 deja tierra arrasadas y llam\u00f3 a las autoridades intervenir varias infraestructura de la Rep\u00fablica Dominicana. De Le\u00f3n, revel\u00f3 que la tormenta Melissa pas\u00f3 por el sur\u2026","rel":"","context":"En \u00abCLIMA\u00bb","block_context":{"text":"CLIMA","link":"https:\/\/lasprimeras.com.do\/index.php\/category\/clima\/"},"img":{"alt_text":"","src":"https:\/\/i0.wp.com\/lasprimeras.com.do\/wp-content\/uploads\/2025\/10\/Osiris-de-Leon.jpg?resize=350%2C200&ssl=1","width":350,"height":200,"srcset":"https:\/\/i0.wp.com\/lasprimeras.com.do\/wp-content\/uploads\/2025\/10\/Osiris-de-Leon.jpg?resize=350%2C200&ssl=1 1x, https:\/\/i0.wp.com\/lasprimeras.com.do\/wp-content\/uploads\/2025\/10\/Osiris-de-Leon.jpg?resize=525%2C300&ssl=1 1.5x"},"classes":[]},{"id":111627,"url":"https:\/\/lasprimeras.com.do\/index.php\/2025\/10\/12\/osiris-de-leon-destaca-importancia-de-los-minerales-estrategicos-en-el-desarrollo-economico-y-la-seguridad-energetica\/","url_meta":{"origin":57729,"position":4},"title":"Osiris de Le\u00f3n destaca importancia de los minerales estrat\u00e9gicos en el desarrollo econ\u00f3mico y la seguridad energ\u00e9tica","author":"Nelson Feliz","date":"12 de octubre de 2025","format":false,"excerpt":"La Sociedad Dominicana de Geolog\u00eda (SODOGEO), con el respaldo de la Pontificia Universidad Cat\u00f3lica Madre y Maestra (PUCMM), concluy\u00f3 con \u00e9xito el seminario \u201cMinerales Estrat\u00e9gicos y Geopol\u00edtica\u201d, un encuentro acad\u00e9mico que reuni\u00f3 a destacados expertos nacionales e internacionales para analizar el papel de los recursos minerales en el desarrollo econ\u00f3mico,\u2026","rel":"","context":"En \u00abNACIONALES\u00bb","block_context":{"text":"NACIONALES","link":"https:\/\/lasprimeras.com.do\/index.php\/category\/nacionales\/"},"img":{"alt_text":"Osiris De Le\u00f3n","src":"https:\/\/i0.wp.com\/lasprimeras.com.do\/wp-content\/uploads\/2024\/08\/Osiris-De-Leon.jpg?resize=350%2C200&ssl=1","width":350,"height":200,"srcset":"https:\/\/i0.wp.com\/lasprimeras.com.do\/wp-content\/uploads\/2024\/08\/Osiris-De-Leon.jpg?resize=350%2C200&ssl=1 1x, https:\/\/i0.wp.com\/lasprimeras.com.do\/wp-content\/uploads\/2024\/08\/Osiris-De-Leon.jpg?resize=525%2C300&ssl=1 1.5x, https:\/\/i0.wp.com\/lasprimeras.com.do\/wp-content\/uploads\/2024\/08\/Osiris-De-Leon.jpg?resize=700%2C400&ssl=1 2x"},"classes":[]},{"id":122750,"url":"https:\/\/lasprimeras.com.do\/index.php\/2026\/02\/21\/la-contaminacion-en-la-presa-de-hatillo-representa-una-grave-amenaza-para-la-saludadvierte-osiris-de-leon\/","url_meta":{"origin":57729,"position":5},"title":"&#8220;La contaminaci\u00f3n en la presa de Hatillo representa una grave amenaza para la salud&#8221;,advierte Osiris de Le\u00f3n","author":"Nelson Feliz","date":"21 de febrero de 2026","format":false,"excerpt":"El ge\u00f3logo y ambientalista Osiris de Le\u00f3n denunci\u00f3 que la presa de Hatillo, en Cotu\u00ed, se encuentra en un estado de degradaci\u00f3n ambiental y envenenada por toxinas peligrosas, por lo que urge que las autoridades tomen medidas. De Le\u00f3n explic\u00f3 que el color verde que desde el mes de diciembre\u2026","rel":"","context":"En \u00abMEDIO AMBIENTE\u00bb","block_context":{"text":"MEDIO AMBIENTE","link":"https:\/\/lasprimeras.com.do\/index.php\/category\/medio-ambiente\/"},"img":{"alt_text":"","src":"https:\/\/i0.wp.com\/lasprimeras.com.do\/wp-content\/uploads\/2026\/02\/Presa-Hatillo.jpg?resize=350%2C200&ssl=1","width":350,"height":200},"classes":[]}],"jetpack_sharing_enabled":true,"_links":{"self":[{"href":"https:\/\/lasprimeras.com.do\/index.php\/wp-json\/wp\/v2\/posts\/57729","targetHints":{"allow":["GET"]}}],"collection":[{"href":"https:\/\/lasprimeras.com.do\/index.php\/wp-json\/wp\/v2\/posts"}],"about":[{"href":"https:\/\/lasprimeras.com.do\/index.php\/wp-json\/wp\/v2\/types\/post"}],"author":[{"embeddable":true,"href":"https:\/\/lasprimeras.com.do\/index.php\/wp-json\/wp\/v2\/users\/2"}],"replies":[{"embeddable":true,"href":"https:\/\/lasprimeras.com.do\/index.php\/wp-json\/wp\/v2\/comments?post=57729"}],"version-history":[{"count":2,"href":"https:\/\/lasprimeras.com.do\/index.php\/wp-json\/wp\/v2\/posts\/57729\/revisions"}],"predecessor-version":[{"id":57733,"href":"https:\/\/lasprimeras.com.do\/index.php\/wp-json\/wp\/v2\/posts\/57729\/revisions\/57733"}],"wp:featuredmedia":[{"embeddable":true,"href":"https:\/\/lasprimeras.com.do\/index.php\/wp-json\/wp\/v2\/media\/53813"}],"wp:attachment":[{"href":"https:\/\/lasprimeras.com.do\/index.php\/wp-json\/wp\/v2\/media?parent=57729"}],"wp:term":[{"taxonomy":"category","embeddable":true,"href":"https:\/\/lasprimeras.com.do\/index.php\/wp-json\/wp\/v2\/categories?post=57729"},{"taxonomy":"post_tag","embeddable":true,"href":"https:\/\/lasprimeras.com.do\/index.php\/wp-json\/wp\/v2\/tags?post=57729"}],"curies":[{"name":"wp","href":"https:\/\/api.w.org\/{rel}","templated":true}]}}