{"id":57731,"date":"2023-08-15T11:41:38","date_gmt":"2023-08-15T15:41:38","guid":{"rendered":"https:\/\/lasprimeras.com.do\/?p=57731"},"modified":"2023-08-15T11:41:40","modified_gmt":"2023-08-15T15:41:40","slug":"presidente-dice-hacen-todo-lo-humanamente-posible-para-investigar-desaparicion-de-11-personas","status":"publish","type":"post","link":"https:\/\/lasprimeras.com.do\/index.php\/2023\/08\/15\/presidente-dice-hacen-todo-lo-humanamente-posible-para-investigar-desaparicion-de-11-personas\/","title":{"rendered":"Presidente dice hacen todo lo humanamente posible para investigar desaparici\u00f3n de 11 personas"},"content":{"rendered":"\n<p>El presidente de la Rep\u00fablica Luis Abinader inform\u00f3 que se est\u00e1 haciendo todo lo humanamente posible para investigar la desaparici\u00f3n de 11 personas tras la explosi\u00f3n ocurrida este lunes en San Crist\u00f3bal.<\/p>\n\n\n\n<p>El mandatario sostuvo que se van hacer una investigaci\u00f3n para determinar el origen y las causas de esta terrible tragedia que hasta el momento ha dejado 10 personas fallecidas y 37 heridos.<\/p>\n\n\n\n<p>\u00abTodav\u00eda se est\u00e1 en investigaci\u00f3n del hecho, he incorporado la ma\u00f1ana de hoy el J2 del Ministerio de Defensa conjuntamente con el excelente trabajo que est\u00e1n investigando los equipos de Bomberos tanto de San crist\u00f3bal como ciudades cercanas como Santo Domingo\u00bb.<\/p>\n\n\n\n<p>Dijo que est\u00e1n haciendo todo lo humanamente posible para investigar la desaparici\u00f3n de esas personas que a\u00fan no aparecen.<\/p>\n\n\n\n<p>Agreg\u00f3 que va a ver un reporte cada ciertas horas del Servicio Nacional de Salud informando sobre la situaci\u00f3n de cada uno de ellos.<\/p>\n\n\n\n<p>\u00abDesde ayer a las 3 y media de la tarde que fue informado de este evento, un dia 14 de agosto que va hacer un dia que va estar reflejado como de luto para todos los sancristobalenses y al pa\u00eds\u00bb.<\/p>\n\n\n\n<p>As\u00ed mismo dijo que todas las instituciones del gobierno se han movilizado y seguir\u00e1n moviliz\u00e1ndose hasta retornar a la normalidad de ese municipio y hasta atender al \u00faltimo afectado de este terrible incidente.<\/p>\n\n\n\n<p>https:\/\/www.youtube.com\/watch?<\/p>\n","protected":false},"excerpt":{"rendered":"<p>El presidente de la Rep\u00fablica Luis Abinader inform\u00f3 que se est\u00e1 haciendo todo lo humanamente posible para investigar la desaparici\u00f3n de 11 personas tras la explosi\u00f3n ocurrida este lunes en&hellip;<\/p>\n","protected":false},"author":2,"featured_media":53506,"comment_status":"open","ping_status":"open","sticky":false,"template":"","format":"standard","meta":{"content-type":"","jetpack_post_was_ever_published":false,"_jetpack_newsletter_access":"","_jetpack_dont_email_post_to_subs":false,"_jetpack_newsletter_tier_id":0,"_jetpack_memberships_contains_paywalled_content":false,"_jetpack_memberships_contains_paid_content":false,"footnotes":""},"categories":[35,25],"tags":[6273,6272,3220,67],"class_list":["post-57731","post","type-post","status-publish","format-standard","has-post-thumbnail","hentry","category-nacionales","category-portada","tag-desaparicion","tag-humanamente","tag-investigar","tag-luis-abinader"],"jetpack_featured_media_url":"https:\/\/lasprimeras.com.do\/wp-content\/uploads\/2023\/06\/Presidencia-1.jpg","jetpack-related-posts":[{"id":57727,"url":"https:\/\/lasprimeras.com.do\/index.php\/2023\/08\/15\/nos-toca-salvar-vidas-y-lo-vamos-a-hacer-sin-ningun-limite-de-recursos-dice-abinader-tras-tragedia-en-san-cristobal\/","url_meta":{"origin":57731,"position":0},"title":"&#8220;Nos toca salvar vidas y lo vamos a hacer sin ning\u00fan l\u00edmite de recursos&#8221;, dice Abinader tras tragedia en San Crist\u00f3bal","author":"Nelson Feliz","date":"15 de agosto de 2023","format":false,"excerpt":"El presidente Luis Abinader visit\u00f3 San Crist\u00f3bal tras la explosi\u00f3n ocurrida este lunes, en la que la que extern\u00f3 sus condolencias a la familia de los fallecidos. El mandatario manifest\u00f3 que se van hacer una investigaci\u00f3n para determinar el origen y las causas de esta terrible tragedia que hasta el\u2026","rel":"","context":"En \u00abNACIONALES\u00bb","block_context":{"text":"NACIONALES","link":"https:\/\/lasprimeras.com.do\/index.php\/category\/nacionales\/"},"img":{"alt_text":"Luis Abinader","src":"https:\/\/i0.wp.com\/lasprimeras.com.do\/wp-content\/uploads\/2023\/07\/Luis-Abinader-PP-1.jpg?resize=350%2C200&ssl=1","width":350,"height":200,"srcset":"https:\/\/i0.wp.com\/lasprimeras.com.do\/wp-content\/uploads\/2023\/07\/Luis-Abinader-PP-1.jpg?resize=350%2C200&ssl=1 1x, https:\/\/i0.wp.com\/lasprimeras.com.do\/wp-content\/uploads\/2023\/07\/Luis-Abinader-PP-1.jpg?resize=525%2C300&ssl=1 1.5x"},"classes":[]},{"id":57769,"url":"https:\/\/lasprimeras.com.do\/index.php\/2023\/08\/15\/coe-vaticina-un-mayor-numero-de-muertos-en-sc-hay-3-dias-de-duelo\/","url_meta":{"origin":57731,"position":1},"title":"COE vaticina un mayor n\u00famero de muertos en SC; hay 3 d\u00edas de duelo","author":"Nelson Feliz","date":"15 de agosto de 2023","format":false,"excerpt":"Autoridades dominicanas de socorro informaron este martes que se elev\u00f3 a 11 el n\u00famero de personas fallecidas en la explosi\u00f3n y posterior incendio producidos ayer en el centro de la ciudad de San Crist\u00f3bal (sur), a unos 30 kil\u00f3metros al oeste de Santo Domingo. El director del Centro de Operaciones\u2026","rel":"","context":"En \u00abNACIONALES\u00bb","block_context":{"text":"NACIONALES","link":"https:\/\/lasprimeras.com.do\/index.php\/category\/nacionales\/"},"img":{"alt_text":"Juan Manuel Mendez","src":"https:\/\/i0.wp.com\/lasprimeras.com.do\/wp-content\/uploads\/2023\/08\/Juan-Manuel-Mendez.png?resize=350%2C200&ssl=1","width":350,"height":200,"srcset":"https:\/\/i0.wp.com\/lasprimeras.com.do\/wp-content\/uploads\/2023\/08\/Juan-Manuel-Mendez.png?resize=350%2C200&ssl=1 1x, https:\/\/i0.wp.com\/lasprimeras.com.do\/wp-content\/uploads\/2023\/08\/Juan-Manuel-Mendez.png?resize=525%2C300&ssl=1 1.5x"},"classes":[]},{"id":95361,"url":"https:\/\/lasprimeras.com.do\/index.php\/2025\/03\/12\/mp-investigaciones-por-caso-sudiksha-konanki-se-extienden-mas-alla-de-un-posible-hecho-accidental\/","url_meta":{"origin":57731,"position":2},"title":"MP: investigaciones por caso Sudiksha Konanki se extienden \u201cm\u00e1s all\u00e1 de un posible hecho accidental\u201d","author":"Nelson Feliz","date":"12 de marzo de 2025","format":false,"excerpt":"La ausencia de la joven estadounidense de 20 a\u00f1os de edad, alojada en el hotel Riu Rep\u00fablica en la zona este del pa\u00eds, fue reportada a las autoridades el pasado viernes. El Ministerio P\u00fablico inform\u00f3 que se realizan m\u00faltiples diligencias de investigaci\u00f3n, con relaci\u00f3n a la desaparici\u00f3n de la joven\u2026","rel":"","context":"En \u00abJUSTICIA\u00bb","block_context":{"text":"JUSTICIA","link":"https:\/\/lasprimeras.com.do\/index.php\/category\/justicia\/"},"img":{"alt_text":"Konanki Sudiksha Chowdary","src":"https:\/\/i0.wp.com\/lasprimeras.com.do\/wp-content\/uploads\/2025\/03\/Konanki-Sudiksha-Chowdary.jpg?resize=350%2C200&ssl=1","width":350,"height":200,"srcset":"https:\/\/i0.wp.com\/lasprimeras.com.do\/wp-content\/uploads\/2025\/03\/Konanki-Sudiksha-Chowdary.jpg?resize=350%2C200&ssl=1 1x, https:\/\/i0.wp.com\/lasprimeras.com.do\/wp-content\/uploads\/2025\/03\/Konanki-Sudiksha-Chowdary.jpg?resize=525%2C300&ssl=1 1.5x, https:\/\/i0.wp.com\/lasprimeras.com.do\/wp-content\/uploads\/2025\/03\/Konanki-Sudiksha-Chowdary.jpg?resize=700%2C400&ssl=1 2x"},"classes":[]},{"id":95062,"url":"https:\/\/lasprimeras.com.do\/index.php\/2025\/03\/09\/pn-y-mp-amplian-busqueda-de-joven-de-la-india-desaparecida-en-playa-de-hotel-en-punta-cana\/","url_meta":{"origin":57731,"position":3},"title":"PN y MP ampl\u00edan b\u00fasqueda de joven de la India desaparecida en playa de hotel en Punta Cana","author":"Nelson Feliz","date":"9 de marzo de 2025","format":false,"excerpt":"La Polic\u00eda Nacional informa que en coordinaci\u00f3n con el Ministerio P\u00fablico, despliega amplias acciones investigativas y de b\u00fasqueda, tras la denuncia de desaparici\u00f3n de una joven de 20 a\u00f1os, originaria de la India y residente en Estados Unidos, la cual fue vista por \u00faltima vez la madrugada del pasado d\u00eda\u2026","rel":"","context":"En \u00abMILITARES\u00bb","block_context":{"text":"MILITARES","link":"https:\/\/lasprimeras.com.do\/index.php\/category\/militares\/"},"img":{"alt_text":"Konanki Sudiksha Chowdary","src":"https:\/\/i0.wp.com\/lasprimeras.com.do\/wp-content\/uploads\/2025\/03\/Konanki-Sudiksha-Chowdary.jpg?resize=350%2C200&ssl=1","width":350,"height":200,"srcset":"https:\/\/i0.wp.com\/lasprimeras.com.do\/wp-content\/uploads\/2025\/03\/Konanki-Sudiksha-Chowdary.jpg?resize=350%2C200&ssl=1 1x, https:\/\/i0.wp.com\/lasprimeras.com.do\/wp-content\/uploads\/2025\/03\/Konanki-Sudiksha-Chowdary.jpg?resize=525%2C300&ssl=1 1.5x, https:\/\/i0.wp.com\/lasprimeras.com.do\/wp-content\/uploads\/2025\/03\/Konanki-Sudiksha-Chowdary.jpg?resize=700%2C400&ssl=1 2x"},"classes":[]},{"id":57880,"url":"https:\/\/lasprimeras.com.do\/index.php\/2023\/08\/17\/inacif-retira-otro-cadaver-de-la-zona-de-la-explosion-en-san-cristobal\/","url_meta":{"origin":57731,"position":4},"title":"Inacif retira otro cad\u00e1ver de la zona de la explosi\u00f3n en San Crist\u00f3bal","author":"Nelson Feliz","date":"17 de agosto de 2023","format":false,"excerpt":"Los socorristas que laboran en la zona de la explosi\u00f3n en San Crist\u00f3bal sacaron la noche de este mi\u00e9rcoles un cad\u00e1ver m\u00e1s de uno de los negocios calcinados en la explosi\u00f3n que se registr\u00f3 la tarde del lunes. El cuerpo fue retirado de una ambulancia y llevado al Instituto Nacional\u2026","rel":"","context":"En \u00abNACIONALES\u00bb","block_context":{"text":"NACIONALES","link":"https:\/\/lasprimeras.com.do\/index.php\/category\/nacionales\/"},"img":{"alt_text":"cadaveres","src":"https:\/\/i0.wp.com\/lasprimeras.com.do\/wp-content\/uploads\/2023\/08\/cadaveres.jpg?resize=350%2C200&ssl=1","width":350,"height":200,"srcset":"https:\/\/i0.wp.com\/lasprimeras.com.do\/wp-content\/uploads\/2023\/08\/cadaveres.jpg?resize=350%2C200&ssl=1 1x, https:\/\/i0.wp.com\/lasprimeras.com.do\/wp-content\/uploads\/2023\/08\/cadaveres.jpg?resize=525%2C300&ssl=1 1.5x, https:\/\/i0.wp.com\/lasprimeras.com.do\/wp-content\/uploads\/2023\/08\/cadaveres.jpg?resize=700%2C400&ssl=1 2x"},"classes":[]},{"id":95365,"url":"https:\/\/lasprimeras.com.do\/index.php\/2025\/03\/12\/interpol-emite-notificacion-amarilla-por-desaparicion-de-sudiksha-konanki\/","url_meta":{"origin":57731,"position":5},"title":"Interpol emite notificaci\u00f3n amarilla por desaparici\u00f3n de Sudiksha Konanki","author":"Nelson Feliz","date":"12 de marzo de 2025","format":false,"excerpt":"La Organizaci\u00f3n Internacional de Polic\u00eda Criminal (Interpol) emiti\u00f3 este mi\u00e9rcoles una notificaci\u00f3n amarilla por la desaparici\u00f3n de Sudiksha Konanki, la joven india de 20 a\u00f1os desaparecida en Punta Cana, provincia La Altagracia, Rep\u00fablica Dominicana. Este tipo de notificaciones son publicadas \"para ayudar a localizar a personas desaparecidas, a menudo menores\u2026","rel":"","context":"En \u00abNACIONALES\u00bb","block_context":{"text":"NACIONALES","link":"https:\/\/lasprimeras.com.do\/index.php\/category\/nacionales\/"},"img":{"alt_text":"","src":"https:\/\/i0.wp.com\/lasprimeras.com.do\/wp-content\/uploads\/2025\/03\/Interpol.jpeg?resize=350%2C200&ssl=1","width":350,"height":200,"srcset":"https:\/\/i0.wp.com\/lasprimeras.com.do\/wp-content\/uploads\/2025\/03\/Interpol.jpeg?resize=350%2C200&ssl=1 1x, https:\/\/i0.wp.com\/lasprimeras.com.do\/wp-content\/uploads\/2025\/03\/Interpol.jpeg?resize=525%2C300&ssl=1 1.5x, https:\/\/i0.wp.com\/lasprimeras.com.do\/wp-content\/uploads\/2025\/03\/Interpol.jpeg?resize=700%2C400&ssl=1 2x"},"classes":[]}],"jetpack_sharing_enabled":true,"_links":{"self":[{"href":"https:\/\/lasprimeras.com.do\/index.php\/wp-json\/wp\/v2\/posts\/57731","targetHints":{"allow":["GET"]}}],"collection":[{"href":"https:\/\/lasprimeras.com.do\/index.php\/wp-json\/wp\/v2\/posts"}],"about":[{"href":"https:\/\/lasprimeras.com.do\/index.php\/wp-json\/wp\/v2\/types\/post"}],"author":[{"embeddable":true,"href":"https:\/\/lasprimeras.com.do\/index.php\/wp-json\/wp\/v2\/users\/2"}],"replies":[{"embeddable":true,"href":"https:\/\/lasprimeras.com.do\/index.php\/wp-json\/wp\/v2\/comments?post=57731"}],"version-history":[{"count":1,"href":"https:\/\/lasprimeras.com.do\/index.php\/wp-json\/wp\/v2\/posts\/57731\/revisions"}],"predecessor-version":[{"id":57732,"href":"https:\/\/lasprimeras.com.do\/index.php\/wp-json\/wp\/v2\/posts\/57731\/revisions\/57732"}],"wp:featuredmedia":[{"embeddable":true,"href":"https:\/\/lasprimeras.com.do\/index.php\/wp-json\/wp\/v2\/media\/53506"}],"wp:attachment":[{"href":"https:\/\/lasprimeras.com.do\/index.php\/wp-json\/wp\/v2\/media?parent=57731"}],"wp:term":[{"taxonomy":"category","embeddable":true,"href":"https:\/\/lasprimeras.com.do\/index.php\/wp-json\/wp\/v2\/categories?post=57731"},{"taxonomy":"post_tag","embeddable":true,"href":"https:\/\/lasprimeras.com.do\/index.php\/wp-json\/wp\/v2\/tags?post=57731"}],"curies":[{"name":"wp","href":"https:\/\/api.w.org\/{rel}","templated":true}]}}