{"id":57740,"date":"2023-08-15T12:52:37","date_gmt":"2023-08-15T16:52:37","guid":{"rendered":"https:\/\/lasprimeras.com.do\/?p=57740"},"modified":"2023-08-15T12:54:33","modified_gmt":"2023-08-15T16:54:33","slug":"abinader-habria-suspendido-actividades-en-perdernales-por-tragedia-en-sc","status":"publish","type":"post","link":"https:\/\/lasprimeras.com.do\/index.php\/2023\/08\/15\/abinader-habria-suspendido-actividades-en-perdernales-por-tragedia-en-sc\/","title":{"rendered":"Abinader habr\u00eda suspendido actividades en Perdernales por tragedia en SC"},"content":{"rendered":"\n<p>El presidente Luis Abinader habr\u00eda suspendido las actividades programadas para este miercoles 16 de agosto en la provincia Perdernales para atender la tragedia ocurrida la tarde del lunes en la ciudad de San Crist\u00f3bal donde se cuentan unos 11 fallecidos y decenas de heridos.<\/p>\n\n\n\n<p>As\u00ed lo confirm\u00f3 una fuente a CDN la cual dijo que en las pr\u00f3xima horas se har\u00e1 el anuncio con una declaratoria de duelo nacional.<\/p>\n\n\n\n<p>El mandatario hablar\u00eda desde esta provincia sure\u00f1a en un evento celebrado en Cabo Rojo, donde el gobierno desarrolla un ambicioso proyecto tur\u00edstico.<\/p>\n\n\n\n<p>Este mi\u00e9rcoles 16 de agosto, cuando se cumplen 160 a\u00f1os de la Restauraci\u00f3n de la Rep\u00fablica, se esperaban importantes anuncios desde este lugar.<\/p>\n\n\n\n<p>Se recuerda que Pedernales fue la primera provincia que visit\u00f3 Luis Abinader. Lo hizo el primer fin de semana despu\u00e9s de asumir el gobierno en agosto del 2020.<\/p>\n\n\n\n<p>Aunque no es mandato de ley, ya el presidente Luis Abinader ha hecho costumbre dirigirse al pa\u00eds en fecha 16 de agosto, como ha ocurrido en el 2021 desde las escalinatas del Palacio Nacional y el a\u00f1o pasado desde el Gran Teatro del Cibao en la ciudad de Santiago de los Caballeros.<\/p>\n\n\n\n<p>Presidente Abinader visita zona siniestrada y se re\u00fane con funcionarios.<\/p>\n\n\n\n<p>A consecuencia del incidente, el presidente Luis Abinader visit\u00f3 esta ciudad en la ma\u00f1ana de hoy y permaneci\u00f3 por alrededor de una hora, lo que aprovech\u00f3 para hacer un recorrido por la zona del desastre y luego se reuni\u00f3 con las principales autoridades del municipio.<\/p>\n\n\n\n<p>La Alcald\u00eda del municipio de San Crist\u00f3bal declar\u00f3 tres d\u00edas de duelo en memoria de los fallecidos en la explosi\u00f3n ocurrida la tarde de este lunes en esta ciudad y tambi\u00e9n declar\u00f3 como zona de desastre el lugar donde ocurri\u00f3 el siniestro.<\/p>\n\n\n\n<p>La medida aprobada a unanimidad por el Concejo de Regidores reunido en sesi\u00f3n extraordinaria este martes, fue el \u00fanico punto en la agenda.<\/p>\n","protected":false},"excerpt":{"rendered":"<p>El presidente Luis Abinader habr\u00eda suspendido las actividades programadas para este miercoles 16 de agosto en la provincia Perdernales para atender la tragedia ocurrida la tarde del lunes en la&hellip;<\/p>\n","protected":false},"author":2,"featured_media":57742,"comment_status":"open","ping_status":"open","sticky":false,"template":"","format":"standard","meta":{"content-type":"","jetpack_post_was_ever_published":false,"_jetpack_newsletter_access":"","_jetpack_dont_email_post_to_subs":false,"_jetpack_newsletter_tier_id":0,"_jetpack_memberships_contains_paywalled_content":false,"_jetpack_memberships_contains_paid_content":false,"footnotes":""},"categories":[35,25],"tags":[1640,67,6275,651,6274,416],"class_list":["post-57740","post","type-post","status-publish","format-standard","has-post-thumbnail","hentry","category-nacionales","category-portada","tag-actividades","tag-luis-abinader","tag-perdernales","tag-san-cristobal","tag-suspendido","tag-tragedia"],"jetpack_featured_media_url":"https:\/\/lasprimeras.com.do\/wp-content\/uploads\/2023\/08\/palacio-duelo.jpg","jetpack-related-posts":[{"id":57754,"url":"https:\/\/lasprimeras.com.do\/index.php\/2023\/08\/15\/luis-alberto-expresa-su-consternacion-con-tragedia-en-sc-suspende-actividades-este-jueves\/","url_meta":{"origin":57740,"position":0},"title":"Luis Alberto expresa su consternaci\u00f3n con tragedia en SC; suspende actividades este jueves","author":"Nelson Feliz","date":"15 de agosto de 2023","format":false,"excerpt":"El candidato a alcalde por el Partido de la Liberaci\u00f3n Dominicana (PLD) en Santo Domingo Este, Luis Alberto Tejeda, expres\u00f3 su consternaci\u00f3n ante la tragedia ocurrida en San Crist\u00f3bal donde una explosi\u00f3n provoc\u00f3 la muerte al menos de 10 personas y provoc\u00f3 heridas a una cantidad indeterminada de ciudadanos. A\u2026","rel":"","context":"En \u00abPORTADA\u00bb","block_context":{"text":"PORTADA","link":"https:\/\/lasprimeras.com.do\/index.php\/category\/portada\/"},"img":{"alt_text":"Luis Alberto Tejeda","src":"https:\/\/i0.wp.com\/lasprimeras.com.do\/wp-content\/uploads\/2023\/08\/Luis-Alberto-Tejeda-2.jpg?resize=350%2C200&ssl=1","width":350,"height":200,"srcset":"https:\/\/i0.wp.com\/lasprimeras.com.do\/wp-content\/uploads\/2023\/08\/Luis-Alberto-Tejeda-2.jpg?resize=350%2C200&ssl=1 1x, https:\/\/i0.wp.com\/lasprimeras.com.do\/wp-content\/uploads\/2023\/08\/Luis-Alberto-Tejeda-2.jpg?resize=525%2C300&ssl=1 1.5x, https:\/\/i0.wp.com\/lasprimeras.com.do\/wp-content\/uploads\/2023\/08\/Luis-Alberto-Tejeda-2.jpg?resize=700%2C400&ssl=1 2x"},"classes":[]},{"id":57669,"url":"https:\/\/lasprimeras.com.do\/index.php\/2023\/08\/14\/demetrio-lluberes-lamenta-tragedia-en-san-cristobal\/","url_meta":{"origin":57740,"position":1},"title":"Demetrio Lluberes lamenta tragedia en San Crist\u00f3bal","author":"Nelson Feliz","date":"14 de agosto de 2023","format":false,"excerpt":"El candidato a Senador del Partido de la Liberaci\u00f3n Dominicana por San Crist\u00f3bal, Ing. Demetrio Lluberes Vizca\u00edno, expres\u00f3 su tristeza y la de todo su equipo de trabajo por la tragedia ocurrida este lunes en esa provincia, supuestamente provocada por la explosi\u00f3n de un cilindro gas. \"Una tristeza inmensa invade\u2026","rel":"","context":"En \u00abPORTADA\u00bb","block_context":{"text":"PORTADA","link":"https:\/\/lasprimeras.com.do\/index.php\/category\/portada\/"},"img":{"alt_text":"Demetrio Lluberes","src":"https:\/\/i0.wp.com\/lasprimeras.com.do\/wp-content\/uploads\/2023\/08\/Demetrio-Lluberes.jpg?resize=350%2C200&ssl=1","width":350,"height":200,"srcset":"https:\/\/i0.wp.com\/lasprimeras.com.do\/wp-content\/uploads\/2023\/08\/Demetrio-Lluberes.jpg?resize=350%2C200&ssl=1 1x, https:\/\/i0.wp.com\/lasprimeras.com.do\/wp-content\/uploads\/2023\/08\/Demetrio-Lluberes.jpg?resize=525%2C300&ssl=1 1.5x, https:\/\/i0.wp.com\/lasprimeras.com.do\/wp-content\/uploads\/2023\/08\/Demetrio-Lluberes.jpg?resize=700%2C400&ssl=1 2x"},"classes":[]},{"id":57902,"url":"https:\/\/lasprimeras.com.do\/index.php\/2023\/08\/17\/adan-peguero-expresa-pesar-y-solidaridad-ante-tragedia-en-san-cristobal\/","url_meta":{"origin":57740,"position":2},"title":"Ad\u00e1n Peguero expresa pesar y solidaridad ante tragedia en San Crist\u00f3bal","author":"Nelson Feliz","date":"17 de agosto de 2023","format":false,"excerpt":"El precandidato a la alcald\u00eda del municipio Santo Domingo Este por el Partido Revolucionario Moderno (PRM), Ad\u00e1n Peguero, expres\u00f3 su solidaridad a las familias y al pueblo de San Crist\u00f3bal ante la tragedia que ha dejado al menos 27 personas muertas y 59 heridos, cuando una explosi\u00f3n ocasion\u00f3 un incendio\u2026","rel":"","context":"En \u00abPORTADA\u00bb","block_context":{"text":"PORTADA","link":"https:\/\/lasprimeras.com.do\/index.php\/category\/portada\/"},"img":{"alt_text":"Ad\u00e1n Peguero","src":"https:\/\/i0.wp.com\/lasprimeras.com.do\/wp-content\/uploads\/2023\/07\/Adan-Peguero.jpg?resize=350%2C200&ssl=1","width":350,"height":200},"classes":[]},{"id":57877,"url":"https:\/\/lasprimeras.com.do\/index.php\/2023\/08\/17\/luto-nacional-por-las-27-muertes-que-provoco-la-explosion-en-san-cristobal\/","url_meta":{"origin":57740,"position":3},"title":"Luto nacional por las 27 muertes que provoc\u00f3 la explosi\u00f3n en San Crist\u00f3bal","author":"Nelson Feliz","date":"17 de agosto de 2023","format":false,"excerpt":"El presidente de la Rep\u00fablica, Luis Abinader, dispuso que este jueves 17 de agosto sea de duelo nacional, por motivo de la tragedia. Mediante el decreto 367-23, emitido el 15 de agosto, el 17 de agosto fue declarado d\u00eda de duelo, inform\u00f3 el consultor jur\u00eddico del Poder Ejecutivo, Antoliano Peralta\u2026","rel":"","context":"En \u00abNACIONALES\u00bb","block_context":{"text":"NACIONALES","link":"https:\/\/lasprimeras.com.do\/index.php\/category\/nacionales\/"},"img":{"alt_text":"palacio-duelo","src":"https:\/\/i0.wp.com\/lasprimeras.com.do\/wp-content\/uploads\/2023\/08\/palacio-duelo-1.jpg?resize=350%2C200&ssl=1","width":350,"height":200,"srcset":"https:\/\/i0.wp.com\/lasprimeras.com.do\/wp-content\/uploads\/2023\/08\/palacio-duelo-1.jpg?resize=350%2C200&ssl=1 1x, https:\/\/i0.wp.com\/lasprimeras.com.do\/wp-content\/uploads\/2023\/08\/palacio-duelo-1.jpg?resize=525%2C300&ssl=1 1.5x, https:\/\/i0.wp.com\/lasprimeras.com.do\/wp-content\/uploads\/2023\/08\/palacio-duelo-1.jpg?resize=700%2C400&ssl=1 2x, https:\/\/i0.wp.com\/lasprimeras.com.do\/wp-content\/uploads\/2023\/08\/palacio-duelo-1.jpg?resize=1050%2C600&ssl=1 3x"},"classes":[]},{"id":57727,"url":"https:\/\/lasprimeras.com.do\/index.php\/2023\/08\/15\/nos-toca-salvar-vidas-y-lo-vamos-a-hacer-sin-ningun-limite-de-recursos-dice-abinader-tras-tragedia-en-san-cristobal\/","url_meta":{"origin":57740,"position":4},"title":"&#8220;Nos toca salvar vidas y lo vamos a hacer sin ning\u00fan l\u00edmite de recursos&#8221;, dice Abinader tras tragedia en San Crist\u00f3bal","author":"Nelson Feliz","date":"15 de agosto de 2023","format":false,"excerpt":"El presidente Luis Abinader visit\u00f3 San Crist\u00f3bal tras la explosi\u00f3n ocurrida este lunes, en la que la que extern\u00f3 sus condolencias a la familia de los fallecidos. El mandatario manifest\u00f3 que se van hacer una investigaci\u00f3n para determinar el origen y las causas de esta terrible tragedia que hasta el\u2026","rel":"","context":"En \u00abNACIONALES\u00bb","block_context":{"text":"NACIONALES","link":"https:\/\/lasprimeras.com.do\/index.php\/category\/nacionales\/"},"img":{"alt_text":"Luis Abinader","src":"https:\/\/i0.wp.com\/lasprimeras.com.do\/wp-content\/uploads\/2023\/07\/Luis-Abinader-PP-1.jpg?resize=350%2C200&ssl=1","width":350,"height":200,"srcset":"https:\/\/i0.wp.com\/lasprimeras.com.do\/wp-content\/uploads\/2023\/07\/Luis-Abinader-PP-1.jpg?resize=350%2C200&ssl=1 1x, https:\/\/i0.wp.com\/lasprimeras.com.do\/wp-content\/uploads\/2023\/07\/Luis-Abinader-PP-1.jpg?resize=525%2C300&ssl=1 1.5x"},"classes":[]},{"id":57865,"url":"https:\/\/lasprimeras.com.do\/index.php\/2023\/08\/16\/aumento-a-27-la-cifra-de-victimas-por-la-explosion-en-san-cristobal\/","url_meta":{"origin":57740,"position":5},"title":"Aument\u00f3 a 27 la cifra de v\u00edctimas por la explosi\u00f3n en San Crist\u00f3bal","author":"Nelson Feliz","date":"16 de agosto de 2023","format":false,"excerpt":"El n\u00famero de fallecidos como consecuencia de la explosi\u00f3n y posterior incendio registrados el lunes en el centro de San Crist\u00f3bal (sur) subi\u00f3 a 27 y ya no hay personas desaparecidas, seg\u00fan datos facilitados este mi\u00e9rcoles por el Centro de Operaciones de Emergencia (COE). Los equipos de rescate hallaron los\u2026","rel":"","context":"En \u00abNACIONALES\u00bb","block_context":{"text":"NACIONALES","link":"https:\/\/lasprimeras.com.do\/index.php\/category\/nacionales\/"},"img":{"alt_text":"Juan Manuel Mendez","src":"https:\/\/i0.wp.com\/lasprimeras.com.do\/wp-content\/uploads\/2023\/08\/Juan-Manuel-Mendez.png?resize=350%2C200&ssl=1","width":350,"height":200,"srcset":"https:\/\/i0.wp.com\/lasprimeras.com.do\/wp-content\/uploads\/2023\/08\/Juan-Manuel-Mendez.png?resize=350%2C200&ssl=1 1x, https:\/\/i0.wp.com\/lasprimeras.com.do\/wp-content\/uploads\/2023\/08\/Juan-Manuel-Mendez.png?resize=525%2C300&ssl=1 1.5x"},"classes":[]}],"jetpack_sharing_enabled":true,"_links":{"self":[{"href":"https:\/\/lasprimeras.com.do\/index.php\/wp-json\/wp\/v2\/posts\/57740","targetHints":{"allow":["GET"]}}],"collection":[{"href":"https:\/\/lasprimeras.com.do\/index.php\/wp-json\/wp\/v2\/posts"}],"about":[{"href":"https:\/\/lasprimeras.com.do\/index.php\/wp-json\/wp\/v2\/types\/post"}],"author":[{"embeddable":true,"href":"https:\/\/lasprimeras.com.do\/index.php\/wp-json\/wp\/v2\/users\/2"}],"replies":[{"embeddable":true,"href":"https:\/\/lasprimeras.com.do\/index.php\/wp-json\/wp\/v2\/comments?post=57740"}],"version-history":[{"count":2,"href":"https:\/\/lasprimeras.com.do\/index.php\/wp-json\/wp\/v2\/posts\/57740\/revisions"}],"predecessor-version":[{"id":57744,"href":"https:\/\/lasprimeras.com.do\/index.php\/wp-json\/wp\/v2\/posts\/57740\/revisions\/57744"}],"wp:featuredmedia":[{"embeddable":true,"href":"https:\/\/lasprimeras.com.do\/index.php\/wp-json\/wp\/v2\/media\/57742"}],"wp:attachment":[{"href":"https:\/\/lasprimeras.com.do\/index.php\/wp-json\/wp\/v2\/media?parent=57740"}],"wp:term":[{"taxonomy":"category","embeddable":true,"href":"https:\/\/lasprimeras.com.do\/index.php\/wp-json\/wp\/v2\/categories?post=57740"},{"taxonomy":"post_tag","embeddable":true,"href":"https:\/\/lasprimeras.com.do\/index.php\/wp-json\/wp\/v2\/tags?post=57740"}],"curies":[{"name":"wp","href":"https:\/\/api.w.org\/{rel}","templated":true}]}}