{"id":57748,"date":"2023-08-15T13:28:37","date_gmt":"2023-08-15T17:28:37","guid":{"rendered":"https:\/\/lasprimeras.com.do\/?p=57748"},"modified":"2023-08-15T13:28:38","modified_gmt":"2023-08-15T17:28:38","slug":"embajadora-sonia-guzman-califico-como-positiva-decision-de-restringir-comercio-de-cigarros-premium","status":"publish","type":"post","link":"https:\/\/lasprimeras.com.do\/index.php\/2023\/08\/15\/embajadora-sonia-guzman-califico-como-positiva-decision-de-restringir-comercio-de-cigarros-premium\/","title":{"rendered":"Embajadora Sonia Guzm\u00e1n calific\u00f3 como positiva decisi\u00f3n de restringir comercio de cigarros premium"},"content":{"rendered":"\n<p><strong>Dicha medida iba a afectar a la industria del tabaco en RD cuyas exportaciones a los EEUU alcanzan los 1,000 millones d\u00f3lares anuales, seg\u00fan cifras oficiales.<\/strong><\/p>\n\n\n\n<p>La embajadora dominicana en los Estados Unidos, Sonia Guzm\u00e1n, respald\u00f3 la decisi\u00f3n de la Corte del Distrito de Columbia de los EEUU de negar a la Administradora de Alimentos y Medicinas del Gobierno Federal (FDA) el derecho a imponer restricciones a la comercializaci\u00f3n de Cigarros Premium en ese importante mercado de consumidores, declarando nula cualquier decisi\u00f3n al respecto.<\/p>\n\n\n\n<p>La decisi\u00f3n del juez federal Amit Mehta elimina la posibilidad de que se apliquen en el mercado americano restricciones a la comercializaci\u00f3n en cuanto a anunciarse, promoci\u00f3n de marcas y sobre el empaquetado de los cigarros premium, como ya se est\u00e1 aplicando en otras naciones.<\/p>\n\n\n\n<p>Una delegaci\u00f3n de la embajada dominicana coordinada por Guzm\u00e1n e integrada por los consejeros de asuntos econ\u00f3micos y comerciales y de asuntos congresuales, Leonel Mateo y Emilia Conde, respectivamente, sostuvieron reuniones con las diferentes asociaciones del sector que se opusieron a la medida de la FDA, a quienes le plantearon los da\u00f1os que la misma tendr\u00eda para la industria del tabaco que genera miles de empleos y cuantiosos recursos para varias naciones.<\/p>\n\n\n\n<p>&#8220;Los esfuerzos de la embajada, junto al sector privado, representado por la Asociaci\u00f3n de Cigarros Premium (PCA), la Asociaci\u00f3n Americana de los Derechos del Cigarro (CRA) y la Asociaci\u00f3n de Cigarros de Am\u00e9rica (CCA), quienes rechazaron rotundamente dichas restricciones en los tribunales, fue primordial para lograr la decisi\u00f3n de la corte federal&#8221;, manifest\u00f3 Sonia Guzm\u00e1n.<\/p>\n\n\n\n<p>La diplom\u00e1tica tambi\u00e9n destac\u00f3 el apoyo del congresista Dan Meuser y dem\u00e1s miembros del Comit\u00e9 del Cigarro de la C\u00e1mara de Representantes de los Estados Unidos, por sus declaraciones p\u00fablicas en favor del sector.<\/p>\n\n\n\n<p>Sonia Guzm\u00e1n calific\u00f3 como trascendental dicha medida, ya que la misma iba a afectar con nuevas regulaciones a la industria del tabaco de varios pa\u00edses productores de puros como Rep\u00fablica Dominicana, cuyas exportaciones al mercado norteamericano alcanzaron los 1,000 millones de d\u00f3lares el a\u00f1o pasado, representando un 90 % del total de nuestras exportaciones globales del producto.<\/p>\n\n\n\n<p>Agreg\u00f3 que tambi\u00e9n establece claramente la definici\u00f3n de un cigarro premium diferenci\u00e1ndolo de cualquier otro producto de tabaco, como los cigarrillos o vapeadores, los cuales son afectados frecuentemente con nuevas regulaciones.<\/p>\n\n\n\n<p>Guzm\u00e1n destac\u00f3 que con los alegatos de la industria de cigarros se logr\u00f3 la decisi\u00f3n de la corte, la cual da estabilidad de comercializaci\u00f3n a la industria en el mediano y largo plazo en ese importante mercado.<\/p>\n\n\n\n<p>La Embajada Dominicana en los Estados Unidos inform\u00f3 que la decisi\u00f3n de la corte entra en vigencia de inmediato y que la misma determin\u00f3 que las regulaciones de los cigarros premium no est\u00e1n bajo la jurisdicci\u00f3n de la FDA.<\/p>\n\n\n\n<p>Tabacos Premium<\/p>\n\n\n\n<p>La industria del tabaco en los EEUU calific\u00f3 como premium los que cumplen con las siguientes caracter\u00edsticas: 1. Es envuelto en una hoja entera de tabaco, 2. Contiene un aglutinante de tabaco en hoja al 100 por ciento, 3. Contiene al menos el 50 por ciento (del peso de tripa) de tabaco de tripa larga (es decir, hojas de tabaco enteras que se extienden a lo largo del cigarro), 4. Est\u00e1 hecho a mano o enrollado a mano (es decir, no se utiliz\u00f3 maquinaria aparte de herramientas simples, como tijeras para cortar el tabaco antes de enrollarlo); 5. No tiene filtro, punta que no sea de tabaco ni boquilla que no sea de tabaco; 6. No tiene un sabor caracter\u00edstico distinto del tabaco, 7. Contiene solo tabaco, agua y goma vegetal sin otros ingredientes ni aditivos y 8. Pesa m\u00e1s de 6 libras por cada 1,000 unidades.<\/p>\n","protected":false},"excerpt":{"rendered":"<p>Dicha medida iba a afectar a la industria del tabaco en RD cuyas exportaciones a los EEUU alcanzan los 1,000 millones d\u00f3lares anuales, seg\u00fan cifras oficiales. La embajadora dominicana en&hellip;<\/p>\n","protected":false},"author":2,"featured_media":57749,"comment_status":"open","ping_status":"open","sticky":false,"template":"","format":"standard","meta":{"content-type":"","jetpack_post_was_ever_published":false,"_jetpack_newsletter_access":"","_jetpack_dont_email_post_to_subs":false,"_jetpack_newsletter_tier_id":0,"_jetpack_memberships_contains_paywalled_content":false,"_jetpack_memberships_contains_paid_content":false,"footnotes":""},"categories":[39,25],"tags":[6278,1143,6277,2991,737,5275],"class_list":["post-57748","post","type-post","status-publish","format-standard","has-post-thumbnail","hentry","category-economia","category-portada","tag-cigarros-premium","tag-comercio","tag-corte-de-eu","tag-embajadora","tag-fda","tag-sonia-guzman"],"jetpack_featured_media_url":"https:\/\/lasprimeras.com.do\/wp-content\/uploads\/2023\/08\/Sonia-Guzman.jpg","jetpack-related-posts":[{"id":128478,"url":"https:\/\/lasprimeras.com.do\/index.php\/2026\/04\/23\/rd-mantiene-liderazgo-mundial-en-elaboracion-y-exportacion-de-cigarros-premium\/","url_meta":{"origin":57748,"position":0},"title":"RD mantiene liderazgo mundial en elaboraci\u00f3n y exportaci\u00f3n de cigarros premium","author":"Nelson Feliz","date":"23 de abril de 2026","format":false,"excerpt":"En el pa\u00eds se elaboran m\u00e1s de 196 millones de cigarros premium al a\u00f1o, seg\u00fan inform\u00f3 el director de la entidad, al participar en una convenci\u00f3n internacional de cigarros en los Estados Unidos. NEW ORLEANS, Estados Unidos. \u2013El director del Instituto del Tabaco de la Rep\u00fablica Dominicana (INTABACO), Iv\u00e1n Hern\u00e1ndez\u2026","rel":"","context":"En \u00abECONOM\u00cdA\u00bb","block_context":{"text":"ECONOM\u00cdA","link":"https:\/\/lasprimeras.com.do\/index.php\/category\/economia\/"},"img":{"alt_text":"","src":"https:\/\/i0.wp.com\/lasprimeras.com.do\/wp-content\/uploads\/2026\/04\/ivan-Guzman.jpg?resize=350%2C200&ssl=1","width":350,"height":200,"srcset":"https:\/\/i0.wp.com\/lasprimeras.com.do\/wp-content\/uploads\/2026\/04\/ivan-Guzman.jpg?resize=350%2C200&ssl=1 1x, https:\/\/i0.wp.com\/lasprimeras.com.do\/wp-content\/uploads\/2026\/04\/ivan-Guzman.jpg?resize=525%2C300&ssl=1 1.5x, https:\/\/i0.wp.com\/lasprimeras.com.do\/wp-content\/uploads\/2026\/04\/ivan-Guzman.jpg?resize=700%2C400&ssl=1 2x"},"classes":[]},{"id":123574,"url":"https:\/\/lasprimeras.com.do\/index.php\/2026\/03\/02\/industria-del-tabaco-impulsa-la-economia-afirma-la-vicepresidenta-raquel-pena\/","url_meta":{"origin":57748,"position":1},"title":"Industria del tabaco impulsa la econom\u00eda, afirma la vicepresidenta Raquel Pe\u00f1a","author":"Nelson Feliz","date":"2 de marzo de 2026","format":false,"excerpt":"-Destac\u00f3 que los EE.UU. es el principal socio comercial a donde se exporta 1,066 millones de d\u00f3lares. El producto llega a 142 pa\u00edses. La vicepresidenta de la Rep\u00fablica, Raquel Pe\u00f1a, destac\u00f3 que la industria del tabaco genera 1,359 millones de d\u00f3lares anuales en exportaciones, posicion\u00e1ndose como un motor clave de\u2026","rel":"","context":"En \u00abECONOM\u00cdA\u00bb","block_context":{"text":"ECONOM\u00cdA","link":"https:\/\/lasprimeras.com.do\/index.php\/category\/economia\/"},"img":{"alt_text":"Industria del tabaco","src":"https:\/\/i0.wp.com\/lasprimeras.com.do\/wp-content\/uploads\/2026\/03\/Industria-del-tabaco-1.jpg?resize=350%2C200&ssl=1","width":350,"height":200,"srcset":"https:\/\/i0.wp.com\/lasprimeras.com.do\/wp-content\/uploads\/2026\/03\/Industria-del-tabaco-1.jpg?resize=350%2C200&ssl=1 1x, https:\/\/i0.wp.com\/lasprimeras.com.do\/wp-content\/uploads\/2026\/03\/Industria-del-tabaco-1.jpg?resize=525%2C300&ssl=1 1.5x, https:\/\/i0.wp.com\/lasprimeras.com.do\/wp-content\/uploads\/2026\/03\/Industria-del-tabaco-1.jpg?resize=700%2C400&ssl=1 2x"},"classes":[]},{"id":112424,"url":"https:\/\/lasprimeras.com.do\/index.php\/2025\/10\/22\/intabaco-inicia-cosecha-tabacalera-2025-2026-con-siembra-de-mas-de-160-mil-tareas\/","url_meta":{"origin":57748,"position":2},"title":"INTABACO inicia &#8220;Cosecha Tabacalera 2025-2026&#8221; con siembra de m\u00e1s de 160 mil tareas","author":"Nelson Feliz","date":"22 de octubre de 2025","format":false,"excerpt":"El Instituto del Tabaco de la Rep\u00fablica Dominicana (INTABACO) inici\u00f3 la Cosecha Tabacalera 2025-2026 con la siembra de m\u00e1s de 160 mil tareas de tabaco en Jacagua, provincia Santiago en un evento encabezado por el ministro de Industria y Comercio y Mipymes y presidente de la Mesa del Relanzamiento del\u2026","rel":"","context":"En \u00abECONOM\u00cdA\u00bb","block_context":{"text":"ECONOM\u00cdA","link":"https:\/\/lasprimeras.com.do\/index.php\/category\/economia\/"},"img":{"alt_text":"","src":"https:\/\/i0.wp.com\/lasprimeras.com.do\/wp-content\/uploads\/2025\/10\/INTABACO.jpg?resize=350%2C200&ssl=1","width":350,"height":200,"srcset":"https:\/\/i0.wp.com\/lasprimeras.com.do\/wp-content\/uploads\/2025\/10\/INTABACO.jpg?resize=350%2C200&ssl=1 1x, https:\/\/i0.wp.com\/lasprimeras.com.do\/wp-content\/uploads\/2025\/10\/INTABACO.jpg?resize=525%2C300&ssl=1 1.5x"},"classes":[]},{"id":48715,"url":"https:\/\/lasprimeras.com.do\/index.php\/2023\/05\/03\/crean-grupo-diplomatico-del-cigarro-en-estados-unidos\/","url_meta":{"origin":57748,"position":3},"title":"Crean grupo Diplom\u00e1tico del Cigarro en Estados Unidos","author":"prenxa100","date":"3 de mayo de 2023","format":false,"excerpt":"\u00b7\u00a0\u00a0 Embajada dominicana copresidir\u00e1 iniciativa Washington.-. La Asociaci\u00f3n de Cigarros Premium de los Estados Unidos (PCA) anunci\u00f3 la creaci\u00f3n del Grupo Diplom\u00e1tico del Cigarro, un proyecto que busca reunir a las representaciones diplom\u00e1ticas de diversos pa\u00edses para promover y preservar la industria del cigarro Premium. La asociaci\u00f3n indic\u00f3 que esta\u2026","rel":"","context":"En \u00abSin categor\u00eda\u00bb","block_context":{"text":"Sin categor\u00eda","link":"https:\/\/lasprimeras.com.do\/index.php\/category\/sin-categoria\/"},"img":{"alt_text":"","src":"","width":0,"height":0},"classes":[]},{"id":101474,"url":"https:\/\/lasprimeras.com.do\/index.php\/2025\/06\/22\/rd-produce-mas-de-8000-millones-de-cigarros-de-tabacos-anualmente\/","url_meta":{"origin":57748,"position":4},"title":"RD produce m\u00e1s de 8,000 millones de cigarros de tabacos anualmente","author":"Nelson Feliz","date":"22 de junio de 2025","format":false,"excerpt":"Inform\u00f3 que en el pa\u00eds se elaboran 21 variedades de tabacos y es l\u00edder mundial en exportaci\u00f3n de tabacos premium del mundo. La Rep\u00fablica Dominicana produce m\u00e1s de 8,400 millones de cigarros de tabaco anualmente y es l\u00edder en exportaci\u00f3n de tabacos premium del mundo, seg\u00fan inform\u00f3 el director del\u2026","rel":"","context":"En \u00abECONOM\u00cdA\u00bb","block_context":{"text":"ECONOM\u00cdA","link":"https:\/\/lasprimeras.com.do\/index.php\/category\/economia\/"},"img":{"alt_text":"Iv\u00e1n Hern\u00e1ndez Guzm\u00e1n","src":"https:\/\/i0.wp.com\/lasprimeras.com.do\/wp-content\/uploads\/2025\/06\/Ivan-Hernandez-Guzman-1.jpg?resize=350%2C200&ssl=1","width":350,"height":200,"srcset":"https:\/\/i0.wp.com\/lasprimeras.com.do\/wp-content\/uploads\/2025\/06\/Ivan-Hernandez-Guzman-1.jpg?resize=350%2C200&ssl=1 1x, https:\/\/i0.wp.com\/lasprimeras.com.do\/wp-content\/uploads\/2025\/06\/Ivan-Hernandez-Guzman-1.jpg?resize=525%2C300&ssl=1 1.5x, https:\/\/i0.wp.com\/lasprimeras.com.do\/wp-content\/uploads\/2025\/06\/Ivan-Hernandez-Guzman-1.jpg?resize=700%2C400&ssl=1 2x"},"classes":[]},{"id":103253,"url":"https:\/\/lasprimeras.com.do\/index.php\/2025\/07\/13\/ivan-hernandez-la-industria-del-tabaco-expande-sus-mercados\/","url_meta":{"origin":57748,"position":5},"title":"Iv\u00e1n Hern\u00e1ndez: La industria del tabaco expande sus mercados","author":"Nelson Feliz","date":"13 de julio de 2025","format":false,"excerpt":"La producci\u00f3n de tabaco en el pa\u00eds genera unos 120,000 empleos directos, seg\u00fan inform\u00f3 el director de Inabaco. La industria tabacalera en la Rep\u00fablica Dominicana se encuentra en su mejor momento, siendo la Rep\u00fablica Dominicana l\u00edder mundial en la producci\u00f3n de cigarros premium, con exportaciones que alcanzan los 1,340 millones\u2026","rel":"","context":"En \u00abECONOM\u00cdA\u00bb","block_context":{"text":"ECONOM\u00cdA","link":"https:\/\/lasprimeras.com.do\/index.php\/category\/economia\/"},"img":{"alt_text":"","src":"https:\/\/i0.wp.com\/lasprimeras.com.do\/wp-content\/uploads\/2025\/07\/IVAN.jpeg?resize=350%2C200&ssl=1","width":350,"height":200,"srcset":"https:\/\/i0.wp.com\/lasprimeras.com.do\/wp-content\/uploads\/2025\/07\/IVAN.jpeg?resize=350%2C200&ssl=1 1x, https:\/\/i0.wp.com\/lasprimeras.com.do\/wp-content\/uploads\/2025\/07\/IVAN.jpeg?resize=525%2C300&ssl=1 1.5x, https:\/\/i0.wp.com\/lasprimeras.com.do\/wp-content\/uploads\/2025\/07\/IVAN.jpeg?resize=700%2C400&ssl=1 2x"},"classes":[]}],"jetpack_sharing_enabled":true,"_links":{"self":[{"href":"https:\/\/lasprimeras.com.do\/index.php\/wp-json\/wp\/v2\/posts\/57748","targetHints":{"allow":["GET"]}}],"collection":[{"href":"https:\/\/lasprimeras.com.do\/index.php\/wp-json\/wp\/v2\/posts"}],"about":[{"href":"https:\/\/lasprimeras.com.do\/index.php\/wp-json\/wp\/v2\/types\/post"}],"author":[{"embeddable":true,"href":"https:\/\/lasprimeras.com.do\/index.php\/wp-json\/wp\/v2\/users\/2"}],"replies":[{"embeddable":true,"href":"https:\/\/lasprimeras.com.do\/index.php\/wp-json\/wp\/v2\/comments?post=57748"}],"version-history":[{"count":1,"href":"https:\/\/lasprimeras.com.do\/index.php\/wp-json\/wp\/v2\/posts\/57748\/revisions"}],"predecessor-version":[{"id":57750,"href":"https:\/\/lasprimeras.com.do\/index.php\/wp-json\/wp\/v2\/posts\/57748\/revisions\/57750"}],"wp:featuredmedia":[{"embeddable":true,"href":"https:\/\/lasprimeras.com.do\/index.php\/wp-json\/wp\/v2\/media\/57749"}],"wp:attachment":[{"href":"https:\/\/lasprimeras.com.do\/index.php\/wp-json\/wp\/v2\/media?parent=57748"}],"wp:term":[{"taxonomy":"category","embeddable":true,"href":"https:\/\/lasprimeras.com.do\/index.php\/wp-json\/wp\/v2\/categories?post=57748"},{"taxonomy":"post_tag","embeddable":true,"href":"https:\/\/lasprimeras.com.do\/index.php\/wp-json\/wp\/v2\/tags?post=57748"}],"curies":[{"name":"wp","href":"https:\/\/api.w.org\/{rel}","templated":true}]}}