{"id":57754,"date":"2023-08-15T16:37:01","date_gmt":"2023-08-15T20:37:01","guid":{"rendered":"https:\/\/lasprimeras.com.do\/?p=57754"},"modified":"2023-08-15T16:37:02","modified_gmt":"2023-08-15T20:37:02","slug":"luis-alberto-expresa-su-consternacion-con-tragedia-en-sc-suspende-actividades-este-jueves","status":"publish","type":"post","link":"https:\/\/lasprimeras.com.do\/index.php\/2023\/08\/15\/luis-alberto-expresa-su-consternacion-con-tragedia-en-sc-suspende-actividades-este-jueves\/","title":{"rendered":"Luis Alberto expresa su consternaci\u00f3n con tragedia en SC; suspende actividades este jueves"},"content":{"rendered":"\n<p>El candidato a alcalde por el Partido de la Liberaci\u00f3n Dominicana (PLD) en Santo Domingo Este, Luis Alberto Tejeda, expres\u00f3 su consternaci\u00f3n ante la tragedia ocurrida en San Crist\u00f3bal donde una explosi\u00f3n provoc\u00f3 la muerte al menos de 10 personas y provoc\u00f3 heridas a una cantidad indeterminada de ciudadanos.<\/p>\n\n\n\n<p>A trav\u00e9s de un tuit, Luis Alberto Tejeda dijo que es tiempo de solidaridad y que \u201cnuestros&nbsp; corazones&nbsp; est\u00e1n con aquellos que han perdi\u00f3 a sus seres queridos\u201d. Concluy\u00f3 pidiendo a Dios que le de consuelo y fortaleza a todos.<\/p>\n\n\n\n<p>En tal sentido, su equipo pol\u00edtico anunci\u00f3 la suspensi\u00f3n de la actividad programada para este martes&nbsp; en la circunscripci\u00f3n no. 2, en solidaridad con las familias afectadas por la tragedia de San Crist\u00f3bal. La misma fue pospuesta para el pr\u00f3ximo mi\u00e9rcoles 23 de agosto a las 4:00 pm.<\/p>\n\n\n\n<p><strong>Agenda<\/strong><\/p>\n\n\n\n<p>Este jueves el candidato retomar\u00e1 la agenda pol\u00edtica y visitar\u00e1 la circunscripci\u00f3n 3, donde seguir\u00e1 con las visitas Casa a Casa. Mientras que el viernes sostendr\u00e1 m\u00faltiples encuentros con diferentes \u00e1reas de la campa\u00f1a y dirigentes de las demarcaciones.<\/p>\n\n\n\n<p>En tanto que el s\u00e1bado se inform\u00f3 que la dirigencia pol\u00edtica del municipio realizar\u00e1 los esfuerzos concentrados en las tres circunscripciones electorales.<\/p>\n","protected":false},"excerpt":{"rendered":"<p>El candidato a alcalde por el Partido de la Liberaci\u00f3n Dominicana (PLD) en Santo Domingo Este, Luis Alberto Tejeda, expres\u00f3 su consternaci\u00f3n ante la tragedia ocurrida en San Crist\u00f3bal donde&hellip;<\/p>\n","protected":false},"author":2,"featured_media":57755,"comment_status":"open","ping_status":"open","sticky":false,"template":"","format":"standard","meta":{"content-type":"","jetpack_post_was_ever_published":false,"_jetpack_newsletter_access":"","_jetpack_dont_email_post_to_subs":false,"_jetpack_newsletter_tier_id":0,"_jetpack_memberships_contains_paywalled_content":false,"_jetpack_memberships_contains_paid_content":false,"footnotes":""},"categories":[25],"tags":[6279,3892,651,416],"class_list":["post-57754","post","type-post","status-publish","format-standard","has-post-thumbnail","hentry","category-portada","tag-consternacion","tag-luis-alberto-tejeda","tag-san-cristobal","tag-tragedia"],"jetpack_featured_media_url":"https:\/\/lasprimeras.com.do\/wp-content\/uploads\/2023\/08\/Luis-Alberto-Tejeda-2.jpg","jetpack-related-posts":[{"id":57889,"url":"https:\/\/lasprimeras.com.do\/index.php\/2023\/08\/17\/eligio-jaquez-expresa-pesar-por-la-tragedia-en-san-cristobal\/","url_meta":{"origin":57754,"position":0},"title":"Eligio J\u00e1quez expresa pesar por la tragedia en San Crist\u00f3bal","author":"Nelson Feliz","date":"17 de agosto de 2023","format":false,"excerpt":"El C\u00f3nsul de Rep\u00fablica Dominicana en Nueva York, Eligio J\u00e1quez, expres\u00f3 su consternaci\u00f3n y muestro pesar ante la tragedia ocurrida el pasado lunes en San Crist\u00f3bal, que ha ocasionado la muerte a 27 personas y caus\u00f3 heridas a otras 59, de acuerdo con el conteo oficial. J\u00e1quez, manifest\u00f3 que se\u2026","rel":"","context":"En \u00abNACIONALES\u00bb","block_context":{"text":"NACIONALES","link":"https:\/\/lasprimeras.com.do\/index.php\/category\/nacionales\/"},"img":{"alt_text":"Eligio Jaquez","src":"https:\/\/i0.wp.com\/lasprimeras.com.do\/wp-content\/uploads\/2023\/07\/Eligio-Jaquez.jpg?resize=350%2C200&ssl=1","width":350,"height":200},"classes":[]},{"id":105250,"url":"https:\/\/lasprimeras.com.do\/index.php\/2025\/07\/31\/luis-alberto-tejeda-llama-a-la-validacion-activa-de-estructuras-partidarias\/","url_meta":{"origin":57754,"position":1},"title":"Luis Alberto Tejeda llama a la validaci\u00f3n activa de estructuras partidarias","author":"Nelson Feliz","date":"31 de julio de 2025","format":false,"excerpt":"El miembro del Comit\u00e9 Pol\u00edtico del Partido de la Liberaci\u00f3n Dominicana (PLD) y excandidato a la alcald\u00eda de Santo Domingo Este, Luis Alberto Tejeda, hizo un llamado enf\u00e1tico a la militancia pelede\u00edsta a participar activamente en el proceso de validaci\u00f3n interna. \u201cCon esta validaci\u00f3n quiero motivar a todos los miembros\u2026","rel":"","context":"En \u00abPOLITICA\u00bb","block_context":{"text":"POLITICA","link":"https:\/\/lasprimeras.com.do\/index.php\/category\/politica\/"},"img":{"alt_text":"Luis Alberto Tejeda","src":"https:\/\/i0.wp.com\/lasprimeras.com.do\/wp-content\/uploads\/2025\/07\/Luis-Alberto-Tejeda-1.jpg?resize=350%2C200&ssl=1","width":350,"height":200,"srcset":"https:\/\/i0.wp.com\/lasprimeras.com.do\/wp-content\/uploads\/2025\/07\/Luis-Alberto-Tejeda-1.jpg?resize=350%2C200&ssl=1 1x, https:\/\/i0.wp.com\/lasprimeras.com.do\/wp-content\/uploads\/2025\/07\/Luis-Alberto-Tejeda-1.jpg?resize=525%2C300&ssl=1 1.5x, https:\/\/i0.wp.com\/lasprimeras.com.do\/wp-content\/uploads\/2025\/07\/Luis-Alberto-Tejeda-1.jpg?resize=700%2C400&ssl=1 2x"},"classes":[]},{"id":57902,"url":"https:\/\/lasprimeras.com.do\/index.php\/2023\/08\/17\/adan-peguero-expresa-pesar-y-solidaridad-ante-tragedia-en-san-cristobal\/","url_meta":{"origin":57754,"position":2},"title":"Ad\u00e1n Peguero expresa pesar y solidaridad ante tragedia en San Crist\u00f3bal","author":"Nelson Feliz","date":"17 de agosto de 2023","format":false,"excerpt":"El precandidato a la alcald\u00eda del municipio Santo Domingo Este por el Partido Revolucionario Moderno (PRM), Ad\u00e1n Peguero, expres\u00f3 su solidaridad a las familias y al pueblo de San Crist\u00f3bal ante la tragedia que ha dejado al menos 27 personas muertas y 59 heridos, cuando una explosi\u00f3n ocasion\u00f3 un incendio\u2026","rel":"","context":"En \u00abPORTADA\u00bb","block_context":{"text":"PORTADA","link":"https:\/\/lasprimeras.com.do\/index.php\/category\/portada\/"},"img":{"alt_text":"Ad\u00e1n Peguero","src":"https:\/\/i0.wp.com\/lasprimeras.com.do\/wp-content\/uploads\/2023\/07\/Adan-Peguero.jpg?resize=350%2C200&ssl=1","width":350,"height":200},"classes":[]},{"id":106331,"url":"https:\/\/lasprimeras.com.do\/index.php\/2025\/08\/12\/luis-alberto-tejeda-la-juventud-es-la-fuerza-que-transforma-la-nacion\/","url_meta":{"origin":57754,"position":3},"title":"Luis Alberto Tejeda: \u201cLa juventud es la fuerza que transforma la naci\u00f3n\u201d","author":"Nelson Feliz","date":"12 de agosto de 2025","format":false,"excerpt":"El miembro del Comit\u00e9 Pol\u00edtico del Partido de la Liberaci\u00f3n Dominicana (PLD), Luis Alberto Tejeda, destac\u00f3 que la juventud es una fuerza transformadora capaz de impulsar los cambios que demanda la sociedad y de construir un futuro de mayores oportunidades para todos. \u201cIndiscutiblemente, nuestros j\u00f3venes son la energ\u00eda que impulsa\u2026","rel":"","context":"En \u00abPOLITICA\u00bb","block_context":{"text":"POLITICA","link":"https:\/\/lasprimeras.com.do\/index.php\/category\/politica\/"},"img":{"alt_text":"Luis Alberto Tejeda","src":"https:\/\/i0.wp.com\/lasprimeras.com.do\/wp-content\/uploads\/2024\/06\/Luis-Alberto-Tejeda.jpg?resize=350%2C200&ssl=1","width":350,"height":200,"srcset":"https:\/\/i0.wp.com\/lasprimeras.com.do\/wp-content\/uploads\/2024\/06\/Luis-Alberto-Tejeda.jpg?resize=350%2C200&ssl=1 1x, https:\/\/i0.wp.com\/lasprimeras.com.do\/wp-content\/uploads\/2024\/06\/Luis-Alberto-Tejeda.jpg?resize=525%2C300&ssl=1 1.5x"},"classes":[]},{"id":120314,"url":"https:\/\/lasprimeras.com.do\/index.php\/2026\/01\/20\/tragedia-en-san-cristobal-dos-ninos-de-3-y-7-anos-mueren-aplastados-por-un-camion-en-cambita\/","url_meta":{"origin":57754,"position":4},"title":"Tragedia en San Crist\u00f3bal: dos ni\u00f1os de 3 y 7 a\u00f1os mueren aplastados por un cami\u00f3n en Cambita","author":"Nelson Feliz","date":"20 de enero de 2026","format":false,"excerpt":"Dos ni\u00f1os de tres y siete a\u00f1os perdieron la vida la tarde de este martes, tras ser aplastados durante un tr\u00e1gico suceso ocurrido en el kil\u00f3metro 4 de la carretera Cambita, en la provincia San Crist\u00f3bal al sur del pa\u00eds, lo que ha causado gran consternaci\u00f3n y tristeza en toda\u2026","rel":"","context":"En \u00abNACIONALES\u00bb","block_context":{"text":"NACIONALES","link":"https:\/\/lasprimeras.com.do\/index.php\/category\/nacionales\/"},"img":{"alt_text":"","src":"https:\/\/i0.wp.com\/lasprimeras.com.do\/wp-content\/uploads\/2024\/06\/escena.jpeg?resize=350%2C200&ssl=1","width":350,"height":200,"srcset":"https:\/\/i0.wp.com\/lasprimeras.com.do\/wp-content\/uploads\/2024\/06\/escena.jpeg?resize=350%2C200&ssl=1 1x, https:\/\/i0.wp.com\/lasprimeras.com.do\/wp-content\/uploads\/2024\/06\/escena.jpeg?resize=525%2C300&ssl=1 1.5x, https:\/\/i0.wp.com\/lasprimeras.com.do\/wp-content\/uploads\/2024\/06\/escena.jpeg?resize=700%2C400&ssl=1 2x"},"classes":[]},{"id":57877,"url":"https:\/\/lasprimeras.com.do\/index.php\/2023\/08\/17\/luto-nacional-por-las-27-muertes-que-provoco-la-explosion-en-san-cristobal\/","url_meta":{"origin":57754,"position":5},"title":"Luto nacional por las 27 muertes que provoc\u00f3 la explosi\u00f3n en San Crist\u00f3bal","author":"Nelson Feliz","date":"17 de agosto de 2023","format":false,"excerpt":"El presidente de la Rep\u00fablica, Luis Abinader, dispuso que este jueves 17 de agosto sea de duelo nacional, por motivo de la tragedia. Mediante el decreto 367-23, emitido el 15 de agosto, el 17 de agosto fue declarado d\u00eda de duelo, inform\u00f3 el consultor jur\u00eddico del Poder Ejecutivo, Antoliano Peralta\u2026","rel":"","context":"En \u00abNACIONALES\u00bb","block_context":{"text":"NACIONALES","link":"https:\/\/lasprimeras.com.do\/index.php\/category\/nacionales\/"},"img":{"alt_text":"palacio-duelo","src":"https:\/\/i0.wp.com\/lasprimeras.com.do\/wp-content\/uploads\/2023\/08\/palacio-duelo-1.jpg?resize=350%2C200&ssl=1","width":350,"height":200,"srcset":"https:\/\/i0.wp.com\/lasprimeras.com.do\/wp-content\/uploads\/2023\/08\/palacio-duelo-1.jpg?resize=350%2C200&ssl=1 1x, https:\/\/i0.wp.com\/lasprimeras.com.do\/wp-content\/uploads\/2023\/08\/palacio-duelo-1.jpg?resize=525%2C300&ssl=1 1.5x, https:\/\/i0.wp.com\/lasprimeras.com.do\/wp-content\/uploads\/2023\/08\/palacio-duelo-1.jpg?resize=700%2C400&ssl=1 2x, https:\/\/i0.wp.com\/lasprimeras.com.do\/wp-content\/uploads\/2023\/08\/palacio-duelo-1.jpg?resize=1050%2C600&ssl=1 3x"},"classes":[]}],"jetpack_sharing_enabled":true,"_links":{"self":[{"href":"https:\/\/lasprimeras.com.do\/index.php\/wp-json\/wp\/v2\/posts\/57754","targetHints":{"allow":["GET"]}}],"collection":[{"href":"https:\/\/lasprimeras.com.do\/index.php\/wp-json\/wp\/v2\/posts"}],"about":[{"href":"https:\/\/lasprimeras.com.do\/index.php\/wp-json\/wp\/v2\/types\/post"}],"author":[{"embeddable":true,"href":"https:\/\/lasprimeras.com.do\/index.php\/wp-json\/wp\/v2\/users\/2"}],"replies":[{"embeddable":true,"href":"https:\/\/lasprimeras.com.do\/index.php\/wp-json\/wp\/v2\/comments?post=57754"}],"version-history":[{"count":1,"href":"https:\/\/lasprimeras.com.do\/index.php\/wp-json\/wp\/v2\/posts\/57754\/revisions"}],"predecessor-version":[{"id":57756,"href":"https:\/\/lasprimeras.com.do\/index.php\/wp-json\/wp\/v2\/posts\/57754\/revisions\/57756"}],"wp:featuredmedia":[{"embeddable":true,"href":"https:\/\/lasprimeras.com.do\/index.php\/wp-json\/wp\/v2\/media\/57755"}],"wp:attachment":[{"href":"https:\/\/lasprimeras.com.do\/index.php\/wp-json\/wp\/v2\/media?parent=57754"}],"wp:term":[{"taxonomy":"category","embeddable":true,"href":"https:\/\/lasprimeras.com.do\/index.php\/wp-json\/wp\/v2\/categories?post=57754"},{"taxonomy":"post_tag","embeddable":true,"href":"https:\/\/lasprimeras.com.do\/index.php\/wp-json\/wp\/v2\/tags?post=57754"}],"curies":[{"name":"wp","href":"https:\/\/api.w.org\/{rel}","templated":true}]}}