{"id":57760,"date":"2023-08-15T20:48:13","date_gmt":"2023-08-16T00:48:13","guid":{"rendered":"https:\/\/lasprimeras.com.do\/?p=57760"},"modified":"2023-08-15T20:48:14","modified_gmt":"2023-08-16T00:48:14","slug":"celebran-primera-junta-de-regentes-del-iespec-de-la-jce","status":"publish","type":"post","link":"https:\/\/lasprimeras.com.do\/index.php\/2023\/08\/15\/celebran-primera-junta-de-regentes-del-iespec-de-la-jce\/","title":{"rendered":"Celebran primera Junta de Regentes del IESPEC de la JCE"},"content":{"rendered":"\n<p><strong>Designan a Felipe Carvajal de los Santos como rector interino del IESPEC<\/strong>.<\/p>\n\n\n\n<p>Qued\u00f3 instituida formalmente la primera Junta de Regentes del Instituto Especializado en Formaci\u00f3n Pol\u00edtica Electoral y del Estado Civil (IESPEC) de la Junta Central Electoral (JCE), seg\u00fan lo dispuesto en la resoluci\u00f3n 15-2023 de fecha 21 de abril del 2023, que dictara el Consejo Nacional de Educaci\u00f3n Superior, Ciencia y Tecnolog\u00eda (Conescyt).<\/p>\n\n\n\n<p>Forman parte de esta Junta de Regentes, el Pleno de la Junta Central Electoral (JCE), encabezado por su presidente, Rom\u00e1n Andr\u00e9s J\u00e1quez Liranzo y los miembros titulares, Rafael Armando Vallejo Santelises, Dolores Fern\u00e1ndez, Patricia Lorenzo y Samir Chami Isa.<\/p>\n\n\n\n<p>Seg\u00fan el estatuto org\u00e1nico en su art\u00edculo 17 del cap\u00edtulo V el \u00d3rgano de Gobierno es la Junta de Regentes, m\u00e1ximo \u00f3rgano del IESPEC, y en su primera sesi\u00f3n de trabajo esta Junta de Regentes design\u00f3 a Felipe Carvajal de los Santos, como rector interino del IESPEC; a Dalma Cruz Mirabal, Jos\u00e9 Lino Mart\u00ednez Reyes y Manuel Ram\u00f3n Pe\u00f1a Conce como miembros interinos en su calidad de personalidades con reconocida trayectoria acad\u00e9mica.<\/p>\n\n\n\n<p>De igual forma quedaron designados Daiyud Edivil Genoveva Bret\u00f3n Alba, como vicerrectora docente interina; Laura Casado Ortiz, vicerrectora de Investigaci\u00f3n y Posgrado de manera interina; Jos\u00e9 Juan Ram\u00edrez Segura, vicerrector Administrativo y Financiero interino; y finalmente designa a Aim\u00e9 Judith Issa Avil\u00e9s, secretaria interina de la Junta de Regentes y a Joel Nazario Rosario Gonz\u00e1lez, como secretario del Consejo Acad\u00e9mico Directivo del IESPEC de manera interina.<\/p>\n\n\n\n<p>La resoluci\u00f3n n\u00famero 15-2023, faculta al IESPEC a impartir programas y otorgar titulaciones en los niveles de grado (licenciaturas) y posgrados (especialidades y maestr\u00edas) en el \u00e1rea de Pol\u00edtica Electoral y Estado Civil.<\/p>\n\n\n\n<p>Los miembros de la Junta Regente del IESPEC designados a modo interino al ser juramentados, se comprometieron a dedicar sus esfuerzos para el desarrollo y logro de la misi\u00f3n, visi\u00f3n, valores y fines institucionales del instituto, a trav\u00e9s de una labor comprometida, con un alto nivel t\u00e9cnico, acad\u00e9mico y \u00e9tico que favorezca la materializaci\u00f3n de sus objetivos, los cuales se fundamentan en la educaci\u00f3n en favor de la democracia y la identidad.<\/p>\n\n\n\n<p>Con la conformaci\u00f3n de la primera Junta de Regentes del IESPEC y la designaci\u00f3n de las vicerrector\u00edas interinas, se inician formalmente los trabajos tendentes a poner en marcha las operaciones de este Instituto de Educaci\u00f3n Superior Especializado.<\/p>\n","protected":false},"excerpt":{"rendered":"<p>Designan a Felipe Carvajal de los Santos como rector interino del IESPEC. Qued\u00f3 instituida formalmente la primera Junta de Regentes del Instituto Especializado en Formaci\u00f3n Pol\u00edtica Electoral y del Estado&hellip;<\/p>\n","protected":false},"author":2,"featured_media":57761,"comment_status":"open","ping_status":"open","sticky":false,"template":"","format":"standard","meta":{"content-type":"","jetpack_post_was_ever_published":false,"_jetpack_newsletter_access":"","_jetpack_dont_email_post_to_subs":false,"_jetpack_newsletter_tier_id":0,"_jetpack_memberships_contains_paywalled_content":false,"_jetpack_memberships_contains_paid_content":false,"footnotes":""},"categories":[35,25],"tags":[6282,183,282,6283,6281],"class_list":["post-57760","post","type-post","status-publish","format-standard","has-post-thumbnail","hentry","category-nacionales","category-portada","tag-iespec","tag-jce","tag-junta","tag-regentes","tag-roman-jaquez-liranzo"],"jetpack_featured_media_url":"https:\/\/lasprimeras.com.do\/wp-content\/uploads\/2023\/08\/JCE-1.jpg","jetpack-related-posts":[{"id":87221,"url":"https:\/\/lasprimeras.com.do\/index.php\/2024\/08\/08\/jce-iespec-inician-primera-especialidad-en-administracion-politica-electoral\/","url_meta":{"origin":57760,"position":0},"title":"JCE-IESPEC inician primera especialidad en Administraci\u00f3n Pol\u00edtica Electoral","author":"Nelson Feliz","date":"8 de agosto de 2024","format":false,"excerpt":"La Junta Central Electoral (JCE), a trav\u00e9s del Instituto Especializado Superior en Formaci\u00f3n Pol\u00edtica Electoral y del Estado Civil (IESPEC), dio inicio a la primera Especialidad en Administraci\u00f3n Pol\u00edtica Electoral, dirigido a colaboradores de la entidad y miembros de la sociedad civil. La mesa de honor estuvo integrada por el\u2026","rel":"","context":"En \u00abNACIONALES\u00bb","block_context":{"text":"NACIONALES","link":"https:\/\/lasprimeras.com.do\/index.php\/category\/nacionales\/"},"img":{"alt_text":"Presidente de la JCE y de la Junta de regentes del IESPEC se dirige al p\u00fablico","src":"https:\/\/i0.wp.com\/lasprimeras.com.do\/wp-content\/uploads\/2024\/08\/Presidente-de-la-JCE-y-de-la-Junta-de-regentes-del-IESPEC-se-dirige-al-publico.jpg?resize=350%2C200&ssl=1","width":350,"height":200,"srcset":"https:\/\/i0.wp.com\/lasprimeras.com.do\/wp-content\/uploads\/2024\/08\/Presidente-de-la-JCE-y-de-la-Junta-de-regentes-del-IESPEC-se-dirige-al-publico.jpg?resize=350%2C200&ssl=1 1x, https:\/\/i0.wp.com\/lasprimeras.com.do\/wp-content\/uploads\/2024\/08\/Presidente-de-la-JCE-y-de-la-Junta-de-regentes-del-IESPEC-se-dirige-al-publico.jpg?resize=525%2C300&ssl=1 1.5x, https:\/\/i0.wp.com\/lasprimeras.com.do\/wp-content\/uploads\/2024\/08\/Presidente-de-la-JCE-y-de-la-Junta-de-regentes-del-IESPEC-se-dirige-al-publico.jpg?resize=700%2C400&ssl=1 2x"},"classes":[]},{"id":102537,"url":"https:\/\/lasprimeras.com.do\/index.php\/2025\/07\/06\/jce-iespec-gradua-en-administracion-electoral-a-200-miembros-de-organizaciones-politicas\/","url_meta":{"origin":57760,"position":1},"title":"JCE-IESPEC grad\u00faa en Administraci\u00f3n Electoral a 200 miembros de organizaciones pol\u00edticas","author":"Nelson Feliz","date":"6 de julio de 2025","format":false,"excerpt":"Anuncian Licenciatura en Administraci\u00f3n Electoral para el a\u00f1o 2026. La Junta Central Electoral (JCE), a trav\u00e9s del Instituto Especializado Superior en Formaci\u00f3n Pol\u00edtica Electoral y del Estado Civil (IESPEC), celebr\u00f3 este s\u00e1bado en el Auditorio de la instituci\u00f3n, la graduaci\u00f3n de 200 miembros de partidos, agrupaciones y movimientos pol\u00edticos, quienes\u2026","rel":"","context":"En \u00abNACIONALES\u00bb","block_context":{"text":"NACIONALES","link":"https:\/\/lasprimeras.com.do\/index.php\/category\/nacionales\/"},"img":{"alt_text":"","src":"https:\/\/i0.wp.com\/lasprimeras.com.do\/wp-content\/uploads\/2025\/07\/JCE-1.jpg?resize=350%2C200&ssl=1","width":350,"height":200,"srcset":"https:\/\/i0.wp.com\/lasprimeras.com.do\/wp-content\/uploads\/2025\/07\/JCE-1.jpg?resize=350%2C200&ssl=1 1x, https:\/\/i0.wp.com\/lasprimeras.com.do\/wp-content\/uploads\/2025\/07\/JCE-1.jpg?resize=525%2C300&ssl=1 1.5x, https:\/\/i0.wp.com\/lasprimeras.com.do\/wp-content\/uploads\/2025\/07\/JCE-1.jpg?resize=700%2C400&ssl=1 2x"},"classes":[]},{"id":90050,"url":"https:\/\/lasprimeras.com.do\/index.php\/2024\/10\/12\/jce-iespec-gradua-252-miembros-de-partidos-en-diplomado-especializado-en-administracion-electoral\/","url_meta":{"origin":57760,"position":2},"title":"JCE-IESPEC grad\u00faa 252 miembros de partidos en \u201cDiplomado Especializado en Administraci\u00f3n Electoral\u201d","author":"Nelson Feliz","date":"12 de octubre de 2024","format":false,"excerpt":"La Junta Central Electoral (JCE), a trav\u00e9s de su Instituto Especializado Superior en Formaci\u00f3n Pol\u00edtica Electoral y del Estado Civil (IESPEC) gradu\u00f3 este s\u00e1bado a 252 miembros de Partidos, Agrupaciones y Movimientos Pol\u00edticos en el \u201cDiplomado Especializado en Administraci\u00f3n Electoral\u201d. El acto estuvo encabezado por el presidente del Pleno de\u2026","rel":"","context":"En \u00abNACIONALES\u00bb","block_context":{"text":"NACIONALES","link":"https:\/\/lasprimeras.com.do\/index.php\/category\/nacionales\/"},"img":{"alt_text":"Rom\u00e1n Andr\u00e9s J\u00e1quez Liranzo","src":"https:\/\/i0.wp.com\/lasprimeras.com.do\/wp-content\/uploads\/2024\/10\/Roman-Andres-Jaquez-Liranzo-1.jpg?resize=350%2C200&ssl=1","width":350,"height":200,"srcset":"https:\/\/i0.wp.com\/lasprimeras.com.do\/wp-content\/uploads\/2024\/10\/Roman-Andres-Jaquez-Liranzo-1.jpg?resize=350%2C200&ssl=1 1x, https:\/\/i0.wp.com\/lasprimeras.com.do\/wp-content\/uploads\/2024\/10\/Roman-Andres-Jaquez-Liranzo-1.jpg?resize=525%2C300&ssl=1 1.5x, https:\/\/i0.wp.com\/lasprimeras.com.do\/wp-content\/uploads\/2024\/10\/Roman-Andres-Jaquez-Liranzo-1.jpg?resize=700%2C400&ssl=1 2x"},"classes":[]},{"id":75009,"url":"https:\/\/lasprimeras.com.do\/index.php\/2024\/01\/28\/capacitan-a-mas-de-200-fiscales-electorales-en-derecho-penal-electoral\/","url_meta":{"origin":57760,"position":3},"title":"Capacitan a m\u00e1s de 200 fiscales electorales en &#8220;Derecho Penal Electoral&#8221;","author":"Nelson Feliz","date":"28 de enero de 2024","format":false,"excerpt":"El Instituto Especializado Superior en Formaci\u00f3n Pol\u00edtica Electoral y del Estado Civil (IESPEC) y la Escuela Nacional del Ministerio P\u00fablico (IES-ENMP) dieron apertura el pasado s\u00e1bado al curso especializado en Derecho Penal Electoral dirigido a m\u00e1s de 200 fiscales a nivel nacional. La mesa de honor estuvo encabezada por el\u2026","rel":"","context":"En \u00abNACIONALES\u00bb","block_context":{"text":"NACIONALES","link":"https:\/\/lasprimeras.com.do\/index.php\/category\/nacionales\/"},"img":{"alt_text":"Rom\u00e1n Andr\u00e9s J\u00e1quez Liranzo","src":"https:\/\/i0.wp.com\/lasprimeras.com.do\/wp-content\/uploads\/2024\/01\/Roman-Andres-Jaquez-Liranzo-3.jpg?resize=350%2C200&ssl=1","width":350,"height":200,"srcset":"https:\/\/i0.wp.com\/lasprimeras.com.do\/wp-content\/uploads\/2024\/01\/Roman-Andres-Jaquez-Liranzo-3.jpg?resize=350%2C200&ssl=1 1x, https:\/\/i0.wp.com\/lasprimeras.com.do\/wp-content\/uploads\/2024\/01\/Roman-Andres-Jaquez-Liranzo-3.jpg?resize=525%2C300&ssl=1 1.5x, https:\/\/i0.wp.com\/lasprimeras.com.do\/wp-content\/uploads\/2024\/01\/Roman-Andres-Jaquez-Liranzo-3.jpg?resize=700%2C400&ssl=1 2x"},"classes":[]},{"id":80329,"url":"https:\/\/lasprimeras.com.do\/index.php\/2024\/04\/06\/jce-y-el-iespec-graduan-178-periodistas-y-comunicadores-sociales\/","url_meta":{"origin":57760,"position":4},"title":"JCE y el IESPEC grad\u00faan 178 periodistas y comunicadores sociales","author":"Nelson Feliz","date":"6 de abril de 2024","format":false,"excerpt":"Es el primer acto de graduaci\u00f3n, en calidad de instituto, que hace la escuela del \u00f3rgano electoral La Junta Central Electoral (JCE), a trav\u00e9s de su Instituto Especializado Superior en Formaci\u00f3n Pol\u00edtica Electoral y del Estado Civil (IESPEC), realiz\u00f3 este s\u00e1bado la graduaci\u00f3n del \u201cDiplomado Especializado en Administraci\u00f3n Electoral\u201d, a\u2026","rel":"","context":"En \u00abNACIONALES\u00bb","block_context":{"text":"NACIONALES","link":"https:\/\/lasprimeras.com.do\/index.php\/category\/nacionales\/"},"img":{"alt_text":"","src":"https:\/\/i0.wp.com\/lasprimeras.com.do\/wp-content\/uploads\/2024\/04\/Grad.-04.jpg?resize=350%2C200&ssl=1","width":350,"height":200,"srcset":"https:\/\/i0.wp.com\/lasprimeras.com.do\/wp-content\/uploads\/2024\/04\/Grad.-04.jpg?resize=350%2C200&ssl=1 1x, https:\/\/i0.wp.com\/lasprimeras.com.do\/wp-content\/uploads\/2024\/04\/Grad.-04.jpg?resize=525%2C300&ssl=1 1.5x, https:\/\/i0.wp.com\/lasprimeras.com.do\/wp-content\/uploads\/2024\/04\/Grad.-04.jpg?resize=700%2C400&ssl=1 2x"},"classes":[]},{"id":80440,"url":"https:\/\/lasprimeras.com.do\/index.php\/2024\/04\/08\/jce-y-el-iespec-graduan-178-periodistas-y-comunicadores-sociales-en-diplomado-especializado-en-administracion-electoral\/","url_meta":{"origin":57760,"position":5},"title":"JCE y el IESPEC grad\u00faan 178 periodistas y comunicadores sociales en \u201cDiplomado Especializado en Administraci\u00f3n Electoral\u201d","author":"BIMARY DE JES\u00daS Matos","date":"8 de abril de 2024","format":false,"excerpt":"Es el primer acto de graduaci\u00f3n, en calidad de instituto, que hace la escuela del \u00f3rgano electoral Santo Domingo, RD. - La Junta Central Electoral (JCE), a trav\u00e9s de su Instituto Especializado Superior en Formaci\u00f3n Pol\u00edtica Electoral y del Estado Civil (IESPEC), realiz\u00f3 este s\u00e1bado la graduaci\u00f3n del \u201cDiplomado Especializado\u2026","rel":"","context":"En \u00abECONOM\u00cdA\u00bb","block_context":{"text":"ECONOM\u00cdA","link":"https:\/\/lasprimeras.com.do\/index.php\/category\/economia\/"},"img":{"alt_text":"","src":"https:\/\/i0.wp.com\/lasprimeras.com.do\/wp-content\/uploads\/2024\/04\/IMG-20240408-WA0037.jpg?resize=350%2C200&ssl=1","width":350,"height":200,"srcset":"https:\/\/i0.wp.com\/lasprimeras.com.do\/wp-content\/uploads\/2024\/04\/IMG-20240408-WA0037.jpg?resize=350%2C200&ssl=1 1x, https:\/\/i0.wp.com\/lasprimeras.com.do\/wp-content\/uploads\/2024\/04\/IMG-20240408-WA0037.jpg?resize=525%2C300&ssl=1 1.5x, https:\/\/i0.wp.com\/lasprimeras.com.do\/wp-content\/uploads\/2024\/04\/IMG-20240408-WA0037.jpg?resize=700%2C400&ssl=1 2x, https:\/\/i0.wp.com\/lasprimeras.com.do\/wp-content\/uploads\/2024\/04\/IMG-20240408-WA0037.jpg?resize=1050%2C600&ssl=1 3x"},"classes":[]}],"jetpack_sharing_enabled":true,"_links":{"self":[{"href":"https:\/\/lasprimeras.com.do\/index.php\/wp-json\/wp\/v2\/posts\/57760","targetHints":{"allow":["GET"]}}],"collection":[{"href":"https:\/\/lasprimeras.com.do\/index.php\/wp-json\/wp\/v2\/posts"}],"about":[{"href":"https:\/\/lasprimeras.com.do\/index.php\/wp-json\/wp\/v2\/types\/post"}],"author":[{"embeddable":true,"href":"https:\/\/lasprimeras.com.do\/index.php\/wp-json\/wp\/v2\/users\/2"}],"replies":[{"embeddable":true,"href":"https:\/\/lasprimeras.com.do\/index.php\/wp-json\/wp\/v2\/comments?post=57760"}],"version-history":[{"count":1,"href":"https:\/\/lasprimeras.com.do\/index.php\/wp-json\/wp\/v2\/posts\/57760\/revisions"}],"predecessor-version":[{"id":57762,"href":"https:\/\/lasprimeras.com.do\/index.php\/wp-json\/wp\/v2\/posts\/57760\/revisions\/57762"}],"wp:featuredmedia":[{"embeddable":true,"href":"https:\/\/lasprimeras.com.do\/index.php\/wp-json\/wp\/v2\/media\/57761"}],"wp:attachment":[{"href":"https:\/\/lasprimeras.com.do\/index.php\/wp-json\/wp\/v2\/media?parent=57760"}],"wp:term":[{"taxonomy":"category","embeddable":true,"href":"https:\/\/lasprimeras.com.do\/index.php\/wp-json\/wp\/v2\/categories?post=57760"},{"taxonomy":"post_tag","embeddable":true,"href":"https:\/\/lasprimeras.com.do\/index.php\/wp-json\/wp\/v2\/tags?post=57760"}],"curies":[{"name":"wp","href":"https:\/\/api.w.org\/{rel}","templated":true}]}}