{"id":57766,"date":"2023-08-15T21:36:16","date_gmt":"2023-08-16T01:36:16","guid":{"rendered":"https:\/\/lasprimeras.com.do\/?p=57766"},"modified":"2023-08-15T21:36:18","modified_gmt":"2023-08-16T01:36:18","slug":"ministro-de-juventud-reafirma-su-apego-con-la-etica-y-transparencia","status":"publish","type":"post","link":"https:\/\/lasprimeras.com.do\/index.php\/2023\/08\/15\/ministro-de-juventud-reafirma-su-apego-con-la-etica-y-transparencia\/","title":{"rendered":"Ministro de Juventud reafirma su apego con la \u00e9tica y transparencia"},"content":{"rendered":"\n<p>El ministro de la Juventud, Rafael F\u00e9liz Garc\u00eda, firm\u00f3 la resoluci\u00f3n &#8220;Declaraci\u00f3n Institucional de Compromiso de M\u00e1xima Autoridad&#8221; n\u00famero MJ-001-2023 de compromiso \u00e9tico emanada por la Direcci\u00f3n General de \u00c9tica e Integridad Gubernamental(DIGEIG) bajo la gesti\u00f3n de Milagros Ortiz Bosch.<\/p>\n\n\n\n<p>F\u00e9liz Garc\u00eda acompa\u00f1ado de la Comisi\u00f3n de Integridad Gubernamental y Cumplimiento Normativo del Ministerio, la cual fue conformada mediante elecci\u00f3n en el mes de abril del a\u00f1o 2022, cumpliendo con el decreto n\u00famero 791-2021 sobre la declaratoria presidencial de alta prioridad.<\/p>\n\n\n\n<p>El titular de Juventud se mostr\u00f3 satisfecho de llevar a cabo la firma del documento y manifest\u00f3 que el acto no es solo la firma simb\u00f3lica, sino que representa el compromiso de cada uno de los colaboradores representados en los miembros de la Comisi\u00f3n de Integridad del ministerio.<\/p>\n\n\n\n<p>\u201cEste compromiso parte desde el primer escal\u00f3n de esta pir\u00e1mide hasta lo superior, es un compromiso que ustedes como Comisi\u00f3n de Integridad deben ejercer y ser ejemplo con sus comportamientos en cada uno de sus departamentos y grupos ocupacionales\u201d, destac\u00f3 F\u00e9liz.<\/p>\n\n\n\n<p>Adem\u00e1s, inform\u00f3 que, dentro del marco del fortalecimiento institucional, el Ministerio de la Juventud ha firmado la parte que concluye con el proceso de certificaci\u00f3n en la norma ISO 19001 del sistema de gesti\u00f3n de calidad y el cumplimiento regulatorio y antisoborno.<\/p>\n\n\n\n<p>Mediante la firma del compromiso de integridad, el ministro de la juventud se compromete a seguir velando por el cumplimiento normativo y prevenci\u00f3n de actos de corrupci\u00f3n, as\u00ed como fortalecer y promover la transparencia en cada uno de los procesos que le competen.<\/p>\n\n\n\n<p>Los miembros de la Comisi\u00f3n de Integridad Gubernamental y Cumplimiento Normativo son: Patricia Cid, Keifry Figuereo, Lissette Ogando, Luis Guirado, Flavia Ventura, V\u00edctor G\u00f3mez y Jos\u00e9 P\u00e9rez.<\/p>\n\n\n\n<p>La firma de esta declaratoria es de car\u00e1cter obligatorio en las instituciones p\u00fablicas, mediante la cual la m\u00e1xima autoridad se compromete a impulsar estrategias institucionales para su prevenci\u00f3n.<\/p>\n","protected":false},"excerpt":{"rendered":"<p>El ministro de la Juventud, Rafael F\u00e9liz Garc\u00eda, firm\u00f3 la resoluci\u00f3n &#8220;Declaraci\u00f3n Institucional de Compromiso de M\u00e1xima Autoridad&#8221; n\u00famero MJ-001-2023 de compromiso \u00e9tico emanada por la Direcci\u00f3n General de \u00c9tica&hellip;<\/p>\n","protected":false},"author":2,"featured_media":57767,"comment_status":"open","ping_status":"open","sticky":false,"template":"","format":"standard","meta":{"content-type":"","jetpack_post_was_ever_published":false,"_jetpack_newsletter_access":"","_jetpack_dont_email_post_to_subs":false,"_jetpack_newsletter_tier_id":0,"_jetpack_memberships_contains_paywalled_content":false,"_jetpack_memberships_contains_paid_content":false,"footnotes":""},"categories":[35,25],"tags":[562,6287,6288,2884,2479,373,898],"class_list":["post-57766","post","type-post","status-publish","format-standard","has-post-thumbnail","hentry","category-nacionales","category-portada","tag-compromiso","tag-declaracion","tag-digeig","tag-etica","tag-juventud","tag-ministro","tag-transparencia"],"jetpack_featured_media_url":"https:\/\/lasprimeras.com.do\/wp-content\/uploads\/2023\/08\/Ministro-de-Juventud-reafirma-su-apego-con-la-etica-y-transparencia_-firma-Declaracion-de-Compromiso.jpg","jetpack-related-posts":[{"id":63353,"url":"https:\/\/lasprimeras.com.do\/index.php\/2023\/10\/11\/abinader-insta-a-jovenes-convertirse-en-guardianes-de-la-transparencia-honestidad-e-integridad\/","url_meta":{"origin":57766,"position":0},"title":"Abinader insta a j\u00f3venes convertirse en guardianes de la transparencia, honestidad e integridad","author":"Nelson Feliz","date":"11 de octubre de 2023","format":false,"excerpt":"El ministro de la Juventud califica al presidente Abinader como \u201cun verdadero referente de \u00e9tica y transparencia. El presiente Luis Abinader al encabezar el primer Congreso de \u00c9tica y Juventud, organizado por el Ministerio de la Juventud, hizo un llamado a los j\u00f3venes para que se conviertan en guardianes de\u2026","rel":"","context":"En \u00abNACIONALES\u00bb","block_context":{"text":"NACIONALES","link":"https:\/\/lasprimeras.com.do\/index.php\/category\/nacionales\/"},"img":{"alt_text":"Luis Abinader","src":"https:\/\/i0.wp.com\/lasprimeras.com.do\/wp-content\/uploads\/2023\/10\/Luis-Abinader-8.jpg?resize=350%2C200&ssl=1","width":350,"height":200,"srcset":"https:\/\/i0.wp.com\/lasprimeras.com.do\/wp-content\/uploads\/2023\/10\/Luis-Abinader-8.jpg?resize=350%2C200&ssl=1 1x, https:\/\/i0.wp.com\/lasprimeras.com.do\/wp-content\/uploads\/2023\/10\/Luis-Abinader-8.jpg?resize=525%2C300&ssl=1 1.5x, https:\/\/i0.wp.com\/lasprimeras.com.do\/wp-content\/uploads\/2023\/10\/Luis-Abinader-8.jpg?resize=700%2C400&ssl=1 2x"},"classes":[]},{"id":104495,"url":"https:\/\/lasprimeras.com.do\/index.php\/2025\/07\/24\/idoppril-y-digeig-firman-compromiso-estrategico-para-prevencion-de-corrupcion-administrativa\/","url_meta":{"origin":57766,"position":1},"title":"IDOPPRIL y DIGEIG firman Compromiso Estrat\u00e9gico para Prevenci\u00f3n de Corrupci\u00f3n Administrativa","author":"Nelson Feliz","date":"24 de julio de 2025","format":false,"excerpt":"Mediante esta iniciativa, el \u00f3rgano asegurador refuerza sus acciones en favor de la \u00e9tica y la transparencia en la gesti\u00f3n p\u00fablica. El Instituto Dominicano de Prevenci\u00f3n y Protecci\u00f3n de Riesgos Laborales (IDOPPRIL) y la Direcci\u00f3n General de \u00c9tica e Integridad Gubernamental (DIGEIG) suscribieron el Compromiso Estrat\u00e9gico de Integridad y Prevenci\u00f3n\u2026","rel":"","context":"En \u00abECONOM\u00cdA\u00bb","block_context":{"text":"ECONOM\u00cdA","link":"https:\/\/lasprimeras.com.do\/index.php\/category\/economia\/"},"img":{"alt_text":"","src":"https:\/\/i0.wp.com\/lasprimeras.com.do\/wp-content\/uploads\/2025\/07\/IDOPPRIL-y-DIGEIG.jpg?resize=350%2C200&ssl=1","width":350,"height":200,"srcset":"https:\/\/i0.wp.com\/lasprimeras.com.do\/wp-content\/uploads\/2025\/07\/IDOPPRIL-y-DIGEIG.jpg?resize=350%2C200&ssl=1 1x, https:\/\/i0.wp.com\/lasprimeras.com.do\/wp-content\/uploads\/2025\/07\/IDOPPRIL-y-DIGEIG.jpg?resize=525%2C300&ssl=1 1.5x, https:\/\/i0.wp.com\/lasprimeras.com.do\/wp-content\/uploads\/2025\/07\/IDOPPRIL-y-DIGEIG.jpg?resize=700%2C400&ssl=1 2x"},"classes":[]},{"id":88205,"url":"https:\/\/lasprimeras.com.do\/index.php\/2024\/08\/23\/abinader-y-vicepresidenta-encabezan-consejo-de-ministros-y-directores-y-tratan-sobre-la-etica\/","url_meta":{"origin":57766,"position":2},"title":"Abinader y vicepresidenta encabezan Consejo de Ministros y Directores y tratan sobre la \u00e9tica","author":"Nelson Feliz","date":"23 de agosto de 2024","format":false,"excerpt":"Fue un llamado general a continuar con m\u00e1s transparencia, m\u00e1s compromiso, y m\u00e1s identificaci\u00f3n del funcionario p\u00fablico con las mejores pr\u00e1cticas y el mejor de los comportamientos en el devenir de sus funciones. El presidente Luis Abinader y la vicepresidenta Raquel Pe\u00f1a encabezaron este viernes el primer Consejo de Ministros\u2026","rel":"","context":"En \u00abNACIONALES\u00bb","block_context":{"text":"NACIONALES","link":"https:\/\/lasprimeras.com.do\/index.php\/category\/nacionales\/"},"img":{"alt_text":"Luis Abinader","src":"https:\/\/i0.wp.com\/lasprimeras.com.do\/wp-content\/uploads\/2024\/08\/Luis-Abinader-2-1.jpg?resize=350%2C200&ssl=1","width":350,"height":200,"srcset":"https:\/\/i0.wp.com\/lasprimeras.com.do\/wp-content\/uploads\/2024\/08\/Luis-Abinader-2-1.jpg?resize=350%2C200&ssl=1 1x, https:\/\/i0.wp.com\/lasprimeras.com.do\/wp-content\/uploads\/2024\/08\/Luis-Abinader-2-1.jpg?resize=525%2C300&ssl=1 1.5x, https:\/\/i0.wp.com\/lasprimeras.com.do\/wp-content\/uploads\/2024\/08\/Luis-Abinader-2-1.jpg?resize=700%2C400&ssl=1 2x"},"classes":[]},{"id":89829,"url":"https:\/\/lasprimeras.com.do\/index.php\/2024\/10\/06\/digeig-reconoce-al-inespre-por-cumplir-estandares-en-transparencia\/","url_meta":{"origin":57766,"position":3},"title":"DIGEIG reconoce al Inespre por cumplir est\u00e1ndares en transparencia","author":"Nelson Feliz","date":"6 de octubre de 2024","format":false,"excerpt":"Se posicion\u00f3 entre las 24 instituciones que superaron el 99% del ranking en transparencia. La Direcci\u00f3n General de \u00c9tica e Integridad Gubernamental (DIGEIG) otorg\u00f3 un reconocimiento al Instituto de Estabilizaci\u00f3n de Precios (Inespre) por haber cumplido los est\u00e1ndares en el ranking de transparencia y garantizar el derecho de libre acceso\u2026","rel":"","context":"En \u00abECONOM\u00cdA\u00bb","block_context":{"text":"ECONOM\u00cdA","link":"https:\/\/lasprimeras.com.do\/index.php\/category\/economia\/"},"img":{"alt_text":"DIGEIG","src":"https:\/\/i0.wp.com\/lasprimeras.com.do\/wp-content\/uploads\/2024\/10\/DIGEIG.jpg?resize=350%2C200&ssl=1","width":350,"height":200,"srcset":"https:\/\/i0.wp.com\/lasprimeras.com.do\/wp-content\/uploads\/2024\/10\/DIGEIG.jpg?resize=350%2C200&ssl=1 1x, https:\/\/i0.wp.com\/lasprimeras.com.do\/wp-content\/uploads\/2024\/10\/DIGEIG.jpg?resize=525%2C300&ssl=1 1.5x, https:\/\/i0.wp.com\/lasprimeras.com.do\/wp-content\/uploads\/2024\/10\/DIGEIG.jpg?resize=700%2C400&ssl=1 2x"},"classes":[]},{"id":107564,"url":"https:\/\/lasprimeras.com.do\/index.php\/2025\/08\/28\/garcia-fermin-reafirma-compromiso-del-mescyt-con-la-etica-y-transparencia\/","url_meta":{"origin":57766,"position":4},"title":"Garc\u00eda Ferm\u00edn reafirma compromiso del MESCyT con la \u00e9tica y transparencia","author":"Nelson Feliz","date":"28 de agosto de 2025","format":false,"excerpt":"MESCyT impulsa cultura de integridad y anticorrupci\u00f3n en la administraci\u00f3n p\u00fablica. El ministro de Educaci\u00f3n Superior, Ciencia y Tecnolog\u00eda (MESCyT), doctor Franklin Garc\u00eda Ferm\u00edn, destac\u00f3 el compromiso de la instituci\u00f3n con la transparencia, la \u00e9tica y el fortalecimiento del buen gobierno, al dejar conformada la Comisi\u00f3n de Integridad Gubernamental y\u2026","rel":"","context":"En \u00abNACIONALES\u00bb","block_context":{"text":"NACIONALES","link":"https:\/\/lasprimeras.com.do\/index.php\/category\/nacionales\/"},"img":{"alt_text":"","src":"https:\/\/i0.wp.com\/lasprimeras.com.do\/wp-content\/uploads\/2025\/08\/Franklin-Garcia-Fermin-1.jpg?resize=350%2C200&ssl=1","width":350,"height":200,"srcset":"https:\/\/i0.wp.com\/lasprimeras.com.do\/wp-content\/uploads\/2025\/08\/Franklin-Garcia-Fermin-1.jpg?resize=350%2C200&ssl=1 1x, https:\/\/i0.wp.com\/lasprimeras.com.do\/wp-content\/uploads\/2025\/08\/Franklin-Garcia-Fermin-1.jpg?resize=525%2C300&ssl=1 1.5x, https:\/\/i0.wp.com\/lasprimeras.com.do\/wp-content\/uploads\/2025\/08\/Franklin-Garcia-Fermin-1.jpg?resize=700%2C400&ssl=1 2x"},"classes":[]},{"id":79351,"url":"https:\/\/lasprimeras.com.do\/index.php\/2024\/03\/26\/digeig-reconoce-a-la-dncd-por-cumplir-ranking-de-transparencia\/","url_meta":{"origin":57766,"position":5},"title":"DIGEIG reconoce a la DNCD por cumplir ranking de transparencia","author":"BIMARY DE JES\u00daS Matos","date":"26 de marzo de 2024","format":false,"excerpt":"Martin Restituyo Santo Domingo.- La Direcci\u00f3n General de \u00c9tica e Integridad Gubernamental (Digeig), organismo que dirige la doctora Milagros Ortiz Bosch, reconoci\u00f3 a la Direcci\u00f3n Nacional de Control de Drogas (DNCD), por cumplir con los est\u00e1ndares en el ranking de transparencia y por garantizar el derecho del libre acceso a\u2026","rel":"","context":"En \u00abNACIONALES\u00bb","block_context":{"text":"NACIONALES","link":"https:\/\/lasprimeras.com.do\/index.php\/category\/nacionales\/"},"img":{"alt_text":"","src":"https:\/\/i0.wp.com\/lasprimeras.com.do\/wp-content\/uploads\/2024\/03\/IMG-20240326-WA0007.jpg?resize=350%2C200&ssl=1","width":350,"height":200,"srcset":"https:\/\/i0.wp.com\/lasprimeras.com.do\/wp-content\/uploads\/2024\/03\/IMG-20240326-WA0007.jpg?resize=350%2C200&ssl=1 1x, https:\/\/i0.wp.com\/lasprimeras.com.do\/wp-content\/uploads\/2024\/03\/IMG-20240326-WA0007.jpg?resize=525%2C300&ssl=1 1.5x, https:\/\/i0.wp.com\/lasprimeras.com.do\/wp-content\/uploads\/2024\/03\/IMG-20240326-WA0007.jpg?resize=700%2C400&ssl=1 2x, https:\/\/i0.wp.com\/lasprimeras.com.do\/wp-content\/uploads\/2024\/03\/IMG-20240326-WA0007.jpg?resize=1050%2C600&ssl=1 3x, https:\/\/i0.wp.com\/lasprimeras.com.do\/wp-content\/uploads\/2024\/03\/IMG-20240326-WA0007.jpg?resize=1400%2C800&ssl=1 4x"},"classes":[]}],"jetpack_sharing_enabled":true,"_links":{"self":[{"href":"https:\/\/lasprimeras.com.do\/index.php\/wp-json\/wp\/v2\/posts\/57766","targetHints":{"allow":["GET"]}}],"collection":[{"href":"https:\/\/lasprimeras.com.do\/index.php\/wp-json\/wp\/v2\/posts"}],"about":[{"href":"https:\/\/lasprimeras.com.do\/index.php\/wp-json\/wp\/v2\/types\/post"}],"author":[{"embeddable":true,"href":"https:\/\/lasprimeras.com.do\/index.php\/wp-json\/wp\/v2\/users\/2"}],"replies":[{"embeddable":true,"href":"https:\/\/lasprimeras.com.do\/index.php\/wp-json\/wp\/v2\/comments?post=57766"}],"version-history":[{"count":1,"href":"https:\/\/lasprimeras.com.do\/index.php\/wp-json\/wp\/v2\/posts\/57766\/revisions"}],"predecessor-version":[{"id":57768,"href":"https:\/\/lasprimeras.com.do\/index.php\/wp-json\/wp\/v2\/posts\/57766\/revisions\/57768"}],"wp:featuredmedia":[{"embeddable":true,"href":"https:\/\/lasprimeras.com.do\/index.php\/wp-json\/wp\/v2\/media\/57767"}],"wp:attachment":[{"href":"https:\/\/lasprimeras.com.do\/index.php\/wp-json\/wp\/v2\/media?parent=57766"}],"wp:term":[{"taxonomy":"category","embeddable":true,"href":"https:\/\/lasprimeras.com.do\/index.php\/wp-json\/wp\/v2\/categories?post=57766"},{"taxonomy":"post_tag","embeddable":true,"href":"https:\/\/lasprimeras.com.do\/index.php\/wp-json\/wp\/v2\/tags?post=57766"}],"curies":[{"name":"wp","href":"https:\/\/api.w.org\/{rel}","templated":true}]}}