{"id":57794,"date":"2023-08-15T10:32:00","date_gmt":"2023-08-15T14:32:00","guid":{"rendered":"https:\/\/lasprimeras.com.do\/?p=57794"},"modified":"2023-08-15T22:35:26","modified_gmt":"2023-08-16T02:35:26","slug":"cruz-roja-dominicana-solicita-rectificacion-sobre-explosion-en-san-cristobal","status":"publish","type":"post","link":"https:\/\/lasprimeras.com.do\/index.php\/2023\/08\/15\/cruz-roja-dominicana-solicita-rectificacion-sobre-explosion-en-san-cristobal\/","title":{"rendered":"Cruz Roja Dominicana solicita rectificaci\u00f3n sobre explosi\u00f3n en San Crist\u00f3bal"},"content":{"rendered":"\n<p>La Cruz Roja Dominicana aclara que la informaci\u00f3n que circula en grupos de WhatsApp, que ofrece detalles sobre la cantidad de heridos y fallecidos como consecuencia de la explosi\u00f3n en San Crist\u00f3bal, no fue divulgada por nuestra instituci\u00f3n. <\/p>\n\n\n\n<p>Advertimos a la poblaci\u00f3n y a los medios de comunicaci\u00f3n que no conocemos qui\u00e9n o qui\u00e9nes la difundieron.<\/p>\n\n\n\n<p>A la prensa que haya utilizado esa informaci\u00f3n falsa para su cobertura, les rogamos que hagan la correcci\u00f3n del caso y retiren a la Cruz Roja como fuente en las notas publicadas en su sitio web o cualquier otra plataforma donde est\u00e9 disponible.<\/p>\n\n\n\n<p>El rol de la Cruz Roja en Rep\u00fablica Dominicana es servir de auxiliar de los poderes del Estado prestando asistencia humanitaria en situaciones de emergencia o desastre, como la que tristemente vive San Crist\u00f3bal. <\/p>\n\n\n\n<p>No nos corresponde ejercer vocer\u00eda, esto recae sobre las autoridades del pa\u00eds.<\/p>\n","protected":false},"excerpt":{"rendered":"<p>La Cruz Roja Dominicana aclara que la informaci\u00f3n que circula en grupos de WhatsApp, que ofrece detalles sobre la cantidad de heridos y fallecidos como consecuencia de la explosi\u00f3n en&hellip;<\/p>\n","protected":false},"author":2,"featured_media":57653,"comment_status":"open","ping_status":"open","sticky":false,"template":"","format":"standard","meta":{"content-type":"","jetpack_post_was_ever_published":false,"_jetpack_newsletter_access":"","_jetpack_dont_email_post_to_subs":false,"_jetpack_newsletter_tier_id":0,"_jetpack_memberships_contains_paywalled_content":false,"_jetpack_memberships_contains_paid_content":false,"footnotes":""},"categories":[35],"tags":[3536,1109,2261,651],"class_list":["post-57794","post","type-post","status-publish","format-standard","has-post-thumbnail","hentry","category-nacionales","tag-cruz-roja-dominicana","tag-explosion","tag-rectificacion","tag-san-cristobal"],"jetpack_featured_media_url":"https:\/\/lasprimeras.com.do\/wp-content\/uploads\/2023\/08\/explosion.jpeg","jetpack-related-posts":[{"id":69932,"url":"https:\/\/lasprimeras.com.do\/index.php\/2023\/12\/06\/crd-celebra-dia-del-voluntariado-y-cierra-el-2023-con-11-mil-voluntarios\/","url_meta":{"origin":57794,"position":0},"title":"CRD celebra &#8220;D\u00eda del voluntariado&#8221; y cierra el 2023 con 11 mil voluntarios","author":"Nelson Feliz","date":"6 de diciembre de 2023","format":false,"excerpt":"Por Martin Restituyo La Cruz Roja Dominicana concluye el presente a\u00f1o con 11 mil voluntarios, diseminados en las 126 filiales focalizadas en distritos y municipios de todas las provincias del pa\u00eds. El presidente de la instituci\u00f3n sin fines de lucro, doctor Miguel Sanz Flores, inform\u00f3 que la entidad dispone de\u2026","rel":"","context":"En \u00abNACIONALES\u00bb","block_context":{"text":"NACIONALES","link":"https:\/\/lasprimeras.com.do\/index.php\/category\/nacionales\/"},"img":{"alt_text":"Miguel Sanz Flores","src":"https:\/\/i0.wp.com\/lasprimeras.com.do\/wp-content\/uploads\/2023\/12\/Miguel-Sanz-Flores.jpg?resize=350%2C200&ssl=1","width":350,"height":200,"srcset":"https:\/\/i0.wp.com\/lasprimeras.com.do\/wp-content\/uploads\/2023\/12\/Miguel-Sanz-Flores.jpg?resize=350%2C200&ssl=1 1x, https:\/\/i0.wp.com\/lasprimeras.com.do\/wp-content\/uploads\/2023\/12\/Miguel-Sanz-Flores.jpg?resize=525%2C300&ssl=1 1.5x"},"classes":[]},{"id":57729,"url":"https:\/\/lasprimeras.com.do\/index.php\/2023\/08\/15\/osiris-de-leon-dice-esa-explosion-la-produjo-un-escape-de-gas\/","url_meta":{"origin":57794,"position":1},"title":"Osiris de Le\u00f3n dice esa explosi\u00f3n la produjo un escape de gas","author":"Nelson Feliz","date":"15 de agosto de 2023","format":false,"excerpt":"El ge\u00f3logo y ambientalista Osiris de Le\u00f3n, \u00a0sostuvo que este lunes el centro de la provincia de San Crist\u00f3bal, fue estremecido por una gran explosi\u00f3n que se produjo por el escape en un tanque de gas (GLP). De Le\u00f3n, sostuvo que el nivel de destrucci\u00f3n estructural que se evidencia y\u2026","rel":"","context":"En \u00abNACIONALES\u00bb","block_context":{"text":"NACIONALES","link":"https:\/\/lasprimeras.com.do\/index.php\/category\/nacionales\/"},"img":{"alt_text":"Osiris de Leon","src":"https:\/\/i0.wp.com\/lasprimeras.com.do\/wp-content\/uploads\/2023\/07\/Osiris-de-Leon.jpg?resize=350%2C200&ssl=1","width":350,"height":200,"srcset":"https:\/\/i0.wp.com\/lasprimeras.com.do\/wp-content\/uploads\/2023\/07\/Osiris-de-Leon.jpg?resize=350%2C200&ssl=1 1x, https:\/\/i0.wp.com\/lasprimeras.com.do\/wp-content\/uploads\/2023\/07\/Osiris-de-Leon.jpg?resize=525%2C300&ssl=1 1.5x, https:\/\/i0.wp.com\/lasprimeras.com.do\/wp-content\/uploads\/2023\/07\/Osiris-de-Leon.jpg?resize=700%2C400&ssl=1 2x"},"classes":[]},{"id":60504,"url":"https:\/\/lasprimeras.com.do\/index.php\/2023\/09\/14\/mas-rd71-millones-han-sido-recolectados-para-afectados-e-instituciones-por-explosion-en-san-cristobal\/","url_meta":{"origin":57794,"position":2},"title":"M\u00e1s RD$71 millones han sido recolectados para afectados e instituciones por explosi\u00f3n en San Crist\u00f3bal","author":"Nelson Feliz","date":"14 de septiembre de 2023","format":false,"excerpt":"A un mes de la explosi\u00f3n que dej\u00f3 38 v\u00edctimas mortales y 58 heridos, el Comit\u00e9 \"Unidos por San Crist\u00f3bal\" ofreci\u00f3 una rueda de prensa para detallar todos los recursos recibidos para ayudar a las familias de las v\u00edctimas y las deficiencias en los organismos de rescate. Jos\u00e9 Victoriano, rector\u2026","rel":"","context":"En \u00abECONOM\u00cdA\u00bb","block_context":{"text":"ECONOM\u00cdA","link":"https:\/\/lasprimeras.com.do\/index.php\/category\/economia\/"},"img":{"alt_text":"Jos\u00e9 Victoriano, rector del Polit\u00e9cnico Loyola","src":"https:\/\/i0.wp.com\/lasprimeras.com.do\/wp-content\/uploads\/2023\/09\/Jose-Victoriano-rector-del-Politecnico-Loyola.jpg?resize=350%2C200&ssl=1","width":350,"height":200,"srcset":"https:\/\/i0.wp.com\/lasprimeras.com.do\/wp-content\/uploads\/2023\/09\/Jose-Victoriano-rector-del-Politecnico-Loyola.jpg?resize=350%2C200&ssl=1 1x, https:\/\/i0.wp.com\/lasprimeras.com.do\/wp-content\/uploads\/2023\/09\/Jose-Victoriano-rector-del-Politecnico-Loyola.jpg?resize=525%2C300&ssl=1 1.5x, https:\/\/i0.wp.com\/lasprimeras.com.do\/wp-content\/uploads\/2023\/09\/Jose-Victoriano-rector-del-Politecnico-Loyola.jpg?resize=700%2C400&ssl=1 2x"},"classes":[]},{"id":57850,"url":"https:\/\/lasprimeras.com.do\/index.php\/2023\/08\/16\/presidente-abinader-dispone-ayuda-total-a-afectados-en-explosion-en-san-cristobal\/","url_meta":{"origin":57794,"position":3},"title":"Presidente Abinader dispone ayuda total a afectados en explosi\u00f3n en San Crist\u00f3bal","author":"Nelson Feliz","date":"16 de agosto de 2023","format":false,"excerpt":"Mandatario se re\u00fane con autoridades locales de San Crist\u00f3bal y funcionarios del \u00e1rea gobierno central. El presidente Luis Abinader junto a la vicepresidenta Raquel Pe\u00f1a, inform\u00f3 que el Gobierno dispondr\u00e1 de la ayuda total a los afectados de la explosi\u00f3n del pasado lunes en la provincia San Crist\u00f3bal. El mandatario\u2026","rel":"","context":"En \u00abNACIONALES\u00bb","block_context":{"text":"NACIONALES","link":"https:\/\/lasprimeras.com.do\/index.php\/category\/nacionales\/"},"img":{"alt_text":"Luis Abinader","src":"https:\/\/i0.wp.com\/lasprimeras.com.do\/wp-content\/uploads\/2023\/08\/GOBIERNO-1.jpg?resize=350%2C200&ssl=1","width":350,"height":200,"srcset":"https:\/\/i0.wp.com\/lasprimeras.com.do\/wp-content\/uploads\/2023\/08\/GOBIERNO-1.jpg?resize=350%2C200&ssl=1 1x, https:\/\/i0.wp.com\/lasprimeras.com.do\/wp-content\/uploads\/2023\/08\/GOBIERNO-1.jpg?resize=525%2C300&ssl=1 1.5x, https:\/\/i0.wp.com\/lasprimeras.com.do\/wp-content\/uploads\/2023\/08\/GOBIERNO-1.jpg?resize=700%2C400&ssl=1 2x"},"classes":[]},{"id":114477,"url":"https:\/\/lasprimeras.com.do\/index.php\/2025\/11\/14\/union-de-ligas-inaugura-torneos-de-beisbol-en-provincias-rd-dominicano-ny-valora-y-apoya\/","url_meta":{"origin":57794,"position":4},"title":"Uni\u00f3n de Ligas inaugura torneos de b\u00e9isbol en provincias RD; dominicano NY valora y apoya","author":"Nelson Feliz","date":"14 de noviembre de 2025","format":false,"excerpt":"Por Ram\u00f3n Mercedes NUEVA YORK.- La Uni\u00f3n de Ligas de B\u00e9isbol de la Rep\u00fablica Dominicana, que dirige el Nelvin Taveras, inaugur\u00f3 recientemente tres importantes torneos de b\u00e9isbol en las provincias de San Crist\u00f3bal, Santo Domingo y Moca, en las categor\u00edas 13 a14 a\u00f1os. El empresario, deportista y l\u00edder comunitario en\u2026","rel":"","context":"En \u00abDEPORTES\u00bb","block_context":{"text":"DEPORTES","link":"https:\/\/lasprimeras.com.do\/index.php\/category\/deportes\/"},"img":{"alt_text":"","src":"https:\/\/i0.wp.com\/lasprimeras.com.do\/wp-content\/uploads\/2025\/11\/WhatsApp-Image-2025-11-14-at-8.14.06-AM-1.jpeg?resize=350%2C200&ssl=1","width":350,"height":200,"srcset":"https:\/\/i0.wp.com\/lasprimeras.com.do\/wp-content\/uploads\/2025\/11\/WhatsApp-Image-2025-11-14-at-8.14.06-AM-1.jpeg?resize=350%2C200&ssl=1 1x, https:\/\/i0.wp.com\/lasprimeras.com.do\/wp-content\/uploads\/2025\/11\/WhatsApp-Image-2025-11-14-at-8.14.06-AM-1.jpeg?resize=525%2C300&ssl=1 1.5x"},"classes":[]},{"id":58600,"url":"https:\/\/lasprimeras.com.do\/index.php\/2023\/08\/25\/senado-donara-rd-3-millones-para-asistencia-a-victimas-de-la-explosion-de-san-cristobal\/","url_meta":{"origin":57794,"position":5},"title":"Senado donar\u00e1 RD$ 3 millones para asistencia a v\u00edctimas de la explosi\u00f3n de San Crist\u00f3bal","author":"Nelson Feliz","date":"25 de agosto de 2023","format":false,"excerpt":"El Senado de la Rep\u00fablica aprob\u00f3 donar tres millones de pesos para las labores de ayuda y asistencia a las v\u00edctimas de la explosi\u00f3n en San Crist\u00f3bal, tr\u00e1gico evento ocurrido el pasado 14 de agosto. Mediante la Resoluci\u00f3n, propuesta por el senador Franklin Rodr\u00edguez, se estableci\u00f3 que los fondos ser\u00e1n\u2026","rel":"","context":"En \u00abECONOM\u00cdA\u00bb","block_context":{"text":"ECONOM\u00cdA","link":"https:\/\/lasprimeras.com.do\/index.php\/category\/economia\/"},"img":{"alt_text":"Senado de la Rep\u00fablica","src":"https:\/\/i0.wp.com\/lasprimeras.com.do\/wp-content\/uploads\/2023\/08\/senado-1-2.jpg?resize=350%2C200&ssl=1","width":350,"height":200,"srcset":"https:\/\/i0.wp.com\/lasprimeras.com.do\/wp-content\/uploads\/2023\/08\/senado-1-2.jpg?resize=350%2C200&ssl=1 1x, https:\/\/i0.wp.com\/lasprimeras.com.do\/wp-content\/uploads\/2023\/08\/senado-1-2.jpg?resize=525%2C300&ssl=1 1.5x, https:\/\/i0.wp.com\/lasprimeras.com.do\/wp-content\/uploads\/2023\/08\/senado-1-2.jpg?resize=700%2C400&ssl=1 2x"},"classes":[]}],"jetpack_sharing_enabled":true,"_links":{"self":[{"href":"https:\/\/lasprimeras.com.do\/index.php\/wp-json\/wp\/v2\/posts\/57794","targetHints":{"allow":["GET"]}}],"collection":[{"href":"https:\/\/lasprimeras.com.do\/index.php\/wp-json\/wp\/v2\/posts"}],"about":[{"href":"https:\/\/lasprimeras.com.do\/index.php\/wp-json\/wp\/v2\/types\/post"}],"author":[{"embeddable":true,"href":"https:\/\/lasprimeras.com.do\/index.php\/wp-json\/wp\/v2\/users\/2"}],"replies":[{"embeddable":true,"href":"https:\/\/lasprimeras.com.do\/index.php\/wp-json\/wp\/v2\/comments?post=57794"}],"version-history":[{"count":1,"href":"https:\/\/lasprimeras.com.do\/index.php\/wp-json\/wp\/v2\/posts\/57794\/revisions"}],"predecessor-version":[{"id":57795,"href":"https:\/\/lasprimeras.com.do\/index.php\/wp-json\/wp\/v2\/posts\/57794\/revisions\/57795"}],"wp:featuredmedia":[{"embeddable":true,"href":"https:\/\/lasprimeras.com.do\/index.php\/wp-json\/wp\/v2\/media\/57653"}],"wp:attachment":[{"href":"https:\/\/lasprimeras.com.do\/index.php\/wp-json\/wp\/v2\/media?parent=57794"}],"wp:term":[{"taxonomy":"category","embeddable":true,"href":"https:\/\/lasprimeras.com.do\/index.php\/wp-json\/wp\/v2\/categories?post=57794"},{"taxonomy":"post_tag","embeddable":true,"href":"https:\/\/lasprimeras.com.do\/index.php\/wp-json\/wp\/v2\/tags?post=57794"}],"curies":[{"name":"wp","href":"https:\/\/api.w.org\/{rel}","templated":true}]}}