{"id":57796,"date":"2023-08-15T22:41:59","date_gmt":"2023-08-16T02:41:59","guid":{"rendered":"https:\/\/lasprimeras.com.do\/?p=57796"},"modified":"2023-08-15T22:42:01","modified_gmt":"2023-08-16T02:42:01","slug":"alcaldia-san-cristobal-declara-tres-dias-de-duelo-por-muertos-heridos-y-desaparecidos-en-explosion","status":"publish","type":"post","link":"https:\/\/lasprimeras.com.do\/index.php\/2023\/08\/15\/alcaldia-san-cristobal-declara-tres-dias-de-duelo-por-muertos-heridos-y-desaparecidos-en-explosion\/","title":{"rendered":"Alcald\u00eda San Crist\u00f3bal declara tres d\u00edas de duelo por muertos, heridos y desaparecidos en explosi\u00f3n"},"content":{"rendered":"\n<p>La Alcald\u00eda del municipio de San Crist\u00f3bal declar\u00f3 tres d\u00edas de duelo en memoria de los fallecidos en la explosi\u00f3n ocurrida la tarde de este lunes en esta ciudad; adem\u00e1s declar\u00f3 como zona de desastre el lugar donde ocurri\u00f3 el siniestro.<\/p>\n\n\n\n<p>A consecuencia del incidente, el presidente Luis Abinader visit\u00f3 esta ciudad en la ma\u00f1ana de hoy y permaneci\u00f3 por alrededor de una hora, lo que aprovech\u00f3 para hacer un recorrido por la zona del desastre y luego se reuni\u00f3 con las principales autoridades del municipio.<\/p>\n\n\n\n<p>La medida aprobada a unanimidad por el Concejo de Regidores reunido en sesi\u00f3n extraordinaria este martes, fue el \u00fanico punto en la agenda.<\/p>\n\n\n\n<p>Por otra parte, el alcalde Jos\u00e9 Mont\u00e1s lament\u00f3 profundamente el suceso acaecido la tarde de este lunes, en las inmediaciones del antiguo mercado de la calle Padre Ayala y que ha costado la vida a varias personas y las cuantiosas p\u00e9rdidas materiales.<\/p>\n\n\n\n<p>Mont\u00e1s inform\u00f3 que con motivo del 159 aniversario de la Restauraci\u00f3n de la Rep\u00fablica, el tedeum ser\u00e1 dedicado a los fallecidos en la tragedia de este lunes.<\/p>\n\n\n\n<p>El oficio religioso ser\u00e1 oficiado en la parroquia Nuestra Se\u00f1ora de la Consolaci\u00f3n, a partir de las 9:00 de la ma\u00f1ana.<\/p>\n\n\n\n<p>Ha expresado el ejecutivo municipal que todos los funcionarios del Cabildo con sus unidades de trabajo, han sido puesto a disposici\u00f3n para trabajar en las exigencias del incidente.<\/p>\n","protected":false},"excerpt":{"rendered":"<p>La Alcald\u00eda del municipio de San Crist\u00f3bal declar\u00f3 tres d\u00edas de duelo en memoria de los fallecidos en la explosi\u00f3n ocurrida la tarde de este lunes en esta ciudad; adem\u00e1s&hellip;<\/p>\n","protected":false},"author":2,"featured_media":57797,"comment_status":"open","ping_status":"open","sticky":false,"template":"","format":"standard","meta":{"content-type":"","jetpack_post_was_ever_published":false,"_jetpack_newsletter_access":"","_jetpack_dont_email_post_to_subs":false,"_jetpack_newsletter_tier_id":0,"_jetpack_memberships_contains_paywalled_content":false,"_jetpack_memberships_contains_paid_content":false,"footnotes":""},"categories":[35,25],"tags":[869,202,113,1109,1467,686,651],"class_list":["post-57796","post","type-post","status-publish","format-standard","has-post-thumbnail","hentry","category-nacionales","category-portada","tag-alcaldia","tag-desaparecidos","tag-duelo","tag-explosion","tag-heridos","tag-muertos","tag-san-cristobal"],"jetpack_featured_media_url":"https:\/\/lasprimeras.com.do\/wp-content\/uploads\/2023\/08\/Foto-sesion-declarando.jpg","jetpack-related-posts":[{"id":57769,"url":"https:\/\/lasprimeras.com.do\/index.php\/2023\/08\/15\/coe-vaticina-un-mayor-numero-de-muertos-en-sc-hay-3-dias-de-duelo\/","url_meta":{"origin":57796,"position":0},"title":"COE vaticina un mayor n\u00famero de muertos en SC; hay 3 d\u00edas de duelo","author":"Nelson Feliz","date":"15 de agosto de 2023","format":false,"excerpt":"Autoridades dominicanas de socorro informaron este martes que se elev\u00f3 a 11 el n\u00famero de personas fallecidas en la explosi\u00f3n y posterior incendio producidos ayer en el centro de la ciudad de San Crist\u00f3bal (sur), a unos 30 kil\u00f3metros al oeste de Santo Domingo. El director del Centro de Operaciones\u2026","rel":"","context":"En \u00abNACIONALES\u00bb","block_context":{"text":"NACIONALES","link":"https:\/\/lasprimeras.com.do\/index.php\/category\/nacionales\/"},"img":{"alt_text":"Juan Manuel Mendez","src":"https:\/\/i0.wp.com\/lasprimeras.com.do\/wp-content\/uploads\/2023\/08\/Juan-Manuel-Mendez.png?resize=350%2C200&ssl=1","width":350,"height":200,"srcset":"https:\/\/i0.wp.com\/lasprimeras.com.do\/wp-content\/uploads\/2023\/08\/Juan-Manuel-Mendez.png?resize=350%2C200&ssl=1 1x, https:\/\/i0.wp.com\/lasprimeras.com.do\/wp-content\/uploads\/2023\/08\/Juan-Manuel-Mendez.png?resize=525%2C300&ssl=1 1.5x"},"classes":[]},{"id":57716,"url":"https:\/\/lasprimeras.com.do\/index.php\/2023\/08\/15\/aumenta-a-12-el-numero-de-fallecidos-en-la-exploxion-de-san-cristobal\/","url_meta":{"origin":57796,"position":1},"title":"Aumenta a 12 el n\u00famero de fallecidos en la exploxi\u00f3n de San Crist\u00f3bal","author":"Nelson Feliz","date":"15 de agosto de 2023","format":false,"excerpt":"El alcalde de San Crist\u00f3bal, Jos\u00e9 Mont\u00e1s, declar\u00f3 este martes que se elevar\u00f3n a 12 las personas fallecidas y a 40 los heridos por la explosi\u00f3n que se produjo la tarde de este lunes en el centro de la ciudad. Mientras tanto, en la zona de desastre, los bomberos a\u00fan\u2026","rel":"","context":"En \u00abNACIONALES\u00bb","block_context":{"text":"NACIONALES","link":"https:\/\/lasprimeras.com.do\/index.php\/category\/nacionales\/"},"img":{"alt_text":"","src":"https:\/\/i0.wp.com\/lasprimeras.com.do\/wp-content\/uploads\/2023\/08\/explo.jpg?resize=350%2C200&ssl=1","width":350,"height":200,"srcset":"https:\/\/i0.wp.com\/lasprimeras.com.do\/wp-content\/uploads\/2023\/08\/explo.jpg?resize=350%2C200&ssl=1 1x, https:\/\/i0.wp.com\/lasprimeras.com.do\/wp-content\/uploads\/2023\/08\/explo.jpg?resize=525%2C300&ssl=1 1.5x, https:\/\/i0.wp.com\/lasprimeras.com.do\/wp-content\/uploads\/2023\/08\/explo.jpg?resize=700%2C400&ssl=1 2x"},"classes":[]},{"id":57740,"url":"https:\/\/lasprimeras.com.do\/index.php\/2023\/08\/15\/abinader-habria-suspendido-actividades-en-perdernales-por-tragedia-en-sc\/","url_meta":{"origin":57796,"position":2},"title":"Abinader habr\u00eda suspendido actividades en Perdernales por tragedia en SC","author":"Nelson Feliz","date":"15 de agosto de 2023","format":false,"excerpt":"El presidente Luis Abinader habr\u00eda suspendido las actividades programadas para este miercoles 16 de agosto en la provincia Perdernales para atender la tragedia ocurrida la tarde del lunes en la ciudad de San Crist\u00f3bal donde se cuentan unos 11 fallecidos y decenas de heridos. As\u00ed lo confirm\u00f3 una fuente a\u2026","rel":"","context":"En \u00abNACIONALES\u00bb","block_context":{"text":"NACIONALES","link":"https:\/\/lasprimeras.com.do\/index.php\/category\/nacionales\/"},"img":{"alt_text":"duelo oficial","src":"https:\/\/i0.wp.com\/lasprimeras.com.do\/wp-content\/uploads\/2023\/08\/palacio-duelo.jpg?resize=350%2C200&ssl=1","width":350,"height":200,"srcset":"https:\/\/i0.wp.com\/lasprimeras.com.do\/wp-content\/uploads\/2023\/08\/palacio-duelo.jpg?resize=350%2C200&ssl=1 1x, https:\/\/i0.wp.com\/lasprimeras.com.do\/wp-content\/uploads\/2023\/08\/palacio-duelo.jpg?resize=525%2C300&ssl=1 1.5x, https:\/\/i0.wp.com\/lasprimeras.com.do\/wp-content\/uploads\/2023\/08\/palacio-duelo.jpg?resize=700%2C400&ssl=1 2x, https:\/\/i0.wp.com\/lasprimeras.com.do\/wp-content\/uploads\/2023\/08\/palacio-duelo.jpg?resize=1050%2C600&ssl=1 3x"},"classes":[]},{"id":57724,"url":"https:\/\/lasprimeras.com.do\/index.php\/2023\/08\/15\/abinader-se-traslada-a-la-zona-donde-ocurrio-la-explosion-este-martes-en-sc\/","url_meta":{"origin":57796,"position":3},"title":"Abinader se traslada a la zona donde ocurri\u00f3 la explosi\u00f3n este martes en SC","author":"Nelson Feliz","date":"15 de agosto de 2023","format":false,"excerpt":"Por Wilson P\u00e9rez El presidente de la Republica Luis Abinader se traslad\u00f3 la ma\u00f1ana de este martes a San Crist\u00f3bal donde al menos 12 las personas fallecieron y unas 40 resultaron heridas, producto de una explosi\u00f3n que ha consternado esa provincia. El mandatario, supervisa la zona de desastre donde ocurri\u00f3\u2026","rel":"","context":"En \u00abNACIONALES\u00bb","block_context":{"text":"NACIONALES","link":"https:\/\/lasprimeras.com.do\/index.php\/category\/nacionales\/"},"img":{"alt_text":"Luis Abinader","src":"https:\/\/i0.wp.com\/lasprimeras.com.do\/wp-content\/uploads\/2023\/08\/Luis-Abinader-sc-1.jpg?resize=350%2C200&ssl=1","width":350,"height":200,"srcset":"https:\/\/i0.wp.com\/lasprimeras.com.do\/wp-content\/uploads\/2023\/08\/Luis-Abinader-sc-1.jpg?resize=350%2C200&ssl=1 1x, https:\/\/i0.wp.com\/lasprimeras.com.do\/wp-content\/uploads\/2023\/08\/Luis-Abinader-sc-1.jpg?resize=525%2C300&ssl=1 1.5x, https:\/\/i0.wp.com\/lasprimeras.com.do\/wp-content\/uploads\/2023\/08\/Luis-Abinader-sc-1.jpg?resize=700%2C400&ssl=1 2x"},"classes":[]},{"id":57877,"url":"https:\/\/lasprimeras.com.do\/index.php\/2023\/08\/17\/luto-nacional-por-las-27-muertes-que-provoco-la-explosion-en-san-cristobal\/","url_meta":{"origin":57796,"position":4},"title":"Luto nacional por las 27 muertes que provoc\u00f3 la explosi\u00f3n en San Crist\u00f3bal","author":"Nelson Feliz","date":"17 de agosto de 2023","format":false,"excerpt":"El presidente de la Rep\u00fablica, Luis Abinader, dispuso que este jueves 17 de agosto sea de duelo nacional, por motivo de la tragedia. Mediante el decreto 367-23, emitido el 15 de agosto, el 17 de agosto fue declarado d\u00eda de duelo, inform\u00f3 el consultor jur\u00eddico del Poder Ejecutivo, Antoliano Peralta\u2026","rel":"","context":"En \u00abNACIONALES\u00bb","block_context":{"text":"NACIONALES","link":"https:\/\/lasprimeras.com.do\/index.php\/category\/nacionales\/"},"img":{"alt_text":"palacio-duelo","src":"https:\/\/i0.wp.com\/lasprimeras.com.do\/wp-content\/uploads\/2023\/08\/palacio-duelo-1.jpg?resize=350%2C200&ssl=1","width":350,"height":200,"srcset":"https:\/\/i0.wp.com\/lasprimeras.com.do\/wp-content\/uploads\/2023\/08\/palacio-duelo-1.jpg?resize=350%2C200&ssl=1 1x, https:\/\/i0.wp.com\/lasprimeras.com.do\/wp-content\/uploads\/2023\/08\/palacio-duelo-1.jpg?resize=525%2C300&ssl=1 1.5x, https:\/\/i0.wp.com\/lasprimeras.com.do\/wp-content\/uploads\/2023\/08\/palacio-duelo-1.jpg?resize=700%2C400&ssl=1 2x, https:\/\/i0.wp.com\/lasprimeras.com.do\/wp-content\/uploads\/2023\/08\/palacio-duelo-1.jpg?resize=1050%2C600&ssl=1 3x"},"classes":[]},{"id":57652,"url":"https:\/\/lasprimeras.com.do\/index.php\/2023\/08\/14\/registran-tres-muertos-y-33-personas-heridas-por-explosion-en-san-cristobal\/","url_meta":{"origin":57796,"position":5},"title":"Registran tres muertos y 33 personas heridas por explosi\u00f3n en San Crist\u00f3bal","author":"Nelson Feliz","date":"14 de agosto de 2023","format":false,"excerpt":"El Servicio Nacional de Salud inform\u00f3 que registra al menos tres muertes y 33 personas heridas por la explosi\u00f3n registrada la tarde de este lunes en San Crist\u00f3bal, al sur de Rep\u00fablica Dominicana. En un comunicado de prensa, la entidad se\u00f1ala que las 33 personas atendidas en centros de la\u2026","rel":"","context":"En \u00abNACIONALES\u00bb","block_context":{"text":"NACIONALES","link":"https:\/\/lasprimeras.com.do\/index.php\/category\/nacionales\/"},"img":{"alt_text":"","src":"https:\/\/i0.wp.com\/lasprimeras.com.do\/wp-content\/uploads\/2023\/08\/explo.jpg?resize=350%2C200&ssl=1","width":350,"height":200,"srcset":"https:\/\/i0.wp.com\/lasprimeras.com.do\/wp-content\/uploads\/2023\/08\/explo.jpg?resize=350%2C200&ssl=1 1x, https:\/\/i0.wp.com\/lasprimeras.com.do\/wp-content\/uploads\/2023\/08\/explo.jpg?resize=525%2C300&ssl=1 1.5x, https:\/\/i0.wp.com\/lasprimeras.com.do\/wp-content\/uploads\/2023\/08\/explo.jpg?resize=700%2C400&ssl=1 2x"},"classes":[]}],"jetpack_sharing_enabled":true,"_links":{"self":[{"href":"https:\/\/lasprimeras.com.do\/index.php\/wp-json\/wp\/v2\/posts\/57796","targetHints":{"allow":["GET"]}}],"collection":[{"href":"https:\/\/lasprimeras.com.do\/index.php\/wp-json\/wp\/v2\/posts"}],"about":[{"href":"https:\/\/lasprimeras.com.do\/index.php\/wp-json\/wp\/v2\/types\/post"}],"author":[{"embeddable":true,"href":"https:\/\/lasprimeras.com.do\/index.php\/wp-json\/wp\/v2\/users\/2"}],"replies":[{"embeddable":true,"href":"https:\/\/lasprimeras.com.do\/index.php\/wp-json\/wp\/v2\/comments?post=57796"}],"version-history":[{"count":1,"href":"https:\/\/lasprimeras.com.do\/index.php\/wp-json\/wp\/v2\/posts\/57796\/revisions"}],"predecessor-version":[{"id":57798,"href":"https:\/\/lasprimeras.com.do\/index.php\/wp-json\/wp\/v2\/posts\/57796\/revisions\/57798"}],"wp:featuredmedia":[{"embeddable":true,"href":"https:\/\/lasprimeras.com.do\/index.php\/wp-json\/wp\/v2\/media\/57797"}],"wp:attachment":[{"href":"https:\/\/lasprimeras.com.do\/index.php\/wp-json\/wp\/v2\/media?parent=57796"}],"wp:term":[{"taxonomy":"category","embeddable":true,"href":"https:\/\/lasprimeras.com.do\/index.php\/wp-json\/wp\/v2\/categories?post=57796"},{"taxonomy":"post_tag","embeddable":true,"href":"https:\/\/lasprimeras.com.do\/index.php\/wp-json\/wp\/v2\/tags?post=57796"}],"curies":[{"name":"wp","href":"https:\/\/api.w.org\/{rel}","templated":true}]}}