{"id":57799,"date":"2023-08-15T22:49:02","date_gmt":"2023-08-16T02:49:02","guid":{"rendered":"https:\/\/lasprimeras.com.do\/?p=57799"},"modified":"2023-08-15T22:49:04","modified_gmt":"2023-08-16T02:49:04","slug":"la-sipen-se-afilia-a-la-conferencia-interamericana-de-seguridad-social","status":"publish","type":"post","link":"https:\/\/lasprimeras.com.do\/index.php\/2023\/08\/15\/la-sipen-se-afilia-a-la-conferencia-interamericana-de-seguridad-social\/","title":{"rendered":"La SIPEN se afilia a la Conferencia Interamericana de Seguridad Social"},"content":{"rendered":"\n<p>La Superintendencia de Pensiones (SIPEN)es admitida como miembro de la Conferencia Interamericana de Seguridad Social (CISS), organismo internacional con sede en M\u00e9xico que congrega a m\u00e1s de 80 instituciones dedicada a la protecci\u00f3n de la seguridad social en el hemisferio.<\/p>\n\n\n\n<p>El objetivo principal de CISS es contribuir al desarrollo de la seguridad social en los pa\u00edses de Am\u00e9rica, a partir de la cooperaci\u00f3n e intercambio de experiencias con las instituciones y administraciones de seguridad social y otras organizaciones afines; y de la adopci\u00f3n de resoluciones y la formulaci\u00f3n de recomendaciones en materia de seguridad social que puedan ser consideradas en las pol\u00edticas p\u00fablicas y programas de planificaci\u00f3n.<\/p>\n\n\n\n<p>El superintendente de Pensiones, Francisco A. Torres, precis\u00f3 que con esta afiliaci\u00f3n la SIPEN y la CISS trabajar\u00e1nen consonancia con los pa\u00edses aliados para fortalecer las sostenibilidad de nuestro sistema de pensiones, as\u00ed como para capacitar permanentementeal talento humano con la oferta acad\u00e9mica del Centro Interamericano de Estudios de Seguridad Social (CIESS).<\/p>\n\n\n\n<p>Roberto Mart\u00ednez Yllescas, director ejecutivo de Vinculaci\u00f3n y Atenci\u00f3n a la Membres\u00edas de CISS,inform\u00f3 mediante un comunicado que a partir de ahora la SIPEN, como miembro asociado, participar\u00e1 en calidad de invitado especial en las reuniones en las que sea convocada y tiene derecho a voz en los encuentros del Comit\u00e9 Permanente de la Junta Directiva, en las Comisiones Americanas de Seguridad Social y de las Subregiones.<\/p>\n\n\n\n<p>Asimismo, becas para cada curso acad\u00e9mico.<\/p>\n\n\n\n<p><strong>Los beneficios CISS<\/strong><\/p>\n\n\n\n<p>La Conferencia celebra una reuni\u00f3n t\u00e9cnica anual, cuyo prop\u00f3sito es congregar a las instituciones miembros, expertos internacionales e invitados externos, para analizar temas de actualidad en torno a la seguridad social y propiciar un ambiente de di\u00e1logo e intercambio de experiencias.<\/p>\n\n\n\n<p>La importancia de la CISS como organismo interamericano radica en que la cooperaci\u00f3n entre pa\u00edses trasciende idiomas, niveles de ingreso y desarrollo, organizaciones pol\u00edtico-administrativas e, incluso, esquemas de seguridad social.<\/p>\n\n\n\n<p>En el caso de la CISS, la cooperaci\u00f3n entre pa\u00edses e instituciones se da a partir de transferencias en tecnolog\u00eda, donativos o bien apoyos en especie, como cursos de capacitaci\u00f3n.<\/p>\n","protected":false},"excerpt":{"rendered":"<p>La Superintendencia de Pensiones (SIPEN)es admitida como miembro de la Conferencia Interamericana de Seguridad Social (CISS), organismo internacional con sede en M\u00e9xico que congrega a m\u00e1s de 80 instituciones dedicada&hellip;<\/p>\n","protected":false},"author":2,"featured_media":57800,"comment_status":"open","ping_status":"open","sticky":false,"template":"","format":"standard","meta":{"content-type":"","jetpack_post_was_ever_published":false,"_jetpack_newsletter_access":"","_jetpack_dont_email_post_to_subs":false,"_jetpack_newsletter_tier_id":0,"_jetpack_memberships_contains_paywalled_content":false,"_jetpack_memberships_contains_paid_content":false,"footnotes":""},"categories":[39],"tags":[667,6304,76,5139,557],"class_list":["post-57799","post","type-post","status-publish","format-standard","has-post-thumbnail","hentry","category-economia","tag-conferencia","tag-interamericana","tag-seguridad","tag-sipen","tag-social"],"jetpack_featured_media_url":"https:\/\/lasprimeras.com.do\/wp-content\/uploads\/2023\/08\/SIPEN.jpg","jetpack-related-posts":[{"id":55966,"url":"https:\/\/lasprimeras.com.do\/index.php\/2023\/07\/26\/sipen-y-unapec-presentan-primera-especialidad-en-planes-y-fondos-de-pensiones\/","url_meta":{"origin":57799,"position":0},"title":"SIPEN y UNAPEC presentan \u00a0primera \u201cEspecialidad en Planes y Fondos de Pensiones\u201d","author":"Nelson Feliz","date":"26 de julio de 2023","format":false,"excerpt":"La Superintendencia de Pensiones (SIPEN) y la Universidad APEC (UNAPEC) llevaron a cabo el lanzamiento de la Especialidad en Planes y Fondos de Pensiones, con el objetivo de formar egresados para incursionar en la administraci\u00f3n y gesti\u00f3n de los sistemas previsionales en los diferentes niveles organizacionales. Durante un acto encabezado\u2026","rel":"","context":"En \u00abECONOM\u00cdA\u00bb","block_context":{"text":"ECONOM\u00cdA","link":"https:\/\/lasprimeras.com.do\/index.php\/category\/economia\/"},"img":{"alt_text":"Francisco Torres superintende de Pensiones_ Franckl\u00edn Holgu\u00edn Hach\u00e9 rector de la Universidad Apec y el Ingeniero Jos\u00e9 Antonio Gil decano de la Facultad de Cienci (003)","src":"https:\/\/i0.wp.com\/lasprimeras.com.do\/wp-content\/uploads\/2023\/07\/Francisco-Torres-superintende-de-Pensiones_-Francklin-Holguin-Hache-rector-de-la-Universidad-Apec-y-el-Ingeniero-Jose-Antonio-Gil-decano-de-la-Facultad-de-Cienci-003.jpg?resize=350%2C200&ssl=1","width":350,"height":200,"srcset":"https:\/\/i0.wp.com\/lasprimeras.com.do\/wp-content\/uploads\/2023\/07\/Francisco-Torres-superintende-de-Pensiones_-Francklin-Holguin-Hache-rector-de-la-Universidad-Apec-y-el-Ingeniero-Jose-Antonio-Gil-decano-de-la-Facultad-de-Cienci-003.jpg?resize=350%2C200&ssl=1 1x, https:\/\/i0.wp.com\/lasprimeras.com.do\/wp-content\/uploads\/2023\/07\/Francisco-Torres-superintende-de-Pensiones_-Francklin-Holguin-Hache-rector-de-la-Universidad-Apec-y-el-Ingeniero-Jose-Antonio-Gil-decano-de-la-Facultad-de-Cienci-003.jpg?resize=525%2C300&ssl=1 1.5x, https:\/\/i0.wp.com\/lasprimeras.com.do\/wp-content\/uploads\/2023\/07\/Francisco-Torres-superintende-de-Pensiones_-Francklin-Holguin-Hache-rector-de-la-Universidad-Apec-y-el-Ingeniero-Jose-Antonio-Gil-decano-de-la-Facultad-de-Cienci-003.jpg?resize=700%2C400&ssl=1 2x"},"classes":[]},{"id":70386,"url":"https:\/\/lasprimeras.com.do\/index.php\/2023\/12\/11\/sipen-conmemora-22-anos-de-avances-con-una-misa-de-accion-de-gracias\/","url_meta":{"origin":57799,"position":1},"title":"SIPEN conmemora 22 a\u00f1os de avances con una misa de acci\u00f3n de gracias","author":"Nelson Feliz","date":"11 de diciembre de 2023","format":false,"excerpt":"Destaca logros del Sistema Dominicano de Pensiones. La Superintendencia de Pensiones (SIPEN) cierra el a\u00f1o con objetivos cumplidos y \u00e9xitos alcanzados en el 2023, los cuales han impactado positivamente la econom\u00eda dominicana en favor de la sostenibilidad del Sistema Dominicano de Pensiones. Con una eucarist\u00eda oficiada por el padre Francisco\u2026","rel":"","context":"En \u00abNACIONALES\u00bb","block_context":{"text":"NACIONALES","link":"https:\/\/lasprimeras.com.do\/index.php\/category\/nacionales\/"},"img":{"alt_text":"SIPEN","src":"https:\/\/i0.wp.com\/lasprimeras.com.do\/wp-content\/uploads\/2023\/12\/sipen.jpg?resize=350%2C200&ssl=1","width":350,"height":200,"srcset":"https:\/\/i0.wp.com\/lasprimeras.com.do\/wp-content\/uploads\/2023\/12\/sipen.jpg?resize=350%2C200&ssl=1 1x, https:\/\/i0.wp.com\/lasprimeras.com.do\/wp-content\/uploads\/2023\/12\/sipen.jpg?resize=525%2C300&ssl=1 1.5x, https:\/\/i0.wp.com\/lasprimeras.com.do\/wp-content\/uploads\/2023\/12\/sipen.jpg?resize=700%2C400&ssl=1 2x"},"classes":[]},{"id":70642,"url":"https:\/\/lasprimeras.com.do\/index.php\/2023\/12\/13\/superintendencia-de-pensiones-conmemora-22-anos-con-misa-de-agradecimiento\/","url_meta":{"origin":57799,"position":2},"title":"Superintendencia de Pensiones conmemora 22 a\u00f1os con misa de agradecimiento","author":"Nelson Feliz","date":"13 de diciembre de 2023","format":false,"excerpt":"La Superintendencia de Pensiones (SIPEN) cierra el a\u00f1o con objetivos cumplidos y \u00e9xitos alcanzados en el 2023, los cuales han impactado positivamente la econom\u00eda dominicana en favor de la sostenibilidad del Sistema Dominicano de Pensiones. Con una eucarist\u00eda oficiada por el padre Francisco Mu\u00f1oz, en la Parroquia San Antonio de\u2026","rel":"","context":"En \u00abNACIONALES\u00bb","block_context":{"text":"NACIONALES","link":"https:\/\/lasprimeras.com.do\/index.php\/category\/nacionales\/"},"img":{"alt_text":"Guillermo Valera, Henry Sadhal\u00e1, Ernesto Bournigal, Francisco A. Torres, Edward Guzm\u00e1n, Enmanuel Cede\u00f1o, Joan Henr\u00edquez y Envin Novas Bello.","src":"https:\/\/i0.wp.com\/lasprimeras.com.do\/wp-content\/uploads\/2023\/12\/sipen-1.jpg?resize=350%2C200&ssl=1","width":350,"height":200,"srcset":"https:\/\/i0.wp.com\/lasprimeras.com.do\/wp-content\/uploads\/2023\/12\/sipen-1.jpg?resize=350%2C200&ssl=1 1x, https:\/\/i0.wp.com\/lasprimeras.com.do\/wp-content\/uploads\/2023\/12\/sipen-1.jpg?resize=525%2C300&ssl=1 1.5x, https:\/\/i0.wp.com\/lasprimeras.com.do\/wp-content\/uploads\/2023\/12\/sipen-1.jpg?resize=700%2C400&ssl=1 2x"},"classes":[]},{"id":51710,"url":"https:\/\/lasprimeras.com.do\/index.php\/2023\/06\/02\/copardom-reitera-compromiso-con-sistema-de-pensiones-destaca-325-mil-beneficiados\/","url_meta":{"origin":57799,"position":3},"title":"Copardom reitera compromiso con sistema de pensiones; destaca 325 mil beneficiados","author":"prenxa100","date":"2 de junio de 2023","format":false,"excerpt":"La entidad que representa a los empleados en el Consejo Nacional de la Seguridad Social instruy\u00f3 sobre el tema a m\u00e1s de 70 representantes de empresas. Santo Domingo, RD.- La presidenta de la Confederaci\u00f3n Patronal de la Rep\u00fablica Dominicana (Copardom), Laura Pe\u00f1a Izquierdo, reiter\u00f3 el compromiso de esa agrupaci\u00f3n de\u2026","rel":"","context":"En \u00abECONOM\u00cdA\u00bb","block_context":{"text":"ECONOM\u00cdA","link":"https:\/\/lasprimeras.com.do\/index.php\/category\/economia\/"},"img":{"alt_text":"","src":"","width":0,"height":0},"classes":[]},{"id":87018,"url":"https:\/\/lasprimeras.com.do\/index.php\/2024\/08\/05\/mafia-en-traspaso-de-afiliados-de-una-afp-podria-danar-el-sistema-de-pensiones\/","url_meta":{"origin":57799,"position":4},"title":"Mafia en traspaso de afiliados de una AFP, podr\u00eda da\u00f1ar el sistema de pensiones","author":"Nelson Feliz","date":"5 de agosto de 2024","format":false,"excerpt":"Por: M\u00e1ximo Calzado Reyes En el Sistema Dominicano de Seguridad Social (SDSS) instituido mediante la Ley No. 87-01, se est\u00e1n dando situaciones que son altamente preocupante para la seguridad y estabilidad del sistema de pensiones en la Rep\u00fablica Dominicana. En ese sentido, es preocupante el tema de los traspasos de\u2026","rel":"","context":"En \u00abECONOM\u00cdA\u00bb","block_context":{"text":"ECONOM\u00cdA","link":"https:\/\/lasprimeras.com.do\/index.php\/category\/economia\/"},"img":{"alt_text":"Henry Sahdal\u00e1","src":"https:\/\/i0.wp.com\/lasprimeras.com.do\/wp-content\/uploads\/2024\/08\/Henry-Sahdala.jpg?resize=350%2C200&ssl=1","width":350,"height":200},"classes":[]},{"id":97795,"url":"https:\/\/lasprimeras.com.do\/index.php\/2025\/04\/27\/sipen-respalda-herederos-legales-tras-fallecimiento-del-afiliado\/","url_meta":{"origin":57799,"position":5},"title":"SIPEN respalda herederos legales tras fallecimiento del afiliado","author":"Nelson Feliz","date":"27 de abril de 2025","format":false,"excerpt":"La Superintendencia de Pensiones (SIPEN) implementa medidas para facilitar a los familiares de afiliados fallecidos en el Jet Set el acceso a los beneficios correspondientes, eliminando el requisito obligatorio de presentar el Acta Policial y\/o documento emanado de autoridad competente en caso de muerte no natural del afiliado o pensionado.\u2026","rel":"","context":"En \u00abECONOM\u00cdA\u00bb","block_context":{"text":"ECONOM\u00cdA","link":"https:\/\/lasprimeras.com.do\/index.php\/category\/economia\/"},"img":{"alt_text":"","src":"https:\/\/i0.wp.com\/lasprimeras.com.do\/wp-content\/uploads\/2025\/04\/SIPEN.jpg?resize=350%2C200&ssl=1","width":350,"height":200,"srcset":"https:\/\/i0.wp.com\/lasprimeras.com.do\/wp-content\/uploads\/2025\/04\/SIPEN.jpg?resize=350%2C200&ssl=1 1x, https:\/\/i0.wp.com\/lasprimeras.com.do\/wp-content\/uploads\/2025\/04\/SIPEN.jpg?resize=525%2C300&ssl=1 1.5x, https:\/\/i0.wp.com\/lasprimeras.com.do\/wp-content\/uploads\/2025\/04\/SIPEN.jpg?resize=700%2C400&ssl=1 2x"},"classes":[]}],"jetpack_sharing_enabled":true,"_links":{"self":[{"href":"https:\/\/lasprimeras.com.do\/index.php\/wp-json\/wp\/v2\/posts\/57799","targetHints":{"allow":["GET"]}}],"collection":[{"href":"https:\/\/lasprimeras.com.do\/index.php\/wp-json\/wp\/v2\/posts"}],"about":[{"href":"https:\/\/lasprimeras.com.do\/index.php\/wp-json\/wp\/v2\/types\/post"}],"author":[{"embeddable":true,"href":"https:\/\/lasprimeras.com.do\/index.php\/wp-json\/wp\/v2\/users\/2"}],"replies":[{"embeddable":true,"href":"https:\/\/lasprimeras.com.do\/index.php\/wp-json\/wp\/v2\/comments?post=57799"}],"version-history":[{"count":1,"href":"https:\/\/lasprimeras.com.do\/index.php\/wp-json\/wp\/v2\/posts\/57799\/revisions"}],"predecessor-version":[{"id":57801,"href":"https:\/\/lasprimeras.com.do\/index.php\/wp-json\/wp\/v2\/posts\/57799\/revisions\/57801"}],"wp:featuredmedia":[{"embeddable":true,"href":"https:\/\/lasprimeras.com.do\/index.php\/wp-json\/wp\/v2\/media\/57800"}],"wp:attachment":[{"href":"https:\/\/lasprimeras.com.do\/index.php\/wp-json\/wp\/v2\/media?parent=57799"}],"wp:term":[{"taxonomy":"category","embeddable":true,"href":"https:\/\/lasprimeras.com.do\/index.php\/wp-json\/wp\/v2\/categories?post=57799"},{"taxonomy":"post_tag","embeddable":true,"href":"https:\/\/lasprimeras.com.do\/index.php\/wp-json\/wp\/v2\/tags?post=57799"}],"curies":[{"name":"wp","href":"https:\/\/api.w.org\/{rel}","templated":true}]}}