{"id":57802,"date":"2023-08-15T22:56:21","date_gmt":"2023-08-16T02:56:21","guid":{"rendered":"https:\/\/lasprimeras.com.do\/?p=57802"},"modified":"2023-08-15T22:56:22","modified_gmt":"2023-08-16T02:56:22","slug":"camara-de-diputados-aprueba-presupuesto-complementario-del-2023-sin-votos-de-oposicion","status":"publish","type":"post","link":"https:\/\/lasprimeras.com.do\/index.php\/2023\/08\/15\/camara-de-diputados-aprueba-presupuesto-complementario-del-2023-sin-votos-de-oposicion\/","title":{"rendered":"C\u00e1mara de Diputados aprueba presupuesto complementario del 2023 sin votos de oposici\u00f3n"},"content":{"rendered":"\n<p><strong>El proyecto del Poder Ejecutivo integra siete pr\u00e9stamos por m\u00e1s de mil millones de d\u00f3lares.<\/strong><\/p>\n\n\n\n<p>La C\u00e1mara de Diputados aprob\u00f3 este martes en primera lectura el presupuesto reformulado del 2023, que contempla en su programaci\u00f3n la inclusi\u00f3n de siete nuevos pr\u00e9stamos para ser conocidos este a\u00f1o.<\/p>\n\n\n\n<p>Aunque la aprobaci\u00f3n pas\u00f3 sin obst\u00e1culos, los diputados del Partido de la Liberaci\u00f3n Dominicana (PLD) y la Fuerza del Pueblo registraron su voto negativo a la pieza, a excepci\u00f3n del legislador Manuel D\u00edaz, de la organizaci\u00f3n morada, quien vot\u00f3 a favor&#8221;, informaron fuentes legislativas.<\/p>\n\n\n\n<p>La reformulaci\u00f3n del presupuesto del 2023 fue aprobada luego de que la semana pasada quedara pendiente y sobre la mesa por el rechazo de los opositores y la poca asistencia de los diputados perremeistas, lo que pon\u00eda en riesgo la aprobaci\u00f3n del proyecto.<\/p>\n\n\n\n<p>Con el presupuesto, tambi\u00e9n se aprob\u00f3 una adenda enviada por el Poder Ejecutivo que contempla siete pr\u00e9stamos para ser aprobados este a\u00f1o en el Congreso Nacional.<\/p>\n\n\n\n<p>Los nuevos pr\u00e9stamos son los siguientes: US$100 millones para el Puerto de Haina, US$178,374,339 para la l\u00ednea dos del Metro, US$35,000,000 para un acueducto en Santo Domingo Norte, US$70 millones para fortalecer la cadena de valor alimentaria, US$600,000,000 para la infraestructura vial, US$250 millones para construir ecoviviendas y US$239,980,000 para la verja perimetral en la zona fronteriza.<\/p>\n\n\n\n<p>Antes de ser aprobado, los diputados opositores adelantaron que votar\u00edan en contra del proyecto presupuestario, argumentando que se redujeron partidas a importantes instituciones, mientras se aumentaron recursos a otras para supuestos fines reeleccionistas del presidente Luis Abinader.<\/p>\n\n\n\n<p>La reformulaci\u00f3n plantea un aumento del gasto de capital hasta 193,186.1 millones de pesos, lo que representa un 2.8% del producto interno bruto (PIB), destinado a la ejecuci\u00f3n de proyectos de alta rentabilidad social necesarios para estimular la demanda interna, destac\u00f3 el Ministerio de Hacienda en el documento.<\/p>\n\n\n\n<p>Adem\u00e1s, se estima que el gasto corriente alcance los 1,115,448.2 millones de pesos, resultando en un gasto total de 1,308,634.3 millones de pesos en 2023.<\/p>\n\n\n\n<p>En cuanto a los ingresos, se espera que al cierre del a\u00f1o alcancen 1,086,799.9 millones de pesos, incluyendo 1,546.8 millones de pesos en donaciones y 25,301.7 millones de pesos en ingresos directos de las instituciones centralizadas en la Cuenta \u00danica del Tesoro.<\/p>\n\n\n\n<p>Fuente Diario Libre<\/p>\n","protected":false},"excerpt":{"rendered":"<p>El proyecto del Poder Ejecutivo integra siete pr\u00e9stamos por m\u00e1s de mil millones de d\u00f3lares. La C\u00e1mara de Diputados aprob\u00f3 este martes en primera lectura el presupuesto reformulado del 2023,&hellip;<\/p>\n","protected":false},"author":2,"featured_media":57803,"comment_status":"open","ping_status":"open","sticky":false,"template":"","format":"standard","meta":{"content-type":"","jetpack_post_was_ever_published":false,"_jetpack_newsletter_access":"","_jetpack_dont_email_post_to_subs":false,"_jetpack_newsletter_tier_id":0,"_jetpack_memberships_contains_paywalled_content":false,"_jetpack_memberships_contains_paid_content":false,"footnotes":""},"categories":[39,25],"tags":[1102,6306,341,5744,6305],"class_list":["post-57802","post","type-post","status-publish","format-standard","has-post-thumbnail","hentry","category-economia","category-portada","tag-camara-de-diputados","tag-complementario","tag-oposicion","tag-presupuesto","tag-sin-votos"],"jetpack_featured_media_url":"https:\/\/lasprimeras.com.do\/wp-content\/uploads\/2023\/08\/Camara-de-Diputados.jpg","jetpack-related-posts":[{"id":91859,"url":"https:\/\/lasprimeras.com.do\/index.php\/2024\/12\/04\/diputados-aprueban-el-presupuesto-de-2025por-un-billon-681728-1-millones-de-pesos\/","url_meta":{"origin":57802,"position":0},"title":"Diputados aprueban el presupuesto de 2025,por un bill\u00f3n 681,728.1 millones de pesos","author":"Nelson Feliz","date":"4 de diciembre de 2024","format":false,"excerpt":"La C\u00e1mara de Diputados aprob\u00f3 este martes en dos lecturas consecutivas el proyecto del Presupuesto General del Estado para el a\u00f1o 2025, que asciende a un monto de un bill\u00f3n 681,728.1 millones de pesos y que fue sancionado bajo fuertes cr\u00edticas de la oposici\u00f3n. Aunque los opositores de la Fuerza\u2026","rel":"","context":"En \u00abECONOM\u00cdA\u00bb","block_context":{"text":"ECONOM\u00cdA","link":"https:\/\/lasprimeras.com.do\/index.php\/category\/economia\/"},"img":{"alt_text":"","src":"https:\/\/i0.wp.com\/lasprimeras.com.do\/wp-content\/uploads\/2024\/12\/diputados-2.jpeg?resize=350%2C200&ssl=1","width":350,"height":200,"srcset":"https:\/\/i0.wp.com\/lasprimeras.com.do\/wp-content\/uploads\/2024\/12\/diputados-2.jpeg?resize=350%2C200&ssl=1 1x, https:\/\/i0.wp.com\/lasprimeras.com.do\/wp-content\/uploads\/2024\/12\/diputados-2.jpeg?resize=525%2C300&ssl=1 1.5x, https:\/\/i0.wp.com\/lasprimeras.com.do\/wp-content\/uploads\/2024\/12\/diputados-2.jpeg?resize=700%2C400&ssl=1 2x, https:\/\/i0.wp.com\/lasprimeras.com.do\/wp-content\/uploads\/2024\/12\/diputados-2.jpeg?resize=1050%2C600&ssl=1 3x, https:\/\/i0.wp.com\/lasprimeras.com.do\/wp-content\/uploads\/2024\/12\/diputados-2.jpeg?resize=1400%2C800&ssl=1 4x"},"classes":[]},{"id":72246,"url":"https:\/\/lasprimeras.com.do\/index.php\/2023\/12\/28\/camara-de-diputados-aprueba-emision-de-bonos-por-344000-millones-de-pesos\/","url_meta":{"origin":57802,"position":1},"title":"C\u00e1mara de Diputados aprueba emisi\u00f3n de bonos por 344,000 millones de pesos","author":"BIMARY DE JES\u00daS Matos","date":"28 de diciembre de 2023","format":false,"excerpt":"Santo Domingo.-A los fines de sustentar el presupuesto del pr\u00f3ximo a\u00f1o 2024, los diputados del oficialista Partido Revolucionario Moderno (PRM), lograron ayer sancionar favorablemente un nuevo pr\u00e9stamo y un proyecto de ley que autoriza al poder Ejecutivo a emitir y colocar valores de deuda p\u00fablica. Ambas piezas contaron con el\u2026","rel":"","context":"En \u00abNACIONALES\u00bb","block_context":{"text":"NACIONALES","link":"https:\/\/lasprimeras.com.do\/index.php\/category\/nacionales\/"},"img":{"alt_text":"","src":"https:\/\/i0.wp.com\/lasprimeras.com.do\/wp-content\/uploads\/2023\/12\/El-texto-del-parrafo-6.jpg?resize=350%2C200&ssl=1","width":350,"height":200,"srcset":"https:\/\/i0.wp.com\/lasprimeras.com.do\/wp-content\/uploads\/2023\/12\/El-texto-del-parrafo-6.jpg?resize=350%2C200&ssl=1 1x, https:\/\/i0.wp.com\/lasprimeras.com.do\/wp-content\/uploads\/2023\/12\/El-texto-del-parrafo-6.jpg?resize=525%2C300&ssl=1 1.5x"},"classes":[]},{"id":70623,"url":"https:\/\/lasprimeras.com.do\/index.php\/2023\/12\/12\/diputados-aprueban-de-urgencia-presupuesto-billonario-del-2024-e-incluyen-dinero-de-aerodom\/","url_meta":{"origin":57802,"position":2},"title":"Diputados aprueban de urgencia presupuesto billonario del 2024 e incluyen dinero de Aerodom","author":"Nelson Feliz","date":"12 de diciembre de 2023","format":false,"excerpt":"La C\u00e1mara de Diputados aprob\u00f3 este martes de urgencia y en dos lecturas consecutivas el proyecto de Ley de Presupuesto General del Estado para el a\u00f1o 2024 que asciende al bill\u00f3n de pesos y que incluye una adenda para proyectar los ingresos que dejar\u00e1 la renegociaci\u00f3n del contrato con Aerodom\u2026","rel":"","context":"En \u00abECONOM\u00cdA\u00bb","block_context":{"text":"ECONOM\u00cdA","link":"https:\/\/lasprimeras.com.do\/index.php\/category\/economia\/"},"img":{"alt_text":"PE agreg\u00f3 adenda de Aerodom a Presupuesto 2024 sin contrato aprobado","src":"https:\/\/i0.wp.com\/lasprimeras.com.do\/wp-content\/uploads\/2023\/12\/diputados.jpg?resize=350%2C200&ssl=1","width":350,"height":200,"srcset":"https:\/\/i0.wp.com\/lasprimeras.com.do\/wp-content\/uploads\/2023\/12\/diputados.jpg?resize=350%2C200&ssl=1 1x, https:\/\/i0.wp.com\/lasprimeras.com.do\/wp-content\/uploads\/2023\/12\/diputados.jpg?resize=525%2C300&ssl=1 1.5x, https:\/\/i0.wp.com\/lasprimeras.com.do\/wp-content\/uploads\/2023\/12\/diputados.jpg?resize=700%2C400&ssl=1 2x"},"classes":[]},{"id":91889,"url":"https:\/\/lasprimeras.com.do\/index.php\/2024\/12\/05\/senado-aprueba-presupuesto-del-estado-por-16-billones-de-pesos\/","url_meta":{"origin":57802,"position":3},"title":"Senado aprueba Presupuesto del Estado por 1,6 billones de pesos","author":"Nelson Feliz","date":"5 de diciembre de 2024","format":false,"excerpt":"Santo Domingo,(EFE).- El Senado de la Rep\u00fablica aprob\u00f3 este jueves el Proyecto de Ley del Presupuesto General del Estado por un monto de algo m\u00e1s de 1,6 billones de pesos, que pasa al Poder Ejecutivo para su promulgaci\u00f3n. La iniciativa fue aprobada en una sesi\u00f3n extraordinaria, luego de que fuera\u2026","rel":"","context":"En \u00abECONOM\u00cdA\u00bb","block_context":{"text":"ECONOM\u00cdA","link":"https:\/\/lasprimeras.com.do\/index.php\/category\/economia\/"},"img":{"alt_text":"","src":"https:\/\/i0.wp.com\/lasprimeras.com.do\/wp-content\/uploads\/2024\/12\/senado-1.jpeg?resize=350%2C200&ssl=1","width":350,"height":200,"srcset":"https:\/\/i0.wp.com\/lasprimeras.com.do\/wp-content\/uploads\/2024\/12\/senado-1.jpeg?resize=350%2C200&ssl=1 1x, https:\/\/i0.wp.com\/lasprimeras.com.do\/wp-content\/uploads\/2024\/12\/senado-1.jpeg?resize=525%2C300&ssl=1 1.5x, https:\/\/i0.wp.com\/lasprimeras.com.do\/wp-content\/uploads\/2024\/12\/senado-1.jpeg?resize=700%2C400&ssl=1 2x, https:\/\/i0.wp.com\/lasprimeras.com.do\/wp-content\/uploads\/2024\/12\/senado-1.jpeg?resize=1050%2C600&ssl=1 3x, https:\/\/i0.wp.com\/lasprimeras.com.do\/wp-content\/uploads\/2024\/12\/senado-1.jpeg?resize=1400%2C800&ssl=1 4x"},"classes":[]},{"id":91856,"url":"https:\/\/lasprimeras.com.do\/index.php\/2024\/12\/03\/diputados-aprueban-prestamos-por-us520-millones-y-envian-otros-us445-millones-a-estudio-de-comision\/","url_meta":{"origin":57802,"position":4},"title":"Diputados aprueban pr\u00e9stamos por US$520 millones y env\u00edan otros US445 millones a estudio de comisi\u00f3n","author":"Nelson Feliz","date":"3 de diciembre de 2024","format":false,"excerpt":"La C\u00e1mara de Diputados aprob\u00f3 este martes dos contratos de pr\u00e9stamos, acordados con entidades bancarias internacionales, que entregar\u00e1n al Gobierno una financiaci\u00f3n de US$520 millones. Esto surgi\u00f3 tan solo minutos despu\u00e9s de que los m\u00e1s de 130 representantes que componen la bancada oficialista y sus aliados aprobaran por medio de\u2026","rel":"","context":"En \u00abECONOM\u00cdA\u00bb","block_context":{"text":"ECONOM\u00cdA","link":"https:\/\/lasprimeras.com.do\/index.php\/category\/economia\/"},"img":{"alt_text":"","src":"https:\/\/i0.wp.com\/lasprimeras.com.do\/wp-content\/uploads\/2024\/12\/diputados-1.jpeg?resize=350%2C200&ssl=1","width":350,"height":200,"srcset":"https:\/\/i0.wp.com\/lasprimeras.com.do\/wp-content\/uploads\/2024\/12\/diputados-1.jpeg?resize=350%2C200&ssl=1 1x, https:\/\/i0.wp.com\/lasprimeras.com.do\/wp-content\/uploads\/2024\/12\/diputados-1.jpeg?resize=525%2C300&ssl=1 1.5x, https:\/\/i0.wp.com\/lasprimeras.com.do\/wp-content\/uploads\/2024\/12\/diputados-1.jpeg?resize=700%2C400&ssl=1 2x"},"classes":[]},{"id":90561,"url":"https:\/\/lasprimeras.com.do\/index.php\/2024\/10\/23\/comienza-la-fiesta-diputados-aprueban-prestamos-por-us625-millones-para-enfrentar-apagones-y-el-cambio-climatico\/","url_meta":{"origin":57802,"position":5},"title":"Comienza la fiesta: Diputados aprueban pr\u00e9stamos por US$625 millones para enfrentar apagones y el cambio clim\u00e1tico","author":"Nelson Feliz","date":"23 de octubre de 2024","format":false,"excerpt":"La oposici\u00f3n vot\u00f3 en contra de los endeudamientos por considerarlos innecesarios. En su sesi\u00f3n ordinaria de este mi\u00e9rcoles, la C\u00e1mara de Diputados aprob\u00f3 tres contratos de pr\u00e9stamos que totalizan los 625 millones de d\u00f3lares para programas de acci\u00f3n clim\u00e1tica y de combate a los apagones en la Rep\u00fablica Dominicana. Los\u2026","rel":"","context":"En \u00abECONOM\u00cdA\u00bb","block_context":{"text":"ECONOM\u00cdA","link":"https:\/\/lasprimeras.com.do\/index.php\/category\/economia\/"},"img":{"alt_text":"C\u00e1mara de Diputados","src":"https:\/\/i0.wp.com\/lasprimeras.com.do\/wp-content\/uploads\/2023\/08\/Camara-de-Diputados-1.jpg?resize=350%2C200&ssl=1","width":350,"height":200,"srcset":"https:\/\/i0.wp.com\/lasprimeras.com.do\/wp-content\/uploads\/2023\/08\/Camara-de-Diputados-1.jpg?resize=350%2C200&ssl=1 1x, https:\/\/i0.wp.com\/lasprimeras.com.do\/wp-content\/uploads\/2023\/08\/Camara-de-Diputados-1.jpg?resize=525%2C300&ssl=1 1.5x, https:\/\/i0.wp.com\/lasprimeras.com.do\/wp-content\/uploads\/2023\/08\/Camara-de-Diputados-1.jpg?resize=700%2C400&ssl=1 2x"},"classes":[]}],"jetpack_sharing_enabled":true,"_links":{"self":[{"href":"https:\/\/lasprimeras.com.do\/index.php\/wp-json\/wp\/v2\/posts\/57802","targetHints":{"allow":["GET"]}}],"collection":[{"href":"https:\/\/lasprimeras.com.do\/index.php\/wp-json\/wp\/v2\/posts"}],"about":[{"href":"https:\/\/lasprimeras.com.do\/index.php\/wp-json\/wp\/v2\/types\/post"}],"author":[{"embeddable":true,"href":"https:\/\/lasprimeras.com.do\/index.php\/wp-json\/wp\/v2\/users\/2"}],"replies":[{"embeddable":true,"href":"https:\/\/lasprimeras.com.do\/index.php\/wp-json\/wp\/v2\/comments?post=57802"}],"version-history":[{"count":1,"href":"https:\/\/lasprimeras.com.do\/index.php\/wp-json\/wp\/v2\/posts\/57802\/revisions"}],"predecessor-version":[{"id":57804,"href":"https:\/\/lasprimeras.com.do\/index.php\/wp-json\/wp\/v2\/posts\/57802\/revisions\/57804"}],"wp:featuredmedia":[{"embeddable":true,"href":"https:\/\/lasprimeras.com.do\/index.php\/wp-json\/wp\/v2\/media\/57803"}],"wp:attachment":[{"href":"https:\/\/lasprimeras.com.do\/index.php\/wp-json\/wp\/v2\/media?parent=57802"}],"wp:term":[{"taxonomy":"category","embeddable":true,"href":"https:\/\/lasprimeras.com.do\/index.php\/wp-json\/wp\/v2\/categories?post=57802"},{"taxonomy":"post_tag","embeddable":true,"href":"https:\/\/lasprimeras.com.do\/index.php\/wp-json\/wp\/v2\/tags?post=57802"}],"curies":[{"name":"wp","href":"https:\/\/api.w.org\/{rel}","templated":true}]}}