{"id":57809,"date":"2023-08-16T10:39:55","date_gmt":"2023-08-16T14:39:55","guid":{"rendered":"https:\/\/lasprimeras.com.do\/?p=57809"},"modified":"2023-08-16T10:39:57","modified_gmt":"2023-08-16T14:39:57","slug":"video-agente-de-migracion-mata-de-macanazo-ciudadano-en-punta-cana","status":"publish","type":"post","link":"https:\/\/lasprimeras.com.do\/index.php\/2023\/08\/16\/video-agente-de-migracion-mata-de-macanazo-ciudadano-en-punta-cana\/","title":{"rendered":"Video: Agente de Migraci\u00f3n mata de macanazo ciudadano en Punta Cana"},"content":{"rendered":"\n<p>Un agente de la Direcci\u00f3n General de Migraci\u00f3n (DGM), mat\u00f3 este martes de un macanazo a un ciudadano, cuando este intent\u00f3 escapar del autob\u00fas en el cual era transportado, en su condici\u00f3n&nbsp;de detenido.<\/p>\n\n\n\n<p>El hecho sucedi\u00f3 en Ver\u00f3n-Punta Cana, provincia La Altagracia, a plena luz del d\u00eda y a la vista de todos los ciudadanos y transe\u00fantes, que se encontraban en ese lugar.<\/p>\n\n\n\n<p>El suceso se hizo viral a trav\u00e9s de un audiovisual que circula en las diferentes Redes Sociales.<\/p>\n\n\n\n<p>Los ciudadanos, pidieron a las autoridades que ponga en retiro el Agente de Migraci\u00f3n\u00a0 y que sea condenado por el asesinato de este ciudadano.<\/p>\n\n\n\n<figure class=\"wp-block-video\"><video height=\"864\" style=\"aspect-ratio: 688 \/ 864;\" width=\"688\" autoplay controls loop src=\"https:\/\/lasprimeras.com.do\/wp-content\/uploads\/2023\/08\/WhatsApp-Video-2023-08-16-at-6.34.20-AM.mp4\"><\/video><\/figure>\n","protected":false},"excerpt":{"rendered":"<p>Un agente de la Direcci\u00f3n General de Migraci\u00f3n (DGM), mat\u00f3 este martes de un macanazo a un ciudadano, cuando este intent\u00f3 escapar del autob\u00fas en el cual era transportado, en&hellip;<\/p>\n","protected":false},"author":2,"featured_media":57810,"comment_status":"open","ping_status":"open","sticky":false,"template":"","format":"standard","meta":{"content-type":"","jetpack_post_was_ever_published":false,"_jetpack_newsletter_access":"","_jetpack_dont_email_post_to_subs":false,"_jetpack_newsletter_tier_id":0,"_jetpack_memberships_contains_paywalled_content":false,"_jetpack_memberships_contains_paid_content":false,"footnotes":""},"categories":[35,25],"tags":[1261,692,6308,755,930,1308],"class_list":["post-57809","post","type-post","status-publish","format-standard","has-post-thumbnail","hentry","category-nacionales","category-portada","tag-agente","tag-ciudadano","tag-macanazo","tag-mata","tag-migracion","tag-punta-cana"],"jetpack_featured_media_url":"https:\/\/lasprimeras.com.do\/wp-content\/uploads\/2023\/08\/Captura-1.jpg","jetpack-related-posts":[{"id":80796,"url":"https:\/\/lasprimeras.com.do\/index.php\/2024\/04\/12\/director-de-migracion-investiga-supuesta-violacion-a-menor-en-punta-cana\/","url_meta":{"origin":57809,"position":0},"title":"Director de Migraci\u00f3n investiga supuesta violaci\u00f3n a menor en Punta Cana","author":"BIMARY DE JES\u00daS Matos","date":"12 de abril de 2024","format":false,"excerpt":"El director General de Migraci\u00f3n, Venancio Alc\u00e1ntara se reuni\u00f3 con la fiscal Roc\u00edo Garc\u00eda del municipio de Hig\u00fcey, provincia La Altagracia para continuar colaborando con la investigaci\u00f3n de supuesta violaci\u00f3n a menor en Punta Cana. En ese encuentro, la fiscal le dio detalles de las indagatorias que realiza del caso,\u2026","rel":"","context":"En \u00abNACIONALES\u00bb","block_context":{"text":"NACIONALES","link":"https:\/\/lasprimeras.com.do\/index.php\/category\/nacionales\/"},"img":{"alt_text":"Venancio Alcantara","src":"https:\/\/i0.wp.com\/lasprimeras.com.do\/wp-content\/uploads\/2024\/04\/WhatsApp-Image-2024-04-12-at-5.22.06-PM-e1712958500465.webp?resize=350%2C200&ssl=1","width":350,"height":200,"srcset":"https:\/\/i0.wp.com\/lasprimeras.com.do\/wp-content\/uploads\/2024\/04\/WhatsApp-Image-2024-04-12-at-5.22.06-PM-e1712958500465.webp?resize=350%2C200&ssl=1 1x, https:\/\/i0.wp.com\/lasprimeras.com.do\/wp-content\/uploads\/2024\/04\/WhatsApp-Image-2024-04-12-at-5.22.06-PM-e1712958500465.webp?resize=525%2C300&ssl=1 1.5x, https:\/\/i0.wp.com\/lasprimeras.com.do\/wp-content\/uploads\/2024\/04\/WhatsApp-Image-2024-04-12-at-5.22.06-PM-e1712958500465.webp?resize=700%2C400&ssl=1 2x"},"classes":[]},{"id":61540,"url":"https:\/\/lasprimeras.com.do\/index.php\/2023\/09\/28\/apresan-nacional-haitiano-que-amenazo-de-muerte-al-presidente-abinader\/","url_meta":{"origin":57809,"position":1},"title":"Apresan nacional haitiano que amenaz\u00f3 de muerte al presidente Abinader","author":"Nelson Feliz","date":"28 de septiembre de 2023","format":false,"excerpt":"Un ciudadano haitiano que amenaz\u00f3 al presidente Luis Abinader en redes sociales fue apresado por agentes de de la Direcci\u00f3n General de Migraci\u00f3n. El ciudadano, cuyo nombre no ha sido revelado, fue detenido en el destacamento de Naco y entregado a personal de la Direcci\u00f3n General de Migraci\u00f3n. En el\u2026","rel":"","context":"En \u00abNACIONALES\u00bb","block_context":{"text":"NACIONALES","link":"https:\/\/lasprimeras.com.do\/index.php\/category\/nacionales\/"},"img":{"alt_text":"","src":"https:\/\/i0.wp.com\/lasprimeras.com.do\/wp-content\/uploads\/2023\/09\/apresan-nacional-haitiano-que-amenazo-de-muerte-al-presidente-abinader.jpg?resize=350%2C200&ssl=1","width":350,"height":200,"srcset":"https:\/\/i0.wp.com\/lasprimeras.com.do\/wp-content\/uploads\/2023\/09\/apresan-nacional-haitiano-que-amenazo-de-muerte-al-presidente-abinader.jpg?resize=350%2C200&ssl=1 1x, https:\/\/i0.wp.com\/lasprimeras.com.do\/wp-content\/uploads\/2023\/09\/apresan-nacional-haitiano-que-amenazo-de-muerte-al-presidente-abinader.jpg?resize=525%2C300&ssl=1 1.5x, https:\/\/i0.wp.com\/lasprimeras.com.do\/wp-content\/uploads\/2023\/09\/apresan-nacional-haitiano-que-amenazo-de-muerte-al-presidente-abinader.jpg?resize=700%2C400&ssl=1 2x"},"classes":[]},{"id":83657,"url":"https:\/\/lasprimeras.com.do\/index.php\/2024\/05\/22\/mp-sometera-frances-acusado-de-estafar-a-compatriota\/","url_meta":{"origin":57809,"position":2},"title":"MP someter\u00e1\u00a0 franc\u00e9s acusado de estafar a compatriota\u00a0","author":"Nelson Feliz","date":"22 de mayo de 2024","format":false,"excerpt":"Un ciudadano franc\u00e9s alter\u00f3 un documento de Migraci\u00f3n y cobr\u00f3 a su compatriota 134 mil pesos El\u00a0Ministerio P\u00fablico\u00a0conocer\u00e1 medida de coerci\u00f3n contra un franc\u00e9s que estaf\u00f3 a una compatriota suya, falsificando un documento de la Direcci\u00f3n General de Migraci\u00f3n (DGM) para simular que era un cobro de la instituci\u00f3n.\u00a0 A\u2026","rel":"","context":"En \u00abJUSTICIA\u00bb","block_context":{"text":"JUSTICIA","link":"https:\/\/lasprimeras.com.do\/index.php\/category\/justicia\/"},"img":{"alt_text":"","src":"","width":0,"height":0},"classes":[]},{"id":107396,"url":"https:\/\/lasprimeras.com.do\/index.php\/2025\/08\/26\/director-general-de-migracion-supervisa-zonas-friusa-matamosquitos-y-otras-areas-en-costa-este\/","url_meta":{"origin":57809,"position":3},"title":"Director General de Migraci\u00f3n supervisa zonas Friusa, Matamosquitos y otras \u00e1reas en costa este","author":"Nelson Feliz","date":"26 de agosto de 2025","format":false,"excerpt":"El vicealmirante Lee Ballester recorri\u00f3 comunidades y sostuvo encuentros con mandos militares y policiales en el este. El director general de Migraci\u00f3n, vicealmirante Luis Rafael Lee Ballester, ARD, realiz\u00f3 un recorrido de supervisi\u00f3n a\u00e9reo y terrestre en distintos puntos del Este del pa\u00eds, con el objetivo de evaluar y reforzar\u2026","rel":"","context":"En \u00abMILITARES\u00bb","block_context":{"text":"MILITARES","link":"https:\/\/lasprimeras.com.do\/index.php\/category\/militares\/"},"img":{"alt_text":"","src":"https:\/\/i0.wp.com\/lasprimeras.com.do\/wp-content\/uploads\/2025\/08\/migra.jpg?resize=350%2C200&ssl=1","width":350,"height":200,"srcset":"https:\/\/i0.wp.com\/lasprimeras.com.do\/wp-content\/uploads\/2025\/08\/migra.jpg?resize=350%2C200&ssl=1 1x, https:\/\/i0.wp.com\/lasprimeras.com.do\/wp-content\/uploads\/2025\/08\/migra.jpg?resize=525%2C300&ssl=1 1.5x, https:\/\/i0.wp.com\/lasprimeras.com.do\/wp-content\/uploads\/2025\/08\/migra.jpg?resize=700%2C400&ssl=1 2x"},"classes":[]},{"id":51908,"url":"https:\/\/lasprimeras.com.do\/index.php\/2023\/06\/05\/director-migracion-investigara-incidente-entre-agentes-y-menor-de-edad\/","url_meta":{"origin":57809,"position":4},"title":"Director Migraci\u00f3n investigar\u00e1 incidente entre agentes y menor de edad","author":"prenxa100","date":"5 de junio de 2023","format":false,"excerpt":"Director de Migraci\u00f3n asegur\u00f3 que habr\u00e1 sanciones muy dr\u00e1sticas. El Director General de Migraci\u00f3n (DGM), Venancio Alc\u00e1ntara, dispuso una investigaci\u00f3n con relaci\u00f3n al incidente que involucra a un menor de edad, donde supuestamente fue detenida la madre y esta sujeta al infante en la unidad de traslado para evitar ser\u2026","rel":"","context":"En \u00abNACIONALES\u00bb","block_context":{"text":"NACIONALES","link":"https:\/\/lasprimeras.com.do\/index.php\/category\/nacionales\/"},"img":{"alt_text":"","src":"","width":0,"height":0},"classes":[]},{"id":95335,"url":"https:\/\/lasprimeras.com.do\/index.php\/2025\/03\/12\/grupo-de-haitianos-agrede-con-piedras-a-vehiculos-de-migracion-en-bavaro\/","url_meta":{"origin":57809,"position":5},"title":"Grupo de haitianos agrede con piedras a veh\u00edculos de Migraci\u00f3n en B\u00e1varo","author":"Nelson Feliz","date":"12 de marzo de 2025","format":false,"excerpt":"Un grupo de ciudadanos haitianos agredi\u00f3 hoy con piedras a varios veh\u00edculos pertenecientes a la Direcci\u00f3n General de Migraci\u00f3n (DGM) en la zona de B\u00e1varo, provincia La Altagracia. El incidente se produjo en rechazo a un operativo realizado por las autoridades migratorias, quienes llevaban a cabo labores de inspecci\u00f3n y\u2026","rel":"","context":"En \u00abNACIONALES\u00bb","block_context":{"text":"NACIONALES","link":"https:\/\/lasprimeras.com.do\/index.php\/category\/nacionales\/"},"img":{"alt_text":"Grupo de haitianos agrede con piedras a veh\u00edculos de Migraci\u00f3n en B\u00e1varo","src":"https:\/\/i0.wp.com\/lasprimeras.com.do\/wp-content\/uploads\/2025\/03\/Vehiculos-de-Migracion-en-Bavaro.jpg?resize=350%2C200&ssl=1","width":350,"height":200,"srcset":"https:\/\/i0.wp.com\/lasprimeras.com.do\/wp-content\/uploads\/2025\/03\/Vehiculos-de-Migracion-en-Bavaro.jpg?resize=350%2C200&ssl=1 1x, https:\/\/i0.wp.com\/lasprimeras.com.do\/wp-content\/uploads\/2025\/03\/Vehiculos-de-Migracion-en-Bavaro.jpg?resize=525%2C300&ssl=1 1.5x, https:\/\/i0.wp.com\/lasprimeras.com.do\/wp-content\/uploads\/2025\/03\/Vehiculos-de-Migracion-en-Bavaro.jpg?resize=700%2C400&ssl=1 2x"},"classes":[]}],"jetpack_sharing_enabled":true,"_links":{"self":[{"href":"https:\/\/lasprimeras.com.do\/index.php\/wp-json\/wp\/v2\/posts\/57809","targetHints":{"allow":["GET"]}}],"collection":[{"href":"https:\/\/lasprimeras.com.do\/index.php\/wp-json\/wp\/v2\/posts"}],"about":[{"href":"https:\/\/lasprimeras.com.do\/index.php\/wp-json\/wp\/v2\/types\/post"}],"author":[{"embeddable":true,"href":"https:\/\/lasprimeras.com.do\/index.php\/wp-json\/wp\/v2\/users\/2"}],"replies":[{"embeddable":true,"href":"https:\/\/lasprimeras.com.do\/index.php\/wp-json\/wp\/v2\/comments?post=57809"}],"version-history":[{"count":1,"href":"https:\/\/lasprimeras.com.do\/index.php\/wp-json\/wp\/v2\/posts\/57809\/revisions"}],"predecessor-version":[{"id":57812,"href":"https:\/\/lasprimeras.com.do\/index.php\/wp-json\/wp\/v2\/posts\/57809\/revisions\/57812"}],"wp:featuredmedia":[{"embeddable":true,"href":"https:\/\/lasprimeras.com.do\/index.php\/wp-json\/wp\/v2\/media\/57810"}],"wp:attachment":[{"href":"https:\/\/lasprimeras.com.do\/index.php\/wp-json\/wp\/v2\/media?parent=57809"}],"wp:term":[{"taxonomy":"category","embeddable":true,"href":"https:\/\/lasprimeras.com.do\/index.php\/wp-json\/wp\/v2\/categories?post=57809"},{"taxonomy":"post_tag","embeddable":true,"href":"https:\/\/lasprimeras.com.do\/index.php\/wp-json\/wp\/v2\/tags?post=57809"}],"curies":[{"name":"wp","href":"https:\/\/api.w.org\/{rel}","templated":true}]}}