{"id":57826,"date":"2023-08-16T12:16:54","date_gmt":"2023-08-16T16:16:54","guid":{"rendered":"https:\/\/lasprimeras.com.do\/?p=57826"},"modified":"2023-08-16T12:16:55","modified_gmt":"2023-08-16T16:16:55","slug":"incocegla-inicia-plan-de-educacion-en-la-salud-visual-en-ninos-y-tu-como-ves","status":"publish","type":"post","link":"https:\/\/lasprimeras.com.do\/index.php\/2023\/08\/16\/incocegla-inicia-plan-de-educacion-en-la-salud-visual-en-ninos-y-tu-como-ves\/","title":{"rendered":"INCOCEGLA inicia plan de educaci\u00f3n en la salud visual en ni\u00f1os \u201c\u00bfY t\u00fa c\u00f3mo ves? \u201c"},"content":{"rendered":"\n<p>El Instituto Contra la Ceguera por Glaucoma (INCOCEGLA) realiz\u00f3 la primera capacitaci\u00f3n del plan \u201c\u00bfY t\u00fa c\u00f3mo ves?\u201d, con el que se busca orientar a los docentes el nivel primario en realizar la t\u00e9cnica de medici\u00f3n de la agudeza visual e identificar alteraciones evidentes a simple vista.<\/p>\n\n\n\n<p>El taller fue impartido por la doctora Laura Dinzey, oftalm\u00f3loga pediatra en las instalaciones de la entidad y en la misma participaron 48 maestros de diferentes escuelas.<\/p>\n\n\n\n<p>El plan \u201c\u00bfY t\u00fa c\u00f3mo ves?\u201d, es un programa para el control de la salud visual en escolares.<\/p>\n\n\n\n<p>Con el mismo se busca que los maestros puedan detectar a tiempo patolog\u00edas visuales en ni\u00f1os y ni\u00f1as en edad escolar, siendo estos los beneficiados directamente del programa.<\/p>\n\n\n\n<p>La t\u00e9cnica de la agudeza visual ense\u00f1ada a los maestros consiste en la lectura de una cartilla con gr\u00e1ficos o letras claras.<\/p>\n\n\n\n<p>Los ni\u00f1os que posean la agudeza visual correcta finalizan la prueba; los ni\u00f1os con agudeza visual disminuida deben ser referidos a un m\u00e9dico oftalm\u00f3logo pediatra para una evaluaci\u00f3n completa.<\/p>\n\n\n\n<p>La comunicaci\u00f3n ser\u00e1 enviada de parte del colegio a sus padres con la recomendaci\u00f3n de una consulta.<\/p>\n\n\n\n<p>El Instituto Contra la Ceguera por Glaucoma (INCOCEGLA) en su compromiso con la salud visual de los dominicanos lanza este proyecto educativo para prevenir problemas visuales en la edad escolar que pueda comprometer el rendimiento del infante. &nbsp;Resaltando que ella rendimiento escolar depende de una buena salud visual. La capacitaci\u00f3n fue impartida de manera gratuita.<\/p>\n","protected":false},"excerpt":{"rendered":"<p>El Instituto Contra la Ceguera por Glaucoma (INCOCEGLA) realiz\u00f3 la primera capacitaci\u00f3n del plan \u201c\u00bfY t\u00fa c\u00f3mo ves?\u201d, con el que se busca orientar a los docentes el nivel primario&hellip;<\/p>\n","protected":false},"author":2,"featured_media":57827,"comment_status":"open","ping_status":"open","sticky":false,"template":"","format":"standard","meta":{"content-type":"","jetpack_post_was_ever_published":false,"_jetpack_newsletter_access":"","_jetpack_dont_email_post_to_subs":false,"_jetpack_newsletter_tier_id":0,"_jetpack_memberships_contains_paywalled_content":false,"_jetpack_memberships_contains_paid_content":false,"footnotes":""},"categories":[1],"tags":[893,6318,6316,58,145,6317],"class_list":["post-57826","post","type-post","status-publish","format-standard","has-post-thumbnail","hentry","category-sin-categoria","tag-educacion","tag-incocegla","tag-laura-dinzey","tag-ninos","tag-plan","tag-salud-visual"],"jetpack_featured_media_url":"https:\/\/lasprimeras.com.do\/wp-content\/uploads\/2023\/08\/Laura-Dinzey.jpg","jetpack-related-posts":[{"id":112231,"url":"https:\/\/lasprimeras.com.do\/index.php\/2025\/10\/19\/mas-de-200-ninos-reciben-atencion-visual-durante-jornada-por-el-dia-mundial-contra-la-ambliopia\/","url_meta":{"origin":57826,"position":0},"title":"M\u00e1s de 200 ni\u00f1os reciben atenci\u00f3n visual durante jornada por el D\u00eda Mundial contra la Ambliop\u00eda","author":"Nelson Feliz","date":"19 de octubre de 2025","format":false,"excerpt":"El Instituto Contra la Ceguera por Glaucoma (INCOCEGLA) desarroll\u00f3 una jornada especial de evaluaci\u00f3n visual en conmemoraci\u00f3n del D\u00eda Mundial contra la Ambliop\u00eda, impactando a m\u00e1s de 200 ni\u00f1os en sus sedes de Santo Domingo y La Romana. La actividad, realizada el s\u00e1bado 18 de octubre, estuvo dirigida a ni\u00f1os\u2026","rel":"","context":"En \u00abSALUD\u00bb","block_context":{"text":"SALUD","link":"https:\/\/lasprimeras.com.do\/index.php\/category\/salud\/"},"img":{"alt_text":"","src":"https:\/\/i0.wp.com\/lasprimeras.com.do\/wp-content\/uploads\/2025\/10\/doss.jpg?resize=350%2C200&ssl=1","width":350,"height":200,"srcset":"https:\/\/i0.wp.com\/lasprimeras.com.do\/wp-content\/uploads\/2025\/10\/doss.jpg?resize=350%2C200&ssl=1 1x, https:\/\/i0.wp.com\/lasprimeras.com.do\/wp-content\/uploads\/2025\/10\/doss.jpg?resize=525%2C300&ssl=1 1.5x, https:\/\/i0.wp.com\/lasprimeras.com.do\/wp-content\/uploads\/2025\/10\/doss.jpg?resize=700%2C400&ssl=1 2x"},"classes":[]},{"id":124983,"url":"https:\/\/lasprimeras.com.do\/index.php\/2026\/03\/18\/inabie-entrega-124-lentes-a-estudiantes-en-puerto-plata\/","url_meta":{"origin":57826,"position":1},"title":"INABIE entrega 124 lentes a estudiantes en Puerto Plata","author":"Nelson Feliz","date":"18 de marzo de 2026","format":false,"excerpt":"Adem\u00e1s, benefici\u00f3 a los alumnos con 2,496 medicamentos esenciales y 395 kits de higiene bucal, como parte de las acciones de salud integral de su equipo m\u00e9dico. El Instituto Nacional de Bienestar Estudiantil (INABIE) realiz\u00f3 la entrega de 124 lentes correctivos a estudiantes del Distrito Educativo 11-02, como parte de\u2026","rel":"","context":"En \u00abSALUD\u00bb","block_context":{"text":"SALUD","link":"https:\/\/lasprimeras.com.do\/index.php\/category\/salud\/"},"img":{"alt_text":"","src":"https:\/\/i0.wp.com\/lasprimeras.com.do\/wp-content\/uploads\/2026\/03\/INABIE-entrega-124-lentes-correctivos-a-estudiantes-del-Distrito-Educativo-11-02-de-Puerto-Plata.jpg?resize=350%2C200&ssl=1","width":350,"height":200,"srcset":"https:\/\/i0.wp.com\/lasprimeras.com.do\/wp-content\/uploads\/2026\/03\/INABIE-entrega-124-lentes-correctivos-a-estudiantes-del-Distrito-Educativo-11-02-de-Puerto-Plata.jpg?resize=350%2C200&ssl=1 1x, https:\/\/i0.wp.com\/lasprimeras.com.do\/wp-content\/uploads\/2026\/03\/INABIE-entrega-124-lentes-correctivos-a-estudiantes-del-Distrito-Educativo-11-02-de-Puerto-Plata.jpg?resize=525%2C300&ssl=1 1.5x, https:\/\/i0.wp.com\/lasprimeras.com.do\/wp-content\/uploads\/2026\/03\/INABIE-entrega-124-lentes-correctivos-a-estudiantes-del-Distrito-Educativo-11-02-de-Puerto-Plata.jpg?resize=700%2C400&ssl=1 2x"},"classes":[]},{"id":86319,"url":"https:\/\/lasprimeras.com.do\/index.php\/2024\/07\/22\/presidente-abinader-presenta-avances-de-inabie-en-la-semanal\/","url_meta":{"origin":57826,"position":2},"title":"Presidente Abinader presenta avances de INABIE en LA Semanal","author":"Nelson Feliz","date":"22 de julio de 2024","format":false,"excerpt":"Alimentaci\u00f3n, salud visual, bucal y auditiva, \u00fatiles escolares y uniformes. El presidente Luis Abinader inform\u00f3 este lunes que el Instituto Nacional de Bienestar Estudiantil, INABIE, ha trabajado incansablemente en esta gesti\u00f3n de gobierno para mejorar la calidad de vida de los estudiantes dominicanos. Gracias a los diferentes programas, se ha\u2026","rel":"","context":"En \u00abECONOM\u00cdA\u00bb","block_context":{"text":"ECONOM\u00cdA","link":"https:\/\/lasprimeras.com.do\/index.php\/category\/economia\/"},"img":{"alt_text":"Luis Abinader","src":"https:\/\/i0.wp.com\/lasprimeras.com.do\/wp-content\/uploads\/2024\/07\/Luis-Abinader-2.jpg?resize=350%2C200&ssl=1","width":350,"height":200,"srcset":"https:\/\/i0.wp.com\/lasprimeras.com.do\/wp-content\/uploads\/2024\/07\/Luis-Abinader-2.jpg?resize=350%2C200&ssl=1 1x, https:\/\/i0.wp.com\/lasprimeras.com.do\/wp-content\/uploads\/2024\/07\/Luis-Abinader-2.jpg?resize=525%2C300&ssl=1 1.5x, https:\/\/i0.wp.com\/lasprimeras.com.do\/wp-content\/uploads\/2024\/07\/Luis-Abinader-2.jpg?resize=700%2C400&ssl=1 2x"},"classes":[]},{"id":127782,"url":"https:\/\/lasprimeras.com.do\/index.php\/2026\/04\/15\/inabie-transformara-la-vida-de-9-estudiantes-con-cirugias-oculares-especializadas\/","url_meta":{"origin":57826,"position":3},"title":"INABIE transformar\u00e1 la vida de 9 estudiantes con cirug\u00edas oculares especializadas","author":"Nelson Feliz","date":"15 de abril de 2026","format":false,"excerpt":"20 alumnos han sido beneficiados con estas intervenciones durante la actual gesti\u00f3n El Instituto Nacional de Bienestar Estudiantil (INABIE) inici\u00f3 una jornada de cirug\u00edas oftalmol\u00f3gicas especializadas que beneficiar\u00e1 a nueve estudiantes del sector p\u00fablico, en coordinaci\u00f3n con el Centro Cristiano de Servicios M\u00e9dicos Hospital Doctor El\u00edas Santana (Los Americanos), con\u2026","rel":"","context":"En \u00abNACIONALES\u00bb","block_context":{"text":"NACIONALES","link":"https:\/\/lasprimeras.com.do\/index.php\/category\/nacionales\/"},"img":{"alt_text":"","src":"https:\/\/i0.wp.com\/lasprimeras.com.do\/wp-content\/uploads\/2026\/04\/INABIE-1.jpg?resize=350%2C200&ssl=1","width":350,"height":200,"srcset":"https:\/\/i0.wp.com\/lasprimeras.com.do\/wp-content\/uploads\/2026\/04\/INABIE-1.jpg?resize=350%2C200&ssl=1 1x, https:\/\/i0.wp.com\/lasprimeras.com.do\/wp-content\/uploads\/2026\/04\/INABIE-1.jpg?resize=525%2C300&ssl=1 1.5x, https:\/\/i0.wp.com\/lasprimeras.com.do\/wp-content\/uploads\/2026\/04\/INABIE-1.jpg?resize=700%2C400&ssl=1 2x"},"classes":[]},{"id":93129,"url":"https:\/\/lasprimeras.com.do\/index.php\/2025\/01\/25\/mochotran-realiza-operativo-de-atencion-oftalmologica\/","url_meta":{"origin":57826,"position":4},"title":"Mochotran realiza operativo de atenci\u00f3n oftalmol\u00f3gica","author":"Nelson Feliz","date":"25 de enero de 2025","format":false,"excerpt":"La empresa Optic Go asiste al personal con controles visuales preventivos. El Grupo de Empresas de Transporte Mochotran concluy\u00f3 exitosamente un operativo de atenci\u00f3n oftalmol\u00f3gica, llevado acabo durante dos d\u00edas en la Terminal de Autobuses, ubicada en la avenida Jacobo Majluta, del Municipio Santo Domingo Norte. Durante la jornada, Wilson\u2026","rel":"","context":"En \u00abSALUD\u00bb","block_context":{"text":"SALUD","link":"https:\/\/lasprimeras.com.do\/index.php\/category\/salud\/"},"img":{"alt_text":"Grupo de Empresas de Transporte Mochotran","src":"https:\/\/i0.wp.com\/lasprimeras.com.do\/wp-content\/uploads\/2025\/01\/Grupo-de-Empresas-de-Transporte-Mochotran-2.jpg?resize=350%2C200&ssl=1","width":350,"height":200,"srcset":"https:\/\/i0.wp.com\/lasprimeras.com.do\/wp-content\/uploads\/2025\/01\/Grupo-de-Empresas-de-Transporte-Mochotran-2.jpg?resize=350%2C200&ssl=1 1x, https:\/\/i0.wp.com\/lasprimeras.com.do\/wp-content\/uploads\/2025\/01\/Grupo-de-Empresas-de-Transporte-Mochotran-2.jpg?resize=525%2C300&ssl=1 1.5x, https:\/\/i0.wp.com\/lasprimeras.com.do\/wp-content\/uploads\/2025\/01\/Grupo-de-Empresas-de-Transporte-Mochotran-2.jpg?resize=700%2C400&ssl=1 2x"},"classes":[]},{"id":125142,"url":"https:\/\/lasprimeras.com.do\/index.php\/2026\/03\/19\/congreso-promueve-liderazgo-femenino-y-tecnologia-inclusiva\/","url_meta":{"origin":57826,"position":5},"title":"Congreso promueve liderazgo femenino y tecnolog\u00eda inclusiva","author":"Nelson Feliz","date":"19 de marzo de 2026","format":false,"excerpt":"El evento aborda el uso \u00e9tico y accesible de la inteligencia artificial para impulsar la educaci\u00f3n inclusiva y una vida libre de violencia Con el objetivo de promover un uso \u00e9tico, accesible y sostenible de la tecnolog\u00eda, la Fundaci\u00f3n InteRed, Centro Cultural Poveda y Red LUNA, celebraron el Congreso Tecnolog\u00eda:\u2026","rel":"","context":"En \u00abPORTADA\u00bb","block_context":{"text":"PORTADA","link":"https:\/\/lasprimeras.com.do\/index.php\/category\/portada\/"},"img":{"alt_text":"","src":"https:\/\/i0.wp.com\/lasprimeras.com.do\/wp-content\/uploads\/2026\/03\/Congreso.jpg?resize=350%2C200&ssl=1","width":350,"height":200,"srcset":"https:\/\/i0.wp.com\/lasprimeras.com.do\/wp-content\/uploads\/2026\/03\/Congreso.jpg?resize=350%2C200&ssl=1 1x, https:\/\/i0.wp.com\/lasprimeras.com.do\/wp-content\/uploads\/2026\/03\/Congreso.jpg?resize=525%2C300&ssl=1 1.5x, https:\/\/i0.wp.com\/lasprimeras.com.do\/wp-content\/uploads\/2026\/03\/Congreso.jpg?resize=700%2C400&ssl=1 2x"},"classes":[]}],"jetpack_sharing_enabled":true,"_links":{"self":[{"href":"https:\/\/lasprimeras.com.do\/index.php\/wp-json\/wp\/v2\/posts\/57826","targetHints":{"allow":["GET"]}}],"collection":[{"href":"https:\/\/lasprimeras.com.do\/index.php\/wp-json\/wp\/v2\/posts"}],"about":[{"href":"https:\/\/lasprimeras.com.do\/index.php\/wp-json\/wp\/v2\/types\/post"}],"author":[{"embeddable":true,"href":"https:\/\/lasprimeras.com.do\/index.php\/wp-json\/wp\/v2\/users\/2"}],"replies":[{"embeddable":true,"href":"https:\/\/lasprimeras.com.do\/index.php\/wp-json\/wp\/v2\/comments?post=57826"}],"version-history":[{"count":1,"href":"https:\/\/lasprimeras.com.do\/index.php\/wp-json\/wp\/v2\/posts\/57826\/revisions"}],"predecessor-version":[{"id":57828,"href":"https:\/\/lasprimeras.com.do\/index.php\/wp-json\/wp\/v2\/posts\/57826\/revisions\/57828"}],"wp:featuredmedia":[{"embeddable":true,"href":"https:\/\/lasprimeras.com.do\/index.php\/wp-json\/wp\/v2\/media\/57827"}],"wp:attachment":[{"href":"https:\/\/lasprimeras.com.do\/index.php\/wp-json\/wp\/v2\/media?parent=57826"}],"wp:term":[{"taxonomy":"category","embeddable":true,"href":"https:\/\/lasprimeras.com.do\/index.php\/wp-json\/wp\/v2\/categories?post=57826"},{"taxonomy":"post_tag","embeddable":true,"href":"https:\/\/lasprimeras.com.do\/index.php\/wp-json\/wp\/v2\/tags?post=57826"}],"curies":[{"name":"wp","href":"https:\/\/api.w.org\/{rel}","templated":true}]}}