{"id":57859,"date":"2023-08-16T21:26:26","date_gmt":"2023-08-17T01:26:26","guid":{"rendered":"https:\/\/lasprimeras.com.do\/?p=57859"},"modified":"2023-08-16T21:26:28","modified_gmt":"2023-08-17T01:26:28","slug":"reeligen-alfredo-pacheco-como-presidente-camara-de-diputados","status":"publish","type":"post","link":"https:\/\/lasprimeras.com.do\/index.php\/2023\/08\/16\/reeligen-alfredo-pacheco-como-presidente-camara-de-diputados\/","title":{"rendered":"Reeligen Alfredo Pacheco como presidente C\u00e1mara de Diputados"},"content":{"rendered":"\n<p>La C\u00e1mara de Diputados dej\u00f3 abierta la Segunda Legislatura Ordinaria 2023-2024 y escogi\u00f3 a unanimidad, con 165 votos, su nuevo bufete directivo, el cual continuar\u00e1 presidido por Alfredo Pacheco Osoria.<\/p>\n\n\n\n<p>Est\u00e1 integrado adem\u00e1s por Olfanny M\u00e9ndez, vicepresidenta y Agust\u00edn Burgo y Nelsa Shoraya Su\u00e1rez, secretarios, quienes tambi\u00e9n repiten en sus cargos..<\/p>\n\n\n\n<p>Luego de la escogencia diputado de mayor edad, M\u00e1ximo Castro Silverio, tom\u00f3 juramento a Pacheco, quien a su vez jurament\u00f3 a los dem\u00e1s miembros del bufete.<\/p>\n\n\n\n<p>La plancha electa fue propuesta por el vocero del bloque del Partido Revolucionario Moderno, Julito Fulcar Encarnaci\u00f3n, quien dijo que bajo la conducci\u00f3n de Pacheco la C\u00e1mara Baja se ha encauzado en un proceso de cambios permanentes y continuos que lo hacen merecedor, junto al equipo de hombres y mujeres que conforman el pleno, de continuar dirigiendo el \u00f3rgano legislativo.<\/p>\n\n\n\n<p><strong>PROMETE SEGUIR IMPULSANDO LEGISLACIONES TRASCENDENTALES<\/strong><\/p>\n\n\n\n<p>Al pronunciar su discurso de toma de posesi\u00f3n, Pacheco prometi\u00f3 seguir impulsando la aprobaci\u00f3n de legislaciones trascendentales para el desarrollo dominicano,<\/p>\n\n\n\n<p>\u00abDurante lo que va de este periodo hemos trabajado duro para reducir la mora legislativa y este 2023-2024. Aunque es un a\u00f1o preelectoral y electoral, no ser\u00e1 la excepci\u00f3n; por eso nos trazamos la meta de impulsar la aprobaci\u00f3n de proyectos trascendentales para el desarrollo de la Rep\u00fablica Dominicana\u00bb, expres\u00f3.<\/p>\n\n\n\n<p>Entre las iniciativas legislativas pendientes y que tendr\u00e1n mayor prioridad, Pacheco resalt\u00f3 los c\u00f3digos Penal y Civil, los proyectos de ley de Agua, de Referendo Consultivo, de reforma a la ley de Seguridad Social, de Administraci\u00f3n de Bienes Incautados, Abandonados, Secuestrados y Decomisados as\u00ed como el de extinci\u00f3n de Dominio y de Exequ\u00e1tur.<\/p>\n\n\n\n<p>Agradeci\u00f3 el respaldo de los diputados de las diferentes bancadas entre ellos los de los partidos Alianza Pa\u00eds, Opci\u00f3n Democr\u00e1tica, Liberal Reformista, Dominicanos por el Cambio, Frente Amplio, Quisqueyano Dem\u00f3crata Cristiano, Revolucionario Dominicano, Reformista Social Cristiano, Fuerza del Pueblo, de la Liberaci\u00f3n Dominicana y Revolucionario Moderno.<\/p>\n\n\n\n<p><strong>BUFETES DIRECTIVOS DE LOS BLOQUES PARLAMENTARIOS<\/strong><\/p>\n\n\n\n<p>Los bloques parlamentarios escogieron nuevos bufetes para el periodo agosto 2023-agosto 2024.<\/p>\n\n\n\n<p>El del PLD seleccion\u00f3 a Luis Henr\u00edquez Beato como su vocero, a Hilda Genao vice vocera y a S\u00f3crates P\u00e9rez secretario.<\/p>\n\n\n\n<p>El de la FP a Tob\u00edas Crespo como vocero, Rafael Castillo vice vocero y a Ivanna Rivera, vice vocera.<\/p>\n\n\n\n<p>El PRSC eligi\u00f3 a M\u00e1ximo Castro Silverio vocero, Rafaela Alburquerque vice vocera y Rogelio Genao Lanza secretario.<\/p>\n\n\n\n<p>El Bloque Alternativo Progresista, representado por los partidos Alianza Pa\u00eds, Partido Liberal Reformista y Opci\u00f3n Democr\u00e1tica escogi\u00f3 como vocero a Pedro Mart\u00ednez, vice vocera a Aidee L\u00f3pez a Jos\u00e9 Horacio Rodr\u00edguez secretario.<\/p>\n\n\n\n<p>El Bloque Juan Pablo Duarte, que integran los partidos Dominicanos Por el Cambio y Frente Amplio, eligieron como vocero al diputado Juan Dionisio Rodr\u00edguez Restituyo, vice vocero a Braulio Espinal y secretario Mateo Espaillat secretario.<\/p>\n\n\n\n<p>El bloque que componen el Partido Quisqueyano Dem\u00f3crata Cristiano (PQDC) y el diputado independiente presentaron a El\u00edas Wessin Ch\u00e1vez como vocero y al diputado Miguel de los Santos vice-vocero.<\/p>\n\n\n\n<p>El Partido Revolucionario Moderno (PRM) continuar\u00e1 con el diputado Julito Fulcar Encarnaci\u00f3n como vocero, Amado D\u00edaz vice vocero y Lucrecia Leyba Santana secretaria.<\/p>\n\n\n\n<p>El Partido Revolucionario Dominicano (PRD) continu\u00f3 con Saury Mota como vocero y H\u00e9ctor F\u00e9liz vice-vocero.<\/p>\n","protected":false},"excerpt":{"rendered":"<p>La C\u00e1mara de Diputados dej\u00f3 abierta la Segunda Legislatura Ordinaria 2023-2024 y escogi\u00f3 a unanimidad, con 165 votos, su nuevo bufete directivo, el cual continuar\u00e1 presidido por Alfredo Pacheco Osoria.&hellip;<\/p>\n","protected":false},"author":2,"featured_media":57860,"comment_status":"open","ping_status":"open","sticky":false,"template":"","format":"standard","meta":{"content-type":"","jetpack_post_was_ever_published":false,"_jetpack_newsletter_access":"","_jetpack_dont_email_post_to_subs":false,"_jetpack_newsletter_tier_id":0,"_jetpack_memberships_contains_paywalled_content":false,"_jetpack_memberships_contains_paid_content":false,"footnotes":""},"categories":[1],"tags":[1827,1102,935,6331],"class_list":["post-57859","post","type-post","status-publish","format-standard","has-post-thumbnail","hentry","category-sin-categoria","tag-alfredo-pacheco","tag-camara-de-diputados","tag-presidente","tag-reeligen"],"jetpack_featured_media_url":"https:\/\/lasprimeras.com.do\/wp-content\/uploads\/2023\/08\/Maximo-Castro-Silverio-presidene-del-Bufete-de-Edad-de-la-Camara-de-Diputados-tomo-el-juramento-a-Alfredo-Pacheco-reelecto-presidente-de-esta-camara.jpg","jetpack-related-posts":[{"id":56476,"url":"https:\/\/lasprimeras.com.do\/index.php\/2023\/08\/02\/pediran-a-la-cupula-del-prm-mantener-a-pacheco-al-frente-de-la-camara-baja\/","url_meta":{"origin":57859,"position":0},"title":"Pedir\u00e1n a la c\u00fapula del PRM mantener a Pacheco al frente de la C\u00e1mara Baja","author":"Nelson Feliz","date":"2 de agosto de 2023","format":false,"excerpt":"El bloque de diputados del Partido Revolucionario Moderno (PRM) se re\u00fane hoy con la c\u00fapula de partido oficialista para pedir que Alfredo Pacheco contin\u00fae al frente de la C\u00e1mara de Diputados hasta el 2024, cuando concluye el actual per\u00edodo congresual. La bancada oficialista de la C\u00e1mara Baja se reuni\u00f3 ayer\u2026","rel":"","context":"En \u00abSin categor\u00eda\u00bb","block_context":{"text":"Sin categor\u00eda","link":"https:\/\/lasprimeras.com.do\/index.php\/category\/sin-categoria\/"},"img":{"alt_text":"Alfredo Pacheco","src":"https:\/\/i0.wp.com\/lasprimeras.com.do\/wp-content\/uploads\/2023\/08\/Alfredo-Pacheco.jpg?resize=350%2C200&ssl=1","width":350,"height":200,"srcset":"https:\/\/i0.wp.com\/lasprimeras.com.do\/wp-content\/uploads\/2023\/08\/Alfredo-Pacheco.jpg?resize=350%2C200&ssl=1 1x, https:\/\/i0.wp.com\/lasprimeras.com.do\/wp-content\/uploads\/2023\/08\/Alfredo-Pacheco.jpg?resize=525%2C300&ssl=1 1.5x, https:\/\/i0.wp.com\/lasprimeras.com.do\/wp-content\/uploads\/2023\/08\/Alfredo-Pacheco.jpg?resize=700%2C400&ssl=1 2x"},"classes":[]},{"id":104265,"url":"https:\/\/lasprimeras.com.do\/index.php\/2025\/07\/22\/ricardo-de-los-santos-y-alfredo-pacheco-seguiran-al-frente-del-senado-y-camara-de-diputados\/","url_meta":{"origin":57859,"position":1},"title":"Ricardo de los Santos y Alfredo Pacheco seguir\u00e1n al frente del Senado y C\u00e1mara de Diputados","author":"Nelson Feliz","date":"22 de julio de 2025","format":false,"excerpt":"La Direcci\u00f3n Ejecutiva del PRM los confirm\u00f3 junto a sus respectivos equipos. La direcci\u00f3n ejecutiva del Partido Revolucionario Moderno (PRM) decidi\u00f3 ratificar a sus legisladores la continuidad de los actuales bufetes directivos del Senado de la Rep\u00fablica y la C\u00e1mara de Diputados. De acuerdo a una nota de prensa, el\u2026","rel":"","context":"En \u00abPOLITICA\u00bb","block_context":{"text":"POLITICA","link":"https:\/\/lasprimeras.com.do\/index.php\/category\/politica\/"},"img":{"alt_text":"","src":"https:\/\/i0.wp.com\/lasprimeras.com.do\/wp-content\/uploads\/2025\/07\/prm.jpg?resize=350%2C200&ssl=1","width":350,"height":200,"srcset":"https:\/\/i0.wp.com\/lasprimeras.com.do\/wp-content\/uploads\/2025\/07\/prm.jpg?resize=350%2C200&ssl=1 1x, https:\/\/i0.wp.com\/lasprimeras.com.do\/wp-content\/uploads\/2025\/07\/prm.jpg?resize=525%2C300&ssl=1 1.5x, https:\/\/i0.wp.com\/lasprimeras.com.do\/wp-content\/uploads\/2025\/07\/prm.jpg?resize=700%2C400&ssl=1 2x"},"classes":[]},{"id":79980,"url":"https:\/\/lasprimeras.com.do\/index.php\/2024\/04\/02\/hijo-de-alfredo-pacheco-muere-en-medio-de-balacera-en-houston\/","url_meta":{"origin":57859,"position":2},"title":"Hijo de Alfredo Pacheco muere en medio de balacera en Houston","author":"BIMARY DE JES\u00daS Matos","date":"2 de abril de 2024","format":false,"excerpt":"Santo Domingo.-Luis Alfredo Pacheco, hijo del presidente de la C\u00e1mara de Diputados, Alfredo Pacheco, result\u00f3 muerto en medio de un tiroteo en Houston, Estados Unidos, as\u00ed lo inform\u00f3 este martes Julio Mart\u00ednez Pozo \u00abA esa informaci\u00f3n hay que agregarles que entre los heridos y fallecidos esta un hijo de Alfredo\u2026","rel":"","context":"En \u00abPORTADA\u00bb","block_context":{"text":"PORTADA","link":"https:\/\/lasprimeras.com.do\/index.php\/category\/portada\/"},"img":{"alt_text":"","src":"https:\/\/i0.wp.com\/lasprimeras.com.do\/wp-content\/uploads\/2024\/04\/WhatsApp-Image-2024-01-26-at-12.10.49-PM.webp?resize=350%2C200&ssl=1","width":350,"height":200,"srcset":"https:\/\/i0.wp.com\/lasprimeras.com.do\/wp-content\/uploads\/2024\/04\/WhatsApp-Image-2024-01-26-at-12.10.49-PM.webp?resize=350%2C200&ssl=1 1x, https:\/\/i0.wp.com\/lasprimeras.com.do\/wp-content\/uploads\/2024\/04\/WhatsApp-Image-2024-01-26-at-12.10.49-PM.webp?resize=525%2C300&ssl=1 1.5x"},"classes":[]},{"id":87994,"url":"https:\/\/lasprimeras.com.do\/index.php\/2024\/08\/20\/pacheco-aprueba-reduccion-de-los-diputados-porque-con-190-es-inmanejable-la-toma-de-decisiones\/","url_meta":{"origin":57859,"position":3},"title":"Pacheco aprueba reducci\u00f3n de los diputados porque con 190 es &#8220;inmanejable la toma de decisiones&#8221;","author":"Nelson Feliz","date":"20 de agosto de 2024","format":false,"excerpt":"El presidente de la C\u00e1mara de Diputados, Alfredo Pacheco, valor\u00f3 de manera positiva la propuesta de realizar una reducci\u00f3n en la cantidad de representantes que tiene ese \u00f3rgano legislativo. Pacheco, asegur\u00f3 debido a que la toma de decisiones en torno al conocimiento de las iniciativas legislativas se ha convertido en\u2026","rel":"","context":"En \u00abSin categor\u00eda\u00bb","block_context":{"text":"Sin categor\u00eda","link":"https:\/\/lasprimeras.com.do\/index.php\/category\/sin-categoria\/"},"img":{"alt_text":"Presidente de la C\u00e1mara de Diputados, Alfredo Pacheco. Foto: Diputados v\u00eda Twitter.","src":"https:\/\/i0.wp.com\/lasprimeras.com.do\/wp-content\/uploads\/2024\/08\/Alfredo-Pacheco.jpeg?resize=350%2C200&ssl=1","width":350,"height":200,"srcset":"https:\/\/i0.wp.com\/lasprimeras.com.do\/wp-content\/uploads\/2024\/08\/Alfredo-Pacheco.jpeg?resize=350%2C200&ssl=1 1x, https:\/\/i0.wp.com\/lasprimeras.com.do\/wp-content\/uploads\/2024\/08\/Alfredo-Pacheco.jpeg?resize=525%2C300&ssl=1 1.5x, https:\/\/i0.wp.com\/lasprimeras.com.do\/wp-content\/uploads\/2024\/08\/Alfredo-Pacheco.jpeg?resize=700%2C400&ssl=1 2x"},"classes":[]},{"id":54828,"url":"https:\/\/lasprimeras.com.do\/index.php\/2023\/07\/14\/yeni-berenice-y-alfredo-pacheco-se-reunen-a-puerta-cerrada\/","url_meta":{"origin":57859,"position":4},"title":"Yeni Berenice y Alfredo Pacheco se re\u00fanen a puerta cerrada","author":"Nelson Feliz","date":"14 de julio de 2023","format":false,"excerpt":"La directora de Persecuci\u00f3n del Ministerio P\u00fablico, Yeni Berenice Reynoso, se reuni\u00f3 este viernes con el presidente de la C\u00e1mara de Diputados, Alfredo Pacheco, seg\u00fan confirmaron fuentes cercanas al \u00f3rgano legislativo. Reynoso lleg\u00f3 a la sede del Poder Legislativo acompa\u00f1ada de dos fiscales. Los detalles de la reuni\u00f3n no fueron\u2026","rel":"","context":"En \u00abNACIONALES\u00bb","block_context":{"text":"NACIONALES","link":"https:\/\/lasprimeras.com.do\/index.php\/category\/nacionales\/"},"img":{"alt_text":"","src":"https:\/\/i0.wp.com\/lasprimeras.com.do\/wp-content\/uploads\/2023\/07\/Yeni-Berenice-Reynoso.jpg?resize=350%2C200&ssl=1","width":350,"height":200},"classes":[]},{"id":83687,"url":"https:\/\/lasprimeras.com.do\/index.php\/2024\/05\/23\/presidente-de-la-camara-de-diputados-dice-metodo-dhondt-para-escoger-legisladores-esta-obsoleto\/","url_meta":{"origin":57859,"position":5},"title":"Presidente de la C\u00e1mara de Diputados dice m\u00e9todo D&#8217;Hondt para escoger legisladores &#8220;est\u00e1 obsoleto&#8221;","author":"Nelson Feliz","date":"23 de mayo de 2024","format":false,"excerpt":"El presidente de la C\u00e1mara de Diputados, Alfredo Pacheco, consider\u00f3 ayer que el m\u00e9todo D\u00b4Hondt, dispuesto en la ley para escoger a los congresistas por demarcaciones, es un sistema obsoleto que debe ser sustituido por otro m\u00e1s respetuoso. Antes de iniciar las labores de la sesi\u00f3n ordinaria, el presidente de\u2026","rel":"","context":"En \u00abSin categor\u00eda\u00bb","block_context":{"text":"Sin categor\u00eda","link":"https:\/\/lasprimeras.com.do\/index.php\/category\/sin-categoria\/"},"img":{"alt_text":"Alfredo Pacheco","src":"https:\/\/i0.wp.com\/lasprimeras.com.do\/wp-content\/uploads\/2024\/05\/Alfredo-Pacheco.jpeg?resize=350%2C200&ssl=1","width":350,"height":200,"srcset":"https:\/\/i0.wp.com\/lasprimeras.com.do\/wp-content\/uploads\/2024\/05\/Alfredo-Pacheco.jpeg?resize=350%2C200&ssl=1 1x, https:\/\/i0.wp.com\/lasprimeras.com.do\/wp-content\/uploads\/2024\/05\/Alfredo-Pacheco.jpeg?resize=525%2C300&ssl=1 1.5x, https:\/\/i0.wp.com\/lasprimeras.com.do\/wp-content\/uploads\/2024\/05\/Alfredo-Pacheco.jpeg?resize=700%2C400&ssl=1 2x, https:\/\/i0.wp.com\/lasprimeras.com.do\/wp-content\/uploads\/2024\/05\/Alfredo-Pacheco.jpeg?resize=1050%2C600&ssl=1 3x, https:\/\/i0.wp.com\/lasprimeras.com.do\/wp-content\/uploads\/2024\/05\/Alfredo-Pacheco.jpeg?resize=1400%2C800&ssl=1 4x"},"classes":[]}],"jetpack_sharing_enabled":true,"_links":{"self":[{"href":"https:\/\/lasprimeras.com.do\/index.php\/wp-json\/wp\/v2\/posts\/57859","targetHints":{"allow":["GET"]}}],"collection":[{"href":"https:\/\/lasprimeras.com.do\/index.php\/wp-json\/wp\/v2\/posts"}],"about":[{"href":"https:\/\/lasprimeras.com.do\/index.php\/wp-json\/wp\/v2\/types\/post"}],"author":[{"embeddable":true,"href":"https:\/\/lasprimeras.com.do\/index.php\/wp-json\/wp\/v2\/users\/2"}],"replies":[{"embeddable":true,"href":"https:\/\/lasprimeras.com.do\/index.php\/wp-json\/wp\/v2\/comments?post=57859"}],"version-history":[{"count":1,"href":"https:\/\/lasprimeras.com.do\/index.php\/wp-json\/wp\/v2\/posts\/57859\/revisions"}],"predecessor-version":[{"id":57861,"href":"https:\/\/lasprimeras.com.do\/index.php\/wp-json\/wp\/v2\/posts\/57859\/revisions\/57861"}],"wp:featuredmedia":[{"embeddable":true,"href":"https:\/\/lasprimeras.com.do\/index.php\/wp-json\/wp\/v2\/media\/57860"}],"wp:attachment":[{"href":"https:\/\/lasprimeras.com.do\/index.php\/wp-json\/wp\/v2\/media?parent=57859"}],"wp:term":[{"taxonomy":"category","embeddable":true,"href":"https:\/\/lasprimeras.com.do\/index.php\/wp-json\/wp\/v2\/categories?post=57859"},{"taxonomy":"post_tag","embeddable":true,"href":"https:\/\/lasprimeras.com.do\/index.php\/wp-json\/wp\/v2\/tags?post=57859"}],"curies":[{"name":"wp","href":"https:\/\/api.w.org\/{rel}","templated":true}]}}