{"id":57869,"date":"2023-08-16T22:17:58","date_gmt":"2023-08-17T02:17:58","guid":{"rendered":"https:\/\/lasprimeras.com.do\/?p=57869"},"modified":"2023-08-16T22:17:59","modified_gmt":"2023-08-17T02:17:59","slug":"yo-repudio-el-anuncio-de-reeleccion-de-luis-abinader-promesas-incumplidas-y-engano-politico","status":"publish","type":"post","link":"https:\/\/lasprimeras.com.do\/index.php\/2023\/08\/16\/yo-repudio-el-anuncio-de-reeleccion-de-luis-abinader-promesas-incumplidas-y-engano-politico\/","title":{"rendered":"Yo repudio el anuncio de reelecci\u00f3n de Luis Abinader: Promesas incumplidas y enga\u00f1o pol\u00edtico"},"content":{"rendered":"\n<p>Por Felipe Lora Longo<\/p>\n\n\n\n<p>En un lamentable episodio de enga\u00f1o pol\u00edtico y simulaci\u00f3n, el presidente Luis Abinader ha anunciado su intenci\u00f3n de buscar la reelecci\u00f3n en las elecciones del 2024 a trav\u00e9s de un video en el que se jacta de supuestas promesas cumplidas y logros alcanzados por su gobierno.<\/p>\n\n\n\n<p>Sin embargo, este anuncio no solo es un intento desesperado de perpetuarse en el poder, sino que tambi\u00e9n es un insulto a la inteligencia de los dominicanos que han sido testigos de las promesas incumplidas y las pol\u00edticas que han afectado negativamente a amplios sectores de la sociedad.<\/p>\n\n\n\n<p>En el mismo d\u00eda en que cientos de organizaciones sociales, laborales y ambientales salieron a las calles para exigir el cumplimiento de las promesas electorales, Abinader opt\u00f3 por desviar la atenci\u00f3n con un video lleno de autoelogios y afirmaciones cuestionables.<\/p>\n\n\n\n<p>Esta acci\u00f3n refleja la desconexi\u00f3n entre el gobierno y las demandas leg\u00edtimas del pueblo dominicano, evidenciando que la prioridad del presidente es mantenerse en el poder a toda costa, incluso a expensas de ignorar las voces de aquellos a quienes prometi\u00f3 representar.<\/p>\n\n\n\n<p>En el video, Abinader insin\u00faa de haber aliviado el sufrimiento de los m\u00e1s despose\u00eddos, una insinuaci\u00f3n que contrasta de manera dram\u00e1tica con la realidad que viven cientos de miles de dominicanos.<\/p>\n\n\n\n<p>Mientras el presidente intenta convencer a la poblaci\u00f3n de su &#8220;honestidad&#8221;, el pa\u00eds sigue enfrentando desaf\u00edos significativos en t\u00e9rminos de pobreza, desigualdad social, acceso a servicios b\u00e1sicos y derechos fundamentales.<\/p>\n\n\n\n<p>Las escasas reacciones de agrado ante el anuncio de reelecci\u00f3n por parte del sector olig\u00e1rquico dominicano y de las corporaciones extranjeras no deben sorprendernos, como tampoco debe sorprendernos, la agigantada cobertura que ofreci\u00f3 la prensa que abandonando su rol, se ha convertido en vocero de quienes controlan el poder.<\/p>\n\n\n\n<p>Estos actores han sido beneficiados por pol\u00edticas que favorecen a las \u00e9lites econ\u00f3micas mientras dejan atr\u00e1s a los m\u00e1s vulnerables.<\/p>\n\n\n\n<p>El presidente Abinader ha fracasado en el cumplimiento de sus responsabilidades y los llamados a la &#8220;honestidad&#8221; no pueden encubrir la falta de transparencia en la gesti\u00f3n gubernamental ni justificar el incumplimiento de las promesas.<\/p>\n\n\n\n<p>En lugar de buscar la reelecci\u00f3n, el presidente deber\u00eda enfocarse en cumplir con su deber de representar y trabajar en beneficio de todos los ciudadanos.<\/p>\n\n\n\n<p>El repudio al anuncio de reelecci\u00f3n de Luis Abinader refleja la creciente indignaci\u00f3n y frustraci\u00f3n de un pueblo que exige un cambio real y concreto en las pol\u00edticas gubernamentales.<br>Las protestas y manifestaciones que se llevaron a cabo en el mismo d\u00eda del anuncio son una clara muestra de que la poblaci\u00f3n dominicana ya no est\u00e1 dispuesta a aceptar m\u00e1s promesas vac\u00edas y enga\u00f1os por parte de sus l\u00edderes.<\/p>\n\n\n\n<p>Resulta ir\u00f3nico que Abinader utilice t\u00e9rminos como &#8220;orden&#8221;, &#8220;progreso&#8221; y &#8220;honestidad&#8221; para describir su gesti\u00f3n, cuando la realidad ha demostrado lo contrario.<\/p>\n\n\n\n<p>Las pol\u00edticas implementadas por su gobierno han contribuido a la profundizaci\u00f3n de la desigualdad, la erosi\u00f3n de los derechos laborales y la falta de acceso a servicios b\u00e1sicos para amplios sectores de la sociedad. Ha aludido los h\u00e9roes de la Restauraci\u00f3n mientras pone en riesgo nuestra soberan\u00eda h\u00eddrica, alimenticia, energ\u00e9tica y cultural, ignorando la constituci\u00f3n de la rep\u00fablica.<\/p>\n\n\n\n<p>Ante esta realidad, es imperativo que los dominicanos, no s\u00f3lo repudiemos el anuncio de reelecci\u00f3n de Abinader, sino que tambi\u00e9n reafirmemos nuestra determinaci\u00f3n de exigir un cambio significativo y revolucionario en la direcci\u00f3n del pa\u00eds.<\/p>\n\n\n\n<p>Las demandas del pueblo son claras y contundentes, y es responsabilidad de todos alzar la voz y luchar por un futuro en el que prevalezcan la justicia social, la equidad y el respeto a los derechos de todos los ciudadanos.<\/p>\n\n\n\n<p>La reelecci\u00f3n no es la soluci\u00f3n a los problemas que enfrenta la Rep\u00fablica Dominicana, sino m\u00e1s bien una estrategia que busca mantener el statu quo y perpetuar una agenda que no beneficia a la mayor\u00eda.<\/p>\n\n\n\n<p>Es hora de poner fin a la era de las promesas incumplidas y los discursos vac\u00edos. El pueblo dominicano merece un liderazgo que est\u00e9 a la altura de sus necesidades y expectativas. Las demandas del pueblo son leg\u00edtimas y deben ser atendidas de manera prioritaria por aquellos que ostentan el poder.<\/p>\n\n\n\n<p>La lista de demandas del pueblo dominicano es extensa y variada, reflejando las preocupaciones y aspiraciones de diferentes sectores de la sociedad. Algunas de estas demandas incluyen:<\/p>\n\n\n\n<p>Combate efectivo contra la corrupci\u00f3n: El pueblo una acci\u00f3n contundente contra la corrupci\u00f3n en todas sus formas. Es hora de que los funcionarios p\u00fablicos rindan cuentas por sus acciones y que los recursos del pa\u00eds sean utilizados de manera transparente y eficiente en beneficio de la poblaci\u00f3n.<\/p>\n\n\n\n<p>Garant\u00eda de acceso a servicios b\u00e1sicos: Los dominicanos demandan el acceso universal a servicios esenciales como educaci\u00f3n de calidad, atenci\u00f3n m\u00e9dica, agua potable y electricidad. Es inaceptable permitir que estos servicios sean un privilegio reservado para unos pocos, mientras la mayor\u00eda sufre las consecuencias de la falta de inversi\u00f3n y atenci\u00f3n.<\/p>\n\n\n\n<p>Protecci\u00f3n del medio ambiente y recursos naturales: Es imperativo que se tomen medidas concretas para preservar y proteger nuestro entorno natural.<\/p>\n\n\n\n<p>La explotaci\u00f3n irresponsable de recursos y la degradaci\u00f3n ambiental deben detenerse, y se deben implementar pol\u00edticas que promuevan un desarrollo sostenible y respetuoso con la naturaleza.<\/p>\n\n\n\n<p>Empleo digno y derechos laborales: La poblaci\u00f3n demanda la creaci\u00f3n de empleos dignos y bien remunerados, as\u00ed como la protecci\u00f3n de los derechos laborales de todos los trabajadores. No podemos permitir que se siga precarizando el trabajo y vulnerando los derechos fundamentales de quienes contribuyen al desarrollo del pa\u00eds.<\/p>\n\n\n\n<p>Lucha contra la pobreza y la desigualdad: El pueblo demanda pol\u00edticas efectivas para reducir la brecha entre ricos y pobres. Es inaceptable que una minor\u00eda acumule riqueza mientras la mayor\u00eda lucha por sobrevivir. Abogamos por programas de apoyo social y econ\u00f3mico que beneficien a los m\u00e1s vulnerables.<\/p>\n\n\n\n<p>Educaci\u00f3n de calidad: La ciudadan\u00eda exige una educaci\u00f3n de calidad que prepare a las nuevas generaciones para enfrentar los desaf\u00edos del mundo moderno. La inversi\u00f3n en infraestructura educativa, formaci\u00f3n docente y recursos pedag\u00f3gicos debe ser una prioridad.<\/p>\n\n\n\n<p>Acceso a la vivienda y servicios b\u00e1sicos: Las organizaciones sociales demandan soluciones concretas para el d\u00e9ficit habitacional y el acceso a servicios b\u00e1sicos como agua, electricidad y saneamiento. Todos los ciudadanos tienen el derecho a vivir en condiciones dignas y saludables.<\/p>\n\n\n\n<p>Respeto a los derechos de las mujeres y equidad de g\u00e9nero: El pueblo exige el respeto y la promoci\u00f3n de los derechos de las mujeres, as\u00ed como medidas efectivas para prevenir y erradicar la violencia de g\u00e9nero.<\/p>\n\n\n\n<p>Abogamos por pol\u00edticas que promuevan la igualdad de oportunidades y la participaci\u00f3n activa de las mujeres en todos los \u00e1mbitos de la sociedad.<\/p>\n\n\n\n<p>Participaci\u00f3n ciudadana y transparencia: Los dominicanos exigen una mayor participaci\u00f3n ciudadana en la toma de decisiones y en la formulaci\u00f3n de pol\u00edticas p\u00fablicas. La transparencia y la rendici\u00f3n de cuentas deben ser principios fundamentales en la gesti\u00f3n gubernamental.<\/p>\n\n\n\n<p>Respeto a los derechos humanos y justicia: La poblaci\u00f3n demanda el respeto irrestricto de los derechos humanos de todos los ciudadanos, as\u00ed como un sistema de justicia imparcial y eficiente. No podemos permitir la impunidad ni la violaci\u00f3n de los derechos fundamentales de ninguna persona.<\/p>\n\n\n\n<p>La reelecci\u00f3n no puede ser un camino para perpetuar una gesti\u00f3n que ha dejado insatisfechas las aspiraciones de la poblaci\u00f3n.<\/p>\n\n\n\n<p>El anuncio de reelecci\u00f3n de Luis Abinader es un recordatorio de la necesidad de un cambio real en la direcci\u00f3n del pa\u00eds. Es hora de que los ciudadanos dominicanos se unan en la defensa de sus derechos y exijan un liderazgo comprometido con el bienestar de todos.<\/p>\n\n\n\n<p>La lucha por un futuro m\u00e1s justo y equitativo es responsabilidad de cada uno de nosotros, y juntos podemos construir una Rep\u00fablica Dominicana en la que las promesas se conviertan en realidades tangibles para todos.<\/p>\n","protected":false},"excerpt":{"rendered":"<p>Por Felipe Lora Longo En un lamentable episodio de enga\u00f1o pol\u00edtico y simulaci\u00f3n, el presidente Luis Abinader ha anunciado su intenci\u00f3n de buscar la reelecci\u00f3n en las elecciones del 2024&hellip;<\/p>\n","protected":false},"author":2,"featured_media":53225,"comment_status":"open","ping_status":"open","sticky":false,"template":"","format":"standard","meta":{"content-type":"","jetpack_post_was_ever_published":false,"_jetpack_newsletter_access":"","_jetpack_dont_email_post_to_subs":false,"_jetpack_newsletter_tier_id":0,"_jetpack_memberships_contains_paywalled_content":false,"_jetpack_memberships_contains_paid_content":false,"footnotes":""},"categories":[95],"tags":[6333],"class_list":["post-57869","post","type-post","status-publish","format-standard","has-post-thumbnail","hentry","category-opinion","tag-promesas-incumplidas-y-engano-politico"],"jetpack_featured_media_url":"https:\/\/lasprimeras.com.do\/wp-content\/uploads\/2023\/06\/Felipe-Lora-Longo.jpg","jetpack-related-posts":[{"id":73064,"url":"https:\/\/lasprimeras.com.do\/index.php\/2024\/01\/05\/cesar-fernandez-el-gobierno-del-prm-promete-obras-en-el-seibo-y-no-entrega-nada\/","url_meta":{"origin":57869,"position":0},"title":"C\u00e9sar Fern\u00e1ndez: El gobierno del PRM promete obras en el Seibo y no entrega nada","author":"Nelson Feliz","date":"5 de enero de 2024","format":false,"excerpt":"El miembro de la Direcci\u00f3n Pol\u00edtica y secretario nacional de propaganda de la Fuerza del Pueblo, C\u00e9sar Fern\u00e1ndez, denunci\u00f3 este viernes que el presidente de la Rep\u00fablica Luis Abinader y el gobierno del PRM, le mienten al pa\u00eds, al estar anunciado la entrega y terminaci\u00f3n de obras en el Seibo\u2026","rel":"","context":"En \u00abPORTADA\u00bb","block_context":{"text":"PORTADA","link":"https:\/\/lasprimeras.com.do\/index.php\/category\/portada\/"},"img":{"alt_text":"C\u00e9sar Fern\u00e1ndez","src":"https:\/\/i0.wp.com\/lasprimeras.com.do\/wp-content\/uploads\/2024\/01\/Cesar-Fernandez.jpg?resize=350%2C200&ssl=1","width":350,"height":200,"srcset":"https:\/\/i0.wp.com\/lasprimeras.com.do\/wp-content\/uploads\/2024\/01\/Cesar-Fernandez.jpg?resize=350%2C200&ssl=1 1x, https:\/\/i0.wp.com\/lasprimeras.com.do\/wp-content\/uploads\/2024\/01\/Cesar-Fernandez.jpg?resize=525%2C300&ssl=1 1.5x, https:\/\/i0.wp.com\/lasprimeras.com.do\/wp-content\/uploads\/2024\/01\/Cesar-Fernandez.jpg?resize=700%2C400&ssl=1 2x"},"classes":[]},{"id":72861,"url":"https:\/\/lasprimeras.com.do\/index.php\/2024\/01\/03\/fuerza-del-pueblo-califica-de-vulgar-engano-decreto-de-abinader-regula-publicidad\/","url_meta":{"origin":57869,"position":1},"title":"Fuerza del Pueblo califica de vulgar enga\u00f1o decreto de Abinader \u201cregula\u201d publicidad","author":"Nelson Feliz","date":"3 de enero de 2024","format":false,"excerpt":"El Comit\u00e9 Nacional de Campa\u00f1a del partido Fuerza del Pueblo (FP) calific\u00f3 como un vulgar enga\u00f1o el decreto emitido por el presidente reeleccionista Luis Abinader, pretendiendo hacer creer que la publicidad oficial ser\u00eda controlada. Dijo que el mismo d\u00eda en que el gobierno da a conocer ese decreto que regula\u2026","rel":"","context":"En \u00abPORTADA\u00bb","block_context":{"text":"PORTADA","link":"https:\/\/lasprimeras.com.do\/index.php\/category\/portada\/"},"img":{"alt_text":"Fuerza del Pueblo re\u00fane su Direcci\u00f3n Central este s\u00e1bado","src":"https:\/\/i0.wp.com\/lasprimeras.com.do\/wp-content\/uploads\/2023\/06\/Leonel-Fernandez-5.jpg?resize=350%2C200&ssl=1","width":350,"height":200,"srcset":"https:\/\/i0.wp.com\/lasprimeras.com.do\/wp-content\/uploads\/2023\/06\/Leonel-Fernandez-5.jpg?resize=350%2C200&ssl=1 1x, https:\/\/i0.wp.com\/lasprimeras.com.do\/wp-content\/uploads\/2023\/06\/Leonel-Fernandez-5.jpg?resize=525%2C300&ssl=1 1.5x, https:\/\/i0.wp.com\/lasprimeras.com.do\/wp-content\/uploads\/2023\/06\/Leonel-Fernandez-5.jpg?resize=700%2C400&ssl=1 2x"},"classes":[]},{"id":95925,"url":"https:\/\/lasprimeras.com.do\/index.php\/2025\/03\/21\/aspirante-a-presidir-la-fp-en-sdn-asegura-abinader-merece-un-monumento-al-incumplimiento\/","url_meta":{"origin":57869,"position":2},"title":"Aspirante a presidir la FP en SDN asegura Abinader merece un monumento al incumplimiento","author":"Nelson Feliz","date":"21 de marzo de 2025","format":false,"excerpt":"El secretario general y aspirante a la presidencia de la Fuerza del Pueblo en SDN, Manuel Brito, sostuvo que el presidente Lu\u00eds Abinader fue el ganador del Soberano en el 2024 en el municipio por las promesas incumplidas de campa\u00f1a y que sigue en el 2025 merecedor de que se\u2026","rel":"","context":"En \u00abPOLITICA\u00bb","block_context":{"text":"POLITICA","link":"https:\/\/lasprimeras.com.do\/index.php\/category\/politica\/"},"img":{"alt_text":"Manuel Brito","src":"https:\/\/i0.wp.com\/lasprimeras.com.do\/wp-content\/uploads\/2025\/03\/Manuel-Brito.jpg?resize=350%2C200&ssl=1","width":350,"height":200,"srcset":"https:\/\/i0.wp.com\/lasprimeras.com.do\/wp-content\/uploads\/2025\/03\/Manuel-Brito.jpg?resize=350%2C200&ssl=1 1x, https:\/\/i0.wp.com\/lasprimeras.com.do\/wp-content\/uploads\/2025\/03\/Manuel-Brito.jpg?resize=525%2C300&ssl=1 1.5x, https:\/\/i0.wp.com\/lasprimeras.com.do\/wp-content\/uploads\/2025\/03\/Manuel-Brito.jpg?resize=700%2C400&ssl=1 2x"},"classes":[]},{"id":76022,"url":"https:\/\/lasprimeras.com.do\/index.php\/2024\/02\/06\/fp-decretos-de-abinader-constituyen-una-burla-a-productores-agropecuarios\/","url_meta":{"origin":57869,"position":3},"title":"FP: decretos de Abinader constituyen una burla a productores agropecuarios","author":"Nelson Feliz","date":"6 de febrero de 2024","format":false,"excerpt":"El Gabinete Agroalimentario del partido Fuerza del Pueblo, calific\u00f3 este martes como una burla, entretenimiento, enga\u00f1o, chantaje y demagogia pol\u00edtica, a los quebrados productores nacionales y al pueblo consumidor, los decretos 663-23 y 62-24, emitidos por el presidente Luis Abinader, en un lapso de 30 d\u00edas. Al mismo tiempo, el\u2026","rel":"","context":"En \u00abPORTADA\u00bb","block_context":{"text":"PORTADA","link":"https:\/\/lasprimeras.com.do\/index.php\/category\/portada\/"},"img":{"alt_text":"H\u00e9ctor Acosta","src":"https:\/\/i0.wp.com\/lasprimeras.com.do\/wp-content\/uploads\/2024\/02\/Hector-Acosta.jpg?resize=350%2C200&ssl=1","width":350,"height":200,"srcset":"https:\/\/i0.wp.com\/lasprimeras.com.do\/wp-content\/uploads\/2024\/02\/Hector-Acosta.jpg?resize=350%2C200&ssl=1 1x, https:\/\/i0.wp.com\/lasprimeras.com.do\/wp-content\/uploads\/2024\/02\/Hector-Acosta.jpg?resize=525%2C300&ssl=1 1.5x"},"classes":[]},{"id":63556,"url":"https:\/\/lasprimeras.com.do\/index.php\/2023\/10\/13\/pld-politica-economica-gobierno-basada-en-promesas-incumplidas\/","url_meta":{"origin":57869,"position":4},"title":"PLD: Pol\u00edtica econ\u00f3mica gobierno basada en promesas incumplidas","author":"BIMARY DE JES\u00daS Matos","date":"13 de octubre de 2023","format":false,"excerpt":"SANTO DOMINGO.- El Partido de la Liberaci\u00f3n Dominicana (PLD) declar\u00f3 este jueves que la pol\u00edtica econ\u00f3mica del actual Gobierno est\u00e1 basada en promesas incumplidas, lo que evidencia alta inflaci\u00f3n, endeudamiento acelerado y baja inversi\u00f3n p\u00fablica. El secretario de Asuntos Econ\u00f3micos del PLD, Guarocuya F\u00e9lix, dijo que Rep\u00fablica Dominicana necesita pol\u00edticas\u2026","rel":"","context":"En \u00abSin categor\u00eda\u00bb","block_context":{"text":"Sin categor\u00eda","link":"https:\/\/lasprimeras.com.do\/index.php\/category\/sin-categoria\/"},"img":{"alt_text":"","src":"https:\/\/i0.wp.com\/lasprimeras.com.do\/wp-content\/uploads\/2023\/10\/WhatsApp-Image-2023-10-11-at-8.43.54-PM-8.jpeg?resize=350%2C200&ssl=1","width":350,"height":200,"srcset":"https:\/\/i0.wp.com\/lasprimeras.com.do\/wp-content\/uploads\/2023\/10\/WhatsApp-Image-2023-10-11-at-8.43.54-PM-8.jpeg?resize=350%2C200&ssl=1 1x, https:\/\/i0.wp.com\/lasprimeras.com.do\/wp-content\/uploads\/2023\/10\/WhatsApp-Image-2023-10-11-at-8.43.54-PM-8.jpeg?resize=525%2C300&ssl=1 1.5x"},"classes":[]},{"id":96901,"url":"https:\/\/lasprimeras.com.do\/index.php\/2025\/04\/10\/francisco-javier-pide-al-gobierno-asumir-tema-migratorio-al-margen-de-la-politica-y-la-demagogia\/","url_meta":{"origin":57869,"position":5},"title":"Francisco Javier pide al Gobierno asumir tema migratorio al margen de la pol\u00edtica y la demagogia","author":"Nelson Feliz","date":"10 de abril de 2025","format":false,"excerpt":"El miembro del Comit\u00e9 Pol\u00edtico del Partido de la Liberaci\u00f3n Dominicana (PLD), Francisco Javier Garc\u00eda, demand\u00f3 del gobierno asumir en tema migratorio con sinceridad, al margen de la pol\u00edtica y la demagogia, porque est\u00e1n en juego la soberan\u00eda y el inter\u00e9s nacional. A trav\u00e9s de un mensaje en sus redes\u2026","rel":"","context":"En \u00abPOLITICA\u00bb","block_context":{"text":"POLITICA","link":"https:\/\/lasprimeras.com.do\/index.php\/category\/politica\/"},"img":{"alt_text":"","src":"https:\/\/i0.wp.com\/lasprimeras.com.do\/wp-content\/uploads\/2025\/04\/Francisco-Javier-Garcia.jpg?resize=350%2C200&ssl=1","width":350,"height":200,"srcset":"https:\/\/i0.wp.com\/lasprimeras.com.do\/wp-content\/uploads\/2025\/04\/Francisco-Javier-Garcia.jpg?resize=350%2C200&ssl=1 1x, https:\/\/i0.wp.com\/lasprimeras.com.do\/wp-content\/uploads\/2025\/04\/Francisco-Javier-Garcia.jpg?resize=525%2C300&ssl=1 1.5x, https:\/\/i0.wp.com\/lasprimeras.com.do\/wp-content\/uploads\/2025\/04\/Francisco-Javier-Garcia.jpg?resize=700%2C400&ssl=1 2x"},"classes":[]}],"jetpack_sharing_enabled":true,"_links":{"self":[{"href":"https:\/\/lasprimeras.com.do\/index.php\/wp-json\/wp\/v2\/posts\/57869","targetHints":{"allow":["GET"]}}],"collection":[{"href":"https:\/\/lasprimeras.com.do\/index.php\/wp-json\/wp\/v2\/posts"}],"about":[{"href":"https:\/\/lasprimeras.com.do\/index.php\/wp-json\/wp\/v2\/types\/post"}],"author":[{"embeddable":true,"href":"https:\/\/lasprimeras.com.do\/index.php\/wp-json\/wp\/v2\/users\/2"}],"replies":[{"embeddable":true,"href":"https:\/\/lasprimeras.com.do\/index.php\/wp-json\/wp\/v2\/comments?post=57869"}],"version-history":[{"count":1,"href":"https:\/\/lasprimeras.com.do\/index.php\/wp-json\/wp\/v2\/posts\/57869\/revisions"}],"predecessor-version":[{"id":57870,"href":"https:\/\/lasprimeras.com.do\/index.php\/wp-json\/wp\/v2\/posts\/57869\/revisions\/57870"}],"wp:featuredmedia":[{"embeddable":true,"href":"https:\/\/lasprimeras.com.do\/index.php\/wp-json\/wp\/v2\/media\/53225"}],"wp:attachment":[{"href":"https:\/\/lasprimeras.com.do\/index.php\/wp-json\/wp\/v2\/media?parent=57869"}],"wp:term":[{"taxonomy":"category","embeddable":true,"href":"https:\/\/lasprimeras.com.do\/index.php\/wp-json\/wp\/v2\/categories?post=57869"},{"taxonomy":"post_tag","embeddable":true,"href":"https:\/\/lasprimeras.com.do\/index.php\/wp-json\/wp\/v2\/tags?post=57869"}],"curies":[{"name":"wp","href":"https:\/\/api.w.org\/{rel}","templated":true}]}}