{"id":57871,"date":"2023-08-16T23:45:59","date_gmt":"2023-08-17T03:45:59","guid":{"rendered":"https:\/\/lasprimeras.com.do\/?p=57871"},"modified":"2023-08-16T23:46:01","modified_gmt":"2023-08-17T03:46:01","slug":"aqui-se-rompio-todo-el-mas-rechaza-que-ministro-quiera-enjuiciar-a-evo-morales-por-calumnia","status":"publish","type":"post","link":"https:\/\/lasprimeras.com.do\/index.php\/2023\/08\/16\/aqui-se-rompio-todo-el-mas-rechaza-que-ministro-quiera-enjuiciar-a-evo-morales-por-calumnia\/","title":{"rendered":"&#8220;Aqu\u00ed se rompi\u00f3 todo&#8221;: el MAS rechaza que ministro quiera enjuiciar a Evo Morales por calumnia"},"content":{"rendered":"\n<p>El expresidente boliviano y el actual titular de la cartera de Justicia, Iv\u00e1n Lima, protagonizan una creciente pol\u00e9mica basada en acusaciones mutuas.<\/p>\n\n\n\n<p>El Movimiento al Socialismo \u2013 Instrumento Pol\u00edtico por la Soberan\u00eda de los Pueblos (MAS\u2013IPSP), principal partido de Gobierno en Bolivia, expres\u00f3 su rechazo e indignaci\u00f3n a las recientes declaraciones del actual ministro de Justicia, Iv\u00e1n Lima, tras anunciar que pretende judicializar al exmandatario Evo Morales, por supuestas &#8220;mentiras&#8221; y &#8220;calumnias&#8221; que ha dicho en su contra.<\/p>\n\n\n\n<p>Gerardo Garc\u00eda, vicepresidente del MAS \u2014partido que llev\u00f3 a Luis Arce a la Presidencia de Bolivia en las elecciones de 2020\u2014 se refiri\u00f3 este mi\u00e9rcoles, en una rueda de prensa, a la situaci\u00f3n actual entre el partido y el Gobierno, cuando le preguntaron si ya existe &#8220;una ruptura oficial definitiva&#8221; o &#8220;inminente&#8221; entre ambas partes.<\/p>\n\n\n\n<p>&#8220;\u00bfCu\u00e1ndo se sella una ruptura oficial definitiva? \u00bfO ya hay una ruptura inminente?&#8221;, pregunt\u00f3 una periodista y Garc\u00eda respondi\u00f3: &#8220;Con esto que est\u00e1 amenazando, [sobre] procesar, meter preso e inhabilitar a nuestro hermano Evo, aqu\u00ed se rompi\u00f3 todo&#8221;.<\/p>\n\n\n\n<p>El vicepresidente del MAS agreg\u00f3 que desde el partido ten\u00edan &#8220;la esperanza&#8221; de poder sentarse a &#8220;dialogar, debatir, discutir&#8221; y ver c\u00f3mo superaban las diferencias con el Gobierno de Arce, pero ahora, tras la postura del titular de Justicia, tienen claro que son como &#8220;agua y aceite&#8221;.<\/p>\n\n\n\n<p>La compleja situaci\u00f3n que pone en bandos distintos al MAS y al Gobierno de Arce se ha radicalizado durante los \u00faltimos d\u00edas, a ra\u00edz de la creciente pol\u00e9mica pol\u00edtica que protagonizan el expresidente Morales y el ministro de Justicia, con acusaciones mutuas que han trasladado incluso a redes sociales y que podr\u00eda trasladarse al plano judicial.<\/p>\n\n\n\n<figure class=\"wp-block-embed is-type-rich is-provider-twitter wp-block-embed-twitter\"><div class=\"wp-block-embed__wrapper\">\n<div class=\"embed-twitter\"><blockquote class=\"twitter-tweet\" data-width=\"500\" data-dnt=\"true\"><p lang=\"es\" dir=\"ltr\">\ud83d\udd35 <a href=\"https:\/\/twitter.com\/hashtag\/Ultimo?src=hash&amp;ref_src=twsrc%5Etfw\">#Ultimo<\/a> | <a href=\"https:\/\/twitter.com\/hashtag\/LaPaz?src=hash&amp;ref_src=twsrc%5Etfw\">#LaPaz<\/a> Ante el anuncio del ministro Iv\u00e1n Lima de denunciar a Evo Morales, el vicepresidente del MAS, Gerardo Garc\u00eda, confirm\u00f3 una ruptura definitiva con el gobierno de Luis Arce. &quot;Con la amenaza de procesar a nuestro hermano Evo Morales aqu\u00ed se rompi\u00f3 todo&quot;, asegur\u00f3. <a href=\"https:\/\/t.co\/thOUxU5NDh\">pic.twitter.com\/thOUxU5NDh<\/a><\/p>&mdash; Agencia de Noticias Fides (@noticiasfides) <a href=\"https:\/\/twitter.com\/noticiasfides\/status\/1691831178662138195?ref_src=twsrc%5Etfw\">August 16, 2023<\/a><\/blockquote><script async src=\"https:\/\/platform.twitter.com\/widgets.js\" charset=\"utf-8\"><\/script><\/div>\n<\/div><\/figure>\n\n\n\n<p>\u00bfA qu\u00e9 se debe la controversia?<\/p>\n\n\n\n<p>El pasado fin de semana, Morales inform\u00f3 que hab\u00eda recibido varias denuncias sobre un bufete de abogados que ser\u00eda del ministro Lima y estar\u00eda manejado por su hermano, que &#8220;defiende o asesora&#8221; a una empresa privada que demanda al Estado boliviano por 35 millones de d\u00f3lares.<\/p>\n\n\n\n<p>El bufete al que hace referencia Morales ser\u00eda &#8216;Lima y Asociados&#8217;, que de ganar la querella contra el Estado, podr\u00eda recibir un porcentaje de la demanda, equivalente a unos 10 millones de d\u00f3lares, de acuerdo con el expresidente.<\/p>\n\n\n\n<p>Adem\u00e1s, Morales se\u00f1al\u00f3 que &#8220;la imagen de la justicia&#8221; actual en Bolivia &#8220;es una de las peores&#8221;, porque a su parecer &#8220;los jueces buenos son marginados por la rosca corrupta que maneja la Justicia boliviana&#8221;, se niegan a reformar el sistema judicial, justifican el golpe de Estado de 2019 en su contra, liberan &#8220;de culpa a corruptos sentenciados&#8221;, y sabotean &#8220;la elecci\u00f3n de magistrados para prolongar su mandato a cambio de inhabilitarnos y defenestrar el Estatuto Org\u00e1nico del MAS-IPSP&#8221;.<\/p>\n\n\n\n<p>Ante esto, el ministro Lima afirm\u00f3 a la prensa boliviana que desde hace dos a\u00f1os y medio no tiene relaci\u00f3n laboral con el mencionado bufete y que no piensa volver. Adem\u00e1s, indic\u00f3 que no le va a permitir al expresidente que &#8220;que siga insinuando o diciendo mentiras&#8221;, por lo que le advirti\u00f3 que deb\u00eda comenzar &#8220;a buscar un buen abogado&#8221;, porque tendr\u00eda &#8220;que contestar ante la Justicia sus acusaciones&#8221;.<\/p>\n\n\n\n<p>&#8220;Las mentiras de Evo Morales van a tener que demostrarlas ante un juez (\u2026); son mentira, son un exceso, son calumnias, son delitos que va a tener que responder ante los tribunales de justicia porque esto ha excedido todo l\u00edmite&#8221;, expres\u00f3 Lima.<\/p>\n\n\n\n<p>La \u00faltima menci\u00f3n del ministro de Justicia sobre Morales, la hizo el martes en la red social X, donde coment\u00f3 que el proceso que pretende iniciar contra el exmandatario ser\u00e1 tramitado ante el sistema judicial y que no &#8220;es prudente&#8221; referirse al caso, por lo que &#8220;informar\u00e1 oportunamente los avances&#8221; que se den. Adem\u00e1s, coment\u00f3 que \u00e9l deb\u00eda dedicarse a atender las &#8220;pol\u00edticas p\u00fablicas&#8221; y &#8220;no a una pelea desproporcionada que no soluciona en nada la vida de los bolivianos&#8221;.<\/p>\n\n\n\n<p>&#8220;Decisi\u00f3n pol\u00edtica del gobierno para inhabilitarnos&#8221;<\/p>\n\n\n\n<p>Este mi\u00e9rcoles, el expresidente Morales continu\u00f3 la pol\u00e9mica al responder al ministro Lima y su intenci\u00f3n de judicializarlo, hecho que calific\u00f3 como un intento de inhabilitaci\u00f3n pol\u00edtica.<\/p>\n\n\n\n<p>&#8220;El juicio que anunciaron el ministro de Justicia y voceros oficialistas es la confirmaci\u00f3n de la decisi\u00f3n pol\u00edtica del gobierno para inhabilitarnos con una maniobra judicial&#8221;.<\/p>\n\n\n\n<p>El exmandatario agreg\u00f3 que la medida &#8220;es un acto de guerra sucia del divisionismo&#8221; que demuestra &#8220;la traici\u00f3n y el oportunismo que forma parte del plan de destrucci\u00f3n del MAS-IPSP&#8221;. &#8220;Adem\u00e1s de encarcelar a la dirigencia, se proponen defenestrar nuestro Estatuto Org\u00e1nico y sabotear el Congreso Ordinario de Lauca \u00d1&#8221;, se\u00f1al\u00f3.<\/p>\n\n\n\n<p>Morales indic\u00f3 que con los se\u00f1alamientos en su contra tambi\u00e9n se &#8220;desenmascaran los aliados del golpismo y enemigos del MAS-IPSP&#8221;. El expresidente tambi\u00e9n critic\u00f3 a la Justicia de su pa\u00eds porque no ha avanzado en el juicio por las masacres de Senkata y Sacaba, ocurridas durante el r\u00e9gimen de facto de Jeanine \u00c1\u00f1ez.<\/p>\n\n\n\n<p>&#8220;Exministros y derechistas golpistas siguen libres e impunes como el narcotraficante (Sebasti\u00e1n) Marset. Pero cuando un dirigente ind\u00edgena denuncia corrupci\u00f3n en defensa del Estado, el ministro conocido por anticipar sentencias del Tribunal Constitucional r\u00e1pidamente arma un juicio con condena anunciada&#8221;, cuestion\u00f3 Morales.<\/p>\n\n\n\n<p>El expresidente coment\u00f3 que Lima lo estar\u00eda acusando &#8220;falsamente de no respetar la Constituci\u00f3n&#8221; y habr\u00eda ofrecido a cambio de enjuiciarlo, prorrogar los mandatos de los magistrados. En ese sentido, llam\u00f3 al pueblo a juzgar la situaci\u00f3n y dijo que los ataques en su contra son &#8220;por denunciar la corrupci\u00f3n y la protecci\u00f3n al narcotr\u00e1fico&#8221;.<\/p>\n\n\n\n<p>&#8220;Como nos ense\u00f1aron nuestros antepasados y hermanos de los movimientos sociales que lucharon contra el colonialismo y el neoliberalismo, nos defenderemos con la verdad, la honestidad y la dignidad. La lucha sigue hermanas y hermanos. Solo el pueblo cuida al pueblo. Leales siempre, traidores nunca&#8221;, agreg\u00f3 Morales.<\/p>\n\n\n\n<p>Fuente RT<\/p>\n","protected":false},"excerpt":{"rendered":"<p>El expresidente boliviano y el actual titular de la cartera de Justicia, Iv\u00e1n Lima, protagonizan una creciente pol\u00e9mica basada en acusaciones mutuas. El Movimiento al Socialismo \u2013 Instrumento Pol\u00edtico por&hellip;<\/p>\n","protected":false},"author":2,"featured_media":57872,"comment_status":"open","ping_status":"open","sticky":false,"template":"","format":"standard","meta":{"content-type":"","jetpack_post_was_ever_published":false,"_jetpack_newsletter_access":"","_jetpack_dont_email_post_to_subs":false,"_jetpack_newsletter_tier_id":0,"_jetpack_memberships_contains_paywalled_content":false,"_jetpack_memberships_contains_paid_content":false,"footnotes":""},"categories":[1],"tags":[6337,6336,6335,6334,373],"class_list":["post-57871","post","type-post","status-publish","format-standard","has-post-thumbnail","hentry","category-sin-categoria","tag-calumnia","tag-enjuiciar","tag-evo-morales","tag-mas","tag-ministro"],"jetpack_featured_media_url":"https:\/\/lasprimeras.com.do\/wp-content\/uploads\/2023\/08\/Ivan-Lima.jpg","jetpack-related-posts":[{"id":85846,"url":"https:\/\/lasprimeras.com.do\/index.php\/2024\/07\/10\/choque-entre-seguidores-de-morales-y-arce-mientras-partidos-debaten-suspender-primarias-en-bolivia\/","url_meta":{"origin":57871,"position":0},"title":"Choque entre seguidores de Morales y Arce mientras partidos debaten suspender primarias en Bolivia","author":"Nelson Feliz","date":"10 de julio de 2024","format":false,"excerpt":"LA PAZ, Bolivia (AP) \u2014 Las disputas pol\u00edticas entre los dos bandos del oficialismo en Bolivia, el de los seguidores del presidente Luis Arce y los afines al exmandantario Evo Morales, derivaron el mi\u00e9rcoles en un choque callejero en La Paz, mientras representantes de todos los partidos pol\u00edticos del pa\u00eds\u2026","rel":"","context":"En \u00abSin categor\u00eda\u00bb","block_context":{"text":"Sin categor\u00eda","link":"https:\/\/lasprimeras.com.do\/index.php\/category\/sin-categoria\/"},"img":{"alt_text":"","src":"https:\/\/i0.wp.com\/lasprimeras.com.do\/wp-content\/uploads\/2024\/07\/Bolivianos.jpg?resize=350%2C200&ssl=1","width":350,"height":200,"srcset":"https:\/\/i0.wp.com\/lasprimeras.com.do\/wp-content\/uploads\/2024\/07\/Bolivianos.jpg?resize=350%2C200&ssl=1 1x, https:\/\/i0.wp.com\/lasprimeras.com.do\/wp-content\/uploads\/2024\/07\/Bolivianos.jpg?resize=525%2C300&ssl=1 1.5x, https:\/\/i0.wp.com\/lasprimeras.com.do\/wp-content\/uploads\/2024\/07\/Bolivianos.jpg?resize=700%2C400&ssl=1 2x"},"classes":[]},{"id":106375,"url":"https:\/\/lasprimeras.com.do\/index.php\/2025\/08\/14\/tras-quedar-fuera-de-las-elecciones-en-bolivia-evo-morales-aboga-por-el-voto-nulo\/","url_meta":{"origin":57871,"position":1},"title":"Tras quedar fuera de las elecciones en Bolivia, Evo Morales aboga por el voto nulo","author":"Nelson Feliz","date":"14 de agosto de 2025","format":false,"excerpt":"POR PAOLA FLORES E ISABEL DEBRE LA PAZ, Bolivia (AP) \u2014 Martha Cruz trazar\u00e1 una gran \u201cX\u201d en su papeleta para anular el voto. Esa, dijo, ser\u00e1 la forma de expresar el malestar que siente por la ausencia del l\u00edder ind\u00edgena izquierdista Evo Morales en las elecciones presidenciales del domingo\u2026","rel":"","context":"En \u00abINTERNACIONALES\u00bb","block_context":{"text":"INTERNACIONALES","link":"https:\/\/lasprimeras.com.do\/index.php\/category\/sin-categoria\/internacionales\/"},"img":{"alt_text":"","src":"https:\/\/i0.wp.com\/lasprimeras.com.do\/wp-content\/uploads\/2025\/08\/militantes.jpg?resize=350%2C200&ssl=1","width":350,"height":200,"srcset":"https:\/\/i0.wp.com\/lasprimeras.com.do\/wp-content\/uploads\/2025\/08\/militantes.jpg?resize=350%2C200&ssl=1 1x, https:\/\/i0.wp.com\/lasprimeras.com.do\/wp-content\/uploads\/2025\/08\/militantes.jpg?resize=525%2C300&ssl=1 1.5x, https:\/\/i0.wp.com\/lasprimeras.com.do\/wp-content\/uploads\/2025\/08\/militantes.jpg?resize=700%2C400&ssl=1 2x"},"classes":[]},{"id":98869,"url":"https:\/\/lasprimeras.com.do\/index.php\/2025\/05\/13\/evo-morales-lamenta-muerte-de-jose-mujica-y-dice-que-fue-creyente-de-la-patria-grande\/","url_meta":{"origin":57871,"position":2},"title":"Evo Morales lamenta muerte de Jos\u00e9 Mujica y dice que fue \u00abcreyente de la Patria Grande\u00bb","author":"Nelson Feliz","date":"13 de mayo de 2025","format":false,"excerpt":"LA PAZ.- El expresidente de Bolivia Evo Morales (2006-2019) lament\u00f3 este martes la muerte del exmandatario de Uruguay, Jos\u00e9 Mujica, y afirm\u00f3 que fue \u00abun ferviente de la Patria Grande\u00bb. El expresidente de Uruguay Jos\u00e9 \u2018Pepe\u2019 Mujica falleci\u00f3 este martes en Montevideo a los 89 a\u00f1os, un a\u00f1o despu\u00e9s de\u2026","rel":"","context":"En \u00abINTERNACIONALES\u00bb","block_context":{"text":"INTERNACIONALES","link":"https:\/\/lasprimeras.com.do\/index.php\/category\/sin-categoria\/internacionales\/"},"img":{"alt_text":"","src":"https:\/\/i0.wp.com\/lasprimeras.com.do\/wp-content\/uploads\/2025\/05\/Evo-Morales.jpg?resize=350%2C200&ssl=1","width":350,"height":200,"srcset":"https:\/\/i0.wp.com\/lasprimeras.com.do\/wp-content\/uploads\/2025\/05\/Evo-Morales.jpg?resize=350%2C200&ssl=1 1x, https:\/\/i0.wp.com\/lasprimeras.com.do\/wp-content\/uploads\/2025\/05\/Evo-Morales.jpg?resize=525%2C300&ssl=1 1.5x, https:\/\/i0.wp.com\/lasprimeras.com.do\/wp-content\/uploads\/2025\/05\/Evo-Morales.jpg?resize=700%2C400&ssl=1 2x"},"classes":[]},{"id":99304,"url":"https:\/\/lasprimeras.com.do\/index.php\/2025\/05\/20\/evo-morales-queda-practicamente-fuera-de-los-comicios-presidenciales-de-bolivia\/","url_meta":{"origin":57871,"position":3},"title":"Evo Morales queda pr\u00e1cticamente fuera de los comicios presidenciales de Bolivia","author":"Nelson Feliz","date":"20 de mayo de 2025","format":false,"excerpt":"LA PAZ, Bolivia (AP) \u2014 Al filo de que venza el plazo para la inscripci\u00f3n de candidatos, el expresidente boliviano Evo Morales sufri\u00f3 el lunes un nuevo rev\u00e9s al quedar pr\u00e1cticamente fuera de las elecciones presidenciales de agosto, luego de fracasar en su intento de registrar su nombre por un\u2026","rel":"","context":"En \u00abINTERNACIONALES\u00bb","block_context":{"text":"INTERNACIONALES","link":"https:\/\/lasprimeras.com.do\/index.php\/category\/sin-categoria\/internacionales\/"},"img":{"alt_text":"","src":"https:\/\/i0.wp.com\/lasprimeras.com.do\/wp-content\/uploads\/2025\/05\/disturbios.jpg?resize=350%2C200&ssl=1","width":350,"height":200,"srcset":"https:\/\/i0.wp.com\/lasprimeras.com.do\/wp-content\/uploads\/2025\/05\/disturbios.jpg?resize=350%2C200&ssl=1 1x, https:\/\/i0.wp.com\/lasprimeras.com.do\/wp-content\/uploads\/2025\/05\/disturbios.jpg?resize=525%2C300&ssl=1 1.5x, https:\/\/i0.wp.com\/lasprimeras.com.do\/wp-content\/uploads\/2025\/05\/disturbios.jpg?resize=700%2C400&ssl=1 2x"},"classes":[]},{"id":85281,"url":"https:\/\/lasprimeras.com.do\/index.php\/2024\/06\/26\/luis-arce-del-milagro-boliviano-como-ministro-de-economia-a-la-crisis-como-presidente\/","url_meta":{"origin":57871,"position":4},"title":"Luis Arce: del milagro boliviano como ministro de Econom\u00eda a la crisis como presidente","author":"Nelson Feliz","date":"26 de junio de 2024","format":false,"excerpt":"BY ASSOCIATED PRESS Luis Arce, el ex ministro de Econom\u00eda que sum\u00f3 \u00e9xitos durante la presidencia de Evo Morales, enfrentaba el mi\u00e9rcoles un intento de golpe de Estado en medio de una crisis pol\u00edtica y econ\u00f3mica, con protestas en las calles del pa\u00eds y un conflicto abierto con quien fuera\u2026","rel":"","context":"En \u00abSin categor\u00eda\u00bb","block_context":{"text":"Sin categor\u00eda","link":"https:\/\/lasprimeras.com.do\/index.php\/category\/sin-categoria\/"},"img":{"alt_text":"","src":"https:\/\/i0.wp.com\/lasprimeras.com.do\/wp-content\/uploads\/2024\/06\/Luis-Arce-1.jpg?resize=350%2C200&ssl=1","width":350,"height":200,"srcset":"https:\/\/i0.wp.com\/lasprimeras.com.do\/wp-content\/uploads\/2024\/06\/Luis-Arce-1.jpg?resize=350%2C200&ssl=1 1x, https:\/\/i0.wp.com\/lasprimeras.com.do\/wp-content\/uploads\/2024\/06\/Luis-Arce-1.jpg?resize=525%2C300&ssl=1 1.5x, https:\/\/i0.wp.com\/lasprimeras.com.do\/wp-content\/uploads\/2024\/06\/Luis-Arce-1.jpg?resize=700%2C400&ssl=1 2x"},"classes":[]},{"id":98952,"url":"https:\/\/lasprimeras.com.do\/index.php\/2025\/05\/14\/morales-rechaza-renunciar-a-su-pelea-por-la-candidatura-presidencial-para-las-elecciones-en-bolivia\/","url_meta":{"origin":57871,"position":5},"title":"Morales rechaza renunciar a su pelea por la candidatura presidencial para las elecciones en Bolivia","author":"Nelson Feliz","date":"14 de mayo de 2025","format":false,"excerpt":"POR PAOLA FLORES El expresidente boliviano Evo Morales rechaz\u00f3 el mi\u00e9rcoles la posibilidad de renunciar a la pelea por la candidatura a la presidencia, en respuesta al desaf\u00edo que le lanz\u00f3 el mandatario Luis Arce de unificar al dividido partido gobernante tras haber anunciado que no buscar\u00e1 su relecci\u00f3n en\u2026","rel":"","context":"En \u00abINTERNACIONALES\u00bb","block_context":{"text":"INTERNACIONALES","link":"https:\/\/lasprimeras.com.do\/index.php\/category\/sin-categoria\/internacionales\/"},"img":{"alt_text":"","src":"https:\/\/i0.wp.com\/lasprimeras.com.do\/wp-content\/uploads\/2025\/05\/Evo-Morales-1.jpg?resize=350%2C200&ssl=1","width":350,"height":200,"srcset":"https:\/\/i0.wp.com\/lasprimeras.com.do\/wp-content\/uploads\/2025\/05\/Evo-Morales-1.jpg?resize=350%2C200&ssl=1 1x, https:\/\/i0.wp.com\/lasprimeras.com.do\/wp-content\/uploads\/2025\/05\/Evo-Morales-1.jpg?resize=525%2C300&ssl=1 1.5x, https:\/\/i0.wp.com\/lasprimeras.com.do\/wp-content\/uploads\/2025\/05\/Evo-Morales-1.jpg?resize=700%2C400&ssl=1 2x"},"classes":[]}],"jetpack_sharing_enabled":true,"_links":{"self":[{"href":"https:\/\/lasprimeras.com.do\/index.php\/wp-json\/wp\/v2\/posts\/57871","targetHints":{"allow":["GET"]}}],"collection":[{"href":"https:\/\/lasprimeras.com.do\/index.php\/wp-json\/wp\/v2\/posts"}],"about":[{"href":"https:\/\/lasprimeras.com.do\/index.php\/wp-json\/wp\/v2\/types\/post"}],"author":[{"embeddable":true,"href":"https:\/\/lasprimeras.com.do\/index.php\/wp-json\/wp\/v2\/users\/2"}],"replies":[{"embeddable":true,"href":"https:\/\/lasprimeras.com.do\/index.php\/wp-json\/wp\/v2\/comments?post=57871"}],"version-history":[{"count":1,"href":"https:\/\/lasprimeras.com.do\/index.php\/wp-json\/wp\/v2\/posts\/57871\/revisions"}],"predecessor-version":[{"id":57873,"href":"https:\/\/lasprimeras.com.do\/index.php\/wp-json\/wp\/v2\/posts\/57871\/revisions\/57873"}],"wp:featuredmedia":[{"embeddable":true,"href":"https:\/\/lasprimeras.com.do\/index.php\/wp-json\/wp\/v2\/media\/57872"}],"wp:attachment":[{"href":"https:\/\/lasprimeras.com.do\/index.php\/wp-json\/wp\/v2\/media?parent=57871"}],"wp:term":[{"taxonomy":"category","embeddable":true,"href":"https:\/\/lasprimeras.com.do\/index.php\/wp-json\/wp\/v2\/categories?post=57871"},{"taxonomy":"post_tag","embeddable":true,"href":"https:\/\/lasprimeras.com.do\/index.php\/wp-json\/wp\/v2\/tags?post=57871"}],"curies":[{"name":"wp","href":"https:\/\/api.w.org\/{rel}","templated":true}]}}