{"id":57874,"date":"2023-08-16T23:50:48","date_gmt":"2023-08-17T03:50:48","guid":{"rendered":"https:\/\/lasprimeras.com.do\/?p=57874"},"modified":"2023-08-16T23:50:50","modified_gmt":"2023-08-17T03:50:50","slug":"el-canciller-indio-explica-por-que-zelenski-no-fue-invitado-a-la-cumbre-del-g20","status":"publish","type":"post","link":"https:\/\/lasprimeras.com.do\/index.php\/2023\/08\/16\/el-canciller-indio-explica-por-que-zelenski-no-fue-invitado-a-la-cumbre-del-g20\/","title":{"rendered":"El canciller indio explica por qu\u00e9 Zelenski no fue invitado a la cumbre del G20"},"content":{"rendered":"\n<p><strong>&#8220;El G20 debe hacer aquello para lo que fue creado, y esa es la raz\u00f3n de la decisi\u00f3n que hemos tomado&#8221;, declar\u00f3.<\/strong><\/p>\n\n\n\n<p>El G20 no tiene por qu\u00e9 ocuparse de la resoluci\u00f3n del conflicto ruso-ucraniano, declar\u00f3 el mi\u00e9rcoles el ministro indio de Asuntos Exteriores, Subrahmanyam Jaishankar, informa RBC.<\/p>\n\n\n\n<p>&#8220;El G20 debe hacer aquello para lo que fue creado, y esa es la raz\u00f3n de la decisi\u00f3n que hemos tomado&#8221;, declar\u00f3 el diplom\u00e1tico a la prensa en respuesta a una pregunta sobre los motivos que primaron para que el presidente ucraniano, Vlad\u00edmir Zelenski, no fuese invitado a la pr\u00f3xima cumbre.<\/p>\n\n\n\n<p>Agreg\u00f3 que India considera que el G20 es una plataforma internacional centrada en el crecimiento mundial y considera que debe seguir si\u00e9ndolo. &#8220;Adoptamos esta postura por respeto a los invitados del G20&#8221;, se\u00f1al\u00f3.<\/p>\n\n\n\n<p>Muktesh Pardeshi, secretario especial de la presidencia india del G20, inform\u00f3 ya el lunes que Ucrania no figura en la lista de pa\u00edses invitados.<\/p>\n\n\n\n<p>&#8220;Tenemos una lista de nueve pa\u00edses a los que hemos invitado [\u2026] El pa\u00eds que usted menciona no est\u00e1 en esa lista&#8221;, respondi\u00f3 el funcionario a una pregunta de RBC al respecto.<\/p>\n\n\n\n<p>&#8220;El G20 es un foro econ\u00f3mico y no un foro de discusiones geopol\u00edticas&#8221;, replic\u00f3 el funcionario. La cumbre puede debatir acerca de las consecuencias econ\u00f3micas del conflicto, pero no sobre las formas de resolverlo, a\u00f1adi\u00f3.<\/p>\n\n\n\n<p>India ostenta la presidencia del foro internacional en 2023. La cumbre del G20 se celebrar\u00e1 en Nueva Delhi los d\u00edas 9 y 10 de septiembre.<\/p>\n\n\n\n<p>Fuente RT<\/p>\n","protected":false},"excerpt":{"rendered":"<p>&#8220;El G20 debe hacer aquello para lo que fue creado, y esa es la raz\u00f3n de la decisi\u00f3n que hemos tomado&#8221;, declar\u00f3. El G20 no tiene por qu\u00e9 ocuparse de&hellip;<\/p>\n","protected":false},"author":2,"featured_media":57875,"comment_status":"open","ping_status":"open","sticky":false,"template":"","format":"standard","meta":{"content-type":"","jetpack_post_was_ever_published":false,"_jetpack_newsletter_access":"","_jetpack_dont_email_post_to_subs":false,"_jetpack_newsletter_tier_id":0,"_jetpack_memberships_contains_paywalled_content":false,"_jetpack_memberships_contains_paid_content":false,"footnotes":""},"categories":[1],"tags":[],"class_list":["post-57874","post","type-post","status-publish","format-standard","has-post-thumbnail","hentry","category-sin-categoria"],"jetpack_featured_media_url":"https:\/\/lasprimeras.com.do\/wp-content\/uploads\/2023\/08\/Subrahmanyam-Jaishankar.jpg","jetpack-related-posts":[{"id":115493,"url":"https:\/\/lasprimeras.com.do\/index.php\/2025\/11\/23\/cumbre-del-g20-en-sudafrica-concluira-con-otro-impasse-diplomatico-con-eeuu\/","url_meta":{"origin":57874,"position":0},"title":"Cumbre del G20 en Sud\u00e1frica concluir\u00e1 con otro impasse diplom\u00e1tico con EEUU","author":"Nelson Feliz","date":"23 de noviembre de 2025","format":false,"excerpt":"POR GERALD IMRAY and MOGOMOTSI MAGOME JOHANNESBURGO (AP) \u2014 La cumbre del Grupo de los 20 en Sud\u00e1frica est\u00e1 programada para concluir el domingo con otro enfrentamiento diplom\u00e1tico que involucra a Estados Unidos despu\u00e9s de que el pa\u00eds anfitri\u00f3n se neg\u00f3 a entregar la presidencia rotativa del bloque a lo\u2026","rel":"","context":"En \u00abINTERNACIONALES\u00bb","block_context":{"text":"INTERNACIONALES","link":"https:\/\/lasprimeras.com.do\/index.php\/category\/sin-categoria\/internacionales\/"},"img":{"alt_text":"","src":"https:\/\/i0.wp.com\/lasprimeras.com.do\/wp-content\/uploads\/2025\/11\/Cumbre-del-G20-en-Sudafrica.jpg?resize=350%2C200&ssl=1","width":350,"height":200,"srcset":"https:\/\/i0.wp.com\/lasprimeras.com.do\/wp-content\/uploads\/2025\/11\/Cumbre-del-G20-en-Sudafrica.jpg?resize=350%2C200&ssl=1 1x, https:\/\/i0.wp.com\/lasprimeras.com.do\/wp-content\/uploads\/2025\/11\/Cumbre-del-G20-en-Sudafrica.jpg?resize=525%2C300&ssl=1 1.5x, https:\/\/i0.wp.com\/lasprimeras.com.do\/wp-content\/uploads\/2025\/11\/Cumbre-del-G20-en-Sudafrica.jpg?resize=700%2C400&ssl=1 2x"},"classes":[]},{"id":91351,"url":"https:\/\/lasprimeras.com.do\/index.php\/2024\/11\/18\/sheinbaum-y-petro-refuerzan-los-lazos-bilaterales-entre-mexico-y-colombia-en-el-g20\/","url_meta":{"origin":57874,"position":1},"title":"Sheinbaum y Petro refuerzan los lazos bilaterales entre M\u00e9xico y Colombia en el G20","author":"Nelson Feliz","date":"18 de noviembre de 2024","format":false,"excerpt":"R\u00edo de Janeiro, (EFE).- La presidenta de M\u00e9xico, Claudia Sheinbaum, sostuvo este lunes una reuni\u00f3n bilateral con su hom\u00f3logo colombiano, Gustavo Petro, en el marco de la Cumbre de L\u00edderes del G20, celebrada en Brasil. Este encuentro representa la segunda reuni\u00f3n bilateral entre ambos mandatarios desde que Sheinbaum asumi\u00f3 la\u2026","rel":"","context":"En \u00abINTERNACIONALES\u00bb","block_context":{"text":"INTERNACIONALES","link":"https:\/\/lasprimeras.com.do\/index.php\/category\/sin-categoria\/internacionales\/"},"img":{"alt_text":"Claudia Sheinbaum y Gustavo Petro","src":"https:\/\/i0.wp.com\/lasprimeras.com.do\/wp-content\/uploads\/2024\/11\/Claudia-Sheinbaum-y-Gustavo-Petro.jpg?resize=350%2C200&ssl=1","width":350,"height":200,"srcset":"https:\/\/i0.wp.com\/lasprimeras.com.do\/wp-content\/uploads\/2024\/11\/Claudia-Sheinbaum-y-Gustavo-Petro.jpg?resize=350%2C200&ssl=1 1x, https:\/\/i0.wp.com\/lasprimeras.com.do\/wp-content\/uploads\/2024\/11\/Claudia-Sheinbaum-y-Gustavo-Petro.jpg?resize=525%2C300&ssl=1 1.5x, https:\/\/i0.wp.com\/lasprimeras.com.do\/wp-content\/uploads\/2024\/11\/Claudia-Sheinbaum-y-Gustavo-Petro.jpg?resize=700%2C400&ssl=1 2x"},"classes":[]},{"id":91018,"url":"https:\/\/lasprimeras.com.do\/index.php\/2024\/11\/07\/xi-jinping-confirma-ira-a-la-cumbre-de-la-apec-en-peru-y-a-la-del-g20-en-brasil\/","url_meta":{"origin":57874,"position":2},"title":"Xi Jinping confirma ir\u00e1 a la cumbre de la APEC en Per\u00fa y a la del G20 en Brasil","author":"Nelson Feliz","date":"7 de noviembre de 2024","format":false,"excerpt":"Pek\u00edn, (EFE).- El presidente chino, Xi Jinping, asistir\u00e1 a la cumbre de l\u00edderes del Foro de Cooperaci\u00f3n Econ\u00f3mica de Asia Pac\u00edfico (APEC), que se celebrar\u00e1 del 10 al 16 de noviembre en Per\u00fa, y posteriormente viajar\u00e1 a Brasil para la del G20, que tendr\u00e1 lugar en Rio de Janeiro los\u2026","rel":"","context":"En \u00abINTERNACIONALES\u00bb","block_context":{"text":"INTERNACIONALES","link":"https:\/\/lasprimeras.com.do\/index.php\/category\/sin-categoria\/internacionales\/"},"img":{"alt_text":"Xi Jinping","src":"https:\/\/i0.wp.com\/lasprimeras.com.do\/wp-content\/uploads\/2024\/11\/Xi-Jinping.jpg?resize=350%2C200&ssl=1","width":350,"height":200,"srcset":"https:\/\/i0.wp.com\/lasprimeras.com.do\/wp-content\/uploads\/2024\/11\/Xi-Jinping.jpg?resize=350%2C200&ssl=1 1x, https:\/\/i0.wp.com\/lasprimeras.com.do\/wp-content\/uploads\/2024\/11\/Xi-Jinping.jpg?resize=525%2C300&ssl=1 1.5x, https:\/\/i0.wp.com\/lasprimeras.com.do\/wp-content\/uploads\/2024\/11\/Xi-Jinping.jpg?resize=700%2C400&ssl=1 2x"},"classes":[]},{"id":77259,"url":"https:\/\/lasprimeras.com.do\/index.php\/2024\/02\/19\/blinken-viaja-a-brasil-y-argentina-mientras-lula-preside-el-g20\/","url_meta":{"origin":57874,"position":3},"title":"Blinken viaja a Brasil y Argentina mientras Lula preside el G20","author":"Nelson Feliz","date":"19 de febrero de 2024","format":false,"excerpt":"Por Nike Ching DEPARTAMENTO ESTATAL - El secretario de Estado de Estados Unidos, Antony Blinken, viajar\u00e1 a Brasil y Argentina el martes por la ma\u00f1ana para mantener conversaciones y fomentar la relaci\u00f3n con los l\u00edderes de mentalidad independiente de los dos pa\u00edses y, al mismo tiempo, asistir\u00e1 a las reuniones\u2026","rel":"","context":"En \u00abSin categor\u00eda\u00bb","block_context":{"text":"Sin categor\u00eda","link":"https:\/\/lasprimeras.com.do\/index.php\/category\/sin-categoria\/"},"img":{"alt_text":"Antony Blinken","src":"https:\/\/i0.wp.com\/lasprimeras.com.do\/wp-content\/uploads\/2024\/02\/Antony-Blinken-1.jpg?resize=350%2C200&ssl=1","width":350,"height":200,"srcset":"https:\/\/i0.wp.com\/lasprimeras.com.do\/wp-content\/uploads\/2024\/02\/Antony-Blinken-1.jpg?resize=350%2C200&ssl=1 1x, https:\/\/i0.wp.com\/lasprimeras.com.do\/wp-content\/uploads\/2024\/02\/Antony-Blinken-1.jpg?resize=525%2C300&ssl=1 1.5x, https:\/\/i0.wp.com\/lasprimeras.com.do\/wp-content\/uploads\/2024\/02\/Antony-Blinken-1.jpg?resize=700%2C400&ssl=1 2x"},"classes":[]},{"id":59842,"url":"https:\/\/lasprimeras.com.do\/index.php\/2023\/09\/08\/biden-y-modi-buscan-estrechar-los-lazos-entre-estados-unidos-e-india-a-medida-que-aumentan-las-preocupaciones-sobre-china\/","url_meta":{"origin":57874,"position":4},"title":"Biden y Modi buscan estrechar los lazos entre Estados Unidos e India a medida que aumentan las preocupaciones sobre China","author":"Nelson Feliz","date":"8 de septiembre de 2023","format":false,"excerpt":"POR AAMER MADHANI Y JOSH BOAK NUEVA DELHI (AP) \u2014 El presidente Joe Biden y el primer ministro Narendra Modi ciertamente est\u00e1n dedicando tiempo a cultivar su relaci\u00f3n. Menos de tres meses despu\u00e9s de honrar a Modi con una visita de Estado a la Casa Blanca, Biden llegar\u00e1 a Nueva\u2026","rel":"","context":"En \u00abSin categor\u00eda\u00bb","block_context":{"text":"Sin categor\u00eda","link":"https:\/\/lasprimeras.com.do\/index.php\/category\/sin-categoria\/"},"img":{"alt_text":"Joe Biden y Narendra Modi","src":"https:\/\/i0.wp.com\/lasprimeras.com.do\/wp-content\/uploads\/2023\/09\/Joe-Biden-y-Narendra-Modi.jpg?resize=350%2C200&ssl=1","width":350,"height":200,"srcset":"https:\/\/i0.wp.com\/lasprimeras.com.do\/wp-content\/uploads\/2023\/09\/Joe-Biden-y-Narendra-Modi.jpg?resize=350%2C200&ssl=1 1x, https:\/\/i0.wp.com\/lasprimeras.com.do\/wp-content\/uploads\/2023\/09\/Joe-Biden-y-Narendra-Modi.jpg?resize=525%2C300&ssl=1 1.5x, https:\/\/i0.wp.com\/lasprimeras.com.do\/wp-content\/uploads\/2023\/09\/Joe-Biden-y-Narendra-Modi.jpg?resize=700%2C400&ssl=1 2x"},"classes":[]},{"id":60082,"url":"https:\/\/lasprimeras.com.do\/index.php\/2023\/09\/10\/sube-a-2-122-el-numero-de-muertos-y-a-2-421-el-de-heridos-por-el-terremoto-en-marruecos\/","url_meta":{"origin":57874,"position":5},"title":"Sube a 2.122 el n\u00famero de muertos, y a 2.421 el de heridos, por el terremoto en Marruecos","author":"Nelson Feliz","date":"10 de septiembre de 2023","format":false,"excerpt":"La provincia con m\u00e1s muertos es Al Haouz, que registr\u00f3 al menos 1.351. El n\u00famero de muertos a causa del terremoto del viernes en Marruecos asciende ya a 2.122, y a 2.421 el de heridos, seg\u00fan el \u00faltimo recuento provisional de las autoridades marroqu\u00edes. La provincia con m\u00e1s muertos es\u2026","rel":"","context":"En \u00abSin categor\u00eda\u00bb","block_context":{"text":"Sin categor\u00eda","link":"https:\/\/lasprimeras.com.do\/index.php\/category\/sin-categoria\/"},"img":{"alt_text":"escombros","src":"https:\/\/i0.wp.com\/lasprimeras.com.do\/wp-content\/uploads\/2023\/09\/escombros.jpeg?resize=350%2C200&ssl=1","width":350,"height":200,"srcset":"https:\/\/i0.wp.com\/lasprimeras.com.do\/wp-content\/uploads\/2023\/09\/escombros.jpeg?resize=350%2C200&ssl=1 1x, https:\/\/i0.wp.com\/lasprimeras.com.do\/wp-content\/uploads\/2023\/09\/escombros.jpeg?resize=525%2C300&ssl=1 1.5x, https:\/\/i0.wp.com\/lasprimeras.com.do\/wp-content\/uploads\/2023\/09\/escombros.jpeg?resize=700%2C400&ssl=1 2x"},"classes":[]}],"jetpack_sharing_enabled":true,"_links":{"self":[{"href":"https:\/\/lasprimeras.com.do\/index.php\/wp-json\/wp\/v2\/posts\/57874","targetHints":{"allow":["GET"]}}],"collection":[{"href":"https:\/\/lasprimeras.com.do\/index.php\/wp-json\/wp\/v2\/posts"}],"about":[{"href":"https:\/\/lasprimeras.com.do\/index.php\/wp-json\/wp\/v2\/types\/post"}],"author":[{"embeddable":true,"href":"https:\/\/lasprimeras.com.do\/index.php\/wp-json\/wp\/v2\/users\/2"}],"replies":[{"embeddable":true,"href":"https:\/\/lasprimeras.com.do\/index.php\/wp-json\/wp\/v2\/comments?post=57874"}],"version-history":[{"count":1,"href":"https:\/\/lasprimeras.com.do\/index.php\/wp-json\/wp\/v2\/posts\/57874\/revisions"}],"predecessor-version":[{"id":57876,"href":"https:\/\/lasprimeras.com.do\/index.php\/wp-json\/wp\/v2\/posts\/57874\/revisions\/57876"}],"wp:featuredmedia":[{"embeddable":true,"href":"https:\/\/lasprimeras.com.do\/index.php\/wp-json\/wp\/v2\/media\/57875"}],"wp:attachment":[{"href":"https:\/\/lasprimeras.com.do\/index.php\/wp-json\/wp\/v2\/media?parent=57874"}],"wp:term":[{"taxonomy":"category","embeddable":true,"href":"https:\/\/lasprimeras.com.do\/index.php\/wp-json\/wp\/v2\/categories?post=57874"},{"taxonomy":"post_tag","embeddable":true,"href":"https:\/\/lasprimeras.com.do\/index.php\/wp-json\/wp\/v2\/tags?post=57874"}],"curies":[{"name":"wp","href":"https:\/\/api.w.org\/{rel}","templated":true}]}}