{"id":57883,"date":"2023-08-17T06:49:57","date_gmt":"2023-08-17T10:49:57","guid":{"rendered":"https:\/\/lasprimeras.com.do\/?p=57883"},"modified":"2023-08-17T06:49:59","modified_gmt":"2023-08-17T10:49:59","slug":"hawai-el-numero-de-muertos-por-los-incendios-asciende-a-110","status":"publish","type":"post","link":"https:\/\/lasprimeras.com.do\/index.php\/2023\/08\/17\/hawai-el-numero-de-muertos-por-los-incendios-asciende-a-110\/","title":{"rendered":"HAWAI: El n\u00famero de muertos por los incendios asciende a 110"},"content":{"rendered":"\n<p>El gobernador de Haw\u00e1i (EEUU), Josh Green ha informado en una rueda de prensa de que el n\u00famero de fallecidos por los incendios en la isla hawaiana de Maui han ascendido a 110, seg\u00fan ha informado la cadena CNN, y se espera que esta cifra siga aumentando mientras avanzan las operaciones de rastreo en las zonas calcinadas.<\/p>\n\n\n\n<p>Por otra parte el Departamento de Vivienda y Desarrollo Urbano ha anunciado varias exenciones reglamentarias con el objetivo de permitir el uso de sus fondos para ayudar a la poblaci\u00f3n de la isla y acelerar su recuperaci\u00f3n, seg\u00fan un comunicado de la Casa Blanca.<\/p>\n\n\n\n<p>Entre estas medidas est\u00e1n la suspensi\u00f3n del l\u00edmite de servicios p\u00fablicos del Bloque de Ayudas al Desarrollo Comunitario (CDBG) para brindar servicios de apoyo adicionales a las personas, lo que permitir\u00e1 al fondo pagar alimentos, agua y otras necesidades de emergencia.<\/p>\n\n\n\n<p>Tambi\u00e9n se flexibilizar\u00e1n los requisitos de asistencia de alquiler y se permitir\u00e1 la construcci\u00f3n de nuevas viviendas con los fondos del CDBG en \u00e1reas declaradas como desastrosas.<\/p>\n\n\n\n<p>Adem\u00e1s, se facilitar\u00e1 que las entidades puedan proporcionar vivienda de manera expedita a los desplazados y reparar las propiedades da\u00f1adas, as\u00ed como la extensi\u00f3n del periodo en el que la poblaci\u00f3n puede recibir asistencia temporal.<\/p>\n\n\n\n<p>Por otra parte, la Administraci\u00f3n Biden ha aprobado el despliegue de 25 expertos adicionales del Sistema M\u00e9dico Nacional de Desastres, del Equipo de Respuesta Operativa Mortuoria y un Equipo del Centro de Identificaci\u00f3n de V\u00edctimas, lo que eleva el n\u00famero de expertos en la isla a 75.<\/p>\n\n\n\n<p>El presidente de Estados Unidos, Joe Biden, viajar\u00e1 el lunes a Haw\u00e1i para reunirse con las autoridades locales y presenciar en persona los estragos causados por la ola de incendios que ha sacudido el archipi\u00e9lago y que ha causado m\u00e1s de un centenar de muertos, seg\u00fan el balance provisional de v\u00edctimas facilitado por las autoridades de la isla de Maui.<\/p>\n\n\n\n<p>Fuente Europa Press<\/p>\n","protected":false},"excerpt":{"rendered":"<p>El gobernador de Haw\u00e1i (EEUU), Josh Green ha informado en una rueda de prensa de que el n\u00famero de fallecidos por los incendios en la isla hawaiana de Maui han&hellip;<\/p>\n","protected":false},"author":2,"featured_media":57884,"comment_status":"open","ping_status":"open","sticky":false,"template":"","format":"standard","meta":{"content-type":"","jetpack_post_was_ever_published":false,"_jetpack_newsletter_access":"","_jetpack_dont_email_post_to_subs":false,"_jetpack_newsletter_tier_id":0,"_jetpack_memberships_contains_paywalled_content":false,"_jetpack_memberships_contains_paid_content":false,"footnotes":""},"categories":[1],"tags":[979,6343,1578,6344,686],"class_list":["post-57883","post","type-post","status-publish","format-standard","has-post-thumbnail","hentry","category-sin-categoria","tag-eeuu","tag-hawai-2","tag-incendios","tag-josh-green","tag-muertos"],"jetpack_featured_media_url":"https:\/\/lasprimeras.com.do\/wp-content\/uploads\/2023\/08\/incendios-1.jpeg","jetpack-related-posts":[{"id":57345,"url":"https:\/\/lasprimeras.com.do\/index.php\/2023\/08\/11\/declaran-a-hawai-en-estado-de-catastrofe-ante-incendios-forestales\/","url_meta":{"origin":57883,"position":0},"title":"Declaran a Haw\u00e1i en estado de cat\u00e1strofe ante incendios forestales","author":"Nelson Feliz","date":"11 de agosto de 2023","format":false,"excerpt":"Los incendios forestales en la costa oeste de Maui, alimentados por los fuertes vientos de un hurac\u00e1n que pasaba hacia el sur, estallaron el martes. El presidente de Estados Unidos, Joe Biden, declar\u00f3 el jueves el estado de cat\u00e1strofe natural para Haw\u00e1i, donde los voraces incendios forestales han destruido la\u2026","rel":"","context":"En \u00abSin categor\u00eda\u00bb","block_context":{"text":"Sin categor\u00eda","link":"https:\/\/lasprimeras.com.do\/index.php\/category\/sin-categoria\/"},"img":{"alt_text":"Restos de viviendas y autos calcinados tras un incendio en Lahaina, Hawai, el 10 de agosto de 2023. RICK BOWMER","src":"https:\/\/i0.wp.com\/lasprimeras.com.do\/wp-content\/uploads\/2023\/08\/incendios-forestales.jpeg?resize=350%2C200&ssl=1","width":350,"height":200,"srcset":"https:\/\/i0.wp.com\/lasprimeras.com.do\/wp-content\/uploads\/2023\/08\/incendios-forestales.jpeg?resize=350%2C200&ssl=1 1x, https:\/\/i0.wp.com\/lasprimeras.com.do\/wp-content\/uploads\/2023\/08\/incendios-forestales.jpeg?resize=525%2C300&ssl=1 1.5x, https:\/\/i0.wp.com\/lasprimeras.com.do\/wp-content\/uploads\/2023\/08\/incendios-forestales.jpeg?resize=700%2C400&ssl=1 2x"},"classes":[]},{"id":57342,"url":"https:\/\/lasprimeras.com.do\/index.php\/2023\/08\/11\/el-papa-francisco-profundamente-triste-por-los-devastadores-incendios-en-hawai\/","url_meta":{"origin":57883,"position":1},"title":"El papa Francisco, &#8220;profundamente triste&#8221; por los devastadores incendios en Haw\u00e1i","author":"Nelson Feliz","date":"11 de agosto de 2023","format":false,"excerpt":"Al menos 55 personas han muerto en el devastador incendio forestal activo que est\u00e1 afectando a Haw\u00e1i y particularmente al pueblo de Lahaina, ubicado en la isla de Maui El papa Francisco expres\u00f3 hoy su \"profunda tristeza\" por \"la p\u00e9rdida de vidas humanas y la destrucci\u00f3n causada\" por el devastador\u2026","rel":"","context":"En \u00abSin categor\u00eda\u00bb","block_context":{"text":"Sin categor\u00eda","link":"https:\/\/lasprimeras.com.do\/index.php\/category\/sin-categoria\/"},"img":{"alt_text":"El sal\u00f3n de la hist\u00f3rica Iglesia Waiola en Lahaina y la cercana Misi\u00f3n Lahaina Hongwanji est\u00e1n envueltos en llamas a lo largo de Wainee Street el martes, 8 de agosto de 2023, en Lahaina, Haw\u00e1iAP","src":"https:\/\/i0.wp.com\/lasprimeras.com.do\/wp-content\/uploads\/2023\/08\/incendios.jpeg?resize=350%2C200&ssl=1","width":350,"height":200,"srcset":"https:\/\/i0.wp.com\/lasprimeras.com.do\/wp-content\/uploads\/2023\/08\/incendios.jpeg?resize=350%2C200&ssl=1 1x, https:\/\/i0.wp.com\/lasprimeras.com.do\/wp-content\/uploads\/2023\/08\/incendios.jpeg?resize=525%2C300&ssl=1 1.5x, https:\/\/i0.wp.com\/lasprimeras.com.do\/wp-content\/uploads\/2023\/08\/incendios.jpeg?resize=700%2C400&ssl=1 2x"},"classes":[]},{"id":57517,"url":"https:\/\/lasprimeras.com.do\/index.php\/2023\/08\/13\/los-muertos-en-maui-suman-93-y-las-autoridades-alertan-de-que-lo-peor-esta-por-venir\/","url_meta":{"origin":57883,"position":2},"title":"Los muertos en Maui suman 93 y las autoridades alertan de que lo peor est\u00e1 por venir","author":"Nelson Feliz","date":"13 de agosto de 2023","format":false,"excerpt":"Los incendios que han asolado la isla de Maui durante la \u00faltima semana han dejado ya 93 muertos, seg\u00fan las \u00faltimas cifras publicadas este domingo por las autoridades, que han alertado de que el proceso de b\u00fasqueda de fallecidos est\u00e1 en su etapa inicial y que lo peor est\u00e1 por\u2026","rel":"","context":"En \u00abSin categor\u00eda\u00bb","block_context":{"text":"Sin categor\u00eda","link":"https:\/\/lasprimeras.com.do\/index.php\/category\/sin-categoria\/"},"img":{"alt_text":"muertos","src":"https:\/\/i0.wp.com\/lasprimeras.com.do\/wp-content\/uploads\/2023\/08\/muertos.jpg?resize=350%2C200&ssl=1","width":350,"height":200,"srcset":"https:\/\/i0.wp.com\/lasprimeras.com.do\/wp-content\/uploads\/2023\/08\/muertos.jpg?resize=350%2C200&ssl=1 1x, https:\/\/i0.wp.com\/lasprimeras.com.do\/wp-content\/uploads\/2023\/08\/muertos.jpg?resize=525%2C300&ssl=1 1.5x, https:\/\/i0.wp.com\/lasprimeras.com.do\/wp-content\/uploads\/2023\/08\/muertos.jpg?resize=700%2C400&ssl=1 2x, https:\/\/i0.wp.com\/lasprimeras.com.do\/wp-content\/uploads\/2023\/08\/muertos.jpg?resize=1050%2C600&ssl=1 3x, https:\/\/i0.wp.com\/lasprimeras.com.do\/wp-content\/uploads\/2023\/08\/muertos.jpg?resize=1400%2C800&ssl=1 4x"},"classes":[]},{"id":58088,"url":"https:\/\/lasprimeras.com.do\/index.php\/2023\/08\/19\/el-gobernador-de-hawai-la-ciudad-de-maui-devastada-por-el-fuego-se-levantara-de-nuevo\/","url_meta":{"origin":57883,"position":3},"title":"El gobernador de Haw\u00e1i: La ciudad de Maui devastada por el fuego &#8220;se levantar\u00e1 de nuevo&#8221;","author":"Nelson Feliz","date":"19 de agosto de 2023","format":false,"excerpt":"POR BOBBY CAINA CALVAN, JENNIFER SINCO KELLEHER Y CHRISTOPHER WEBER El gobernador de Haw\u00e1i, Josh Green, dijo que lo que se reconstruya a partir de las cenizas de los devastadores incendios forestales en Maui ser\u00e1 determinado por la gente de La Haina, Haw\u00e1i. \u201cLahaina se levantar\u00e1 de nuevo\u201d, dijo Green\u2026","rel":"","context":"En \u00abSin categor\u00eda\u00bb","block_context":{"text":"Sin categor\u00eda","link":"https:\/\/lasprimeras.com.do\/index.php\/category\/sin-categoria\/"},"img":{"alt_text":"Restos de viviendas y autos calcinados tras un incendio en Lahaina, Hawai, el 10 de agosto de 2023. RICK BOWMER","src":"https:\/\/i0.wp.com\/lasprimeras.com.do\/wp-content\/uploads\/2023\/08\/incendios-forestales.jpeg?resize=350%2C200&ssl=1","width":350,"height":200,"srcset":"https:\/\/i0.wp.com\/lasprimeras.com.do\/wp-content\/uploads\/2023\/08\/incendios-forestales.jpeg?resize=350%2C200&ssl=1 1x, https:\/\/i0.wp.com\/lasprimeras.com.do\/wp-content\/uploads\/2023\/08\/incendios-forestales.jpeg?resize=525%2C300&ssl=1 1.5x, https:\/\/i0.wp.com\/lasprimeras.com.do\/wp-content\/uploads\/2023\/08\/incendios-forestales.jpeg?resize=700%2C400&ssl=1 2x"},"classes":[]},{"id":57894,"url":"https:\/\/lasprimeras.com.do\/index.php\/2023\/08\/17\/los-incendios-y-otros-desastres-estan-aumentando-en-hawai-segun-este-analisis-de-datos-de-ap\/","url_meta":{"origin":57883,"position":4},"title":"Los incendios y otros desastres est\u00e1n aumentando en Haw\u00e1i, seg\u00fan este an\u00e1lisis de datos de AP","author":"Nelson Feliz","date":"17 de agosto de 2023","format":false,"excerpt":"POR SETH BORENSTEIN , MARY KATHERINE WILDEMAN Y BOBBY CAINA CALVAN KIHEI, Haw\u00e1i (AP) \u2014 Inundaciones repentinas y deslizamientos de tierra provocados por huracanes. Lava que se cuela en los barrios. Sequ\u00eda feroz que se materializa en un instante y perdura. Temblores. Y ahora, incendios mortales que queman bloque tras\u2026","rel":"","context":"En \u00abSin categor\u00eda\u00bb","block_context":{"text":"Sin categor\u00eda","link":"https:\/\/lasprimeras.com.do\/index.php\/category\/sin-categoria\/"},"img":{"alt_text":"Incendios","src":"https:\/\/i0.wp.com\/lasprimeras.com.do\/wp-content\/uploads\/2023\/08\/Hawai.jpg?resize=350%2C200&ssl=1","width":350,"height":200,"srcset":"https:\/\/i0.wp.com\/lasprimeras.com.do\/wp-content\/uploads\/2023\/08\/Hawai.jpg?resize=350%2C200&ssl=1 1x, https:\/\/i0.wp.com\/lasprimeras.com.do\/wp-content\/uploads\/2023\/08\/Hawai.jpg?resize=525%2C300&ssl=1 1.5x, https:\/\/i0.wp.com\/lasprimeras.com.do\/wp-content\/uploads\/2023\/08\/Hawai.jpg?resize=700%2C400&ssl=1 2x"},"classes":[]},{"id":97999,"url":"https:\/\/lasprimeras.com.do\/index.php\/2025\/04\/30\/hawai-planea-aumentar-el-impuesto-hotelero-para-afrontar-el-cambio-climatico\/","url_meta":{"origin":57883,"position":5},"title":"Haw\u00e1i planea aumentar el impuesto hotelero para afrontar el cambio clim\u00e1tico","author":"Nelson Feliz","date":"30 de abril de 2025","format":false,"excerpt":"Por AUDREY McAVOY HONOLULU (AP) \u2014 En una medida pionera, los legisladores de Haw\u00e1i est\u00e1n listos para aumentar un impuesto aplicado a los viajeros que se alojan en hoteles, alquileres vacacionales y otros alojamientos de corto plazo y destinar el nuevo dinero a programas para enfrentar el calentamiento del planeta.\u2026","rel":"","context":"En \u00abTURISMO\u00bb","block_context":{"text":"TURISMO","link":"https:\/\/lasprimeras.com.do\/index.php\/category\/turismo\/"},"img":{"alt_text":"","src":"https:\/\/i0.wp.com\/lasprimeras.com.do\/wp-content\/uploads\/2025\/04\/Hawai.jpg?resize=350%2C200&ssl=1","width":350,"height":200,"srcset":"https:\/\/i0.wp.com\/lasprimeras.com.do\/wp-content\/uploads\/2025\/04\/Hawai.jpg?resize=350%2C200&ssl=1 1x, https:\/\/i0.wp.com\/lasprimeras.com.do\/wp-content\/uploads\/2025\/04\/Hawai.jpg?resize=525%2C300&ssl=1 1.5x, https:\/\/i0.wp.com\/lasprimeras.com.do\/wp-content\/uploads\/2025\/04\/Hawai.jpg?resize=700%2C400&ssl=1 2x"},"classes":[]}],"jetpack_sharing_enabled":true,"_links":{"self":[{"href":"https:\/\/lasprimeras.com.do\/index.php\/wp-json\/wp\/v2\/posts\/57883","targetHints":{"allow":["GET"]}}],"collection":[{"href":"https:\/\/lasprimeras.com.do\/index.php\/wp-json\/wp\/v2\/posts"}],"about":[{"href":"https:\/\/lasprimeras.com.do\/index.php\/wp-json\/wp\/v2\/types\/post"}],"author":[{"embeddable":true,"href":"https:\/\/lasprimeras.com.do\/index.php\/wp-json\/wp\/v2\/users\/2"}],"replies":[{"embeddable":true,"href":"https:\/\/lasprimeras.com.do\/index.php\/wp-json\/wp\/v2\/comments?post=57883"}],"version-history":[{"count":1,"href":"https:\/\/lasprimeras.com.do\/index.php\/wp-json\/wp\/v2\/posts\/57883\/revisions"}],"predecessor-version":[{"id":57885,"href":"https:\/\/lasprimeras.com.do\/index.php\/wp-json\/wp\/v2\/posts\/57883\/revisions\/57885"}],"wp:featuredmedia":[{"embeddable":true,"href":"https:\/\/lasprimeras.com.do\/index.php\/wp-json\/wp\/v2\/media\/57884"}],"wp:attachment":[{"href":"https:\/\/lasprimeras.com.do\/index.php\/wp-json\/wp\/v2\/media?parent=57883"}],"wp:term":[{"taxonomy":"category","embeddable":true,"href":"https:\/\/lasprimeras.com.do\/index.php\/wp-json\/wp\/v2\/categories?post=57883"},{"taxonomy":"post_tag","embeddable":true,"href":"https:\/\/lasprimeras.com.do\/index.php\/wp-json\/wp\/v2\/tags?post=57883"}],"curies":[{"name":"wp","href":"https:\/\/api.w.org\/{rel}","templated":true}]}}