{"id":57904,"date":"2023-08-16T10:34:00","date_gmt":"2023-08-16T14:34:00","guid":{"rendered":"https:\/\/lasprimeras.com.do\/?p=57904"},"modified":"2023-08-17T10:38:52","modified_gmt":"2023-08-17T14:38:52","slug":"constitucionalistas-demandan-mayor-compromiso-con-la-democracia-y-los-valores-patrios","status":"publish","type":"post","link":"https:\/\/lasprimeras.com.do\/index.php\/2023\/08\/16\/constitucionalistas-demandan-mayor-compromiso-con-la-democracia-y-los-valores-patrios\/","title":{"rendered":"Constitucionalistas demandan mayor compromiso con la democracia y los valores patrios"},"content":{"rendered":"\n<p>Por Orlando Arias<\/p>\n\n\n\n<p>La Fundaci\u00f3n de Militares Constitucionalistas del 24 Abril de 1965 demand\u00f3 de las autoridades mayor compromiso con la defensa de la democracia, los valores patrios y la soberan\u00eda nacional, en recordaci\u00f3n de la gesta de la Restauraci\u00f3n, que se celebra en el pa\u00eds este 16 de agosto.<\/p>\n\n\n\n<p>Militares y civiles constitucionalistas, en un acto conmemorativo ante el Altar de la Patria, urgieron al gobierno y la oposici\u00f3n a fortalecer la democracia.<\/p>\n\n\n\n<p>Hicieron un llamado a una campa\u00f1a pol\u00edtica enfocada en el art\u00edculo 75, numeral 12 de la Constituci\u00f3n, promoviendo transparencia en la funci\u00f3n p\u00fablica y la calidad de la libertad.<\/p>\n\n\n\n<p>\u201cDemandamos al gobierno y a la oposici\u00f3n desarrollar una campa\u00f1a pol\u00edtica que mejores el fortalecimiento y la calidad de nuestra democracia\u201d, manifest\u00f3 el presidente de la fundaci\u00f3n, el licenciado Andr\u00e9s Fortunato Victori\u00e1.<\/p>\n\n\n\n<p>Destac\u00f3 la importancia de enfrentar desaf\u00edos como la inmigraci\u00f3n, corrupci\u00f3n y falta de valores c\u00edvicos. Instando a enfocarse en programas \u00e9ticos y c\u00edvicos basados en los art\u00edculos constitucionales.<\/p>\n\n\n\n<p>Advirti\u00f3 sobre la amenaza a la soberan\u00eda y la necesidad de educar al pueblo para garantizar la participaci\u00f3n consciente en el sagrado deber de elegir y ser elegidos.<\/p>\n\n\n\n<p>Resalt\u00f3 la independencia de poderes p\u00fablicos y la lucha contra la corrupci\u00f3n. Enfatiz\u00f3 que la corrupci\u00f3n debilita la separaci\u00f3n de poderes, afectando la fiscalizaci\u00f3n.<\/p>\n\n\n\n<p>En ese mismo orden expres\u00f3 \u201cAbogamos por el respeto a la supremac\u00eda constitucional y por la protecci\u00f3n a los derechos de las personas\u201d.<\/p>\n\n\n\n<p>De igual manera, Andr\u00e9s Fortunato Victori\u00e1 enfatiz\u00f3 la relevancia del art\u00edculo 55 para el desarrollo social. Criticando la falta de inversi\u00f3n en j\u00f3venes y la corrupci\u00f3n.<\/p>\n\n\n\n<p>En vista de la cercan\u00eda de las elecciones nacionales, congresuales y municipales, exhort\u00f3 a elegir candidatos por m\u00e9rito y profesionalizaci\u00f3n.<\/p>\n\n\n\n<p>Finaliz\u00f3 llamando a aplicar los mandatos constitucionales en la pol\u00edtica cotidiana como tributo a los h\u00e9roes de la Restauraci\u00f3n.<\/p>\n","protected":false},"excerpt":{"rendered":"<p>Por Orlando Arias La Fundaci\u00f3n de Militares Constitucionalistas del 24 Abril de 1965 demand\u00f3 de las autoridades mayor compromiso con la defensa de la democracia, los valores patrios y la&hellip;<\/p>\n","protected":false},"author":2,"featured_media":57905,"comment_status":"open","ping_status":"open","sticky":false,"template":"","format":"standard","meta":{"content-type":"","jetpack_post_was_ever_published":false,"_jetpack_newsletter_access":"","_jetpack_dont_email_post_to_subs":false,"_jetpack_newsletter_tier_id":0,"_jetpack_memberships_contains_paywalled_content":false,"_jetpack_memberships_contains_paid_content":false,"footnotes":""},"categories":[35],"tags":[562,6354,607,4993,6004],"class_list":["post-57904","post","type-post","status-publish","format-standard","has-post-thumbnail","hentry","category-nacionales","tag-compromiso","tag-constitucionalistas","tag-democracia","tag-patrios","tag-valores"],"jetpack_featured_media_url":"https:\/\/lasprimeras.com.do\/wp-content\/uploads\/2023\/08\/Constitucionalistas.jpg","jetpack-related-posts":[{"id":63232,"url":"https:\/\/lasprimeras.com.do\/index.php\/2023\/10\/11\/milton-ray-guevara-afirma-consolidacion-de-democracia-constitucional-es-tarea-de-todos\/","url_meta":{"origin":57904,"position":0},"title":"Milton Ray Guevara afirma consolidaci\u00f3n de democracia constitucional es tarea de todos","author":"Nelson Feliz","date":"11 de octubre de 2023","format":false,"excerpt":"El presidente del Tribunal Constitucional, magistrado Milton Ray Guevara, dict\u00f3 la conferencia magistral \u00abConstituci\u00f3n, democracia, Congreso, rendici\u00f3n de cuentas y control del poder\u00bb, en el sal\u00f3n de la Asamblea Nacional del Congreso Nacional, en la que manifest\u00f3 que la consolidaci\u00f3n de una democracia constitucional es tarea de todos. \u00abLa responsabilidad\u2026","rel":"","context":"En \u00abNACIONALES\u00bb","block_context":{"text":"NACIONALES","link":"https:\/\/lasprimeras.com.do\/index.php\/category\/nacionales\/"},"img":{"alt_text":"Milton Ray Guevara","src":"https:\/\/i0.wp.com\/lasprimeras.com.do\/wp-content\/uploads\/2023\/10\/Magistrado-durante-conferencia.jpg?resize=350%2C200&ssl=1","width":350,"height":200,"srcset":"https:\/\/i0.wp.com\/lasprimeras.com.do\/wp-content\/uploads\/2023\/10\/Magistrado-durante-conferencia.jpg?resize=350%2C200&ssl=1 1x, https:\/\/i0.wp.com\/lasprimeras.com.do\/wp-content\/uploads\/2023\/10\/Magistrado-durante-conferencia.jpg?resize=525%2C300&ssl=1 1.5x"},"classes":[]},{"id":77966,"url":"https:\/\/lasprimeras.com.do\/index.php\/2024\/02\/27\/abinader-pide-emular-legado-de-los-padres-de-la-patria\/","url_meta":{"origin":57904,"position":1},"title":"Abinader pide emular legado de los padres de la patria","author":"Nelson Feliz","date":"27 de febrero de 2024","format":false,"excerpt":"El presidente habl\u00f3 de los valores como bienes intangibles porque son los que garantizan nuestra permanencia como Naci\u00f3n. El presidente Luis Abinader realiz\u00f3 su \u00faltima alocuci\u00f3n de su actual gesti\u00f3n de Gobierno ante la Asamblea Nacional, con un en\u00e9rgico llamado a emular el legado de los padres de la patria\u2026","rel":"","context":"En \u00abNACIONALES\u00bb","block_context":{"text":"NACIONALES","link":"https:\/\/lasprimeras.com.do\/index.php\/category\/nacionales\/"},"img":{"alt_text":"Luis Abinader","src":"https:\/\/i0.wp.com\/lasprimeras.com.do\/wp-content\/uploads\/2024\/02\/Luis-Abinader-6.jpg?resize=350%2C200&ssl=1","width":350,"height":200,"srcset":"https:\/\/i0.wp.com\/lasprimeras.com.do\/wp-content\/uploads\/2024\/02\/Luis-Abinader-6.jpg?resize=350%2C200&ssl=1 1x, https:\/\/i0.wp.com\/lasprimeras.com.do\/wp-content\/uploads\/2024\/02\/Luis-Abinader-6.jpg?resize=525%2C300&ssl=1 1.5x, https:\/\/i0.wp.com\/lasprimeras.com.do\/wp-content\/uploads\/2024\/02\/Luis-Abinader-6.jpg?resize=700%2C400&ssl=1 2x"},"classes":[]},{"id":77923,"url":"https:\/\/lasprimeras.com.do\/index.php\/2024\/02\/27\/presidente-del-senado-destaca-labor-del-poder-legislativo-y-reitera-compromiso-con-la-democracia\/","url_meta":{"origin":57904,"position":2},"title":"Presidente del Senado destaca labor del Poder Legislativo y reitera compromiso con la democracia","author":"Nelson Feliz","date":"27 de febrero de 2024","format":false,"excerpt":"Ricardo de los Santos, asegur\u00f3 que continuaran trabajando unidos, impulsando leyes orientadas a lograr las grandes transformaciones que requiere la sociedad dominicana como garant\u00eda de la institucionalidad. El presidente del Senado, Ricardo de los Santos, destac\u00f3 la labor que realiza el poder legislativo, y valor\u00f3 como positivo que la C\u00e1mara\u2026","rel":"","context":"En \u00abNACIONALES\u00bb","block_context":{"text":"NACIONALES","link":"https:\/\/lasprimeras.com.do\/index.php\/category\/nacionales\/"},"img":{"alt_text":"Ricardo de los Santos","src":"https:\/\/i0.wp.com\/lasprimeras.com.do\/wp-content\/uploads\/2024\/02\/Ricardo-de-los-Santos-5-1.jpg?resize=350%2C200&ssl=1","width":350,"height":200,"srcset":"https:\/\/i0.wp.com\/lasprimeras.com.do\/wp-content\/uploads\/2024\/02\/Ricardo-de-los-Santos-5-1.jpg?resize=350%2C200&ssl=1 1x, https:\/\/i0.wp.com\/lasprimeras.com.do\/wp-content\/uploads\/2024\/02\/Ricardo-de-los-Santos-5-1.jpg?resize=525%2C300&ssl=1 1.5x, https:\/\/i0.wp.com\/lasprimeras.com.do\/wp-content\/uploads\/2024\/02\/Ricardo-de-los-Santos-5-1.jpg?resize=700%2C400&ssl=1 2x"},"classes":[]},{"id":87788,"url":"https:\/\/lasprimeras.com.do\/index.php\/2024\/08\/16\/presidente-del-senado-reafirma-su-compromiso-con-la-institucionalidad-el-consenso-y-la-democracia\/","url_meta":{"origin":57904,"position":3},"title":"Presidente del Senado reafirma su compromiso con la institucionalidad, el consenso y la democracia","author":"Nelson Feliz","date":"16 de agosto de 2024","format":false,"excerpt":"El presidente de la Asamblea Nacional, Ricardo de los Santos, asegur\u00f3 este viernes que el Congreso Nacional estar\u00e1 siempre de frente, \u201cdando el pecho como el mejor gendarme\u201d, para defender y proteger la vida, el honor, la dignidad, y la soberan\u00eda del pueblo dominicano. El tambi\u00e9n presidente del Senado, al\u2026","rel":"","context":"En \u00abPORTADA\u00bb","block_context":{"text":"PORTADA","link":"https:\/\/lasprimeras.com.do\/index.php\/category\/portada\/"},"img":{"alt_text":"Ricardo de los Santos","src":"https:\/\/i0.wp.com\/lasprimeras.com.do\/wp-content\/uploads\/2024\/08\/Ricardo-de-los-Santos-6.jpg?resize=350%2C200&ssl=1","width":350,"height":200,"srcset":"https:\/\/i0.wp.com\/lasprimeras.com.do\/wp-content\/uploads\/2024\/08\/Ricardo-de-los-Santos-6.jpg?resize=350%2C200&ssl=1 1x, https:\/\/i0.wp.com\/lasprimeras.com.do\/wp-content\/uploads\/2024\/08\/Ricardo-de-los-Santos-6.jpg?resize=525%2C300&ssl=1 1.5x"},"classes":[]},{"id":97916,"url":"https:\/\/lasprimeras.com.do\/index.php\/2025\/04\/24\/garcia-fermin-valora-aportes-de-la-revolucion-de-abril-de-1965-a-la-democracia-dominicana\/","url_meta":{"origin":57904,"position":4},"title":"Garc\u00eda Ferm\u00edn valora aportes de la Revoluci\u00f3n de Abril de 1965 a la democracia dominicana","author":"Nelson Feliz","date":"24 de abril de 2025","format":false,"excerpt":"El ministro de Educaci\u00f3n Superior doctor Franklin Garc\u00eda Ferm\u00edn, valor\u00f3 la Revoluci\u00f3n de Abril de 1965, al conmemorarse este jueves, 60 a\u00f1os de la gesta patri\u00f3tica que abri\u00f3 las puertas de la democracia a la sociedad dominicana. Dijo que los aportes de militares, encabezados por el coronel Francisco Alberto Caama\u00f1o\u2026","rel":"","context":"En \u00abHISTORIA\u00bb","block_context":{"text":"HISTORIA","link":"https:\/\/lasprimeras.com.do\/index.php\/category\/historia\/"},"img":{"alt_text":"","src":"https:\/\/i0.wp.com\/lasprimeras.com.do\/wp-content\/uploads\/2025\/04\/Franklin-Garcia-Fermin-1.jpg?resize=350%2C200&ssl=1","width":350,"height":200,"srcset":"https:\/\/i0.wp.com\/lasprimeras.com.do\/wp-content\/uploads\/2025\/04\/Franklin-Garcia-Fermin-1.jpg?resize=350%2C200&ssl=1 1x, https:\/\/i0.wp.com\/lasprimeras.com.do\/wp-content\/uploads\/2025\/04\/Franklin-Garcia-Fermin-1.jpg?resize=525%2C300&ssl=1 1.5x, https:\/\/i0.wp.com\/lasprimeras.com.do\/wp-content\/uploads\/2025\/04\/Franklin-Garcia-Fermin-1.jpg?resize=700%2C400&ssl=1 2x"},"classes":[]},{"id":124148,"url":"https:\/\/lasprimeras.com.do\/index.php\/2026\/03\/08\/luis-el-gallo-proclama-a-maria-trinidad-sanchez-como-madre-de-la-patria-en-homenaje-a-la-mujer-dominicana\/","url_meta":{"origin":57904,"position":5},"title":"Luis \u201cEl Gallo\u201d proclama a Mar\u00eda Trinidad S\u00e1nchez como Madre de la Patria en homenaje a la mujer dominicana","author":"Nelson Feliz","date":"8 de marzo de 2026","format":false,"excerpt":"En el D\u00eda Internacional de la Mujer, la UDC y el Movimiento Revoluci\u00f3n Duartiana exaltan el valor, el patriotismo y la lucha hist\u00f3rica de la mujer dominicana por la libertad, la democracia y la igualdad de g\u00e9nero En ocasi\u00f3n de conmemorarse el D\u00eda Internacional de la Mujer, el presidente del\u2026","rel":"","context":"En \u00abPOLITICA\u00bb","block_context":{"text":"POLITICA","link":"https:\/\/lasprimeras.com.do\/index.php\/category\/politica\/"},"img":{"alt_text":"","src":"https:\/\/i0.wp.com\/lasprimeras.com.do\/wp-content\/uploads\/2026\/03\/WhatsApp-Image-2026-03-08-at-2.25.22-PM.jpeg?resize=350%2C200&ssl=1","width":350,"height":200,"srcset":"https:\/\/i0.wp.com\/lasprimeras.com.do\/wp-content\/uploads\/2026\/03\/WhatsApp-Image-2026-03-08-at-2.25.22-PM.jpeg?resize=350%2C200&ssl=1 1x, https:\/\/i0.wp.com\/lasprimeras.com.do\/wp-content\/uploads\/2026\/03\/WhatsApp-Image-2026-03-08-at-2.25.22-PM.jpeg?resize=525%2C300&ssl=1 1.5x, https:\/\/i0.wp.com\/lasprimeras.com.do\/wp-content\/uploads\/2026\/03\/WhatsApp-Image-2026-03-08-at-2.25.22-PM.jpeg?resize=700%2C400&ssl=1 2x, https:\/\/i0.wp.com\/lasprimeras.com.do\/wp-content\/uploads\/2026\/03\/WhatsApp-Image-2026-03-08-at-2.25.22-PM.jpeg?resize=1050%2C600&ssl=1 3x, https:\/\/i0.wp.com\/lasprimeras.com.do\/wp-content\/uploads\/2026\/03\/WhatsApp-Image-2026-03-08-at-2.25.22-PM.jpeg?resize=1400%2C800&ssl=1 4x"},"classes":[]}],"jetpack_sharing_enabled":true,"_links":{"self":[{"href":"https:\/\/lasprimeras.com.do\/index.php\/wp-json\/wp\/v2\/posts\/57904","targetHints":{"allow":["GET"]}}],"collection":[{"href":"https:\/\/lasprimeras.com.do\/index.php\/wp-json\/wp\/v2\/posts"}],"about":[{"href":"https:\/\/lasprimeras.com.do\/index.php\/wp-json\/wp\/v2\/types\/post"}],"author":[{"embeddable":true,"href":"https:\/\/lasprimeras.com.do\/index.php\/wp-json\/wp\/v2\/users\/2"}],"replies":[{"embeddable":true,"href":"https:\/\/lasprimeras.com.do\/index.php\/wp-json\/wp\/v2\/comments?post=57904"}],"version-history":[{"count":1,"href":"https:\/\/lasprimeras.com.do\/index.php\/wp-json\/wp\/v2\/posts\/57904\/revisions"}],"predecessor-version":[{"id":57906,"href":"https:\/\/lasprimeras.com.do\/index.php\/wp-json\/wp\/v2\/posts\/57904\/revisions\/57906"}],"wp:featuredmedia":[{"embeddable":true,"href":"https:\/\/lasprimeras.com.do\/index.php\/wp-json\/wp\/v2\/media\/57905"}],"wp:attachment":[{"href":"https:\/\/lasprimeras.com.do\/index.php\/wp-json\/wp\/v2\/media?parent=57904"}],"wp:term":[{"taxonomy":"category","embeddable":true,"href":"https:\/\/lasprimeras.com.do\/index.php\/wp-json\/wp\/v2\/categories?post=57904"},{"taxonomy":"post_tag","embeddable":true,"href":"https:\/\/lasprimeras.com.do\/index.php\/wp-json\/wp\/v2\/tags?post=57904"}],"curies":[{"name":"wp","href":"https:\/\/api.w.org\/{rel}","templated":true}]}}