{"id":57913,"date":"2023-08-17T10:59:47","date_gmt":"2023-08-17T14:59:47","guid":{"rendered":"https:\/\/lasprimeras.com.do\/?p=57913"},"modified":"2023-08-17T10:59:49","modified_gmt":"2023-08-17T14:59:49","slug":"el-hospital-gautier-abre-sus-puertas-para-cirugias-reconstructivas-a-victimas-explosion","status":"publish","type":"post","link":"https:\/\/lasprimeras.com.do\/index.php\/2023\/08\/17\/el-hospital-gautier-abre-sus-puertas-para-cirugias-reconstructivas-a-victimas-explosion\/","title":{"rendered":"El hospital Gautier abre sus puertas para cirug\u00edas reconstructivas a v\u00edctimas explosi\u00f3n"},"content":{"rendered":"\n<p><strong>En este centro est\u00e1 la \u00fanica escuela de cirug\u00eda pl\u00e1stica, reconstructiva y est\u00e9tica del pa\u00eds.<\/strong><\/p>\n\n\n\n<p>La Escuela de Cirug\u00eda Pl\u00e1stica, Reconstructiva y Est\u00e9tica del hospital Salvador B. Gautier puso a disposici\u00f3n sus instalaciones y especialistas para atender a las v\u00edctimas de la tragedia de la explosi\u00f3n ocurrida el pasado lunes en San Crist\u00f3bal que requieran ser sometidas a cirug\u00eda reconstructiva.<\/p>\n\n\n\n<p>As\u00ed lo inform\u00f3 ayer el director del servicio, doctor Severo Mercedes, quien record\u00f3 que luego de traumas y quemaduras los pacientes por lo general necesitan someterse a procesos de cirug\u00eda reconstructiva.<\/p>\n\n\n\n<p>Dijo que aunque se encuentra fuera del pa\u00eds ha estado dando seguimiento de cerca de la tragedia ocurrida en San Crist\u00f3bal que ha dejado una lamentable secuela de muertes y lesionados.<\/p>\n\n\n\n<p>\u201cHemos puesto la Residencia Nacional de Cirug\u00eda Pl\u00e1stica, Reconstructiva y Est\u00e9tica del hospital Salvador B. Gautier a la disposici\u00f3n con todos los afectados, como una forma de aportar y solidarizarnos\u201d, dijo.<\/p>\n\n\n\n<p>Record\u00f3 que esa es la \u00fanica escuela de cirug\u00eda pl\u00e1stica, reconstructiva y est\u00e9tica del pa\u00eds, por lo que sus recursos humanos est\u00e1n disponibles para asistir ante cualquier situaci\u00f3n que amerite la presencia de sus especialistas en el tratamiento de cirug\u00eda para las v\u00edctimas de la tragedia.Por la explosi\u00f3n, las autoridades confirmaron 27 fallecidos y 59 heridos.<\/p>\n\n\n\n<p>Fuente Listin Diario<\/p>\n","protected":false},"excerpt":{"rendered":"<p>En este centro est\u00e1 la \u00fanica escuela de cirug\u00eda pl\u00e1stica, reconstructiva y est\u00e9tica del pa\u00eds. La Escuela de Cirug\u00eda Pl\u00e1stica, Reconstructiva y Est\u00e9tica del hospital Salvador B. Gautier puso a&hellip;<\/p>\n","protected":false},"author":2,"featured_media":57914,"comment_status":"open","ping_status":"open","sticky":false,"template":"","format":"standard","meta":{"content-type":"","jetpack_post_was_ever_published":false,"_jetpack_newsletter_access":"","_jetpack_dont_email_post_to_subs":false,"_jetpack_newsletter_tier_id":0,"_jetpack_memberships_contains_paywalled_content":false,"_jetpack_memberships_contains_paid_content":false,"footnotes":""},"categories":[1],"tags":[6358,1109,3962,2526,2034],"class_list":["post-57913","post","type-post","status-publish","format-standard","has-post-thumbnail","hentry","category-sin-categoria","tag-cirugias-reconstructivas","tag-explosion","tag-hospital-gautier","tag-puertas","tag-victimas"],"jetpack_featured_media_url":"https:\/\/lasprimeras.com.do\/wp-content\/uploads\/2023\/08\/Hospital-Salvador-B.-Gautier.jpeg","jetpack-related-posts":[{"id":73843,"url":"https:\/\/lasprimeras.com.do\/index.php\/2024\/01\/17\/hospital-gautier-atendio-mas-de-755-mil-pacientes\/","url_meta":{"origin":57913,"position":0},"title":"Hospital Gautier atendi\u00f3 m\u00e1s de 755 mil pacientes","author":"BIMARY DE JES\u00daS Matos","date":"17 de enero de 2024","format":false,"excerpt":"Santo Domingo.-El hospital Salvador B. Gautier es \u00fanico en servicios y escuela de formaci\u00f3n como la residencia de Cirug\u00eda Pl\u00e1stica Reconstructiva El Hospital Salvador B. Gautier (HSBG) ofreci\u00f3 servicios a 755, 978 pacientes durante el a\u00f1o 2023, lo que estable una cifra r\u00e9cord en las \u00e1reas de laboratorio, consulta externa,\u2026","rel":"","context":"En \u00abPORTADA\u00bb","block_context":{"text":"PORTADA","link":"https:\/\/lasprimeras.com.do\/index.php\/category\/portada\/"},"img":{"alt_text":"","src":"https:\/\/i0.wp.com\/lasprimeras.com.do\/wp-content\/uploads\/2024\/01\/Declaraciones-de-madre-del-nino-ultimado-por-su-tia-en-Veron-5.jpg?resize=350%2C200&ssl=1","width":350,"height":200,"srcset":"https:\/\/i0.wp.com\/lasprimeras.com.do\/wp-content\/uploads\/2024\/01\/Declaraciones-de-madre-del-nino-ultimado-por-su-tia-en-Veron-5.jpg?resize=350%2C200&ssl=1 1x, https:\/\/i0.wp.com\/lasprimeras.com.do\/wp-content\/uploads\/2024\/01\/Declaraciones-de-madre-del-nino-ultimado-por-su-tia-en-Veron-5.jpg?resize=525%2C300&ssl=1 1.5x"},"classes":[]},{"id":75524,"url":"https:\/\/lasprimeras.com.do\/index.php\/2024\/02\/02\/realizaran-jornada-gratuita-de-cirugia-reconstructiva-en-hospital-padre-billini\/","url_meta":{"origin":57913,"position":1},"title":"Realizar\u00e1n jornada gratuita de cirug\u00eda reconstructiva en Hospital Padre Billini","author":"Railenis Caraballo","date":"2 de febrero de 2024","format":false,"excerpt":"Distrito Nacional, R.D.--El Hospital Padre Billini, las fundaciones Renacer y la MACLA (Medical Aid for Children of Latin Am\u00e9rica) anuncian la XXIX jornada Dominico Americana de Cirug\u00edas Reconstructivas y la jornada XII de Reconstrucci\u00f3n de Pabell\u00f3n Auricular (oreja) totalmente gratis para la poblaci\u00f3n, desde este fin de semana. La actividad\u2026","rel":"","context":"En \u00abSin categor\u00eda\u00bb","block_context":{"text":"Sin categor\u00eda","link":"https:\/\/lasprimeras.com.do\/index.php\/category\/sin-categoria\/"},"img":{"alt_text":"","src":"","width":0,"height":0},"classes":[]},{"id":75721,"url":"https:\/\/lasprimeras.com.do\/index.php\/2024\/02\/04\/cientos-de-personas-aglomeradas-en-el-hospital-padre-billini-para-evaluacion-y-cirugias-gratuitas\/","url_meta":{"origin":57913,"position":2},"title":"Cientos de personas aglomeradas en el hospital Padre Billini para evaluaci\u00f3n y cirug\u00edas gratuitas","author":"Nelson Feliz","date":"4 de febrero de 2024","format":false,"excerpt":"Establecer el orden e iniciar el proceso tard\u00f3 unas tres horas. JESSICA ARNO Cientos de personas se aglomeraron desde la ma\u00f1ana de este domingo en las instalaciones del Hospital Padre Billini, ubicado en la Zona Colonial, para someterse a evaluaciones a fin de ser sometidos a cirug\u00eda de reconstructivas en\u2026","rel":"","context":"En \u00abPORTADA\u00bb","block_context":{"text":"PORTADA","link":"https:\/\/lasprimeras.com.do\/index.php\/category\/portada\/"},"img":{"alt_text":"La multitud lleg\u00f3 temprano para someterse a las evaluaciones y corregir malformacionesLEONEL MATOS","src":"https:\/\/i0.wp.com\/lasprimeras.com.do\/wp-content\/uploads\/2024\/02\/multitud.jpeg?resize=350%2C200&ssl=1","width":350,"height":200,"srcset":"https:\/\/i0.wp.com\/lasprimeras.com.do\/wp-content\/uploads\/2024\/02\/multitud.jpeg?resize=350%2C200&ssl=1 1x, https:\/\/i0.wp.com\/lasprimeras.com.do\/wp-content\/uploads\/2024\/02\/multitud.jpeg?resize=525%2C300&ssl=1 1.5x, https:\/\/i0.wp.com\/lasprimeras.com.do\/wp-content\/uploads\/2024\/02\/multitud.jpeg?resize=700%2C400&ssl=1 2x"},"classes":[]},{"id":74904,"url":"https:\/\/lasprimeras.com.do\/index.php\/2024\/01\/27\/presidente-sodocipre-afirma-turismo-de-salud-sigue-en-auge\/","url_meta":{"origin":57913,"position":3},"title":"Presidente Sodocipre afirma turismo de salud sigue en auge","author":"BIMARY DE JES\u00daS Matos","date":"27 de enero de 2024","format":false,"excerpt":"Martin Restituyo Santo Domingo, RD. -Rep\u00fablica Dominicana se ha convertido r\u00e1pidamente en un punto clave para el aumento y desarrollo de procedimientos est\u00e9ticos en el Caribe y Latinoam\u00e9rica. Seg\u00fan las declaraciones del presidente de la Sociedad Dominicana de Cirug\u00eda Pl\u00e1stica, Reconstructiva y Est\u00e9tica (Sodocipre), Sergio Guzm\u00e1n Padilla, \u201cnuestro pa\u00eds recibe\u2026","rel":"","context":"En \u00abPORTADA\u00bb","block_context":{"text":"PORTADA","link":"https:\/\/lasprimeras.com.do\/index.php\/category\/portada\/"},"img":{"alt_text":"","src":"https:\/\/i0.wp.com\/lasprimeras.com.do\/wp-content\/uploads\/2024\/01\/WhatsApp-Image-2024-01-27-at-7.01.00-AM.jpeg?resize=350%2C200&ssl=1","width":350,"height":200,"srcset":"https:\/\/i0.wp.com\/lasprimeras.com.do\/wp-content\/uploads\/2024\/01\/WhatsApp-Image-2024-01-27-at-7.01.00-AM.jpeg?resize=350%2C200&ssl=1 1x, https:\/\/i0.wp.com\/lasprimeras.com.do\/wp-content\/uploads\/2024\/01\/WhatsApp-Image-2024-01-27-at-7.01.00-AM.jpeg?resize=525%2C300&ssl=1 1.5x, https:\/\/i0.wp.com\/lasprimeras.com.do\/wp-content\/uploads\/2024\/01\/WhatsApp-Image-2024-01-27-at-7.01.00-AM.jpeg?resize=700%2C400&ssl=1 2x, https:\/\/i0.wp.com\/lasprimeras.com.do\/wp-content\/uploads\/2024\/01\/WhatsApp-Image-2024-01-27-at-7.01.00-AM.jpeg?resize=1050%2C600&ssl=1 3x, https:\/\/i0.wp.com\/lasprimeras.com.do\/wp-content\/uploads\/2024\/01\/WhatsApp-Image-2024-01-27-at-7.01.00-AM.jpeg?resize=1400%2C800&ssl=1 4x"},"classes":[]},{"id":126882,"url":"https:\/\/lasprimeras.com.do\/index.php\/2026\/04\/06\/salud-publica-ordena-el-cierre-definitivo-de-centro-estetico-diosa-los-jardines-en-santiago\/","url_meta":{"origin":57913,"position":4},"title":"Salud P\u00fablica ordena el cierre definitivo de centro est\u00e9tico Diosa Los Jardines en Santiago","author":"Nelson Feliz","date":"6 de abril de 2026","format":false,"excerpt":"El Centro de Cirug\u00eda Est\u00e9tica y Reconstructiva Diosa Los Jardines no se encontraba habilitado para la realizaci\u00f3n de procedimientos quir\u00fargicos. El Ministerio de Salud, a trav\u00e9s de la Direcci\u00f3n de Habilitaci\u00f3n de Establecimientos de Servicios de Salud, orden\u00f3 el cierre definitivo del Centro de Cirug\u00eda Est\u00e9tica y Reconstructiva Diosa Los\u2026","rel":"","context":"En \u00abPORTADA\u00bb","block_context":{"text":"PORTADA","link":"https:\/\/lasprimeras.com.do\/index.php\/category\/portada\/"},"img":{"alt_text":"Centro Est\u00e9tico Diosa Los Jardines","src":"https:\/\/i0.wp.com\/lasprimeras.com.do\/wp-content\/uploads\/2026\/04\/Centro-Estetico-Diosa-Los-Jardines.png?resize=350%2C200&ssl=1","width":350,"height":200,"srcset":"https:\/\/i0.wp.com\/lasprimeras.com.do\/wp-content\/uploads\/2026\/04\/Centro-Estetico-Diosa-Los-Jardines.png?resize=350%2C200&ssl=1 1x, https:\/\/i0.wp.com\/lasprimeras.com.do\/wp-content\/uploads\/2026\/04\/Centro-Estetico-Diosa-Los-Jardines.png?resize=525%2C300&ssl=1 1.5x, https:\/\/i0.wp.com\/lasprimeras.com.do\/wp-content\/uploads\/2026\/04\/Centro-Estetico-Diosa-Los-Jardines.png?resize=700%2C400&ssl=1 2x"},"classes":[]},{"id":92263,"url":"https:\/\/lasprimeras.com.do\/index.php\/2024\/12\/27\/fallece-joven-tras-procedimientos-esteticos-realizados-por-el-doctor-edgar-contreras\/","url_meta":{"origin":57913,"position":5},"title":"Fallece joven tras procedimientos est\u00e9ticos realizados por el Doctor Edgar Contreras","author":"Nelson Feliz","date":"27 de diciembre de 2024","format":false,"excerpt":"Familiares exigen justicia. Pamela Alm\u00e1nzar, una joven que se someti\u00f3 a varias cirug\u00edas est\u00e9ticas realizadas por el doctor Edgar Contreras, falleci\u00f3 el pasado viernes 27 de diciembre en una cl\u00ednica de la capital, dejando a familiares y amigos devastados. Seg\u00fan declaraciones de sus familiares, Pamela acudi\u00f3 el 16 de diciembre\u2026","rel":"","context":"En \u00abNACIONALES\u00bb","block_context":{"text":"NACIONALES","link":"https:\/\/lasprimeras.com.do\/index.php\/category\/nacionales\/"},"img":{"alt_text":"Pamela Alm\u00e1nzar","src":"https:\/\/i0.wp.com\/lasprimeras.com.do\/wp-content\/uploads\/2025\/01\/Pamela-Almanzar.jpg?resize=350%2C200&ssl=1","width":350,"height":200,"srcset":"https:\/\/i0.wp.com\/lasprimeras.com.do\/wp-content\/uploads\/2025\/01\/Pamela-Almanzar.jpg?resize=350%2C200&ssl=1 1x, https:\/\/i0.wp.com\/lasprimeras.com.do\/wp-content\/uploads\/2025\/01\/Pamela-Almanzar.jpg?resize=525%2C300&ssl=1 1.5x"},"classes":[]}],"jetpack_sharing_enabled":true,"_links":{"self":[{"href":"https:\/\/lasprimeras.com.do\/index.php\/wp-json\/wp\/v2\/posts\/57913","targetHints":{"allow":["GET"]}}],"collection":[{"href":"https:\/\/lasprimeras.com.do\/index.php\/wp-json\/wp\/v2\/posts"}],"about":[{"href":"https:\/\/lasprimeras.com.do\/index.php\/wp-json\/wp\/v2\/types\/post"}],"author":[{"embeddable":true,"href":"https:\/\/lasprimeras.com.do\/index.php\/wp-json\/wp\/v2\/users\/2"}],"replies":[{"embeddable":true,"href":"https:\/\/lasprimeras.com.do\/index.php\/wp-json\/wp\/v2\/comments?post=57913"}],"version-history":[{"count":1,"href":"https:\/\/lasprimeras.com.do\/index.php\/wp-json\/wp\/v2\/posts\/57913\/revisions"}],"predecessor-version":[{"id":57915,"href":"https:\/\/lasprimeras.com.do\/index.php\/wp-json\/wp\/v2\/posts\/57913\/revisions\/57915"}],"wp:featuredmedia":[{"embeddable":true,"href":"https:\/\/lasprimeras.com.do\/index.php\/wp-json\/wp\/v2\/media\/57914"}],"wp:attachment":[{"href":"https:\/\/lasprimeras.com.do\/index.php\/wp-json\/wp\/v2\/media?parent=57913"}],"wp:term":[{"taxonomy":"category","embeddable":true,"href":"https:\/\/lasprimeras.com.do\/index.php\/wp-json\/wp\/v2\/categories?post=57913"},{"taxonomy":"post_tag","embeddable":true,"href":"https:\/\/lasprimeras.com.do\/index.php\/wp-json\/wp\/v2\/tags?post=57913"}],"curies":[{"name":"wp","href":"https:\/\/api.w.org\/{rel}","templated":true}]}}