{"id":57935,"date":"2023-08-17T20:54:43","date_gmt":"2023-08-18T00:54:43","guid":{"rendered":"https:\/\/lasprimeras.com.do\/?p=57935"},"modified":"2023-08-17T20:54:44","modified_gmt":"2023-08-18T00:54:44","slug":"delegado-del-pld-entrega-a-la-jce-su-padron-con-mas-2-millones-de-miembros","status":"publish","type":"post","link":"https:\/\/lasprimeras.com.do\/index.php\/2023\/08\/17\/delegado-del-pld-entrega-a-la-jce-su-padron-con-mas-2-millones-de-miembros\/","title":{"rendered":"Delegado del PLD entrega a la JCE su padr\u00f3n con m\u00e1s 2 millones de miembros"},"content":{"rendered":"\n<p>El Partido de la Liberaci\u00f3n Dominicana (PLD) entreg\u00f3 a la Junta Central Electoral (JCE) el padr\u00f3n de miembros de esa organizaci\u00f3n, en el que figuran 2,177,036 personas para cumplir con la ley de Partidos, Agrupaciones y Movimientos Pol\u00edticos, inform\u00f3 este martes la formaci\u00f3n.<\/p>\n\n\n\n<p>Una delegaci\u00f3n del PLD integrada por Danilo D\u00edaz, miembro del comit\u00e9 pol\u00edtico y delegado suplente ante la JCE; Mayobanex Escoto, secretario de organizaci\u00f3n y Bienvenido Casado, delegado del PLD ante la direcci\u00f3n de inform\u00e1tica de la JCE, hizo la entrega del padr\u00f3n.<\/p>\n\n\n\n<p>\u00abEl padr\u00f3n fue entregado en formato electr\u00f3nico en el cual figuran 1,149,901 mujeres, el 52.82 %, y 1,027,135 hombres, el 47.18 % de los registrados\u00bb, afirm\u00f3 el PLD en una nota.<\/p>\n\n\n\n<p>El partido opositor asegur\u00f3 que ese n\u00famero de afiliados se ha depurado en funci\u00f3n de la \u00faltima entrega al PLD de la lista de electores por parte de la Junta Central Electoral, del 21 de junio pasado.<\/p>\n\n\n\n<p>El PLD precis\u00f3 que, en la actual fase, cerca de los 50 a\u00f1os de existencia esa organizaci\u00f3n mantiene su proceso \u00abreorganizativo\u00bb de toda su estructura que implica el ingreso de nuevos miembros y la depuraci\u00f3n o validaci\u00f3n de la estructura existente.<\/p>\n\n\n\n<p>Rep\u00fablica Dominicana celebrar\u00e1 elecciones municipales en febrero de 2024 y en mayo de ese a\u00f1o las presidenciales y legislativas.<\/p>\n","protected":false},"excerpt":{"rendered":"<p>El Partido de la Liberaci\u00f3n Dominicana (PLD) entreg\u00f3 a la Junta Central Electoral (JCE) el padr\u00f3n de miembros de esa organizaci\u00f3n, en el que figuran 2,177,036 personas para cumplir con&hellip;<\/p>\n","protected":false},"author":2,"featured_media":57936,"comment_status":"open","ping_status":"open","sticky":false,"template":"","format":"standard","meta":{"content-type":"","jetpack_post_was_ever_published":false,"_jetpack_newsletter_access":"","_jetpack_dont_email_post_to_subs":false,"_jetpack_newsletter_tier_id":0,"_jetpack_memberships_contains_paywalled_content":false,"_jetpack_memberships_contains_paid_content":false,"footnotes":""},"categories":[25],"tags":[1747,183,475,5811,269],"class_list":["post-57935","post","type-post","status-publish","format-standard","has-post-thumbnail","hentry","category-portada","tag-delegado","tag-jce","tag-miembros","tag-padron","tag-pld"],"jetpack_featured_media_url":"https:\/\/lasprimeras.com.do\/wp-content\/uploads\/2023\/08\/Danilo-Diaz.png","jetpack-related-posts":[{"id":100567,"url":"https:\/\/lasprimeras.com.do\/index.php\/2025\/06\/08\/presidente-de-la-jce-roman-jaquez-visita-casa-nacional-del-pld\/","url_meta":{"origin":57935,"position":0},"title":"Presidente de la JCE Rom\u00e1n J\u00e1quez visita Casa Nacional del PLD","author":"Nelson Feliz","date":"8 de junio de 2025","format":false,"excerpt":"El presidente de la Junta Central Electoral (JCE), Rom\u00e1n J\u00e1quez Liranzo, visit\u00f3 la Casa Nacional Reinaldo Pared P\u00e9rez del Partido de la Liberaci\u00f3n Dominicana (PLD) compartiendo con los dirigentes de la organizaci\u00f3n pol\u00edtica quienes participan en el Diplomado Especializado en Administraci\u00f3n Electoral, organizado por la JCE, a trav\u00e9s del Instituto\u2026","rel":"","context":"En \u00abPOLITICA\u00bb","block_context":{"text":"POLITICA","link":"https:\/\/lasprimeras.com.do\/index.php\/category\/politica\/"},"img":{"alt_text":"","src":"https:\/\/i0.wp.com\/lasprimeras.com.do\/wp-content\/uploads\/2025\/06\/Roman-Jaquez.jpg?resize=350%2C200&ssl=1","width":350,"height":200,"srcset":"https:\/\/i0.wp.com\/lasprimeras.com.do\/wp-content\/uploads\/2025\/06\/Roman-Jaquez.jpg?resize=350%2C200&ssl=1 1x, https:\/\/i0.wp.com\/lasprimeras.com.do\/wp-content\/uploads\/2025\/06\/Roman-Jaquez.jpg?resize=525%2C300&ssl=1 1.5x, https:\/\/i0.wp.com\/lasprimeras.com.do\/wp-content\/uploads\/2025\/06\/Roman-Jaquez.jpg?resize=700%2C400&ssl=1 2x"},"classes":[]},{"id":83017,"url":"https:\/\/lasprimeras.com.do\/index.php\/2024\/05\/10\/pld-tiene-ya-preparada-documentacion-que-usaran-delegados-en-elecciones\/","url_meta":{"origin":57935,"position":1},"title":"PLD tiene ya preparada documentaci\u00f3n que usar\u00e1n delegados en elecciones","author":"BIMARY DE JES\u00daS Matos","date":"10 de mayo de 2024","format":false,"excerpt":"El Partido de la Liberaci\u00f3n Dominicana ultima la preparaci\u00f3n de materiales que usar\u00e1n sus delegados y suplentes en los Colegios Electorales. El Partido de la Liberaci\u00f3n Dominicana (PLD) est\u00e1 preparado para concluir el pr\u00f3ximo jueves 16 la entrega de los materiales que ser\u00e1n utilizados por los delegados y delegadas de\u2026","rel":"","context":"En \u00abSin categor\u00eda\u00bb","block_context":{"text":"Sin categor\u00eda","link":"https:\/\/lasprimeras.com.do\/index.php\/category\/sin-categoria\/"},"img":{"alt_text":"","src":"https:\/\/i0.wp.com\/lasprimeras.com.do\/wp-content\/uploads\/2024\/05\/6a0c8a05-4f4b-48f5-a1d9-1ad180753c4a-23.jpg?resize=350%2C200&ssl=1","width":350,"height":200,"srcset":"https:\/\/i0.wp.com\/lasprimeras.com.do\/wp-content\/uploads\/2024\/05\/6a0c8a05-4f4b-48f5-a1d9-1ad180753c4a-23.jpg?resize=350%2C200&ssl=1 1x, https:\/\/i0.wp.com\/lasprimeras.com.do\/wp-content\/uploads\/2024\/05\/6a0c8a05-4f4b-48f5-a1d9-1ad180753c4a-23.jpg?resize=525%2C300&ssl=1 1.5x, https:\/\/i0.wp.com\/lasprimeras.com.do\/wp-content\/uploads\/2024\/05\/6a0c8a05-4f4b-48f5-a1d9-1ad180753c4a-23.jpg?resize=700%2C400&ssl=1 2x, https:\/\/i0.wp.com\/lasprimeras.com.do\/wp-content\/uploads\/2024\/05\/6a0c8a05-4f4b-48f5-a1d9-1ad180753c4a-23.jpg?resize=1050%2C600&ssl=1 3x"},"classes":[]},{"id":59883,"url":"https:\/\/lasprimeras.com.do\/index.php\/2023\/09\/08\/jce-socializa-con-miembros-del-prm-aspectos-para-el-montaje-de-sus-primarias\/","url_meta":{"origin":57935,"position":2},"title":"JCE socializa con miembros del PRM aspectos para el montaje de sus primarias","author":"Nelson Feliz","date":"8 de septiembre de 2023","format":false,"excerpt":"Presentes en la reuni\u00f3n representantes de los precandidatos y el delegado de la Comisi\u00f3n Electoral. Los directores de Elecciones, Inform\u00e1tica y Partidos Pol\u00edticos de la Junta Central Electoral (JCE) se reunieron con el delegado t\u00e9cnico de la Comisi\u00f3n Electoral del Partido Revolucionario Moderno y con los representantes de los precandidatos\u2026","rel":"","context":"En \u00abPORTADA\u00bb","block_context":{"text":"PORTADA","link":"https:\/\/lasprimeras.com.do\/index.php\/category\/portada\/"},"img":{"alt_text":"PRM","src":"https:\/\/i0.wp.com\/lasprimeras.com.do\/wp-content\/uploads\/2023\/09\/PRM-2.jpeg?resize=350%2C200&ssl=1","width":350,"height":200,"srcset":"https:\/\/i0.wp.com\/lasprimeras.com.do\/wp-content\/uploads\/2023\/09\/PRM-2.jpeg?resize=350%2C200&ssl=1 1x, https:\/\/i0.wp.com\/lasprimeras.com.do\/wp-content\/uploads\/2023\/09\/PRM-2.jpeg?resize=525%2C300&ssl=1 1.5x, https:\/\/i0.wp.com\/lasprimeras.com.do\/wp-content\/uploads\/2023\/09\/PRM-2.jpeg?resize=700%2C400&ssl=1 2x, https:\/\/i0.wp.com\/lasprimeras.com.do\/wp-content\/uploads\/2023\/09\/PRM-2.jpeg?resize=1050%2C600&ssl=1 3x"},"classes":[]},{"id":73823,"url":"https:\/\/lasprimeras.com.do\/index.php\/2024\/01\/16\/jce-inicia-impresion-del-padron-electoral\/","url_meta":{"origin":57935,"position":3},"title":"JCE inicia impresi\u00f3n del padr\u00f3n electoral","author":"Nelson Feliz","date":"16 de enero de 2024","format":false,"excerpt":"El Pleno de la Junta Central Electoral (JCE), dando cumplimiento al calendario electoral de actividades, inici\u00f3 este martes la impresi\u00f3n del padr\u00f3n electoral de cara a las elecciones municipales a celebrarse el pr\u00f3ximo 18 de febrero de 2024. Presentes en la actividad el presidente de la JCE, Rom\u00e1n Andr\u00e9s J\u00e1quez\u2026","rel":"","context":"En \u00abNACIONALES\u00bb","block_context":{"text":"NACIONALES","link":"https:\/\/lasprimeras.com.do\/index.php\/category\/nacionales\/"},"img":{"alt_text":"BOLETAS","src":"https:\/\/i0.wp.com\/lasprimeras.com.do\/wp-content\/uploads\/2024\/01\/BOLETAS.jpg?resize=350%2C200&ssl=1","width":350,"height":200,"srcset":"https:\/\/i0.wp.com\/lasprimeras.com.do\/wp-content\/uploads\/2024\/01\/BOLETAS.jpg?resize=350%2C200&ssl=1 1x, https:\/\/i0.wp.com\/lasprimeras.com.do\/wp-content\/uploads\/2024\/01\/BOLETAS.jpg?resize=525%2C300&ssl=1 1.5x, https:\/\/i0.wp.com\/lasprimeras.com.do\/wp-content\/uploads\/2024\/01\/BOLETAS.jpg?resize=700%2C400&ssl=1 2x"},"classes":[]},{"id":61817,"url":"https:\/\/lasprimeras.com.do\/index.php\/2023\/10\/01\/pqdc-solicita-formalmente-a-la-jce-la-revision-de-los-inscritos-de-su-padron-que-segun-la-jce-estan-afiliados-en-otros-partidos\/","url_meta":{"origin":57935,"position":4},"title":"PQDC solicita formalmente a la JCE la revisi\u00f3n de los inscritos de su Padr\u00f3n, que seg\u00fan la JCE est\u00e1n afiliados en otros partidos","author":"Nelson Feliz","date":"1 de octubre de 2023","format":false,"excerpt":"El presidente del Partido Quisqueyano Dem\u00f3crata Cristiano (PQDC), doctor El\u00edas Wessin Ch\u00e1vez, solicit\u00f3 mediante instancia al presidente de la JCE, Rom\u00e1n Jaquez Liranzo y dem\u00e1s miembros la Junta Central Electoral, la explicaci\u00f3n y correcci\u00f3n del mecanismo de asignaci\u00f3n de militantes que la JCE utiliz\u00f3 para depurar los Padrones de los\u2026","rel":"","context":"En \u00abPORTADA\u00bb","block_context":{"text":"PORTADA","link":"https:\/\/lasprimeras.com.do\/index.php\/category\/portada\/"},"img":{"alt_text":"Elias Wessin Chavez","src":"https:\/\/i0.wp.com\/lasprimeras.com.do\/wp-content\/uploads\/2023\/10\/Elias-Wessin-Chavez-1.jpg?resize=350%2C200&ssl=1","width":350,"height":200,"srcset":"https:\/\/i0.wp.com\/lasprimeras.com.do\/wp-content\/uploads\/2023\/10\/Elias-Wessin-Chavez-1.jpg?resize=350%2C200&ssl=1 1x, https:\/\/i0.wp.com\/lasprimeras.com.do\/wp-content\/uploads\/2023\/10\/Elias-Wessin-Chavez-1.jpg?resize=525%2C300&ssl=1 1.5x, https:\/\/i0.wp.com\/lasprimeras.com.do\/wp-content\/uploads\/2023\/10\/Elias-Wessin-Chavez-1.jpg?resize=700%2C400&ssl=1 2x"},"classes":[]},{"id":121811,"url":"https:\/\/lasprimeras.com.do\/index.php\/2026\/02\/10\/danilo-medina-renovara-este-miercoles-su-cedula-de-identidad-y-electoral\/","url_meta":{"origin":57935,"position":5},"title":"Danilo Medina renovar\u00e1 este mi\u00e9rcoles su c\u00e9dula de identidad y electoral","author":"Nelson Feliz","date":"10 de febrero de 2026","format":false,"excerpt":"El ex presidente de la Rep\u00fablica, Danilo Medina, presidente del Partido de la Liberaci\u00f3n Dominicana (PLD), asistir\u00e1 este mi\u00e9rcoles (11 febrero) a la sede nacional de la Junta Central Electoral (JCE), para agotar el proceso de renovaci\u00f3n de su c\u00e9dula de identidad y electoral. El secretario general del PLD, Johnny\u2026","rel":"","context":"En \u00abPOLITICA\u00bb","block_context":{"text":"POLITICA","link":"https:\/\/lasprimeras.com.do\/index.php\/category\/politica\/"},"img":{"alt_text":"Danilo Medina renovar\u00e1 este mi\u00e9rcoles su c\u00e9dula de identidad y electoral","src":"https:\/\/i0.wp.com\/lasprimeras.com.do\/wp-content\/uploads\/2026\/02\/Danilo-Medina-1.jpg?resize=350%2C200&ssl=1","width":350,"height":200,"srcset":"https:\/\/i0.wp.com\/lasprimeras.com.do\/wp-content\/uploads\/2026\/02\/Danilo-Medina-1.jpg?resize=350%2C200&ssl=1 1x, https:\/\/i0.wp.com\/lasprimeras.com.do\/wp-content\/uploads\/2026\/02\/Danilo-Medina-1.jpg?resize=525%2C300&ssl=1 1.5x, https:\/\/i0.wp.com\/lasprimeras.com.do\/wp-content\/uploads\/2026\/02\/Danilo-Medina-1.jpg?resize=700%2C400&ssl=1 2x"},"classes":[]}],"jetpack_sharing_enabled":true,"_links":{"self":[{"href":"https:\/\/lasprimeras.com.do\/index.php\/wp-json\/wp\/v2\/posts\/57935","targetHints":{"allow":["GET"]}}],"collection":[{"href":"https:\/\/lasprimeras.com.do\/index.php\/wp-json\/wp\/v2\/posts"}],"about":[{"href":"https:\/\/lasprimeras.com.do\/index.php\/wp-json\/wp\/v2\/types\/post"}],"author":[{"embeddable":true,"href":"https:\/\/lasprimeras.com.do\/index.php\/wp-json\/wp\/v2\/users\/2"}],"replies":[{"embeddable":true,"href":"https:\/\/lasprimeras.com.do\/index.php\/wp-json\/wp\/v2\/comments?post=57935"}],"version-history":[{"count":1,"href":"https:\/\/lasprimeras.com.do\/index.php\/wp-json\/wp\/v2\/posts\/57935\/revisions"}],"predecessor-version":[{"id":57937,"href":"https:\/\/lasprimeras.com.do\/index.php\/wp-json\/wp\/v2\/posts\/57935\/revisions\/57937"}],"wp:featuredmedia":[{"embeddable":true,"href":"https:\/\/lasprimeras.com.do\/index.php\/wp-json\/wp\/v2\/media\/57936"}],"wp:attachment":[{"href":"https:\/\/lasprimeras.com.do\/index.php\/wp-json\/wp\/v2\/media?parent=57935"}],"wp:term":[{"taxonomy":"category","embeddable":true,"href":"https:\/\/lasprimeras.com.do\/index.php\/wp-json\/wp\/v2\/categories?post=57935"},{"taxonomy":"post_tag","embeddable":true,"href":"https:\/\/lasprimeras.com.do\/index.php\/wp-json\/wp\/v2\/tags?post=57935"}],"curies":[{"name":"wp","href":"https:\/\/api.w.org\/{rel}","templated":true}]}}