{"id":57958,"date":"2023-08-17T21:50:14","date_gmt":"2023-08-18T01:50:14","guid":{"rendered":"https:\/\/lasprimeras.com.do\/?p=57958"},"modified":"2023-08-17T21:50:16","modified_gmt":"2023-08-18T01:50:16","slug":"mirex-presenta-poder-consular-unico-que-simplifica-a-dominicanos-adquisicion-de-viviendas-en-el-pais","status":"publish","type":"post","link":"https:\/\/lasprimeras.com.do\/index.php\/2023\/08\/17\/mirex-presenta-poder-consular-unico-que-simplifica-a-dominicanos-adquisicion-de-viviendas-en-el-pais\/","title":{"rendered":"MIREX presenta &#8220;Poder Consular \u00danico&#8221; que simplifica a dominicanos adquisici\u00f3n de viviendas en el pa\u00eds"},"content":{"rendered":"\n<p>El Ministerio de Relaciones Exteriores en alianza con entidades de intermediaci\u00f3n financiera y otras instituciones vinculadas al sector, present\u00f3 de manera oficial el Poder Consular \u00danico, un documento que busca simplificar los tr\u00e1mites legales y administrativos para la adquisici\u00f3n de viviendas en el pa\u00eds, especialmente las de bajo costo, por parte de la comunidad dominicana en el exterior.<\/p>\n\n\n\n<p>A trav\u00e9s de este documento que estar\u00e1 disponible en los consulados dominicanos, cualquier dominicano en el exterior podr\u00e1 dar autorizaci\u00f3n a un tercero en Rep\u00fablica Dominicana para que le represente en el tr\u00e1mite de comprar una vivienda.<\/p>\n\n\n\n<p>A partir de ahora, el solicitante podr\u00e1 ahorrar dinero y tiempo, ya que lo que antes significaba solicitar un documento para cada proceso ante las instituciones vinculadas en la compra de un inmueble, queda superado con este Poder Consular \u00danico.<\/p>\n\n\n\n<p>Durante el evento de presentaci\u00f3n de este importante instrumento, el viceministro para las Comunidades Dominicanas en el Exterior y director ejecutivo del INDEX, Carlos de la Mota, dijo en nombre del canciller Roberto \u00c1lvarez, que \u201ca medida que nuestros compatriotas en el extranjero prosperan y ans\u00edan invertir en el \u00e1mbito inmobiliario en su pa\u00eds de origen, se hace indispensable contar con un instrumento de representaci\u00f3n de car\u00e1cter legal como este, con todas las garant\u00edas consulares para adquirir estos activos de manera eficiente\u201d.<\/p>\n\n\n\n<p>Afirm\u00f3 que \u201ccontinuaremos avanzando con la implementaci\u00f3n de nuestra pol\u00edtica exterior, por y para el bienestar de cada dominicano donde quiera que se encuentre como lo ha dispuesto nuestro presidente Luis Abinader\u201d.<\/p>\n\n\n\n<p>El viceministro De la Mota agreg\u00f3 que \u201ca trav\u00e9s de la alianza forjada con las instituciones bancarias e hipotecarias dominicanas, se pudo analizar en conjunto la problem\u00e1tica principal para adquisici\u00f3n de viviendas por los dominicanos en el exterior, consistente en la necesidad de estandarizaci\u00f3n de un poder consular \u00fanico que pudiese ser usado por el sector financiero y la jurisdicci\u00f3n inmobiliaria para la representaci\u00f3n legal en Rep\u00fablica Dominicana de residentes en el exterior y la adquisici\u00f3n de viviendas; lo cual permitir\u00eda adem\u00e1s elevar la seguridad transaccional y minimizar\u00eda el costo para el residente en el exterior\u201d.<\/p>\n\n\n\n<p>Por su parte, el viceministro para Asuntos Consulares y Migratorios, Opinio D\u00edaz, explic\u00f3 que desde ya los dominicanos en el exterior contar\u00e1n con este servicio en todos los consulados dominicanos.<\/p>\n\n\n\n<p>\u201cEste logro, incluy\u00f3 una capacitaci\u00f3n a los funcionarios de nuestros consulados, impartida por el Colegio de Notarios, con la finalidad de dotar de los conocimientos para una correcta instrumentaci\u00f3n del Poder Consular \u00danico, el cual beneficiar\u00e1 a nuestras comunidades en el exterior\u201d.<\/p>\n\n\n\n<p>Cabe se\u00f1alar que la elaboraci\u00f3n del Poder Consular \u00danico se dise\u00f1\u00f3 en una mesa t\u00e9cnica interinstitucional, conformada por el MIREX, el INDEX, el Ministerio de la Presidencia y el Plan Nacional de Vivienda Familia Feliz, la Superintendencia de Bancos, el Registro Inmobiliario, Mensura Catastral, el Colegio de Notarios, la Asociaci\u00f3n Dominicana de Bancos (ABA), la Liga Dominicana de Asociaciones de Ahorros y Pr\u00e9stamos para la Vivienda (LIDAAPI), la Asociaci\u00f3n de Bancos de Ahorro y Cr\u00e9dito y Corporaci\u00f3nes de Cr\u00e9dito (ABANCORD).<\/p>\n\n\n\n<p>Durante la presentaci\u00f3n del Poder Consular \u00danico estuvieron presentes el ministro de la Vivienda y Edificaciones, Carlos Bonilla; viceministros de otras instituciones, directores del MIREX, y directivos de las asociaciones y entidades bancarias involucradas en este importante proyecto.<\/p>\n","protected":false},"excerpt":{"rendered":"<p>El Ministerio de Relaciones Exteriores en alianza con entidades de intermediaci\u00f3n financiera y otras instituciones vinculadas al sector, present\u00f3 de manera oficial el Poder Consular \u00danico, un documento que busca&hellip;<\/p>\n","protected":false},"author":2,"featured_media":57959,"comment_status":"open","ping_status":"open","sticky":false,"template":"","format":"standard","meta":{"content-type":"","jetpack_post_was_ever_published":false,"_jetpack_newsletter_access":"","_jetpack_dont_email_post_to_subs":false,"_jetpack_newsletter_tier_id":0,"_jetpack_memberships_contains_paywalled_content":false,"_jetpack_memberships_contains_paid_content":false,"footnotes":""},"categories":[39],"tags":[3456,487,1661,6378,6377,3283],"class_list":["post-57958","post","type-post","status-publish","format-standard","has-post-thumbnail","hentry","category-economia","tag-adquisicion","tag-dominicanos","tag-mirex","tag-poder-consular-unico","tag-simplifica","tag-viviendas"],"jetpack_featured_media_url":"https:\/\/lasprimeras.com.do\/wp-content\/uploads\/2023\/08\/MIREX.jpg","jetpack-related-posts":[{"id":100371,"url":"https:\/\/lasprimeras.com.do\/index.php\/2025\/06\/06\/consulado-en-genova-presenta-plataforma-digital-al-servicio-de-la-comunidad-dominicana-en-liguria\/","url_meta":{"origin":57958,"position":0},"title":"Consulado en G\u00e9nova presenta plataforma digital al servicio de la comunidad dominicana en Liguria","author":"Nelson Feliz","date":"6 de junio de 2025","format":false,"excerpt":"RDenGenova.org pone a disposici\u00f3n de los compatriotas en Italia recursos oficiales para tr\u00e1mites consulares y oportunidades de desarrollo en su pa\u00eds G\u00e9nova. \u2014 El Consulado de la Rep\u00fablica Dominicana en G\u00e9nova, Italia, present\u00f3 este viernes RDenGenova.org, un nuevo portal digital creado para fortalecer el v\u00ednculo entre la comunidad dominicana residente\u2026","rel":"","context":"En \u00abINTERNACIONALES\u00bb","block_context":{"text":"INTERNACIONALES","link":"https:\/\/lasprimeras.com.do\/index.php\/category\/sin-categoria\/internacionales\/"},"img":{"alt_text":"Adolfo Pineda","src":"https:\/\/i0.wp.com\/lasprimeras.com.do\/wp-content\/uploads\/2025\/06\/Adolfo-Pineda.jpg?resize=350%2C200&ssl=1","width":350,"height":200,"srcset":"https:\/\/i0.wp.com\/lasprimeras.com.do\/wp-content\/uploads\/2025\/06\/Adolfo-Pineda.jpg?resize=350%2C200&ssl=1 1x, https:\/\/i0.wp.com\/lasprimeras.com.do\/wp-content\/uploads\/2025\/06\/Adolfo-Pineda.jpg?resize=525%2C300&ssl=1 1.5x, https:\/\/i0.wp.com\/lasprimeras.com.do\/wp-content\/uploads\/2025\/06\/Adolfo-Pineda.jpg?resize=700%2C400&ssl=1 2x"},"classes":[]},{"id":107577,"url":"https:\/\/lasprimeras.com.do\/index.php\/2025\/08\/28\/interior-y-policia-y-consulado-en-nj-firman-historico-acuerdo-para-acercar-servicios-a-diaspora-dominicana\/","url_meta":{"origin":57958,"position":1},"title":"Interior y Polic\u00eda y consulado en NJ firman hist\u00f3rico acuerdo para acercar servicios a di\u00e1spora dominicana","author":"Nelson Feliz","date":"28 de agosto de 2025","format":false,"excerpt":"NEW JERSEY.- En un hecho sin precedentes, el Ministerio de Interior y Polic\u00eda (MIP) y el Consulado Dominicano en New Jersey firmaron un acuerdo de colaboraci\u00f3n que permitir\u00e1 a los dominicanos residentes en Estados Unidos acceder a servicios esenciales del Estado sin necesidad de viajar a la Rep\u00fablica Dominicana. El\u2026","rel":"","context":"En \u00abINTERNACIONALES\u00bb","block_context":{"text":"INTERNACIONALES","link":"https:\/\/lasprimeras.com.do\/index.php\/category\/sin-categoria\/internacionales\/"},"img":{"alt_text":"","src":"https:\/\/i0.wp.com\/lasprimeras.com.do\/wp-content\/uploads\/2025\/08\/Faride-Raful-y-Jose-Bertico-Santana.jpg?resize=350%2C200&ssl=1","width":350,"height":200},"classes":[]},{"id":122316,"url":"https:\/\/lasprimeras.com.do\/index.php\/2026\/02\/16\/emma-polanco-fortalece-la-cultura-de-transparencia-durante-el-entrenamiento-consular-del-mirex\/","url_meta":{"origin":57958,"position":2},"title":"Emma Polanco fortalece la cultura de transparencia durante el \u201cEntrenamiento Consular\u201d del MIREX","author":"Nelson Feliz","date":"16 de febrero de 2026","format":false,"excerpt":"La presidenta de la C\u00e1mara de Cuentas, doctora Emma Polanco, imparti\u00f3 una orientaci\u00f3n dirigida a funcionarios consulares sobre la importancia de la \"Declaraci\u00f3n Jurada de Patrimonio\" como herramienta fundamental de control, prevenci\u00f3n y transparencia. Su participaci\u00f3n se desarroll\u00f3 en el curso-taller \u201cEntrenamiento Consular\u201d, organizado por el Ministerio de Relaciones Exteriores\u2026","rel":"","context":"En \u00abNACIONALES\u00bb","block_context":{"text":"NACIONALES","link":"https:\/\/lasprimeras.com.do\/index.php\/category\/nacionales\/"},"img":{"alt_text":"","src":"https:\/\/i0.wp.com\/lasprimeras.com.do\/wp-content\/uploads\/2026\/02\/IMG-20260216-WA0473.jpg?resize=350%2C200&ssl=1","width":350,"height":200,"srcset":"https:\/\/i0.wp.com\/lasprimeras.com.do\/wp-content\/uploads\/2026\/02\/IMG-20260216-WA0473.jpg?resize=350%2C200&ssl=1 1x, https:\/\/i0.wp.com\/lasprimeras.com.do\/wp-content\/uploads\/2026\/02\/IMG-20260216-WA0473.jpg?resize=525%2C300&ssl=1 1.5x, https:\/\/i0.wp.com\/lasprimeras.com.do\/wp-content\/uploads\/2026\/02\/IMG-20260216-WA0473.jpg?resize=700%2C400&ssl=1 2x, https:\/\/i0.wp.com\/lasprimeras.com.do\/wp-content\/uploads\/2026\/02\/IMG-20260216-WA0473.jpg?resize=1050%2C600&ssl=1 3x"},"classes":[]},{"id":121885,"url":"https:\/\/lasprimeras.com.do\/index.php\/2026\/02\/11\/mirex-abre-convocatoria-para-ingresar-a-la-carrera-diplomatica\/","url_meta":{"origin":57958,"position":3},"title":"Mirex abre convocatoria para ingresar a la Carrera Diplom\u00e1tica","author":"Nelson Feliz","date":"11 de febrero de 2026","format":false,"excerpt":"El concurso p\u00fablico busca seleccionar una nueva generaci\u00f3n de funcionarios diplom\u00e1ticos dominicanos desde este 11 de febrero de 2026. El Ministerio de Relaciones Exteriores\u00a0(Mirex)inform\u00f3 que, apartir de este 11 de febrero de 2026queda formalmente abierta la\u00a0convocatoria al Concurso P\u00fablico para el Ingreso a la Carrera Diplom\u00e1tica, con el objetivo de\u2026","rel":"","context":"En \u00abNACIONALES\u00bb","block_context":{"text":"NACIONALES","link":"https:\/\/lasprimeras.com.do\/index.php\/category\/nacionales\/"},"img":{"alt_text":"","src":"https:\/\/i0.wp.com\/lasprimeras.com.do\/wp-content\/uploads\/2026\/02\/Mirex.jpg?resize=350%2C200&ssl=1","width":350,"height":200,"srcset":"https:\/\/i0.wp.com\/lasprimeras.com.do\/wp-content\/uploads\/2026\/02\/Mirex.jpg?resize=350%2C200&ssl=1 1x, https:\/\/i0.wp.com\/lasprimeras.com.do\/wp-content\/uploads\/2026\/02\/Mirex.jpg?resize=525%2C300&ssl=1 1.5x, https:\/\/i0.wp.com\/lasprimeras.com.do\/wp-content\/uploads\/2026\/02\/Mirex.jpg?resize=700%2C400&ssl=1 2x, https:\/\/i0.wp.com\/lasprimeras.com.do\/wp-content\/uploads\/2026\/02\/Mirex.jpg?resize=1050%2C600&ssl=1 3x"},"classes":[]},{"id":50030,"url":"https:\/\/lasprimeras.com.do\/index.php\/2023\/05\/16\/mirex-y-la-firma-inicia-acuerdan-promover-patrimonio-cultural-dominicano-en-el-exterior\/","url_meta":{"origin":57958,"position":4},"title":"MIREX y la firma INICIA acuerdan promover patrimonio cultural dominicano en el exterior","author":"prenxa100","date":"16 de mayo de 2023","format":false,"excerpt":"Santo Domingo, RD. \u2013 El ministro de Relaciones Exteriores de Rep\u00fablica Dominicana, Roberto \u00c1lvarez, y el presidente ejecutivo de la firma INICIA, Felipe Vicini, firmaron un memor\u00e1ndum de entendimiento con el objetivo de promover la cultura dominicana a nivel internacional a trav\u00e9s de las embajadas, misiones permanentes y consulados del\u2026","rel":"","context":"En \u00abNACIONALES\u00bb","block_context":{"text":"NACIONALES","link":"https:\/\/lasprimeras.com.do\/index.php\/category\/nacionales\/"},"img":{"alt_text":"","src":"","width":0,"height":0},"classes":[]},{"id":98122,"url":"https:\/\/lasprimeras.com.do\/index.php\/2025\/05\/01\/index-participa-foro-prevencion-de-estafas-inmobiliarias-reafirma-compromisos-con-dominicanos-exterior\/","url_meta":{"origin":57958,"position":5},"title":"Index participa foro Prevenci\u00f3n de Estafas Inmobiliarias; reafirma compromisos con dominicanos exterior","author":"Nelson Feliz","date":"1 de mayo de 2025","format":false,"excerpt":"https:\/\/www.youtube.com\/watch?v=fJT6En-QwQw Por Ram\u00f3n Mercedes NUEVA YORK.- La viceministra de Relaciones Exteriores para las Comunidades Dominicanas en el Exterior y directora ejecutiva del Instituto de Dominicanos(as) en el Exterior (INDEX), Celin\u00e9s Toribio, al participar y apoyar el foro \u00abPrevenci\u00f3n de Estafas Inmobiliarias\u00bb celebrado en esta ciudad, reafirm\u00f3 sus compromisos a favor\u2026","rel":"","context":"En \u00abINTERNACIONALES\u00bb","block_context":{"text":"INTERNACIONALES","link":"https:\/\/lasprimeras.com.do\/index.php\/category\/sin-categoria\/internacionales\/"},"img":{"alt_text":"","src":"https:\/\/i0.wp.com\/lasprimeras.com.do\/wp-content\/uploads\/2025\/05\/Estafas-Inmobiliarias.jpg?resize=350%2C200&ssl=1","width":350,"height":200,"srcset":"https:\/\/i0.wp.com\/lasprimeras.com.do\/wp-content\/uploads\/2025\/05\/Estafas-Inmobiliarias.jpg?resize=350%2C200&ssl=1 1x, https:\/\/i0.wp.com\/lasprimeras.com.do\/wp-content\/uploads\/2025\/05\/Estafas-Inmobiliarias.jpg?resize=525%2C300&ssl=1 1.5x, https:\/\/i0.wp.com\/lasprimeras.com.do\/wp-content\/uploads\/2025\/05\/Estafas-Inmobiliarias.jpg?resize=700%2C400&ssl=1 2x"},"classes":[]}],"jetpack_sharing_enabled":true,"_links":{"self":[{"href":"https:\/\/lasprimeras.com.do\/index.php\/wp-json\/wp\/v2\/posts\/57958","targetHints":{"allow":["GET"]}}],"collection":[{"href":"https:\/\/lasprimeras.com.do\/index.php\/wp-json\/wp\/v2\/posts"}],"about":[{"href":"https:\/\/lasprimeras.com.do\/index.php\/wp-json\/wp\/v2\/types\/post"}],"author":[{"embeddable":true,"href":"https:\/\/lasprimeras.com.do\/index.php\/wp-json\/wp\/v2\/users\/2"}],"replies":[{"embeddable":true,"href":"https:\/\/lasprimeras.com.do\/index.php\/wp-json\/wp\/v2\/comments?post=57958"}],"version-history":[{"count":1,"href":"https:\/\/lasprimeras.com.do\/index.php\/wp-json\/wp\/v2\/posts\/57958\/revisions"}],"predecessor-version":[{"id":57960,"href":"https:\/\/lasprimeras.com.do\/index.php\/wp-json\/wp\/v2\/posts\/57958\/revisions\/57960"}],"wp:featuredmedia":[{"embeddable":true,"href":"https:\/\/lasprimeras.com.do\/index.php\/wp-json\/wp\/v2\/media\/57959"}],"wp:attachment":[{"href":"https:\/\/lasprimeras.com.do\/index.php\/wp-json\/wp\/v2\/media?parent=57958"}],"wp:term":[{"taxonomy":"category","embeddable":true,"href":"https:\/\/lasprimeras.com.do\/index.php\/wp-json\/wp\/v2\/categories?post=57958"},{"taxonomy":"post_tag","embeddable":true,"href":"https:\/\/lasprimeras.com.do\/index.php\/wp-json\/wp\/v2\/tags?post=57958"}],"curies":[{"name":"wp","href":"https:\/\/api.w.org\/{rel}","templated":true}]}}