{"id":57966,"date":"2023-08-17T22:21:21","date_gmt":"2023-08-18T02:21:21","guid":{"rendered":"https:\/\/lasprimeras.com.do\/?p=57966"},"modified":"2023-08-17T22:21:23","modified_gmt":"2023-08-18T02:21:23","slug":"abinader-se-reune-con-comision-interministerial-y-arroceros-para-dar-seguimiento-dr-cafta","status":"publish","type":"post","link":"https:\/\/lasprimeras.com.do\/index.php\/2023\/08\/17\/abinader-se-reune-con-comision-interministerial-y-arroceros-para-dar-seguimiento-dr-cafta\/","title":{"rendered":"Abinader se re\u00fane con Comisi\u00f3n Interministerial y arroceros para dar seguimiento DR-Cafta"},"content":{"rendered":"\n<p>El presidente Luis Abinader se reuni\u00f3 con la Comisi\u00f3n Interministerial de Arroz para dar seguimiento al di\u00e1logo sobre el arroz en el marco del &#8220;Tratado de Libre Comercio&#8221; entre Estados Unidos, Centroam\u00e9rica y Rep\u00fablica Dominicana.<\/p>\n\n\n\n<p>Con el fin de presentar los avances en los trabajos de la Comisi\u00f3n Interministerial de Arroz, creada en su alocuci\u00f3n a la naci\u00f3n el 27 de febrero del presente a\u00f1o, el presidente Luis Abinader, acompa\u00f1ado de los miembros de dicha comisi\u00f3n, conformada por los Ministerios de Industria, Comercio y MIPYMES (MICM) y de Agricultura, tambi\u00e9n se reuni\u00f3 con due\u00f1os de factor\u00edas de arroz, productores y integrantes de la reforma agraria.<\/p>\n\n\n\n<p>En la reuni\u00f3n se presentaron los objetivos y el desarrollo de las acciones acometidas por la comisi\u00f3n hasta la fecha. Se resalt\u00f3 la importancia de lograr una soluci\u00f3n que permita que la producci\u00f3n de arroz en el pa\u00eds se sostenga, as\u00ed como el impacto que tiene este rubro en la econom\u00eda.<\/p>\n\n\n\n<p>Adem\u00e1s, se inform\u00f3 que en las sesiones de trabajo de la comisi\u00f3n se han realizado el an\u00e1lisis de acuerdos internacionales de los cuales el pa\u00eds es parte, la legislaci\u00f3n nacional, as\u00ed como consultas a expertos nacionales e internacionales. De igual forma, se inform\u00f3 que, a la fecha, se han sostenido m\u00e1s de 10 sesiones de trabajo.<\/p>\n\n\n\n<p>En el encuentro se asegur\u00f3 a los miembros del sector arrocero, que este tema es una prioridad para el gobierno y que se est\u00e1n agotando todos los recursos necesarios para lograr el objetivo.o.<\/p>\n","protected":false},"excerpt":{"rendered":"<p>El presidente Luis Abinader se reuni\u00f3 con la Comisi\u00f3n Interministerial de Arroz para dar seguimiento al di\u00e1logo sobre el arroz en el marco del &#8220;Tratado de Libre Comercio&#8221; entre Estados&hellip;<\/p>\n","protected":false},"author":2,"featured_media":57967,"comment_status":"open","ping_status":"open","sticky":false,"template":"","format":"standard","meta":{"content-type":"","jetpack_post_was_ever_published":false,"_jetpack_newsletter_access":"","_jetpack_dont_email_post_to_subs":false,"_jetpack_newsletter_tier_id":0,"_jetpack_memberships_contains_paywalled_content":false,"_jetpack_memberships_contains_paid_content":false,"footnotes":""},"categories":[39],"tags":[6385,6386,6387,67],"class_list":["post-57966","post","type-post","status-publish","format-standard","has-post-thumbnail","hentry","category-economia","tag-arroceros","tag-comision-interministerial","tag-dr-cafta","tag-luis-abinader"],"jetpack_featured_media_url":"https:\/\/lasprimeras.com.do\/wp-content\/uploads\/2023\/08\/Arroceros.jpg","jetpack-related-posts":[{"id":54188,"url":"https:\/\/lasprimeras.com.do\/index.php\/2023\/07\/08\/fenarroz-responde-a-embajadora-dominicana-en-washington-sobre-tratado-dr-cafta\/","url_meta":{"origin":57966,"position":0},"title":"FENARROZ responde a embajadora dominicana en Washington sobre Tratado DR-CAFTA","author":"Nelson Feliz","date":"8 de julio de 2023","format":false,"excerpt":"La Federaci\u00f3n Nacional de Productores de Arroz de la Rep\u00fablica Dominicana, FENARROZ, respondi\u00f3 a las declaraciones de la embajadora en Washington, Sonia Guzm\u00e1n de Hern\u00e1ndez, ex Jefe Negociadora del Tratado de Libre Comercio Estados Unidos, Rep\u00fablica Dominicana y Centroam\u00e9rica (DR-CAFTA), sobre la posibilidad de que no se renegocie el tratado,\u2026","rel":"","context":"En \u00abECONOM\u00cdA\u00bb","block_context":{"text":"ECONOM\u00cdA","link":"https:\/\/lasprimeras.com.do\/index.php\/category\/economia\/"},"img":{"alt_text":"Presidente Fenarroz Marcelo","src":"https:\/\/i0.wp.com\/lasprimeras.com.do\/wp-content\/uploads\/2023\/07\/Marcelo-Fenarroz.jpg?resize=350%2C200&ssl=1","width":350,"height":200,"srcset":"https:\/\/i0.wp.com\/lasprimeras.com.do\/wp-content\/uploads\/2023\/07\/Marcelo-Fenarroz.jpg?resize=350%2C200&ssl=1 1x, https:\/\/i0.wp.com\/lasprimeras.com.do\/wp-content\/uploads\/2023\/07\/Marcelo-Fenarroz.jpg?resize=525%2C300&ssl=1 1.5x, https:\/\/i0.wp.com\/lasprimeras.com.do\/wp-content\/uploads\/2023\/07\/Marcelo-Fenarroz.jpg?resize=700%2C400&ssl=1 2x"},"classes":[]},{"id":128636,"url":"https:\/\/lasprimeras.com.do\/index.php\/2026\/04\/25\/gobierno-adopta-medidas-para-seguir-fortaleciendo-el-sector-arrocero-nacional\/","url_meta":{"origin":57966,"position":1},"title":"Gobierno adopta medidas para seguir fortaleciendo el sector arrocero nacional","author":"Nelson Feliz","date":"25 de abril de 2026","format":false,"excerpt":"Presidente Luis Abinader se re\u00fane con representantes de ADOFA, FENARROZ y APRANO para consolidar pol\u00edticas de desarrollo, investigaci\u00f3n y sostenibilidad del arroz El presidente Luis Abinader sostuvo un encuentro con representantes del sector arrocero nacional, en el que se adoptaron medidas orientadas a fortalecer la producci\u00f3n, consolidar la institucionalidad del\u2026","rel":"","context":"En \u00abNACIONALES\u00bb","block_context":{"text":"NACIONALES","link":"https:\/\/lasprimeras.com.do\/index.php\/category\/nacionales\/"},"img":{"alt_text":"sector arrocero nacional","src":"https:\/\/i0.wp.com\/lasprimeras.com.do\/wp-content\/uploads\/2026\/04\/sector-arrocero-nacional.jpg?resize=350%2C200&ssl=1","width":350,"height":200,"srcset":"https:\/\/i0.wp.com\/lasprimeras.com.do\/wp-content\/uploads\/2026\/04\/sector-arrocero-nacional.jpg?resize=350%2C200&ssl=1 1x, https:\/\/i0.wp.com\/lasprimeras.com.do\/wp-content\/uploads\/2026\/04\/sector-arrocero-nacional.jpg?resize=525%2C300&ssl=1 1.5x, https:\/\/i0.wp.com\/lasprimeras.com.do\/wp-content\/uploads\/2026\/04\/sector-arrocero-nacional.jpg?resize=700%2C400&ssl=1 2x"},"classes":[]},{"id":108027,"url":"https:\/\/lasprimeras.com.do\/index.php\/2025\/09\/02\/fp-dice-sector-arrocero-de-rd-atraviesa-crisis-sin-precedentes\/","url_meta":{"origin":57966,"position":2},"title":"FP dice sector arrocero de RD atraviesa crisis sin precedentes","author":"Nelson Feliz","date":"2 de septiembre de 2025","format":false,"excerpt":"El partido Fuerza del Pueblo (FP) denunci\u00f3 este martes que el sector arrocero nacional atraviesa una crisis sin precedentes que amenaza la seguridad alimentaria y la estabilidad social del pa\u00eds, por lo que pidi\u00f3 que sea declarado en emergencia. La organizaci\u00f3n responsabiliz\u00f3 al Gobierno de la situaci\u00f3n, \u00abproducto de las\u2026","rel":"","context":"En \u00abPOLITICA\u00bb","block_context":{"text":"POLITICA","link":"https:\/\/lasprimeras.com.do\/index.php\/category\/politica\/"},"img":{"alt_text":"","src":"https:\/\/i0.wp.com\/lasprimeras.com.do\/wp-content\/uploads\/2025\/09\/sector-arrocero.jpg?resize=350%2C200&ssl=1","width":350,"height":200,"srcset":"https:\/\/i0.wp.com\/lasprimeras.com.do\/wp-content\/uploads\/2025\/09\/sector-arrocero.jpg?resize=350%2C200&ssl=1 1x, https:\/\/i0.wp.com\/lasprimeras.com.do\/wp-content\/uploads\/2025\/09\/sector-arrocero.jpg?resize=525%2C300&ssl=1 1.5x, https:\/\/i0.wp.com\/lasprimeras.com.do\/wp-content\/uploads\/2025\/09\/sector-arrocero.jpg?resize=700%2C400&ssl=1 2x"},"classes":[]},{"id":103535,"url":"https:\/\/lasprimeras.com.do\/index.php\/2025\/07\/16\/crisis-del-arroz-fp-acusa-al-gobierno-del-prm-de-inundar-el-mercado-con-importaciones-ilegales\/","url_meta":{"origin":57966,"position":3},"title":"Crisis del arroz: FP acusa al Gobierno del PRM de inundar el mercado con importaciones ilegales","author":"Nelson Feliz","date":"16 de julio de 2025","format":false,"excerpt":"Aseguran: \u201cEst\u00e1n llevando al borde de la quiebra al sector arrocero dominicano\u201d. El partido Fuerza del Pueblo (FP) denunci\u00f3 que el Gobierno del PRM est\u00e1 llevando al colapso al sector arrocero nacional mediante una pol\u00edtica de importaciones descontroladas que viola acuerdos previos y amenaza la seguridad alimentaria del pa\u00eds. Actuando\u2026","rel":"","context":"En \u00abECONOM\u00cdA\u00bb","block_context":{"text":"ECONOM\u00cdA","link":"https:\/\/lasprimeras.com.do\/index.php\/category\/economia\/"},"img":{"alt_text":"","src":"https:\/\/i0.wp.com\/lasprimeras.com.do\/wp-content\/uploads\/2025\/07\/importaciones-ilegales.jpeg?resize=350%2C200&ssl=1","width":350,"height":200,"srcset":"https:\/\/i0.wp.com\/lasprimeras.com.do\/wp-content\/uploads\/2025\/07\/importaciones-ilegales.jpeg?resize=350%2C200&ssl=1 1x, https:\/\/i0.wp.com\/lasprimeras.com.do\/wp-content\/uploads\/2025\/07\/importaciones-ilegales.jpeg?resize=525%2C300&ssl=1 1.5x, https:\/\/i0.wp.com\/lasprimeras.com.do\/wp-content\/uploads\/2025\/07\/importaciones-ilegales.jpeg?resize=700%2C400&ssl=1 2x, https:\/\/i0.wp.com\/lasprimeras.com.do\/wp-content\/uploads\/2025\/07\/importaciones-ilegales.jpeg?resize=1050%2C600&ssl=1 3x, https:\/\/i0.wp.com\/lasprimeras.com.do\/wp-content\/uploads\/2025\/07\/importaciones-ilegales.jpeg?resize=1400%2C800&ssl=1 4x"},"classes":[]},{"id":92552,"url":"https:\/\/lasprimeras.com.do\/index.php\/2025\/01\/06\/geovanny-arias-la-incertidumbre-predomina-entre-los-pequenos-y-medianos-productores-de-arroz\/","url_meta":{"origin":57966,"position":4},"title":"Geovanny Arias: \u201cLa incertidumbre predomina entre los peque\u00f1os y medianos productores de arroz\u201d","author":"Nelson Feliz","date":"6 de enero de 2025","format":false,"excerpt":"El subsecretario de Asuntos Agropecuarios del Partido de la Liberaci\u00f3n Dominicana (PLD), ya con el 2025 en curso, Geovanny Arias, reiter\u00f3 su denuncia de que la angustia y preocupaci\u00f3n siguen predominando entre los peque\u00f1os y medianos productores de arroz con la entrada en vigencia este a\u00f1o del Tratado de Libre\u2026","rel":"","context":"En \u00abPOLITICA\u00bb","block_context":{"text":"POLITICA","link":"https:\/\/lasprimeras.com.do\/index.php\/category\/politica\/"},"img":{"alt_text":"Geovanny Arias","src":"https:\/\/i0.wp.com\/lasprimeras.com.do\/wp-content\/uploads\/2025\/01\/Geovanny-Arias.jpg?resize=350%2C200&ssl=1","width":350,"height":200,"srcset":"https:\/\/i0.wp.com\/lasprimeras.com.do\/wp-content\/uploads\/2025\/01\/Geovanny-Arias.jpg?resize=350%2C200&ssl=1 1x, https:\/\/i0.wp.com\/lasprimeras.com.do\/wp-content\/uploads\/2025\/01\/Geovanny-Arias.jpg?resize=525%2C300&ssl=1 1.5x, https:\/\/i0.wp.com\/lasprimeras.com.do\/wp-content\/uploads\/2025\/01\/Geovanny-Arias.jpg?resize=700%2C400&ssl=1 2x"},"classes":[]},{"id":128082,"url":"https:\/\/lasprimeras.com.do\/index.php\/2026\/04\/19\/ministro-de-agricultura-republica-dominicana-lidera-produccion-de-arroz-en-caribe-y-centroamerica\/","url_meta":{"origin":57966,"position":5},"title":"Ministro de Agricultura: Rep\u00fablica Dominicana lidera producci\u00f3n de arroz en Caribe y Centroam\u00e9rica","author":"Nelson Feliz","date":"19 de abril de 2026","format":false,"excerpt":"En el lanzamiento del inicio de la cosecha de arroz, encabezado por el presidente Luis Abinader, tambi\u00e9n destaca que la comida del pueblo dominicano est\u00e1 garantizada; inventarios de arroz superan los 5 millones de quintales Director de ADOFA, Heraldo Suero, resalta el liderazgo del presidente Abinader y su respaldo constante\u2026","rel":"","context":"En \u00abECONOM\u00cdA\u00bb","block_context":{"text":"ECONOM\u00cdA","link":"https:\/\/lasprimeras.com.do\/index.php\/category\/economia\/"},"img":{"alt_text":"","src":"https:\/\/i0.wp.com\/lasprimeras.com.do\/wp-content\/uploads\/2026\/04\/arroz-1.jpg?resize=350%2C200&ssl=1","width":350,"height":200,"srcset":"https:\/\/i0.wp.com\/lasprimeras.com.do\/wp-content\/uploads\/2026\/04\/arroz-1.jpg?resize=350%2C200&ssl=1 1x, https:\/\/i0.wp.com\/lasprimeras.com.do\/wp-content\/uploads\/2026\/04\/arroz-1.jpg?resize=525%2C300&ssl=1 1.5x, https:\/\/i0.wp.com\/lasprimeras.com.do\/wp-content\/uploads\/2026\/04\/arroz-1.jpg?resize=700%2C400&ssl=1 2x"},"classes":[]}],"jetpack_sharing_enabled":true,"_links":{"self":[{"href":"https:\/\/lasprimeras.com.do\/index.php\/wp-json\/wp\/v2\/posts\/57966","targetHints":{"allow":["GET"]}}],"collection":[{"href":"https:\/\/lasprimeras.com.do\/index.php\/wp-json\/wp\/v2\/posts"}],"about":[{"href":"https:\/\/lasprimeras.com.do\/index.php\/wp-json\/wp\/v2\/types\/post"}],"author":[{"embeddable":true,"href":"https:\/\/lasprimeras.com.do\/index.php\/wp-json\/wp\/v2\/users\/2"}],"replies":[{"embeddable":true,"href":"https:\/\/lasprimeras.com.do\/index.php\/wp-json\/wp\/v2\/comments?post=57966"}],"version-history":[{"count":1,"href":"https:\/\/lasprimeras.com.do\/index.php\/wp-json\/wp\/v2\/posts\/57966\/revisions"}],"predecessor-version":[{"id":57968,"href":"https:\/\/lasprimeras.com.do\/index.php\/wp-json\/wp\/v2\/posts\/57966\/revisions\/57968"}],"wp:featuredmedia":[{"embeddable":true,"href":"https:\/\/lasprimeras.com.do\/index.php\/wp-json\/wp\/v2\/media\/57967"}],"wp:attachment":[{"href":"https:\/\/lasprimeras.com.do\/index.php\/wp-json\/wp\/v2\/media?parent=57966"}],"wp:term":[{"taxonomy":"category","embeddable":true,"href":"https:\/\/lasprimeras.com.do\/index.php\/wp-json\/wp\/v2\/categories?post=57966"},{"taxonomy":"post_tag","embeddable":true,"href":"https:\/\/lasprimeras.com.do\/index.php\/wp-json\/wp\/v2\/tags?post=57966"}],"curies":[{"name":"wp","href":"https:\/\/api.w.org\/{rel}","templated":true}]}}