{"id":57986,"date":"2023-08-18T06:34:38","date_gmt":"2023-08-18T10:34:38","guid":{"rendered":"https:\/\/lasprimeras.com.do\/?p=57986"},"modified":"2023-08-18T06:34:39","modified_gmt":"2023-08-18T10:34:39","slug":"inscriben-candidatura-presidencial-de-luis-abinader","status":"publish","type":"post","link":"https:\/\/lasprimeras.com.do\/index.php\/2023\/08\/18\/inscriben-candidatura-presidencial-de-luis-abinader\/","title":{"rendered":"Inscriben candidatura presidencial de Luis Abinader"},"content":{"rendered":"\n<p class=\"wp-block-paragraph\">El presidente Luis Abinader fue inscrito como precandidato por el Partido Revolucionario Moderno (PRM) con miras a un segundo mandato.<\/p>\n\n\n\n<p class=\"wp-block-paragraph\">Abinader no acudi\u00f3 personalmente a la sede del PRM a formalizar el tr\u00e1mite, que hizo en su lugar la directora de \u00c9tica Gubernamental, Milagros Ortiz Bosch, a quien el jefe de Estado otorg\u00f3 \u00abpoder especial\u00bb para realizar su registro.<\/p>\n\n\n\n<p class=\"wp-block-paragraph\">El tr\u00e1mite se efectu\u00f3 el mismo d\u00eda en que vence el plazo otorgado por la Junta Central Electoral (JCE) para inscribir precandidaturas.<\/p>\n\n\n\n<p class=\"wp-block-paragraph\">Horas antes, se inscribi\u00f3 para competir por la misma posici\u00f3n el expresidente del Senado Ram\u00f3n Alburquerque, mientras que el martes lo hizo el abogado y exconsultor jur\u00eddico del Poder Ejecutivo Guido G\u00f3mez Mazara, quienes se enfrentar\u00e1n a Abinader en las primeras que el PRM celebrar\u00e1 el 1 de octubre pr\u00f3ximo.<\/p>\n\n\n\n<p class=\"wp-block-paragraph\">Abinader anunci\u00f3 el pasado domingo sus aspiraciones a presentarse a un segundo mandato de cuatro a\u00f1os y como tal, dijo, participar\u00e1 en las elecciones internas del partido oficialista.<\/p>\n\n\n\n<p class=\"wp-block-paragraph\">\u00abDespu\u00e9s de una profunda reflexi\u00f3n, entend\u00ed que el pa\u00eds est\u00e1 por encima de mi tranquilidad familiar o personal, por eso comunico hoy mi decisi\u00f3n de participar en las elecciones internas del Partido Revolucionario Moderno, para ser su candidato a la Presidencia de la Rep\u00fablica en las elecciones del 2024\u00bb, anunci\u00f3 Abinader en un video mientras se encontraba de visita en la ciudad de Nueva York.<\/p>\n\n\n\n<p class=\"wp-block-paragraph\">La Constituci\u00f3n dominicana permite la reelecci\u00f3n consecutiva y jam\u00e1s volver a aspirar al cargo.<\/p>\n","protected":false},"excerpt":{"rendered":"<p>El presidente Luis Abinader fue inscrito como precandidato por el Partido Revolucionario Moderno (PRM) con miras a un segundo mandato. Abinader no acudi\u00f3 personalmente a la sede del PRM a&hellip;<\/p>\n","protected":false},"author":2,"featured_media":54888,"comment_status":"open","ping_status":"open","sticky":false,"template":"","format":"standard","meta":{"content-type":"","_jetpack_newsletter_access":"","_jetpack_dont_email_post_to_subs":false,"_jetpack_newsletter_tier_id":0,"_jetpack_memberships_contains_paywalled_content":false,"_jetpack_feature_clip_id":0,"_jetpack_memberships_contains_paid_content":false,"footnotes":"","jetpack_post_was_ever_published":false},"categories":[25],"tags":[870,6394,67,2588],"class_list":["post-57986","post","type-post","status-publish","format-standard","has-post-thumbnail","hentry","category-portada","tag-candidatura","tag-inscriben","tag-luis-abinader","tag-presidencial"],"jetpack-related-posts":[{"id":100998,"url":"https:\/\/lasprimeras.com.do\/index.php\/2025\/06\/14\/abinader-convierte-prm-en-compraventa\/","url_meta":{"origin":57986,"position":0},"title":"Abinader convierte PRM en compraventa","author":"Nelson Feliz","date":"14 de junio de 2025","format":false,"excerpt":"Danilo Cruz Pichardo El presidente de la Rep\u00fablica, Luis Abinader, participa en la Conferencia de las Naciones Unidas sobre los Ac\u00e9anos, la cual se lleva a cabo en Niza, Francia, expresando su preocupaci\u00f3n en torno al cambio clim\u00e1tico, el medio ambiente y, de forma particular, el sargazo en el Mar\u2026","rel":"","context":"En \u00abOPINI\u00d3N\u00bb","block_context":{"text":"OPINI\u00d3N","link":"https:\/\/lasprimeras.com.do\/index.php\/category\/opinion\/"},"img":{"alt_text":"","src":"https:\/\/i0.wp.com\/lasprimeras.com.do\/wp-content\/uploads\/2024\/04\/Danilo-Cruz-Pichardo.-e1678461390871.jpg?resize=350%2C200&ssl=1","width":350,"height":200,"srcset":"https:\/\/i0.wp.com\/lasprimeras.com.do\/wp-content\/uploads\/2024\/04\/Danilo-Cruz-Pichardo.-e1678461390871.jpg?resize=350%2C200&ssl=1 1x, https:\/\/i0.wp.com\/lasprimeras.com.do\/wp-content\/uploads\/2024\/04\/Danilo-Cruz-Pichardo.-e1678461390871.jpg?resize=525%2C300&ssl=1 1.5x, https:\/\/i0.wp.com\/lasprimeras.com.do\/wp-content\/uploads\/2024\/04\/Danilo-Cruz-Pichardo.-e1678461390871.jpg?resize=700%2C400&ssl=1 2x"},"classes":[]},{"id":57619,"url":"https:\/\/lasprimeras.com.do\/index.php\/2023\/08\/14\/ramon-alburquerque-entiende-que-luis-abinader-tiene-que-tomar-licencia-para-buscar-reeleccion\/","url_meta":{"origin":57986,"position":1},"title":"Ram\u00f3n Alburquerque entiende que Luis Abinader tiene que tomar licencia para buscar reelecci\u00f3n","author":"Nelson Feliz","date":"14 de agosto de 2023","format":false,"excerpt":"El dirigente del Partido Revolucionario Moderno (PRM), Ram\u00f3n Alburquerque, exhort\u00f3 este domingo al presidente de la Rep\u00fablica, Luis Abinader, a tomar licencia de su cargo ahora que ha anunciado que buscar\u00e1 la reelecci\u00f3n presidencial para que se \"compita en un ambiente de igualdad\" en el partido y en cumplimiento de\u2026","rel":"","context":"En \u00abPORTADA\u00bb","block_context":{"text":"PORTADA","link":"https:\/\/lasprimeras.com.do\/index.php\/category\/portada\/"},"img":{"alt_text":"Ram\u00f3n Alburquerque","src":"https:\/\/i0.wp.com\/lasprimeras.com.do\/wp-content\/uploads\/2023\/07\/Ramon-Alburquerque.jpg?resize=350%2C200&ssl=1","width":350,"height":200,"srcset":"https:\/\/i0.wp.com\/lasprimeras.com.do\/wp-content\/uploads\/2023\/07\/Ramon-Alburquerque.jpg?resize=350%2C200&ssl=1 1x, https:\/\/i0.wp.com\/lasprimeras.com.do\/wp-content\/uploads\/2023\/07\/Ramon-Alburquerque.jpg?resize=525%2C300&ssl=1 1.5x, https:\/\/i0.wp.com\/lasprimeras.com.do\/wp-content\/uploads\/2023\/07\/Ramon-Alburquerque.jpg?resize=700%2C400&ssl=1 2x"},"classes":[]},{"id":137353,"url":"https:\/\/lasprimeras.com.do\/index.php\/2026\/08\/16\/el-dilema-de-abinader-blindar-el-gobierno-y-arbitrar-al-prm\/","url_meta":{"origin":57986,"position":2},"title":"El dilema de Abinader: blindar el gobierno y arbitrar al PRM","author":"Nelson Feliz","date":"16 de agosto de 2026","format":false,"excerpt":"Santo Domingo. - El presidente de la Rep\u00fablica Dominicana, Luis Abinader inicia el tramo m\u00e1s complejo de su administraci\u00f3n al cumplir seis a\u00f1os en el Poder Ejecutivo. El mandatario asume formalmente la presidencia del Partido Revolucionario Moderno (PRM) con la doble misi\u00f3n de blindar la gobernabilidad, consolidar sus reformas institucionales\u2026","rel":"","context":"En \u00abPORTADA\u00bb","block_context":{"text":"PORTADA","link":"https:\/\/lasprimeras.com.do\/index.php\/category\/portada\/"},"img":{"alt_text":"","src":"https:\/\/i0.wp.com\/lasprimeras.com.do\/wp-content\/uploads\/2026\/07\/Luis-Abinader-3-1.jpg?resize=350%2C200&ssl=1","width":350,"height":200,"srcset":"https:\/\/i0.wp.com\/lasprimeras.com.do\/wp-content\/uploads\/2026\/07\/Luis-Abinader-3-1.jpg?resize=350%2C200&ssl=1 1x, https:\/\/i0.wp.com\/lasprimeras.com.do\/wp-content\/uploads\/2026\/07\/Luis-Abinader-3-1.jpg?resize=525%2C300&ssl=1 1.5x, https:\/\/i0.wp.com\/lasprimeras.com.do\/wp-content\/uploads\/2026\/07\/Luis-Abinader-3-1.jpg?resize=700%2C400&ssl=1 2x"},"classes":[]},{"id":122234,"url":"https:\/\/lasprimeras.com.do\/index.php\/2026\/02\/15\/abinader-advirtio-a-quien-permita-o-participe-en-corrupcion-es-un-traidor-a-principios-del-prm\/","url_meta":{"origin":57986,"position":3},"title":"Abinader advirti\u00f3 a quien permita o participe en corrupci\u00f3n es un traidor a principios del PRM","author":"Nelson Feliz","date":"15 de febrero de 2026","format":false,"excerpt":"Luis Abinader","rel":"","context":"En \u00abPOLITICA\u00bb","block_context":{"text":"POLITICA","link":"https:\/\/lasprimeras.com.do\/index.php\/category\/politica\/"},"img":{"alt_text":"Luis Abinader","src":"https:\/\/i0.wp.com\/lasprimeras.com.do\/wp-content\/uploads\/2026\/02\/Luis-Abinader.jpeg?resize=350%2C200&ssl=1","width":350,"height":200,"srcset":"https:\/\/i0.wp.com\/lasprimeras.com.do\/wp-content\/uploads\/2026\/02\/Luis-Abinader.jpeg?resize=350%2C200&ssl=1 1x, https:\/\/i0.wp.com\/lasprimeras.com.do\/wp-content\/uploads\/2026\/02\/Luis-Abinader.jpeg?resize=525%2C300&ssl=1 1.5x, https:\/\/i0.wp.com\/lasprimeras.com.do\/wp-content\/uploads\/2026\/02\/Luis-Abinader.jpeg?resize=700%2C400&ssl=1 2x"},"classes":[]},{"id":136404,"url":"https:\/\/lasprimeras.com.do\/index.php\/2026\/08\/03\/adan-peguero-respalda-que-abinader-asuma-la-presidencia-del-prm\/","url_meta":{"origin":57986,"position":4},"title":"Ad\u00e1n Peguero respalda que Abinader asuma la presidencia del PRM","author":"Nelson Feliz","date":"3 de agosto de 2026","format":false,"excerpt":"Presidente del PRM en Santo Domingo Este, apuesta por la unidad interna bajo el liderazgo del mandatario para asegurar la continuidad del partido en 2028. Santo Domingo Este. \u2013 El dirigente pol\u00edtico Ad\u00e1n Peguero expres\u00f3 su respaldo a la propuesta de que el presidente Luis Abinader asuma la presidencia del\u2026","rel":"","context":"En \u00abPOLITICA\u00bb","block_context":{"text":"POLITICA","link":"https:\/\/lasprimeras.com.do\/index.php\/category\/politica\/"},"img":{"alt_text":"Adan Peguero","src":"https:\/\/i0.wp.com\/lasprimeras.com.do\/wp-content\/uploads\/2026\/08\/Adan-Peguero.jpg?resize=350%2C200&ssl=1","width":350,"height":200,"srcset":"https:\/\/i0.wp.com\/lasprimeras.com.do\/wp-content\/uploads\/2026\/08\/Adan-Peguero.jpg?resize=350%2C200&ssl=1 1x, https:\/\/i0.wp.com\/lasprimeras.com.do\/wp-content\/uploads\/2026\/08\/Adan-Peguero.jpg?resize=525%2C300&ssl=1 1.5x"},"classes":[]},{"id":103075,"url":"https:\/\/lasprimeras.com.do\/index.php\/2025\/07\/11\/dirigentes-del-pld-cuestionan-advertencia-de-luis-abinaderdicen-que-corresponde-a-la-jce\/","url_meta":{"origin":57986,"position":5},"title":"Dirigentes del PLD cuestionan advertencia de Luis Abinader;dicen que corresponde a la JCE","author":"Nelson Feliz","date":"11 de julio de 2025","format":false,"excerpt":"Dirigentes del PLD reaccionan a las declaraciones del presidente Luis Abinader sobre los funcionarios de su Gobierno en campa\u00f1a electoral. Ante la advertencia que hizo el presidente Luis Abinader a los funcionarios, que son aspirantes a la candidatura presidencial por su Partido de que, si quieren hacer campa\u00f1a, deber\u00e1n dejar\u2026","rel":"","context":"En \u00abPOLITICA\u00bb","block_context":{"text":"POLITICA","link":"https:\/\/lasprimeras.com.do\/index.php\/category\/politica\/"},"img":{"alt_text":"Dirigentes del PLD","src":"https:\/\/i0.wp.com\/lasprimeras.com.do\/wp-content\/uploads\/2025\/07\/Dirigentes-del-PLD.jpg?resize=350%2C200&ssl=1","width":350,"height":200,"srcset":"https:\/\/i0.wp.com\/lasprimeras.com.do\/wp-content\/uploads\/2025\/07\/Dirigentes-del-PLD.jpg?resize=350%2C200&ssl=1 1x, https:\/\/i0.wp.com\/lasprimeras.com.do\/wp-content\/uploads\/2025\/07\/Dirigentes-del-PLD.jpg?resize=525%2C300&ssl=1 1.5x, https:\/\/i0.wp.com\/lasprimeras.com.do\/wp-content\/uploads\/2025\/07\/Dirigentes-del-PLD.jpg?resize=700%2C400&ssl=1 2x"},"classes":[]}],"jetpack_sharing_enabled":true,"jetpack_featured_media_url":"https:\/\/lasprimeras.com.do\/wp-content\/uploads\/2023\/07\/Luis-Abinader-reeleccion.jpg","_links":{"self":[{"href":"https:\/\/lasprimeras.com.do\/index.php\/wp-json\/wp\/v2\/posts\/57986","targetHints":{"allow":["GET"]}}],"collection":[{"href":"https:\/\/lasprimeras.com.do\/index.php\/wp-json\/wp\/v2\/posts"}],"about":[{"href":"https:\/\/lasprimeras.com.do\/index.php\/wp-json\/wp\/v2\/types\/post"}],"author":[{"embeddable":true,"href":"https:\/\/lasprimeras.com.do\/index.php\/wp-json\/wp\/v2\/users\/2"}],"replies":[{"embeddable":true,"href":"https:\/\/lasprimeras.com.do\/index.php\/wp-json\/wp\/v2\/comments?post=57986"}],"version-history":[{"count":1,"href":"https:\/\/lasprimeras.com.do\/index.php\/wp-json\/wp\/v2\/posts\/57986\/revisions"}],"predecessor-version":[{"id":57987,"href":"https:\/\/lasprimeras.com.do\/index.php\/wp-json\/wp\/v2\/posts\/57986\/revisions\/57987"}],"wp:featuredmedia":[{"embeddable":true,"href":"https:\/\/lasprimeras.com.do\/index.php\/wp-json\/wp\/v2\/media\/54888"}],"wp:attachment":[{"href":"https:\/\/lasprimeras.com.do\/index.php\/wp-json\/wp\/v2\/media?parent=57986"}],"wp:term":[{"taxonomy":"category","embeddable":true,"href":"https:\/\/lasprimeras.com.do\/index.php\/wp-json\/wp\/v2\/categories?post=57986"},{"taxonomy":"post_tag","embeddable":true,"href":"https:\/\/lasprimeras.com.do\/index.php\/wp-json\/wp\/v2\/tags?post=57986"}],"curies":[{"name":"wp","href":"https:\/\/api.w.org\/{rel}","templated":true}]}}