{"id":57996,"date":"2023-08-18T07:32:31","date_gmt":"2023-08-18T11:32:31","guid":{"rendered":"https:\/\/lasprimeras.com.do\/?p=57996"},"modified":"2023-08-18T07:32:33","modified_gmt":"2023-08-18T11:32:33","slug":"presidente-abinader-emite-decreto-366-23-donde-dispone-la-creacion-de-base-aerea-en-barahona","status":"publish","type":"post","link":"https:\/\/lasprimeras.com.do\/index.php\/2023\/08\/18\/presidente-abinader-emite-decreto-366-23-donde-dispone-la-creacion-de-base-aerea-en-barahona\/","title":{"rendered":"Presidente Abinader emite decreto 366-23 donde dispone la creaci\u00f3n de Base A\u00e9rea en Barahona"},"content":{"rendered":"\n<p class=\"wp-block-paragraph\">El presidente Luis Abinader emiti\u00f3 el decreto 366-23 donde dispone la creaci\u00f3n de una Base A\u00e9rea en la provincia de Barahona, bajo el nombre de Comando Sur de la Fuerza A\u00e9rea de Rep\u00fablica Dominicana.<\/p>\n\n\n\n<p class=\"wp-block-paragraph\">El presente decreto en su art\u00edculo dos establece que, el comandante general de la Fuerza A\u00e9rea de Rep\u00fablica Dominicana crear\u00e1 una unidad encargada de la gesti\u00f3n operativa del Comando Sur de la Fuerza A\u00e9rea de la Rep\u00fablica Dominicana, as\u00ed como tambi\u00e9n dispondr\u00e1 su entrenamiento, equipamiento y la organizaci\u00f3n de esta dentro de la Tabla de Organizaci\u00f3n y Equipos (TOE), de conformidad en lo establecido en la Ley n\u00fam. 139-13, Org\u00e1nica de las Fuerzas Armadas.<\/p>\n\n\n\n<p class=\"wp-block-paragraph\">Agrega, que se declara de utilidad p\u00fablica e inter\u00e9s social la adquisici\u00f3n por parte del Estado dominicano, para fines de construcci\u00f3n de la Base A\u00e9rea de Barahona, una porci\u00f3n de terreno dentro de la parcela n\u00fam. 20 del Distrito Catastral num. 14.1 de la provincia de Barahona.<\/p>\n\n\n\n<p class=\"wp-block-paragraph\">Ademas, se declara de urgencia que el Estado dominicano, a trav\u00e9s de la Fuerza A\u00e9rea de Rep\u00fablica Dominicana, entre en posesi\u00f3n de las porciones de terreno declaradas de utilidad p\u00fablica por el presente decreto, luego de cumplidos los requisitos legales exigidos por el art\u00edculo 13 de la Ley n\u00fam. 344, del 29 de julio de 1943, modificada por la Ley n\u00fam. 700 del 31 se julio de 1974.<\/p>\n","protected":false},"excerpt":{"rendered":"<p>El presidente Luis Abinader emiti\u00f3 el decreto 366-23 donde dispone la creaci\u00f3n de una Base A\u00e9rea en la provincia de Barahona, bajo el nombre de Comando Sur de la Fuerza&hellip;<\/p>\n","protected":false},"author":2,"featured_media":53817,"comment_status":"open","ping_status":"open","sticky":false,"template":"","format":"standard","meta":{"content-type":"","_jetpack_newsletter_access":"","_jetpack_dont_email_post_to_subs":false,"_jetpack_newsletter_tier_id":0,"_jetpack_memberships_contains_paywalled_content":false,"_jetpack_feature_clip_id":0,"_jetpack_memberships_contains_paid_content":false,"footnotes":"","jetpack_post_was_ever_published":false},"categories":[35,25],"tags":[67],"class_list":["post-57996","post","type-post","status-publish","format-standard","has-post-thumbnail","hentry","category-nacionales","category-portada","tag-luis-abinader"],"jetpack-related-posts":[{"id":60017,"url":"https:\/\/lasprimeras.com.do\/index.php\/2023\/09\/09\/fuerza-aerea-dominicana-asciende-de-rango-a-marileidy-paulino\/","url_meta":{"origin":57996,"position":0},"title":"Fuerza A\u00e9rea Dominicana asciende de rango a Marileidy Paulino","author":"Nelson Feliz","date":"9 de septiembre de 2023","format":false,"excerpt":"La atleta tambi\u00e9n fue condecorada con la Medalla Vuelo Panamericano por el mayor general Carlos R. Febrillet Rodr\u00edguez, comandante general de la Fuerza A\u00e9rea.","rel":"","context":"En \u00abSin categor\u00eda\u00bb","block_context":{"text":"Sin categor\u00eda","link":"https:\/\/lasprimeras.com.do\/index.php\/category\/sin-categoria\/"},"img":{"alt_text":"La atleta tambi\u00e9n fue condecorada con la Medalla Vuelo Panamericano por el mayor general Carlos R. Febrillet Rodr\u00edguez, comandante general de la Fuerza A\u00e9rea.","src":"https:\/\/i0.wp.com\/lasprimeras.com.do\/wp-content\/uploads\/2023\/09\/Marileidy-Paulino.jpg?resize=350%2C200&ssl=1","width":350,"height":200,"srcset":"https:\/\/i0.wp.com\/lasprimeras.com.do\/wp-content\/uploads\/2023\/09\/Marileidy-Paulino.jpg?resize=350%2C200&ssl=1 1x, https:\/\/i0.wp.com\/lasprimeras.com.do\/wp-content\/uploads\/2023\/09\/Marileidy-Paulino.jpg?resize=525%2C300&ssl=1 1.5x, https:\/\/i0.wp.com\/lasprimeras.com.do\/wp-content\/uploads\/2023\/09\/Marileidy-Paulino.jpg?resize=700%2C400&ssl=1 2x"},"classes":[]},{"id":59713,"url":"https:\/\/lasprimeras.com.do\/index.php\/2023\/09\/06\/presidente-abinader-inaugura-destacamento-comando-sur-y-tres-destacamentos-navales-en-barahona\/","url_meta":{"origin":57996,"position":1},"title":"Presidente Abinader inaugura destacamento Comando Sur y tres destacamentos navales en Barahona","author":"Nelson Feliz","date":"6 de septiembre de 2023","format":false,"excerpt":"Por Martin Restituyo El presidente Luis Abinader dej\u00f3 inaugurados de manera simult\u00e1nea los destacamentos navales El Quemaito, Los Patos y Para\u00edso, en la zona costera de Barahona, mientras que la \u00faltima de estas edificaciones se localiza en Bahoruco. El director de Ingenier\u00eda de la Armada, capit\u00e1n de nav\u00edo Ulises Rafael\u2026","rel":"","context":"En \u00abMILITARES\u00bb","block_context":{"text":"MILITARES","link":"https:\/\/lasprimeras.com.do\/index.php\/category\/militares\/"},"img":{"alt_text":"Luis Abinader","src":"https:\/\/i0.wp.com\/lasprimeras.com.do\/wp-content\/uploads\/2023\/09\/Luis.jpg?resize=350%2C200&ssl=1","width":350,"height":200,"srcset":"https:\/\/i0.wp.com\/lasprimeras.com.do\/wp-content\/uploads\/2023\/09\/Luis.jpg?resize=350%2C200&ssl=1 1x, https:\/\/i0.wp.com\/lasprimeras.com.do\/wp-content\/uploads\/2023\/09\/Luis.jpg?resize=525%2C300&ssl=1 1.5x, https:\/\/i0.wp.com\/lasprimeras.com.do\/wp-content\/uploads\/2023\/09\/Luis.jpg?resize=700%2C400&ssl=1 2x"},"classes":[]},{"id":87723,"url":"https:\/\/lasprimeras.com.do\/index.php\/2024\/08\/16\/floreal-suarez-martinez-es-designado-comandante-general-de-la-fuerza-aerea\/","url_meta":{"origin":57996,"position":2},"title":"Floreal Su\u00e1rez Mart\u00ednez es designado comandante general de la Fuerza A\u00e9rea","author":"Nelson Feliz","date":"16 de agosto de 2024","format":false,"excerpt":"El presidente Luis Abinader ascendi\u00f3 este viernes a mayor general piloto a Floreal Taricio Su\u00e1rez Mart\u00ednez y lo nombr\u00f3 como nuevo comandante general de la Fuerza A\u00e9rea de la Rep\u00fablica Dominicana (FARD). El primer mandatario emiti\u00f3 el decreto 445-24, dado a conocer este 16 de agosto. En la disposici\u00f3n traslad\u00f3\u2026","rel":"","context":"En \u00abNACIONALES\u00bb","block_context":{"text":"NACIONALES","link":"https:\/\/lasprimeras.com.do\/index.php\/category\/nacionales\/"},"img":{"alt_text":"Floreal Taricio Su\u00e1rez Mart\u00ednez","src":"https:\/\/i0.wp.com\/lasprimeras.com.do\/wp-content\/uploads\/2024\/08\/Floreal-Taricio-Suarez-Martinez.jpeg?resize=350%2C200&ssl=1","width":350,"height":200,"srcset":"https:\/\/i0.wp.com\/lasprimeras.com.do\/wp-content\/uploads\/2024\/08\/Floreal-Taricio-Suarez-Martinez.jpeg?resize=350%2C200&ssl=1 1x, https:\/\/i0.wp.com\/lasprimeras.com.do\/wp-content\/uploads\/2024\/08\/Floreal-Taricio-Suarez-Martinez.jpeg?resize=525%2C300&ssl=1 1.5x, https:\/\/i0.wp.com\/lasprimeras.com.do\/wp-content\/uploads\/2024\/08\/Floreal-Taricio-Suarez-Martinez.jpeg?resize=700%2C400&ssl=1 2x"},"classes":[]},{"id":87767,"url":"https:\/\/lasprimeras.com.do\/index.php\/2024\/08\/16\/abinader-juramenta-gabinete-de-gobierno-para-su-segundo-mandato\/","url_meta":{"origin":57996,"position":3},"title":"Abinader juramenta Gabinete de Gobierno para su segundo mandato","author":"Nelson Feliz","date":"16 de agosto de 2024","format":false,"excerpt":"El presidente Luis Abinader jurament\u00f3 este viernes a los miembros de su nuevo Gabinete que lo acompa\u00f1ar\u00e1n en su segundo mandato para el periodo 2024-2028, en que continuar\u00e1 profundizando sus acciones de prevenci\u00f3n de la corrupci\u00f3n y de transparencia para seguir garantizando el bienestar del pueblo. El Jefe de Estado,\u2026","rel":"","context":"En \u00abNACIONALES\u00bb","block_context":{"text":"NACIONALES","link":"https:\/\/lasprimeras.com.do\/index.php\/category\/nacionales\/"},"img":{"alt_text":"Luis Abinader juramenta gabinete","src":"https:\/\/i0.wp.com\/lasprimeras.com.do\/wp-content\/uploads\/2024\/08\/Luis-Abinader-juramenta-gabinete.jpg?resize=350%2C200&ssl=1","width":350,"height":200,"srcset":"https:\/\/i0.wp.com\/lasprimeras.com.do\/wp-content\/uploads\/2024\/08\/Luis-Abinader-juramenta-gabinete.jpg?resize=350%2C200&ssl=1 1x, https:\/\/i0.wp.com\/lasprimeras.com.do\/wp-content\/uploads\/2024\/08\/Luis-Abinader-juramenta-gabinete.jpg?resize=525%2C300&ssl=1 1.5x, https:\/\/i0.wp.com\/lasprimeras.com.do\/wp-content\/uploads\/2024\/08\/Luis-Abinader-juramenta-gabinete.jpg?resize=700%2C400&ssl=1 2x"},"classes":[]},{"id":87265,"url":"https:\/\/lasprimeras.com.do\/index.php\/2024\/08\/08\/abinader-inaugura-20-instalaciones-repartidas-en-el-campamento-militar-16-de-agosto-sierra-prieta-sdn-y-en-la-base-aerea\/","url_meta":{"origin":57996,"position":4},"title":"Abinader inaugura 20 instalaciones repartidas en el Campamento Militar 16 de Agosto, Sierra Prieta, SDN y en la Base A\u00e9rea","author":"Nelson Feliz","date":"8 de agosto de 2024","format":false,"excerpt":"Cumpliendo con su compromiso y apoyo para seguir fortaleciendo las Fuerzas Armadas de la Rep\u00fablica Dominicana, el presidente Luis Abinader inaugur\u00f3 este jueves 20 instalaciones repartidas en el Campamento Militar 16 de Agosto, en Pedro Brand, Sierra Prieta, Santo Domingo Norte y en la Base A\u00e9rea de San Isidro. Inaugura\u2026","rel":"","context":"En \u00abNACIONALES\u00bb","block_context":{"text":"NACIONALES","link":"https:\/\/lasprimeras.com.do\/index.php\/category\/nacionales\/"},"img":{"alt_text":"Luis Abinader","src":"https:\/\/i0.wp.com\/lasprimeras.com.do\/wp-content\/uploads\/2024\/08\/Luis-Abinader-4.jpg?resize=350%2C200&ssl=1","width":350,"height":200,"srcset":"https:\/\/i0.wp.com\/lasprimeras.com.do\/wp-content\/uploads\/2024\/08\/Luis-Abinader-4.jpg?resize=350%2C200&ssl=1 1x, https:\/\/i0.wp.com\/lasprimeras.com.do\/wp-content\/uploads\/2024\/08\/Luis-Abinader-4.jpg?resize=525%2C300&ssl=1 1.5x, https:\/\/i0.wp.com\/lasprimeras.com.do\/wp-content\/uploads\/2024\/08\/Luis-Abinader-4.jpg?resize=700%2C400&ssl=1 2x"},"classes":[]},{"id":55527,"url":"https:\/\/lasprimeras.com.do\/index.php\/2023\/07\/23\/fard-celebra-75-aniversario-con-emocionante-show-aereo-en-san-isidro\/","url_meta":{"origin":57996,"position":5},"title":"FARD celebra 75 aniversario con emocionante show\u00a0a\u00e9reo en San Isidro","author":"Nelson Feliz","date":"23 de julio de 2023","format":false,"excerpt":"La Fuerza A\u00e9rea de la Rep\u00fablica Dominicana present\u00f3 este s\u00e1bado el emocionante show a\u00e9reo de aeromodelismo Radio Control sobre San Isidro, enmarcado dentro de las celebraciones del 75 aniversario de la Fuerza A\u00e9rea de Rep\u00fablica Dominicana. La actividad, que llev\u00f3 como nombre \u201cRadio Control sobre San Isidro\u201d inici\u00f3 a las\u2026","rel":"","context":"En \u00abNACIONALES\u00bb","block_context":{"text":"NACIONALES","link":"https:\/\/lasprimeras.com.do\/index.php\/category\/nacionales\/"},"img":{"alt_text":"","src":"https:\/\/i0.wp.com\/lasprimeras.com.do\/wp-content\/uploads\/2023\/07\/FARD-4.jpg?resize=350%2C200&ssl=1","width":350,"height":200,"srcset":"https:\/\/i0.wp.com\/lasprimeras.com.do\/wp-content\/uploads\/2023\/07\/FARD-4.jpg?resize=350%2C200&ssl=1 1x, https:\/\/i0.wp.com\/lasprimeras.com.do\/wp-content\/uploads\/2023\/07\/FARD-4.jpg?resize=525%2C300&ssl=1 1.5x, https:\/\/i0.wp.com\/lasprimeras.com.do\/wp-content\/uploads\/2023\/07\/FARD-4.jpg?resize=700%2C400&ssl=1 2x"},"classes":[]}],"jetpack_sharing_enabled":true,"jetpack_featured_media_url":"https:\/\/lasprimeras.com.do\/wp-content\/uploads\/2023\/07\/Luis-Abinader-PP-1.jpg","_links":{"self":[{"href":"https:\/\/lasprimeras.com.do\/index.php\/wp-json\/wp\/v2\/posts\/57996","targetHints":{"allow":["GET"]}}],"collection":[{"href":"https:\/\/lasprimeras.com.do\/index.php\/wp-json\/wp\/v2\/posts"}],"about":[{"href":"https:\/\/lasprimeras.com.do\/index.php\/wp-json\/wp\/v2\/types\/post"}],"author":[{"embeddable":true,"href":"https:\/\/lasprimeras.com.do\/index.php\/wp-json\/wp\/v2\/users\/2"}],"replies":[{"embeddable":true,"href":"https:\/\/lasprimeras.com.do\/index.php\/wp-json\/wp\/v2\/comments?post=57996"}],"version-history":[{"count":1,"href":"https:\/\/lasprimeras.com.do\/index.php\/wp-json\/wp\/v2\/posts\/57996\/revisions"}],"predecessor-version":[{"id":57997,"href":"https:\/\/lasprimeras.com.do\/index.php\/wp-json\/wp\/v2\/posts\/57996\/revisions\/57997"}],"wp:featuredmedia":[{"embeddable":true,"href":"https:\/\/lasprimeras.com.do\/index.php\/wp-json\/wp\/v2\/media\/53817"}],"wp:attachment":[{"href":"https:\/\/lasprimeras.com.do\/index.php\/wp-json\/wp\/v2\/media?parent=57996"}],"wp:term":[{"taxonomy":"category","embeddable":true,"href":"https:\/\/lasprimeras.com.do\/index.php\/wp-json\/wp\/v2\/categories?post=57996"},{"taxonomy":"post_tag","embeddable":true,"href":"https:\/\/lasprimeras.com.do\/index.php\/wp-json\/wp\/v2\/tags?post=57996"}],"curies":[{"name":"wp","href":"https:\/\/api.w.org\/{rel}","templated":true}]}}