{"id":58067,"date":"2023-08-19T17:01:20","date_gmt":"2023-08-19T21:01:20","guid":{"rendered":"https:\/\/lasprimeras.com.do\/?p=58067"},"modified":"2023-08-19T17:01:22","modified_gmt":"2023-08-19T21:01:22","slug":"propiel-realiza-novedoso-evento-en-pro-de-la-salud-integral-de-la-mujer","status":"publish","type":"post","link":"https:\/\/lasprimeras.com.do\/index.php\/2023\/08\/19\/propiel-realiza-novedoso-evento-en-pro-de-la-salud-integral-de-la-mujer\/","title":{"rendered":"PROPIEL realiza novedoso evento en Pro de la Salud Integral de la Mujer"},"content":{"rendered":"\n<p><strong>La actividad se realiz\u00f3 en las instalaciones de HIPEROL\u00c9 27 de febrero, donde asistieron alrededor de 50 damas, interesadas en el cuidado de su piel.\u00a0<\/strong><\/p>\n\n\n\n<p>Bajo el nombre \u00b4\u00b4Bailoteo Dance Party: Moviendo el cuerpo para una piel saludable\u00b4\u00b4, la marca dominicana de productos cosm\u00e9ticos, PROPIEL, realiz\u00f3 un evento para sensibilizar sobre la importancia del autocuidado y de c\u00f3mo impacta, llevar una vida saludable, sobre la salud f\u00edsica y mental de las mujeres.<\/p>\n\n\n\n<p>En el novedoso evento se enfatiz\u00f3 sobre la importancia que tiene la actividad f\u00edsica en la piel y, por consiguiente, en la autoestima de las personas.<\/p>\n\n\n\n<p>Esta din\u00e1mica clase de baile se llev\u00f3 a cabo en la sucursal 27 de febrero de Hipermercados Ol\u00e9, en el marco de su 27\u00baaniversario y estuvo a cargo de Jennifer Jim\u00e9nez, gerente de PROPIEL (@propiel.do)&nbsp;y Ang\u00e9lica Garc\u00eda (@angelicagvazquez), creadora de&nbsp;Movers RD&nbsp;(@moversRD).<\/p>\n\n\n\n<p>A trav\u00e9s de la divertida iniciativa, las marcas lograron crear un espacio propicio en el que sus clientas, activaron el cuerpo de manera diferente, al ritmo de la m\u00fasica con movimientos que combinan ejercicios aer\u00f3bicos y anaer\u00f3bicos, mezclado con baile, liberando estr\u00e9s y la monoton\u00eda diaria.<\/p>\n\n\n\n<p>Adem\u00e1s de los ejercicios de baile, las damas presentes participaron de una charla sobre c\u00f3mo cuidar su piel, para mantenerla sana e hidratada, evitando as\u00ed, envejecimiento prematuro y manchas.<\/p>\n\n\n\n<p>El encuentro culmin\u00f3 con una sesi\u00f3n de meditaci\u00f3n en la que las asistentes del evento se relajaron y conectaron con sus emociones.<\/p>\n\n\n\n<p><strong>Una marca con prop\u00f3sito<\/strong><\/p>\n\n\n\n<p>PROPIEL es una marca que satisface las necesidades de la piel expuesta al tr\u00f3pico, provey\u00e9ndole alivio contra afecciones como alergias, dermatitis, acn\u00e9 facial y corporal, picaz\u00f3n, manchas, entre otros.<\/p>\n\n\n\n<p>Este es el primer evento realizado por PROPIEL, pero durante los \u00faltimos dos a\u00f1os la marca ha venido apoyando a actividades enfocadas en inspirar y educar a otras mujeres emprendedoras sobre su crecimiento personal y el cuidado de s\u00ed mismas.<\/p>\n","protected":false},"excerpt":{"rendered":"<p>La actividad se realiz\u00f3 en las instalaciones de HIPEROL\u00c9 27 de febrero, donde asistieron alrededor de 50 damas, interesadas en el cuidado de su piel.\u00a0 Bajo el nombre \u00b4\u00b4Bailoteo Dance&hellip;<\/p>\n","protected":false},"author":2,"featured_media":58070,"comment_status":"open","ping_status":"open","sticky":false,"template":"","format":"standard","meta":{"content-type":"","jetpack_post_was_ever_published":false,"_jetpack_newsletter_access":"","_jetpack_dont_email_post_to_subs":false,"_jetpack_newsletter_tier_id":0,"_jetpack_memberships_contains_paywalled_content":false,"_jetpack_memberships_contains_paid_content":false,"footnotes":""},"categories":[630],"tags":[6440,429,6442,6439,6441],"class_list":["post-58067","post","type-post","status-publish","format-standard","has-post-thumbnail","hentry","category-deportes","tag-evento","tag-mujer","tag-novedoso","tag-propiel","tag-salud-integral"],"jetpack_featured_media_url":"https:\/\/lasprimeras.com.do\/wp-content\/uploads\/2023\/08\/propiel-realiza-novedoso-evento-en-pro-de-la-salud-integral-de-la-mujer.jpg","jetpack-related-posts":[{"id":74549,"url":"https:\/\/lasprimeras.com.do\/index.php\/2024\/01\/24\/fundo-realizara-de-rojo-por-la-mujer-2024\/","url_meta":{"origin":58067,"position":0},"title":"FUNDO realizar\u00e1 \u201cDe rojo por la mujer 2024\u201d","author":"Nelson Feliz","date":"24 de enero de 2024","format":false,"excerpt":"La Fundaci\u00f3n Dominicana de Obesidad y Prevenci\u00f3n Cardiovascular (FUNDO), realizar\u00e1 nuevamente \"De Rojo por la Mujer RD 2024\u201d, campa\u00f1a que recrea el grado de la importancia del cuidado de la salud cardiovascular en la mujer y se conmemora en el marco del \u201cmes de la salud cardiovascular de la mujer\u201d,\u2026","rel":"","context":"En \u00abSin categor\u00eda\u00bb","block_context":{"text":"Sin categor\u00eda","link":"https:\/\/lasprimeras.com.do\/index.php\/category\/sin-categoria\/"},"img":{"alt_text":"Representantes de FUNDO","src":"https:\/\/i0.wp.com\/lasprimeras.com.do\/wp-content\/uploads\/2024\/01\/Representantes-de-FUNDO.jpg?resize=350%2C200&ssl=1","width":350,"height":200,"srcset":"https:\/\/i0.wp.com\/lasprimeras.com.do\/wp-content\/uploads\/2024\/01\/Representantes-de-FUNDO.jpg?resize=350%2C200&ssl=1 1x, https:\/\/i0.wp.com\/lasprimeras.com.do\/wp-content\/uploads\/2024\/01\/Representantes-de-FUNDO.jpg?resize=525%2C300&ssl=1 1.5x, https:\/\/i0.wp.com\/lasprimeras.com.do\/wp-content\/uploads\/2024\/01\/Representantes-de-FUNDO.jpg?resize=700%2C400&ssl=1 2x"},"classes":[]},{"id":111067,"url":"https:\/\/lasprimeras.com.do\/index.php\/2025\/10\/04\/director-del-inabie-resalta-impacto-de-la-lectura-en-el-desarrollo-integral-de-los-jovenes\/","url_meta":{"origin":58067,"position":1},"title":"Director del INABIE resalta impacto de la lectura en el desarrollo integral de los j\u00f3venes","author":"Nelson Feliz","date":"4 de octubre de 2025","format":false,"excerpt":"Adolfo P\u00e9rez invita a leer y a comer sano en charla educativa con estudiantes realizada en la Feria del Libro 2025 El director ejecutivo del Instituto Nacional de Bienestar Estudiantil (INABIE), Adolfo P\u00e9rez, destac\u00f3 los beneficios de la lectura y comer sano como acciones fundamentales para el desarrollo integral de\u2026","rel":"","context":"En \u00abNACIONALES\u00bb","block_context":{"text":"NACIONALES","link":"https:\/\/lasprimeras.com.do\/index.php\/category\/nacionales\/"},"img":{"alt_text":"","src":"https:\/\/i0.wp.com\/lasprimeras.com.do\/wp-content\/uploads\/2025\/10\/UNA-VIDA-SALUDABLE.jpg?resize=350%2C200&ssl=1","width":350,"height":200,"srcset":"https:\/\/i0.wp.com\/lasprimeras.com.do\/wp-content\/uploads\/2025\/10\/UNA-VIDA-SALUDABLE.jpg?resize=350%2C200&ssl=1 1x, https:\/\/i0.wp.com\/lasprimeras.com.do\/wp-content\/uploads\/2025\/10\/UNA-VIDA-SALUDABLE.jpg?resize=525%2C300&ssl=1 1.5x, https:\/\/i0.wp.com\/lasprimeras.com.do\/wp-content\/uploads\/2025\/10\/UNA-VIDA-SALUDABLE.jpg?resize=700%2C400&ssl=1 2x"},"classes":[]},{"id":74466,"url":"https:\/\/lasprimeras.com.do\/index.php\/2024\/01\/23\/mas-de-1-8-millones-de-estudiantes-recibieron-atenciones-de-salud\/","url_meta":{"origin":58067,"position":2},"title":"M\u00e1s de 1.8 millones de estudiantes recibieron atenciones de salud","author":"BIMARY DE JES\u00daS Matos","date":"23 de enero de 2024","format":false,"excerpt":"Santo Domingo.-El Instituto Nacional de Bienestar Estudiantil (INABIE) inform\u00f3 que durante el a\u00f1o 2023 benefici\u00f3 a m\u00e1s de 1.8 millones de estudiantes a trav\u00e9s de los servicios gratuitos de salud integral para disminuir la deserci\u00f3n escolar y garantizar que estos est\u00e9n en \u00f3ptimas condiciones para el aprendizaje en sus aulas,\u2026","rel":"","context":"En \u00abNACIONALES\u00bb","block_context":{"text":"NACIONALES","link":"https:\/\/lasprimeras.com.do\/index.php\/category\/nacionales\/"},"img":{"alt_text":"","src":"https:\/\/i0.wp.com\/lasprimeras.com.do\/wp-content\/uploads\/2024\/01\/WhatsApp-Image-2024-01-22-at-11.36.03-AM-1.webp?resize=350%2C200&ssl=1","width":350,"height":200,"srcset":"https:\/\/i0.wp.com\/lasprimeras.com.do\/wp-content\/uploads\/2024\/01\/WhatsApp-Image-2024-01-22-at-11.36.03-AM-1.webp?resize=350%2C200&ssl=1 1x, https:\/\/i0.wp.com\/lasprimeras.com.do\/wp-content\/uploads\/2024\/01\/WhatsApp-Image-2024-01-22-at-11.36.03-AM-1.webp?resize=525%2C300&ssl=1 1.5x"},"classes":[]},{"id":122648,"url":"https:\/\/lasprimeras.com.do\/index.php\/2026\/02\/20\/correr-5k-y-10k-por-la-vida-y-la-inclusion-en-favor-de-los-ninos-con-sindrome-de-down\/","url_meta":{"origin":58067,"position":3},"title":"Correr 5K y 10K por la vida y la inclusi\u00f3n en favor de los ni\u00f1os con s\u00edndrome de Down","author":"Nelson Feliz","date":"20 de febrero de 2026","format":false,"excerpt":"M\u00e1s que una competencia deportiva, la Carrera Nutrihealth 5K y 10K regresa en su segunda edici\u00f3n como un espacio de esperanza, solidaridad y compromiso social, promoviendo la actividad f\u00edsica, el bienestar integral y el apoyo a ni\u00f1os con s\u00edndrome de Down. El evento se realizar\u00e1 el 23 de mayo, a\u2026","rel":"","context":"En \u00abDEPORTES\u00bb","block_context":{"text":"DEPORTES","link":"https:\/\/lasprimeras.com.do\/index.php\/category\/deportes\/"},"img":{"alt_text":"","src":"https:\/\/i0.wp.com\/lasprimeras.com.do\/wp-content\/uploads\/2026\/02\/corre.jpg?resize=350%2C200&ssl=1","width":350,"height":200,"srcset":"https:\/\/i0.wp.com\/lasprimeras.com.do\/wp-content\/uploads\/2026\/02\/corre.jpg?resize=350%2C200&ssl=1 1x, https:\/\/i0.wp.com\/lasprimeras.com.do\/wp-content\/uploads\/2026\/02\/corre.jpg?resize=525%2C300&ssl=1 1.5x, https:\/\/i0.wp.com\/lasprimeras.com.do\/wp-content\/uploads\/2026\/02\/corre.jpg?resize=700%2C400&ssl=1 2x"},"classes":[]},{"id":65356,"url":"https:\/\/lasprimeras.com.do\/index.php\/2023\/10\/27\/especialistas-de-la-salud-se-mueven-por-una-causa-rosa\/","url_meta":{"origin":58067,"position":4},"title":"Especialistas de la salud se mueven por una causa rosa","author":"Nelson Feliz","date":"27 de octubre de 2023","format":false,"excerpt":"Expertos en diferentes \u00e1reas de la salud presentar\u00e1n conferencias durante evento \u201cSambil se mueve: Fitness por una causa rosa\u201d A prop\u00f3sito del mes de la lucha contra el c\u00e1ncer de mama, especialistas de distintas \u00e1reas de la salud participar\u00e1n como conferencistas, este 28 de octubre en el centro comercial Sambil,\u2026","rel":"","context":"En \u00abSin categor\u00eda\u00bb","block_context":{"text":"Sin categor\u00eda","link":"https:\/\/lasprimeras.com.do\/index.php\/category\/sin-categoria\/"},"img":{"alt_text":"Especialistas","src":"https:\/\/i0.wp.com\/lasprimeras.com.do\/wp-content\/uploads\/2023\/10\/Especialistas.jpg?resize=350%2C200&ssl=1","width":350,"height":200,"srcset":"https:\/\/i0.wp.com\/lasprimeras.com.do\/wp-content\/uploads\/2023\/10\/Especialistas.jpg?resize=350%2C200&ssl=1 1x, https:\/\/i0.wp.com\/lasprimeras.com.do\/wp-content\/uploads\/2023\/10\/Especialistas.jpg?resize=525%2C300&ssl=1 1.5x, https:\/\/i0.wp.com\/lasprimeras.com.do\/wp-content\/uploads\/2023\/10\/Especialistas.jpg?resize=700%2C400&ssl=1 2x"},"classes":[]},{"id":103146,"url":"https:\/\/lasprimeras.com.do\/index.php\/2025\/07\/12\/asociacion-medica-dominicana-realiza-gratis-exitosa-su-primera-gran-feria-de-la-salud-en-el-bronx\/","url_meta":{"origin":58067,"position":5},"title":"Asociaci\u00f3n M\u00e9dica Dominicana realiza\u00a0 gratis exitosa su primera Gran Feria de la Salud en el Bronx","author":"Nelson Feliz","date":"12 de julio de 2025","format":false,"excerpt":"NUEVA YORK. \u2013 La Asociaci\u00f3n M\u00e9dica Dominicana NY Inc. (DMA, por sus siglas en ingl\u00e9s) culmin\u00f3 con rotundo \u00e9xito su primera Gran Feria de la Salud, realizada este\u00a0 s\u00e1bado 12 de julio en las instalaciones de la escuela p\u00fablica P.S. 089, ubicada en el 980 de Mace Avenue, en el\u2026","rel":"","context":"En \u00abSALUD\u00bb","block_context":{"text":"SALUD","link":"https:\/\/lasprimeras.com.do\/index.php\/category\/salud\/"},"img":{"alt_text":"","src":"https:\/\/i0.wp.com\/lasprimeras.com.do\/wp-content\/uploads\/2025\/07\/Asociacion-Medica-Dominicana.jpg?resize=350%2C200&ssl=1","width":350,"height":200,"srcset":"https:\/\/i0.wp.com\/lasprimeras.com.do\/wp-content\/uploads\/2025\/07\/Asociacion-Medica-Dominicana.jpg?resize=350%2C200&ssl=1 1x, https:\/\/i0.wp.com\/lasprimeras.com.do\/wp-content\/uploads\/2025\/07\/Asociacion-Medica-Dominicana.jpg?resize=525%2C300&ssl=1 1.5x, https:\/\/i0.wp.com\/lasprimeras.com.do\/wp-content\/uploads\/2025\/07\/Asociacion-Medica-Dominicana.jpg?resize=700%2C400&ssl=1 2x"},"classes":[]}],"jetpack_sharing_enabled":true,"_links":{"self":[{"href":"https:\/\/lasprimeras.com.do\/index.php\/wp-json\/wp\/v2\/posts\/58067","targetHints":{"allow":["GET"]}}],"collection":[{"href":"https:\/\/lasprimeras.com.do\/index.php\/wp-json\/wp\/v2\/posts"}],"about":[{"href":"https:\/\/lasprimeras.com.do\/index.php\/wp-json\/wp\/v2\/types\/post"}],"author":[{"embeddable":true,"href":"https:\/\/lasprimeras.com.do\/index.php\/wp-json\/wp\/v2\/users\/2"}],"replies":[{"embeddable":true,"href":"https:\/\/lasprimeras.com.do\/index.php\/wp-json\/wp\/v2\/comments?post=58067"}],"version-history":[{"count":1,"href":"https:\/\/lasprimeras.com.do\/index.php\/wp-json\/wp\/v2\/posts\/58067\/revisions"}],"predecessor-version":[{"id":58069,"href":"https:\/\/lasprimeras.com.do\/index.php\/wp-json\/wp\/v2\/posts\/58067\/revisions\/58069"}],"wp:featuredmedia":[{"embeddable":true,"href":"https:\/\/lasprimeras.com.do\/index.php\/wp-json\/wp\/v2\/media\/58070"}],"wp:attachment":[{"href":"https:\/\/lasprimeras.com.do\/index.php\/wp-json\/wp\/v2\/media?parent=58067"}],"wp:term":[{"taxonomy":"category","embeddable":true,"href":"https:\/\/lasprimeras.com.do\/index.php\/wp-json\/wp\/v2\/categories?post=58067"},{"taxonomy":"post_tag","embeddable":true,"href":"https:\/\/lasprimeras.com.do\/index.php\/wp-json\/wp\/v2\/tags?post=58067"}],"curies":[{"name":"wp","href":"https:\/\/api.w.org\/{rel}","templated":true}]}}