{"id":58074,"date":"2023-08-19T21:14:32","date_gmt":"2023-08-20T01:14:32","guid":{"rendered":"https:\/\/lasprimeras.com.do\/?p=58074"},"modified":"2023-08-19T21:14:34","modified_gmt":"2023-08-20T01:14:34","slug":"reconocen-aportes-del-ex-presidente-hipolito-mejia-al-desarrollo-de-digev","status":"publish","type":"post","link":"https:\/\/lasprimeras.com.do\/index.php\/2023\/08\/19\/reconocen-aportes-del-ex-presidente-hipolito-mejia-al-desarrollo-de-digev\/","title":{"rendered":"Reconocen aportes del ex presidente Hip\u00f3lito Mej\u00eda al desarrollo de DIGEV"},"content":{"rendered":"\n<p>Inauguran un nuevo y moderno sal\u00f3n para profesores en la Escuela Vocacional del municipio de Moca.<\/p>\n\n\n\n<p>Por Martin Restituyo<\/p>\n\n\n\n<p>La Direcci\u00f3n General de las Escuelas Vocacionales de las Fuerzas Armadas y de la Polic\u00eda Nacional (DIGEV) entreg\u00f3 un pergamino de reconocimiento al ex presidente Hip\u00f3lito Mej\u00eda por sus extraordinarios aportes al desarrollo y progreso de esa instituci\u00f3n.<\/p>\n\n\n\n<p>El acto de entrega del referido reconocimiento fue realizado por el Ministro de Defensa, Teniente General Carlos L. D\u00edaz Morfa; y el director general de la DIGEV, Mayor General Juan J. Ota\u00f1o Jim\u00e9nez; durante la celebraci\u00f3n del 41 aniversario de la fundaci\u00f3n de la Escuela Vocacional de Moca.&nbsp;<\/p>\n\n\n\n<p>Asimismo, durante el desarrollo del evento se cort\u00f3 la cinta para dejar inaugurado un nuevo y moderno sal\u00f3n para profesores.<\/p>\n\n\n\n<p>Al pronunciar el discurso central, el director de las Escuelas Vocacionales, Mayor General Ota\u00f1o Jim\u00e9nez, destac\u00f3 que el otorgar el citado reconocimiento al ex presidente Hip\u00f3lito Mej\u00eda, es porque durante su gesti\u00f3n gubernamental (2000- 2004) esas instalaciones acad\u00e9micas recibieron un apoyo total para ser ampliadas y remozadas, incluyendo la de Moca.<\/p>\n\n\n\n<p>Dijo que gracias a esa visi\u00f3n y apoyo a las Escuelas Vocacionales por parte del ex presidente Hip\u00f3lito Mej\u00eda se inici\u00f3 en diferentes puntos del pa\u00eds, la construcci\u00f3n, remozamiento y modernizaci\u00f3n en t\u00e9rminos institucionales y de infraestructura de esos espacios t\u00e9cnicos profesionales, lo que ha beneficiado grandemente al pa\u00eds.<\/p>\n\n\n\n<p>\u201cPara el Ministro de Defensa, Teniente General Carlos L. D\u00edaz Morfa, y todos los que laboramos en esta instituci\u00f3n es de gran satisfacci\u00f3n y orgullo entregar esta placa de reconocimiento al ex presidente Mej\u00eda por haber puesto durante su mandato presidencial atenci\u00f3n especial a las Escuelas Vocacionales\u201d, puntualiz\u00f3.<\/p>\n\n\n\n<p>Ota\u00f1o Jim\u00e9nez resalt\u00f3 que las escuelas vocacionales desde su fundaci\u00f3n en 1966 han graduado m\u00e1s de 400 mil, de los cuales 103 mil han egresado de la actual gesti\u00f3n que encabeza (agosto 2020- agosto 2023). &nbsp;<\/p>\n\n\n\n<figure class=\"wp-block-image size-full\"><img decoding=\"async\" width=\"700\" height=\"466\" src=\"https:\/\/lasprimeras.com.do\/wp-content\/uploads\/2023\/08\/Hipolito-Mejia-1.jpg\" alt=\"\" class=\"wp-image-58076\" srcset=\"https:\/\/lasprimeras.com.do\/wp-content\/uploads\/2023\/08\/Hipolito-Mejia-1.jpg 700w, https:\/\/lasprimeras.com.do\/wp-content\/uploads\/2023\/08\/Hipolito-Mejia-1-300x200.jpg 300w\" sizes=\"(max-width: 700px) 100vw, 700px\" \/><\/figure>\n\n\n\n<p>De su lado, el ex presidente Hip\u00f3lito Mej\u00eda al agradecer el reconocimiento realizado por el ministerio de Defensa y las Escuelas Vocacionales, manifest\u00f3 que las iniciativas tomadas en beneficio de esa entidad formativa fueron por el convencimiento de que el desarrollo de la naci\u00f3n deb\u00eda de fundamentarse en una buena preparaci\u00f3n de mano de obra t\u00e9cnico profesional.<\/p>\n\n\n\n<p>Agreg\u00f3, que al momento de asumir su mandato presidencial las condiciones de las Escuelas Vocacionales eran una verg\u00fcenza, por lo que procedi\u00f3 a ejecutar un amplio programa de reconstrucci\u00f3n, remozamiento y equipamiento en la mayor\u00eda de esas edificaciones a nivel nacional.<\/p>\n\n\n\n<p>En la entrega de la placa y celebraci\u00f3n del 41 aniversario estuvieron presente, el ministro de Agricultura, Limbert Cruz, el inspector de la Escuela Vocacional de Moca, Edgar A. Abreu Pujols, diputado de Espaillat, Carlos Alberto Amarante Garc\u00eda, as\u00ed autoridades civiles, militares, religiosas, comunitarias y educativas del municipio de Moca.<\/p>\n","protected":false},"excerpt":{"rendered":"<p>Inauguran un nuevo y moderno sal\u00f3n para profesores en la Escuela Vocacional del municipio de Moca. Por Martin Restituyo La Direcci\u00f3n General de las Escuelas Vocacionales de las Fuerzas Armadas&hellip;<\/p>\n","protected":false},"author":2,"featured_media":58075,"comment_status":"open","ping_status":"open","sticky":false,"template":"","format":"standard","meta":{"content-type":"","jetpack_post_was_ever_published":false,"_jetpack_newsletter_access":"","_jetpack_dont_email_post_to_subs":false,"_jetpack_newsletter_tier_id":0,"_jetpack_memberships_contains_paywalled_content":false,"_jetpack_memberships_contains_paid_content":false,"footnotes":""},"categories":[3057,25],"tags":[656,658,1073,2030,659],"class_list":["post-58074","post","type-post","status-publish","format-standard","has-post-thumbnail","hentry","category-militares","category-portada","tag-digev","tag-escuelas","tag-hipolito-mejia","tag-moca","tag-vocacionales"],"jetpack_featured_media_url":"https:\/\/lasprimeras.com.do\/wp-content\/uploads\/2023\/08\/Hipolito-Mejia.jpg","jetpack-related-posts":[{"id":106008,"url":"https:\/\/lasprimeras.com.do\/index.php\/2025\/08\/09\/escuelas-vocacionales-recibe-delegacion-del-comando-sur-de-ee-uu-y-adeofa\/","url_meta":{"origin":58074,"position":0},"title":"Escuelas Vocacionales recibe delegaci\u00f3n del Comando Sur de EE.UU. y ADEOFA","author":"Nelson Feliz","date":"9 de agosto de 2025","format":false,"excerpt":"El director general de las Escuelas Vocacionales de las Fuerzas Armadas y de la Polic\u00eda Nacional (DIGEV) del Ministerio de Defensa (MIDE), coronel Jos\u00e9 Ram\u00f3n Reyes Su\u00e1rez, recibi\u00f3 la visita de cortes\u00eda de Stephanie Holsey, esposa del almirante Alvin Holsey, comandante del Comando Sur de los Estados Unidos de Am\u00e9rica\u2026","rel":"","context":"En \u00abMILITARES\u00bb","block_context":{"text":"MILITARES","link":"https:\/\/lasprimeras.com.do\/index.php\/category\/militares\/"},"img":{"alt_text":"","src":"https:\/\/i0.wp.com\/lasprimeras.com.do\/wp-content\/uploads\/2025\/08\/adeofa-1.jpg?resize=350%2C200&ssl=1","width":350,"height":200,"srcset":"https:\/\/i0.wp.com\/lasprimeras.com.do\/wp-content\/uploads\/2025\/08\/adeofa-1.jpg?resize=350%2C200&ssl=1 1x, https:\/\/i0.wp.com\/lasprimeras.com.do\/wp-content\/uploads\/2025\/08\/adeofa-1.jpg?resize=525%2C300&ssl=1 1.5x, https:\/\/i0.wp.com\/lasprimeras.com.do\/wp-content\/uploads\/2025\/08\/adeofa-1.jpg?resize=700%2C400&ssl=1 2x"},"classes":[]},{"id":116038,"url":"https:\/\/lasprimeras.com.do\/index.php\/2025\/11\/26\/ministerio-de-defensa-entrega-46799-nuevos-tecnicos-a-traves-de-las-escuelas-vocacionales\/","url_meta":{"origin":58074,"position":1},"title":"Ministerio de Defensa entrega 46,799 nuevos t\u00e9cnicos a trav\u00e9s de las Escuelas Vocacionales","author":"Nelson Feliz","date":"26 de noviembre de 2025","format":false,"excerpt":"El DIGEV alcanza una cifra hist\u00f3rica de 509,875 egresados. El Ministerio de Defensa (MIDE), a trav\u00e9s de la Direcci\u00f3n General de las Escuelas Vocacionales de las Fuerzas Armadas y de la Polic\u00eda Nacional (DIGEV), culmin\u00f3 este mi\u00e9rcoles el programa acad\u00e9mico correspondiente al per\u00edodo 2025 con la investidura de 46,799 nuevos\u2026","rel":"","context":"En \u00abMILITARES\u00bb","block_context":{"text":"MILITARES","link":"https:\/\/lasprimeras.com.do\/index.php\/category\/militares\/"},"img":{"alt_text":"","src":"https:\/\/i0.wp.com\/lasprimeras.com.do\/wp-content\/uploads\/2025\/11\/principal-1.jpg?resize=350%2C200&ssl=1","width":350,"height":200,"srcset":"https:\/\/i0.wp.com\/lasprimeras.com.do\/wp-content\/uploads\/2025\/11\/principal-1.jpg?resize=350%2C200&ssl=1 1x, https:\/\/i0.wp.com\/lasprimeras.com.do\/wp-content\/uploads\/2025\/11\/principal-1.jpg?resize=525%2C300&ssl=1 1.5x, https:\/\/i0.wp.com\/lasprimeras.com.do\/wp-content\/uploads\/2025\/11\/principal-1.jpg?resize=700%2C400&ssl=1 2x"},"classes":[]},{"id":119231,"url":"https:\/\/lasprimeras.com.do\/index.php\/2026\/01\/08\/ministerio-de-defensa-fortalece-la-formacion-tecnica-de-digev-con-entrega-de-nuevos-vehiculos\/","url_meta":{"origin":58074,"position":2},"title":"Ministerio de Defensa fortalece la formaci\u00f3n t\u00e9cnica de DIGEV con entrega de nuevos veh\u00edculos","author":"Nelson Feliz","date":"8 de enero de 2026","format":false,"excerpt":"El ministro de Defensa, teniente general Carlos Antonio Fern\u00e1ndez Onofre, ERD, realiz\u00f3 la entrega oficial de siete (7) veh\u00edculos marca Toyota AGYA, a\u00f1o 2025, al director general de las Escuelas Vocacionales de las Fuerzas Armadas y de la Polic\u00eda Nacional (DIGEV), coronel Jos\u00e9 Ram\u00f3n Reyes Su\u00e1rez, FARD (DGP). Los veh\u00edculos\u2026","rel":"","context":"En \u00abMILITARES\u00bb","block_context":{"text":"MILITARES","link":"https:\/\/lasprimeras.com.do\/index.php\/category\/militares\/"},"img":{"alt_text":"DIGEV","src":"https:\/\/i0.wp.com\/lasprimeras.com.do\/wp-content\/uploads\/2026\/01\/digev-1.jpg?resize=350%2C200&ssl=1","width":350,"height":200,"srcset":"https:\/\/i0.wp.com\/lasprimeras.com.do\/wp-content\/uploads\/2026\/01\/digev-1.jpg?resize=350%2C200&ssl=1 1x, https:\/\/i0.wp.com\/lasprimeras.com.do\/wp-content\/uploads\/2026\/01\/digev-1.jpg?resize=525%2C300&ssl=1 1.5x, https:\/\/i0.wp.com\/lasprimeras.com.do\/wp-content\/uploads\/2026\/01\/digev-1.jpg?resize=700%2C400&ssl=1 2x"},"classes":[]},{"id":119538,"url":"https:\/\/lasprimeras.com.do\/index.php\/2026\/01\/14\/mide-abre-el-ano-escolar-2026-de-las-escuelas-vocacionales-a-nivel-nacional\/","url_meta":{"origin":58074,"position":3},"title":"MIDE abre el a\u00f1o escolar 2026 de las Escuelas Vocacionales a nivel nacional","author":"Nelson Feliz","date":"14 de enero de 2026","format":false,"excerpt":"El Ministerio de Defensa (MIDE), a trav\u00e9s de la Direcci\u00f3n General de las Escuelas Vocacionales de las Fuerzas Armadas y de la Polic\u00eda Nacional (DIGEV), dej\u00f3 formalmente iniciado el a\u00f1o escolar 2026, de manera simult\u00e1nea en todas las sedes de DIGEV a nivel nacional, con una matr\u00edcula inicial que supera\u2026","rel":"","context":"En \u00abMILITARES\u00bb","block_context":{"text":"MILITARES","link":"https:\/\/lasprimeras.com.do\/index.php\/category\/militares\/"},"img":{"alt_text":"","src":"https:\/\/i0.wp.com\/lasprimeras.com.do\/wp-content\/uploads\/2026\/01\/IMG-20260113-WA0772.jpg?resize=350%2C200&ssl=1","width":350,"height":200,"srcset":"https:\/\/i0.wp.com\/lasprimeras.com.do\/wp-content\/uploads\/2026\/01\/IMG-20260113-WA0772.jpg?resize=350%2C200&ssl=1 1x, https:\/\/i0.wp.com\/lasprimeras.com.do\/wp-content\/uploads\/2026\/01\/IMG-20260113-WA0772.jpg?resize=525%2C300&ssl=1 1.5x, https:\/\/i0.wp.com\/lasprimeras.com.do\/wp-content\/uploads\/2026\/01\/IMG-20260113-WA0772.jpg?resize=700%2C400&ssl=1 2x, https:\/\/i0.wp.com\/lasprimeras.com.do\/wp-content\/uploads\/2026\/01\/IMG-20260113-WA0772.jpg?resize=1050%2C600&ssl=1 3x"},"classes":[]},{"id":111996,"url":"https:\/\/lasprimeras.com.do\/index.php\/2025\/10\/16\/digev-conmemora-59-anos-de-su-fundacion-en-bani\/","url_meta":{"origin":58074,"position":4},"title":"DIGEV conmemora 59 a\u00f1os de su fundaci\u00f3n en Ban\u00ed","author":"Nelson Feliz","date":"16 de octubre de 2025","format":false,"excerpt":"Con una emotiva ceremonia religiosa y una exposici\u00f3n educativa, las Escuelas Vocacionales de las Fuerzas Armadas y de la Polic\u00eda Nacional (DIGEV), del Ministerio de Defensa (MIDE), celebraron el 59.\u00ba aniversario de la fundaci\u00f3n de su primera sede, establecida en la ciudad de Ban\u00ed en el a\u00f1o 1966. El acto\u2026","rel":"","context":"En \u00abMILITARES\u00bb","block_context":{"text":"MILITARES","link":"https:\/\/lasprimeras.com.do\/index.php\/category\/militares\/"},"img":{"alt_text":"","src":"https:\/\/i0.wp.com\/lasprimeras.com.do\/wp-content\/uploads\/2025\/10\/misa.jpg?resize=350%2C200&ssl=1","width":350,"height":200,"srcset":"https:\/\/i0.wp.com\/lasprimeras.com.do\/wp-content\/uploads\/2025\/10\/misa.jpg?resize=350%2C200&ssl=1 1x, https:\/\/i0.wp.com\/lasprimeras.com.do\/wp-content\/uploads\/2025\/10\/misa.jpg?resize=525%2C300&ssl=1 1.5x, https:\/\/i0.wp.com\/lasprimeras.com.do\/wp-content\/uploads\/2025\/10\/misa.jpg?resize=700%2C400&ssl=1 2x"},"classes":[]},{"id":102271,"url":"https:\/\/lasprimeras.com.do\/index.php\/2025\/07\/02\/escuelas-vocacionales-inician-segundo-semestre-del-ano-2025-a-nivel-nacional\/","url_meta":{"origin":58074,"position":5},"title":"Escuelas Vocacionales inician segundo semestre del a\u00f1o 2025 a nivel nacional","author":"Nelson Feliz","date":"2 de julio de 2025","format":false,"excerpt":"La Direcci\u00f3n General de las Escuelas Vocacionales de las Fuerzas Armadas y de la Polic\u00eda Nacional (DIGEV), del Ministerio de Defensa (MIDE), dieron formal inicio al segundo semestre acad\u00e9mico del a\u00f1o 2025, iniciando con una matr\u00edcula de inscritos de m\u00e1s de 25,000 estudiantes distribuidos en sus 31 escuelas y 4\u2026","rel":"","context":"En \u00abMILITARES\u00bb","block_context":{"text":"MILITARES","link":"https:\/\/lasprimeras.com.do\/index.php\/category\/militares\/"},"img":{"alt_text":"","src":"https:\/\/i0.wp.com\/lasprimeras.com.do\/wp-content\/uploads\/2025\/07\/escuelas-1.jpg?resize=350%2C200&ssl=1","width":350,"height":200,"srcset":"https:\/\/i0.wp.com\/lasprimeras.com.do\/wp-content\/uploads\/2025\/07\/escuelas-1.jpg?resize=350%2C200&ssl=1 1x, https:\/\/i0.wp.com\/lasprimeras.com.do\/wp-content\/uploads\/2025\/07\/escuelas-1.jpg?resize=525%2C300&ssl=1 1.5x, https:\/\/i0.wp.com\/lasprimeras.com.do\/wp-content\/uploads\/2025\/07\/escuelas-1.jpg?resize=700%2C400&ssl=1 2x"},"classes":[]}],"jetpack_sharing_enabled":true,"_links":{"self":[{"href":"https:\/\/lasprimeras.com.do\/index.php\/wp-json\/wp\/v2\/posts\/58074","targetHints":{"allow":["GET"]}}],"collection":[{"href":"https:\/\/lasprimeras.com.do\/index.php\/wp-json\/wp\/v2\/posts"}],"about":[{"href":"https:\/\/lasprimeras.com.do\/index.php\/wp-json\/wp\/v2\/types\/post"}],"author":[{"embeddable":true,"href":"https:\/\/lasprimeras.com.do\/index.php\/wp-json\/wp\/v2\/users\/2"}],"replies":[{"embeddable":true,"href":"https:\/\/lasprimeras.com.do\/index.php\/wp-json\/wp\/v2\/comments?post=58074"}],"version-history":[{"count":1,"href":"https:\/\/lasprimeras.com.do\/index.php\/wp-json\/wp\/v2\/posts\/58074\/revisions"}],"predecessor-version":[{"id":58077,"href":"https:\/\/lasprimeras.com.do\/index.php\/wp-json\/wp\/v2\/posts\/58074\/revisions\/58077"}],"wp:featuredmedia":[{"embeddable":true,"href":"https:\/\/lasprimeras.com.do\/index.php\/wp-json\/wp\/v2\/media\/58075"}],"wp:attachment":[{"href":"https:\/\/lasprimeras.com.do\/index.php\/wp-json\/wp\/v2\/media?parent=58074"}],"wp:term":[{"taxonomy":"category","embeddable":true,"href":"https:\/\/lasprimeras.com.do\/index.php\/wp-json\/wp\/v2\/categories?post=58074"},{"taxonomy":"post_tag","embeddable":true,"href":"https:\/\/lasprimeras.com.do\/index.php\/wp-json\/wp\/v2\/tags?post=58074"}],"curies":[{"name":"wp","href":"https:\/\/api.w.org\/{rel}","templated":true}]}}