{"id":58078,"date":"2023-08-19T21:28:47","date_gmt":"2023-08-20T01:28:47","guid":{"rendered":"https:\/\/lasprimeras.com.do\/?p=58078"},"modified":"2023-08-19T21:28:48","modified_gmt":"2023-08-20T01:28:48","slug":"fp-anuncia-gran-manifestacion-en-plaza-de-la-bandera-el-23-de-septiembre","status":"publish","type":"post","link":"https:\/\/lasprimeras.com.do\/index.php\/2023\/08\/19\/fp-anuncia-gran-manifestacion-en-plaza-de-la-bandera-el-23-de-septiembre\/","title":{"rendered":"FP anuncia gran manifestaci\u00f3n en Plaza de la Bandera el 23 de septiembre"},"content":{"rendered":"\n<p>FP presentar\u00e1 padr\u00f3n de afiliados de 2 millones ante la JCE<\/p>\n\n\n\n<p>El precandidato presidencial del partido Fuerza del Pueblo (FP), Leonel Fern\u00e1ndez, anunci\u00f3 que la entidad pol\u00edtica que dirige realizar\u00e1 una gran manifestaci\u00f3n de militantes y seguidores en la Plaza de la Bandera, frente a la sede de la Junta Central Electoral, el 23 de septiembre.<\/p>\n\n\n\n<p>El objetivo de esta gran manifestaci\u00f3n es expresar el j\u00fabilo por haber logrado la meta de los 2 millones de afiliados en la Fuerza del Pueblo, que al d\u00eda de hoy, s\u00e1bado 19 de agosto, supera el mill\u00f3n novecientos mil inscritos.<\/p>\n\n\n\n<p>&#8220;Para el 25 de septiembre tenemos la visita formal de la direcci\u00f3n de nuestro partido a la Junta Central Electoral, para depositar el padr\u00f3n de afiliados de nuestra organizaci\u00f3n; pero el s\u00e1bado 23 vamos a hacer una gran manifestaci\u00f3n en la Plaza de la Bandera&#8221;, indic\u00f3 el l\u00edder de la oposici\u00f3n pol\u00edtica dominicana.<\/p>\n\n\n\n<p>Fern\u00e1ndez dijo que, pese a que la JCE emiti\u00f3 un comunicado limitando las actividades pol\u00edticas, est\u00e1 confiado que se respetar\u00e1n las jurisprudencias de las altas cortes.<\/p>\n\n\n\n<p>El presidente de la FP se mostr\u00f3 confiado en que la JCE les d\u00e9 la raz\u00f3n. &#8220;Porque no es la raz\u00f3n a nosotros, es que las decisiones del Tribunal Constitucional son vinculantes a todos los \u00f3rganos o poderes del Estado, como lo es la Junta Central Electoral&#8221;, expres\u00f3.<\/p>\n\n\n\n<p>Asegur\u00f3 que la calidad de los integrantes de la JCE garantiza el cumplimiento y respeto a los mandatos constitucionales, &#8220;y por tanto, nosotros haremos nuestra gran manifestaci\u00f3n el 23 de septiembre, sin alterar ninguna decisi\u00f3n de la Junta Central Electoral&#8221;, proclam\u00f3.<\/p>\n\n\n\n<p>Fern\u00e1ndez precis\u00f3 que la FP est\u00e1 elaborando el programa de gobierno que presentar\u00e1 a los electores dominicanos el pr\u00f3ximo a\u00f1o 2024. Adelant\u00f3 que ser\u00e1 uno de los m\u00e1s modernos de los partidos pol\u00edticos existentes en el pa\u00eds.<\/p>\n\n\n\n<p>El l\u00edder opositor dio garant\u00edas de que el color verde, representando la esperanza que el pueblo dominicano necesita, ser\u00e1 el s\u00edmbolo del triunfo en los torneos electorales del 2024.&nbsp;<\/p>\n\n\n\n<figure class=\"wp-block-image size-full is-resized\"><img decoding=\"async\" src=\"https:\/\/lasprimeras.com.do\/wp-content\/uploads\/2023\/08\/Leonel-Fernandez-1-1.jpg\" alt=\"\" class=\"wp-image-58080\" style=\"width:828px;height:551px\" width=\"828\" height=\"551\" srcset=\"https:\/\/lasprimeras.com.do\/wp-content\/uploads\/2023\/08\/Leonel-Fernandez-1-1.jpg 700w, https:\/\/lasprimeras.com.do\/wp-content\/uploads\/2023\/08\/Leonel-Fernandez-1-1-300x200.jpg 300w\" sizes=\"(max-width: 828px) 100vw, 828px\" \/><\/figure>\n\n\n\n<p>Sobre el padr\u00f3n de inscritos que presentar\u00e1n ante la JCE, dijo que ser\u00e1 auditable, no contaminado con militantes de otros partidos pol\u00edticos.&nbsp;<\/p>\n\n\n\n<p>El presidente de la Fuerza del Pueblo habl\u00f3 en la reuni\u00f3n de la Direcci\u00f3n Central este s\u00e1bado. En el referido encuentro la c\u00fapula dirigencial de la entidad pol\u00edtica opositora aprob\u00f3 var\u00edas resoluciones, con el objetivo de fortalecer sus estructuras de cara a los procesos electorales del 2024.<\/p>\n\n\n\n<p>En la asamblea del m\u00e1ximo&nbsp; organismo de direcci\u00f3n de la FP, efectuada en el Pabell\u00f3n de la Fama del Deporte Dominicano, del Centro Ol\u00edmpico Juan Pablo Duarte se pas\u00f3 balance a los trabajos de afiliaci\u00f3n pol\u00edtica, para alcanzar la meta de dos millones de afiliados en el padr\u00f3n que ser\u00e1 depositado en el mes de septiembre, cuando se cumplen 60 a\u00f1os del golpe de Estado contra el gobierno democr\u00e1tico del profesor Juan Bosch.<\/p>\n\n\n\n<figure class=\"wp-block-image size-full is-resized\"><img decoding=\"async\" src=\"https:\/\/lasprimeras.com.do\/wp-content\/uploads\/2023\/08\/Leonel-Fernandez-2-1.jpg\" alt=\"\" class=\"wp-image-58081\" style=\"width:834px;height:555px\" width=\"834\" height=\"555\" srcset=\"https:\/\/lasprimeras.com.do\/wp-content\/uploads\/2023\/08\/Leonel-Fernandez-2-1.jpg 700w, https:\/\/lasprimeras.com.do\/wp-content\/uploads\/2023\/08\/Leonel-Fernandez-2-1-300x200.jpg 300w\" sizes=\"(max-width: 834px) 100vw, 834px\" \/><\/figure>\n\n\n\n<p>El punto central de la asamblea de la Direcci\u00f3n Central de la FP fue relativo al Instructivo Electoral, aprobado a unanimidad la propuesta presentada por Henry Mer\u00e1n, en su calidad de titular de la Comisi\u00f3n Nacional Electoral.<\/p>\n\n\n\n<p>La asamblea de la Direcci\u00f3n Central de la Fuerza del Pueblo estuvo fiscalizada por los se\u00f1ores: Jos\u00e9 Garc\u00eda Rojas y Robinson Lebr\u00f3n, del Departamento de Partidos Pol\u00edticos de la Junta Central Electoral; Nidia Fabi\u00e1n y Candy Biero, de Inspector\u00eda del organismo de comicios. El notario p\u00fablico Sergio Naut, en representaci\u00f3n del Colegio de Notarios, legitim\u00f3 la actividad.<\/p>\n\n\n\n<p>Un minuto de silencio en honor a las v\u00edctimas de San Crist\u00f3bal<\/p>\n\n\n\n<p>Como gesto solidario con las v\u00edctimas de San Crist\u00f3bal, los asamble\u00edstas guardaron, de pies, un minuto de silencio. El presidente de la FP, Leonel Fern\u00e1ndez, visit\u00f3 el mi\u00e9rcoles pasado la zona de la tragedia y el hospital Juan Pablo Pina, lugar donde est\u00e1n hospitalizados la mayor\u00eda de los heridos.<\/p>\n\n\n\n<p>Durante el fin de semana, la Fuerza del Pueblo suspendi\u00f3 todas sus actividades p\u00fablicas, en solidaridad con las v\u00edctimas de San Crist\u00f3bal, siendo la asamblea de la DC la \u00fanica actividad, por ser de naturaleza interna.<\/p>\n","protected":false},"excerpt":{"rendered":"<p>FP presentar\u00e1 padr\u00f3n de afiliados de 2 millones ante la JCE El precandidato presidencial del partido Fuerza del Pueblo (FP), Leonel Fern\u00e1ndez, anunci\u00f3 que la entidad pol\u00edtica que dirige realizar\u00e1&hellip;<\/p>\n","protected":false},"author":2,"featured_media":58079,"comment_status":"open","ping_status":"open","sticky":false,"template":"","format":"standard","meta":{"content-type":"","jetpack_post_was_ever_published":false,"_jetpack_newsletter_access":"","_jetpack_dont_email_post_to_subs":false,"_jetpack_newsletter_tier_id":0,"_jetpack_memberships_contains_paywalled_content":false,"_jetpack_memberships_contains_paid_content":false,"footnotes":""},"categories":[25],"tags":[158,51,6445],"class_list":["post-58078","post","type-post","status-publish","format-standard","has-post-thumbnail","hentry","category-portada","tag-fuerza-del-pueblo","tag-leonel-fernandez","tag-plaza-de-la-bandera"],"jetpack_featured_media_url":"https:\/\/lasprimeras.com.do\/wp-content\/uploads\/2023\/08\/Leonel-Fernandez-7.jpg","jetpack-related-posts":[{"id":61020,"url":"https:\/\/lasprimeras.com.do\/index.php\/2023\/09\/21\/avanzan-preparativos-para-celebrar-junto-a-leonel-fernandez-los-dos-millones-de-afiliados-de-la-fp\/","url_meta":{"origin":58078,"position":0},"title":"Avanzan preparativos para &#8220;celebrar&#8221; junto a Leonel Fern\u00e1ndez los dos millones de afiliados de la FP","author":"Nelson Feliz","date":"21 de septiembre de 2023","format":false,"excerpt":"Este 25 de septiembre el \u201cpartido verde\u201d tendr\u00e1 su visita formal de la direcci\u00f3n de la JCE para depositar el padr\u00f3n de afiliados de su organizaci\u00f3n. Los preparativos para celebrar los 2 millones de afiliados en la Fuerza del Pueblo (FP) est\u00e1n 90% listos para reunir miles de personas en\u2026","rel":"","context":"En \u00abSin categor\u00eda\u00bb","block_context":{"text":"Sin categor\u00eda","link":"https:\/\/lasprimeras.com.do\/index.php\/category\/sin-categoria\/"},"img":{"alt_text":"plaza bandera","src":"https:\/\/i0.wp.com\/lasprimeras.com.do\/wp-content\/uploads\/2023\/09\/plaza-bandera.jpeg?resize=350%2C200&ssl=1","width":350,"height":200,"srcset":"https:\/\/i0.wp.com\/lasprimeras.com.do\/wp-content\/uploads\/2023\/09\/plaza-bandera.jpeg?resize=350%2C200&ssl=1 1x, https:\/\/i0.wp.com\/lasprimeras.com.do\/wp-content\/uploads\/2023\/09\/plaza-bandera.jpeg?resize=525%2C300&ssl=1 1.5x, https:\/\/i0.wp.com\/lasprimeras.com.do\/wp-content\/uploads\/2023\/09\/plaza-bandera.jpeg?resize=700%2C400&ssl=1 2x"},"classes":[]},{"id":58587,"url":"https:\/\/lasprimeras.com.do\/index.php\/2023\/08\/25\/fp-realizara-jornada-nacional-de-afiliacion-en-santiago\/","url_meta":{"origin":58078,"position":1},"title":"FP realizar\u00e1 jornada nacional de afiliaci\u00f3n en Santiago","author":"Nelson Feliz","date":"25 de agosto de 2023","format":false,"excerpt":"Leonel Fern\u00e1ndez ir\u00e1 este domingo en Santiago para presidir acto de proclamaci\u00f3n de Dem\u00f3stenes Mart\u00ednez como candidato a senador. \u00a0El partido Fuerza del Pueblo (FP), entidad pol\u00edtica de mayor crecimiento en el pa\u00eds, est\u00e1 dando los toques finales para completar los m\u00e1s de 2 millones de afiliados en su padr\u00f3n\u2026","rel":"","context":"En \u00abPORTADA\u00bb","block_context":{"text":"PORTADA","link":"https:\/\/lasprimeras.com.do\/index.php\/category\/portada\/"},"img":{"alt_text":"Leonel Fern\u00e1ndez","src":"https:\/\/i0.wp.com\/lasprimeras.com.do\/wp-content\/uploads\/2023\/08\/Leonel-Fernandez-4.jpg?resize=350%2C200&ssl=1","width":350,"height":200,"srcset":"https:\/\/i0.wp.com\/lasprimeras.com.do\/wp-content\/uploads\/2023\/08\/Leonel-Fernandez-4.jpg?resize=350%2C200&ssl=1 1x, https:\/\/i0.wp.com\/lasprimeras.com.do\/wp-content\/uploads\/2023\/08\/Leonel-Fernandez-4.jpg?resize=525%2C300&ssl=1 1.5x, https:\/\/i0.wp.com\/lasprimeras.com.do\/wp-content\/uploads\/2023\/08\/Leonel-Fernandez-4.jpg?resize=700%2C400&ssl=1 2x"},"classes":[]},{"id":61239,"url":"https:\/\/lasprimeras.com.do\/index.php\/2023\/09\/23\/leonel-fernandez-hoy-se-ha-sellado-el-triunfo-electoral-de-la-fuerza-del-pueblo\/","url_meta":{"origin":58078,"position":2},"title":"Leonel Fern\u00e1ndez: &#8220;Hoy se ha sellado el triunfo electoral de la Fuerza del Pueblo&#8221;","author":"Nelson Feliz","date":"23 de septiembre de 2023","format":false,"excerpt":"Manifestaci\u00f3n de la FP en Plaza de la Bandera resalta por alegr\u00eda y creatividad de la gente. Ante el rotundo \u00e9xito de la convocatoria hecha en la Plaza de la Bandera este s\u00e1bado 23 de septiembre, Leonel Fern\u00e1ndez dijo: \"Hoy se ha sellado el triunfo electoral de la FP. Est\u00e1\u2026","rel":"","context":"En \u00abPORTADA\u00bb","block_context":{"text":"PORTADA","link":"https:\/\/lasprimeras.com.do\/index.php\/category\/portada\/"},"img":{"alt_text":"Leonel Fernandez","src":"https:\/\/i0.wp.com\/lasprimeras.com.do\/wp-content\/uploads\/2023\/09\/Leonel-Fernandez-1-2.jpg?resize=350%2C200&ssl=1","width":350,"height":200,"srcset":"https:\/\/i0.wp.com\/lasprimeras.com.do\/wp-content\/uploads\/2023\/09\/Leonel-Fernandez-1-2.jpg?resize=350%2C200&ssl=1 1x, https:\/\/i0.wp.com\/lasprimeras.com.do\/wp-content\/uploads\/2023\/09\/Leonel-Fernandez-1-2.jpg?resize=525%2C300&ssl=1 1.5x, https:\/\/i0.wp.com\/lasprimeras.com.do\/wp-content\/uploads\/2023\/09\/Leonel-Fernandez-1-2.jpg?resize=700%2C400&ssl=1 2x, https:\/\/i0.wp.com\/lasprimeras.com.do\/wp-content\/uploads\/2023\/09\/Leonel-Fernandez-1-2.jpg?resize=1050%2C600&ssl=1 3x"},"classes":[]},{"id":60613,"url":"https:\/\/lasprimeras.com.do\/index.php\/2023\/09\/16\/leonel-informa-que-la-fuerza-del-pueblo-supero-meta-de-dos-millones-de-afiliados\/","url_meta":{"origin":58078,"position":3},"title":"Leonel informa que la Fuerza del Pueblo super\u00f3 meta de dos millones de afiliados","author":"Nelson Feliz","date":"16 de septiembre de 2023","format":false,"excerpt":"Realizar\u00e1n celebraci\u00f3n el 23 de septiembre en Plaza de la Bandera Yonkers, New York.- El presidente del partido Fuerza del Pueblo (FP), Leonel Fern\u00e1ndez, inform\u00f3 que ya han logrado superar la meta dos millones de personas afiliadas en el padr\u00f3n de la organizaci\u00f3n, el cual ser\u00e1 entregado a la Junta\u2026","rel":"","context":"En \u00abPORTADA\u00bb","block_context":{"text":"PORTADA","link":"https:\/\/lasprimeras.com.do\/index.php\/category\/portada\/"},"img":{"alt_text":"Leonel Fernandez","src":"https:\/\/i0.wp.com\/lasprimeras.com.do\/wp-content\/uploads\/2023\/09\/Leonel-Fernandez-4.jpg?resize=350%2C200&ssl=1","width":350,"height":200,"srcset":"https:\/\/i0.wp.com\/lasprimeras.com.do\/wp-content\/uploads\/2023\/09\/Leonel-Fernandez-4.jpg?resize=350%2C200&ssl=1 1x, https:\/\/i0.wp.com\/lasprimeras.com.do\/wp-content\/uploads\/2023\/09\/Leonel-Fernandez-4.jpg?resize=525%2C300&ssl=1 1.5x, https:\/\/i0.wp.com\/lasprimeras.com.do\/wp-content\/uploads\/2023\/09\/Leonel-Fernandez-4.jpg?resize=700%2C400&ssl=1 2x"},"classes":[]},{"id":60892,"url":"https:\/\/lasprimeras.com.do\/index.php\/2023\/09\/19\/ofrecen-detalles-de-la-movilizacion-que-hara-la-fuerza-del-pueblo-en-la-plaza-de-la-bandera-este-sabado\/","url_meta":{"origin":58078,"position":4},"title":"Ofrecen detalles de la movilizaci\u00f3n que har\u00e1 la Fuerza del Pueblo en la Plaza de la Bandera este s\u00e1bado","author":"Nelson Feliz","date":"19 de septiembre de 2023","format":false,"excerpt":"\"Dos millones a una voz\", nombre oficial de acto de FP en Plaza de la Bandera. El partido Fuerza del Pueblo ofreci\u00f3 los detalles de la movilizaci\u00f3n que har\u00e1 en la Plaza de la Bandera este s\u00e1bado 23 desde las 3 de la tarde, donde celebrar\u00e1n haber superado los dos\u2026","rel":"","context":"En \u00abPORTADA\u00bb","block_context":{"text":"PORTADA","link":"https:\/\/lasprimeras.com.do\/index.php\/category\/portada\/"},"img":{"alt_text":"FP","src":"https:\/\/i0.wp.com\/lasprimeras.com.do\/wp-content\/uploads\/2023\/09\/FP-1.jpg?resize=350%2C200&ssl=1","width":350,"height":200,"srcset":"https:\/\/i0.wp.com\/lasprimeras.com.do\/wp-content\/uploads\/2023\/09\/FP-1.jpg?resize=350%2C200&ssl=1 1x, https:\/\/i0.wp.com\/lasprimeras.com.do\/wp-content\/uploads\/2023\/09\/FP-1.jpg?resize=525%2C300&ssl=1 1.5x, https:\/\/i0.wp.com\/lasprimeras.com.do\/wp-content\/uploads\/2023\/09\/FP-1.jpg?resize=700%2C400&ssl=1 2x"},"classes":[]},{"id":61322,"url":"https:\/\/lasprimeras.com.do\/index.php\/2023\/09\/25\/leonel-entrega-a-la-jce-padron-de-la-fp-auditado-con-mas-de-2-millones-de-personas-inscritas\/","url_meta":{"origin":58078,"position":5},"title":"Leonel entrega a la JCE padr\u00f3n de la FP auditado con m\u00e1s de 2 millones de personas inscritas","author":"Nelson Feliz","date":"25 de septiembre de 2023","format":false,"excerpt":"Ruta de dos millones de afiliados, un desaf\u00edo cumplido para la FP Tal como lo hab\u00eda prometido, el presidente del partido Fuerza del Pueblo (FP), Leonel Fern\u00e1ndez, entreg\u00f3 este lunes a la Junta Central Electoral (JCE) el padr\u00f3n auditado de electores afiliados en esa organizaci\u00f3n pol\u00edtica, contentivo de 2 millones\u2026","rel":"","context":"En \u00abPORTADA\u00bb","block_context":{"text":"PORTADA","link":"https:\/\/lasprimeras.com.do\/index.php\/category\/portada\/"},"img":{"alt_text":"Leonel Fern\u00e1ndez","src":"https:\/\/i0.wp.com\/lasprimeras.com.do\/wp-content\/uploads\/2023\/09\/Leonel-Fernandez-6.jpg?resize=350%2C200&ssl=1","width":350,"height":200,"srcset":"https:\/\/i0.wp.com\/lasprimeras.com.do\/wp-content\/uploads\/2023\/09\/Leonel-Fernandez-6.jpg?resize=350%2C200&ssl=1 1x, https:\/\/i0.wp.com\/lasprimeras.com.do\/wp-content\/uploads\/2023\/09\/Leonel-Fernandez-6.jpg?resize=525%2C300&ssl=1 1.5x, https:\/\/i0.wp.com\/lasprimeras.com.do\/wp-content\/uploads\/2023\/09\/Leonel-Fernandez-6.jpg?resize=700%2C400&ssl=1 2x"},"classes":[]}],"jetpack_sharing_enabled":true,"_links":{"self":[{"href":"https:\/\/lasprimeras.com.do\/index.php\/wp-json\/wp\/v2\/posts\/58078","targetHints":{"allow":["GET"]}}],"collection":[{"href":"https:\/\/lasprimeras.com.do\/index.php\/wp-json\/wp\/v2\/posts"}],"about":[{"href":"https:\/\/lasprimeras.com.do\/index.php\/wp-json\/wp\/v2\/types\/post"}],"author":[{"embeddable":true,"href":"https:\/\/lasprimeras.com.do\/index.php\/wp-json\/wp\/v2\/users\/2"}],"replies":[{"embeddable":true,"href":"https:\/\/lasprimeras.com.do\/index.php\/wp-json\/wp\/v2\/comments?post=58078"}],"version-history":[{"count":1,"href":"https:\/\/lasprimeras.com.do\/index.php\/wp-json\/wp\/v2\/posts\/58078\/revisions"}],"predecessor-version":[{"id":58082,"href":"https:\/\/lasprimeras.com.do\/index.php\/wp-json\/wp\/v2\/posts\/58078\/revisions\/58082"}],"wp:featuredmedia":[{"embeddable":true,"href":"https:\/\/lasprimeras.com.do\/index.php\/wp-json\/wp\/v2\/media\/58079"}],"wp:attachment":[{"href":"https:\/\/lasprimeras.com.do\/index.php\/wp-json\/wp\/v2\/media?parent=58078"}],"wp:term":[{"taxonomy":"category","embeddable":true,"href":"https:\/\/lasprimeras.com.do\/index.php\/wp-json\/wp\/v2\/categories?post=58078"},{"taxonomy":"post_tag","embeddable":true,"href":"https:\/\/lasprimeras.com.do\/index.php\/wp-json\/wp\/v2\/tags?post=58078"}],"curies":[{"name":"wp","href":"https:\/\/api.w.org\/{rel}","templated":true}]}}