{"id":58083,"date":"2023-08-19T21:52:42","date_gmt":"2023-08-20T01:52:42","guid":{"rendered":"https:\/\/lasprimeras.com.do\/?p=58083"},"modified":"2023-08-20T11:42:16","modified_gmt":"2023-08-20T15:42:16","slug":"fallece-padre-del-periodista-wilson-perez","status":"publish","type":"post","link":"https:\/\/lasprimeras.com.do\/index.php\/2023\/08\/19\/fallece-padre-del-periodista-wilson-perez\/","title":{"rendered":"Fallece padre del periodista Wilson P\u00e9rez"},"content":{"rendered":"\n<p>Falleci\u00f3 la noche de este s\u00e1bado el se\u00f1or Alfredo P\u00e9rez Medina, padre del abogado y periodista Wilson P\u00e9rez Salda\u00f1a, quien forma parte del staff de reporteros de este medio.<\/p>\n\n\n\n<p>P\u00e9rez Medina, se encontraba aquejado de serios quebrantos de salud, y desde hace unos d\u00edas hab\u00eda estado interno en el Hospital de la Polic\u00eda Nacional.<\/p>\n\n\n\n<p>La informaci\u00f3n la ofreci\u00f3 Wilson P\u00e9rez a este medio, quien nos comunic\u00f3 que m\u00e1s adelante estar\u00e1 comunicando que funeraria y a qu\u00e9 hora ser\u00e1n expuestos el cad\u00e1ver de su progenitor.<\/p>\n\n\n\n<p>\u201cCon profunda tristeza quiero informar \u00a0amigos y amigas que acaba de fallecer \u00a0mi padre Alfredo P\u00e9rez Medina, Qui\u00e9n estaba aquejado de serios quebrantos de salud, fue \u00a0llamado hoy a Los pies de nuestro dios Ya papi ya no vas a sufrir m\u00e1s, cu\u00e1nto dolor de las enfermedades. oportunamente haremos saber en qu\u00e9 funeraria \u00a0lo estaremos velando\u201d.<\/p>\n\n\n\n<p>El cad\u00e1ver ser\u00e1 expuesto apartir de la 1:00 PM de este domingo, en la Funeraria Blandino de la Avenida Sabana Larga, Ensanche Ozama, Santo Domingo Este y ser\u00e1 sepultado el lunes a las 11:00 AM.<\/p>\n\n\n\n<p>&nbsp;\u201cGracias a todos y todas por las manifestaciones de apoyo y solidaridad&nbsp; para conmigo y con mi familia en este momento tan dif\u00edcil no tengo palabras con que agradecer\u201d, enfatizo Wilson P\u00e9rez.<\/p>\n","protected":false},"excerpt":{"rendered":"<p>Falleci\u00f3 la noche de este s\u00e1bado el se\u00f1or Alfredo P\u00e9rez Medina, padre del abogado y periodista Wilson P\u00e9rez Salda\u00f1a, quien forma parte del staff de reporteros de este medio. P\u00e9rez&hellip;<\/p>\n","protected":false},"author":2,"featured_media":58114,"comment_status":"open","ping_status":"open","sticky":false,"template":"","format":"standard","meta":{"content-type":"","jetpack_post_was_ever_published":false,"_jetpack_newsletter_access":"","_jetpack_dont_email_post_to_subs":false,"_jetpack_newsletter_tier_id":0,"_jetpack_memberships_contains_paywalled_content":false,"_jetpack_memberships_contains_paid_content":false,"footnotes":""},"categories":[35,25],"tags":[1423,6446,604,6447],"class_list":["post-58083","post","type-post","status-publish","format-standard","has-post-thumbnail","hentry","category-nacionales","category-portada","tag-fallece","tag-padre","tag-periodista","tag-wilson-perez"],"jetpack_featured_media_url":"https:\/\/lasprimeras.com.do\/wp-content\/uploads\/2023\/08\/Alfredo-Perez-Medina.jpg","jetpack-related-posts":[{"id":86493,"url":"https:\/\/lasprimeras.com.do\/index.php\/2024\/07\/26\/filial-sntp-sde-lamenta-fallecimiento-del-padre-de-la-periodista-damaris-silverio\/","url_meta":{"origin":58083,"position":0},"title":"Filial SNTP-SDE lamenta fallecimiento del padre de la periodista Damaris Silverio","author":"Nelson Feliz","date":"26 de julio de 2024","format":false,"excerpt":"La Filial SNTP-SDE lament\u00f3 el fallecimiento la ma\u00f1ana de este jueves del padre de la periodista D\u00e1maris Silverio. El se\u00f1or Nelson Salda\u00f1a expir\u00f3 en un centro m\u00e9dico de la capital donde estuvo internado aquejado por problemas de salud. El secretario general de la entidad que agrupa a los periodistas, comunicadores\u2026","rel":"","context":"En \u00abNACIONALES\u00bb","block_context":{"text":"NACIONALES","link":"https:\/\/lasprimeras.com.do\/index.php\/category\/nacionales\/"},"img":{"alt_text":"","src":"https:\/\/i0.wp.com\/lasprimeras.com.do\/wp-content\/uploads\/2024\/07\/Wilson-Guerrero.jpg?resize=350%2C200&ssl=1","width":350,"height":200,"srcset":"https:\/\/i0.wp.com\/lasprimeras.com.do\/wp-content\/uploads\/2024\/07\/Wilson-Guerrero.jpg?resize=350%2C200&ssl=1 1x, https:\/\/i0.wp.com\/lasprimeras.com.do\/wp-content\/uploads\/2024\/07\/Wilson-Guerrero.jpg?resize=525%2C300&ssl=1 1.5x, https:\/\/i0.wp.com\/lasprimeras.com.do\/wp-content\/uploads\/2024\/07\/Wilson-Guerrero.jpg?resize=700%2C400&ssl=1 2x"},"classes":[]},{"id":77414,"url":"https:\/\/lasprimeras.com.do\/index.php\/2024\/02\/20\/filial-sntp-sde-lamenta-fallecimiento-del-ex-presidente-del-cdp-adriano-de-la-cruz\/","url_meta":{"origin":58083,"position":1},"title":"Filial SNTP-SDE lamenta fallecimiento del ex presidente del CDP Adriano de la Cruz","author":"Nelson Feliz","date":"20 de febrero de 2024","format":false,"excerpt":"La filial Santo Domingo Este del Sindicato Nacional de Trabajadores de la Prensa (SNTP-SDE) lamento el fallecimiento del ex presidente del Colegio Dominicano de Periodistas y profesor universitario, Adriano de la Cruz. El veterano periodista y educador falleci\u00f3 este martes en un centro de salud privado, donde se encontraba internado\u2026","rel":"","context":"En \u00abNACIONALES\u00bb","block_context":{"text":"NACIONALES","link":"https:\/\/lasprimeras.com.do\/index.php\/category\/nacionales\/"},"img":{"alt_text":"Wilson Guerrero y Adriano de la Cruz","src":"https:\/\/i0.wp.com\/lasprimeras.com.do\/wp-content\/uploads\/2024\/02\/Wilson-Guerrero-y-Adriano-de-la-Cruz.jpg?resize=350%2C200&ssl=1","width":350,"height":200,"srcset":"https:\/\/i0.wp.com\/lasprimeras.com.do\/wp-content\/uploads\/2024\/02\/Wilson-Guerrero-y-Adriano-de-la-Cruz.jpg?resize=350%2C200&ssl=1 1x, https:\/\/i0.wp.com\/lasprimeras.com.do\/wp-content\/uploads\/2024\/02\/Wilson-Guerrero-y-Adriano-de-la-Cruz.jpg?resize=525%2C300&ssl=1 1.5x"},"classes":[]},{"id":109660,"url":"https:\/\/lasprimeras.com.do\/index.php\/2025\/09\/21\/iglesia-cristiana-honrara-la-memoria-de-la-recien-fallecida-periodista-arismalia-perez-bautista\/","url_meta":{"origin":58083,"position":2},"title":"Iglesia Cristiana honrar\u00e1 la memoria de la reci\u00e9n fallecida periodista Arismalia P\u00e9rez Bautista","author":"Nelson Feliz","date":"21 de septiembre de 2025","format":false,"excerpt":"La Iglesia Cristiana realizar\u00e1 un memorial el lunes 22 de septiembre de 2025 a las seis de la tarde, en honor la joven periodista Arismalia P\u00e9rez Bautista, quien falleci\u00f3 tras un accidente de tr\u00e1nsito ocurrido en la avenida Los Pr\u00f3ceres el viernes 12 de septiembre, fecha en que celebraba su\u2026","rel":"","context":"En \u00abNACIONALES\u00bb","block_context":{"text":"NACIONALES","link":"https:\/\/lasprimeras.com.do\/index.php\/category\/nacionales\/"},"img":{"alt_text":"","src":"https:\/\/i0.wp.com\/lasprimeras.com.do\/wp-content\/uploads\/2025\/09\/Arismalia-Perez-Bautista.jpg?resize=350%2C200&ssl=1","width":350,"height":200,"srcset":"https:\/\/i0.wp.com\/lasprimeras.com.do\/wp-content\/uploads\/2025\/09\/Arismalia-Perez-Bautista.jpg?resize=350%2C200&ssl=1 1x, https:\/\/i0.wp.com\/lasprimeras.com.do\/wp-content\/uploads\/2025\/09\/Arismalia-Perez-Bautista.jpg?resize=525%2C300&ssl=1 1.5x, https:\/\/i0.wp.com\/lasprimeras.com.do\/wp-content\/uploads\/2025\/09\/Arismalia-Perez-Bautista.jpg?resize=700%2C400&ssl=1 2x"},"classes":[]},{"id":112801,"url":"https:\/\/lasprimeras.com.do\/index.php\/2025\/10\/27\/en-el-cuarto-aniversario-del-fallecimiento-de-reinaldo-pared-perez\/","url_meta":{"origin":58083,"position":3},"title":"En el cuarto aniversario del fallecimiento de Reinaldo Pared P\u00e9rez","author":"Nelson Feliz","date":"27 de octubre de 2025","format":false,"excerpt":"Misa a la Memoria del secretario general Ad-Vitam del PLD, Reinaldo Pared P\u00e9rez, este martes 28 octubre a las 6.00 p.m. en la parroquia San Juan Bosco. En el Partido de la Liberaci\u00f3n Dominicana (PLD) se preparan para participar en la Eucarist\u00eda, programada a la memoria de su secretario general\u2026","rel":"","context":"En \u00abNACIONALES\u00bb","block_context":{"text":"NACIONALES","link":"https:\/\/lasprimeras.com.do\/index.php\/category\/nacionales\/"},"img":{"alt_text":"","src":"https:\/\/i0.wp.com\/lasprimeras.com.do\/wp-content\/uploads\/2025\/10\/Reinaldo-Pared-Perez.jpg?resize=350%2C200&ssl=1","width":350,"height":200,"srcset":"https:\/\/i0.wp.com\/lasprimeras.com.do\/wp-content\/uploads\/2025\/10\/Reinaldo-Pared-Perez.jpg?resize=350%2C200&ssl=1 1x, https:\/\/i0.wp.com\/lasprimeras.com.do\/wp-content\/uploads\/2025\/10\/Reinaldo-Pared-Perez.jpg?resize=525%2C300&ssl=1 1.5x, https:\/\/i0.wp.com\/lasprimeras.com.do\/wp-content\/uploads\/2025\/10\/Reinaldo-Pared-Perez.jpg?resize=700%2C400&ssl=1 2x"},"classes":[]},{"id":115668,"url":"https:\/\/lasprimeras.com.do\/index.php\/2025\/11\/24\/mp-investiga-las-circunstancias-en-que-fallecio-un-privado-de-libertad-en-el-dn\/","url_meta":{"origin":58083,"position":4},"title":"MP investiga las circunstancias en que falleci\u00f3 un privado de libertad en el DN","author":"Nelson Feliz","date":"24 de noviembre de 2025","format":false,"excerpt":"El Ministerio P\u00fablico investiga las circunstancias en que se produjo el fallecimiento de un privado de libertad aquejado de males de salud mientras se encontraba en el Centro de Atenci\u00f3n y Privaci\u00f3n de Libertad de Ciudad Nueva (Caplip-2). Alexander P\u00e9rez Santana falleci\u00f3 el domingo. El pasado 20 de noviembre un\u2026","rel":"","context":"En \u00abJUSTICIA\u00bb","block_context":{"text":"JUSTICIA","link":"https:\/\/lasprimeras.com.do\/index.php\/category\/justicia\/"},"img":{"alt_text":"","src":"https:\/\/i0.wp.com\/lasprimeras.com.do\/wp-content\/uploads\/2025\/09\/Ministerio-Publico.jpg?resize=350%2C200&ssl=1","width":350,"height":200,"srcset":"https:\/\/i0.wp.com\/lasprimeras.com.do\/wp-content\/uploads\/2025\/09\/Ministerio-Publico.jpg?resize=350%2C200&ssl=1 1x, https:\/\/i0.wp.com\/lasprimeras.com.do\/wp-content\/uploads\/2025\/09\/Ministerio-Publico.jpg?resize=525%2C300&ssl=1 1.5x"},"classes":[]},{"id":97059,"url":"https:\/\/lasprimeras.com.do\/index.php\/2025\/04\/14\/zulinka-hija-de-rubby-perez-dice-que-rescatistas-la-enganaron-sobre-la-muerte-de-su-padre\/","url_meta":{"origin":58083,"position":5},"title":"Zulinka, hija de Rubby P\u00e9rez, dice que rescatistas la enga\u00f1aron sobre la muerte de su padre","author":"Nelson Feliz","date":"14 de abril de 2025","format":false,"excerpt":"\"Yo sab\u00eda que mi pap\u00e1 estaba muerto, porque a quien le cae eso encima no puede seguir con vida\", dice conmovida. Zulinka P\u00e9rez, hija del reconocido merenguero dominicano Rubby P\u00e9rez, habl\u00f3 sobre los dolorosos momentos que vivi\u00f3 el d\u00eda en que perdi\u00f3 a su padre durante una tragedia en la\u2026","rel":"","context":"En \u00abNACIONALES\u00bb","block_context":{"text":"NACIONALES","link":"https:\/\/lasprimeras.com.do\/index.php\/category\/nacionales\/"},"img":{"alt_text":"","src":"https:\/\/i0.wp.com\/lasprimeras.com.do\/wp-content\/uploads\/2025\/04\/Zulinka-Perez-1.jpg?resize=350%2C200&ssl=1","width":350,"height":200,"srcset":"https:\/\/i0.wp.com\/lasprimeras.com.do\/wp-content\/uploads\/2025\/04\/Zulinka-Perez-1.jpg?resize=350%2C200&ssl=1 1x, https:\/\/i0.wp.com\/lasprimeras.com.do\/wp-content\/uploads\/2025\/04\/Zulinka-Perez-1.jpg?resize=525%2C300&ssl=1 1.5x, https:\/\/i0.wp.com\/lasprimeras.com.do\/wp-content\/uploads\/2025\/04\/Zulinka-Perez-1.jpg?resize=700%2C400&ssl=1 2x"},"classes":[]}],"jetpack_sharing_enabled":true,"_links":{"self":[{"href":"https:\/\/lasprimeras.com.do\/index.php\/wp-json\/wp\/v2\/posts\/58083","targetHints":{"allow":["GET"]}}],"collection":[{"href":"https:\/\/lasprimeras.com.do\/index.php\/wp-json\/wp\/v2\/posts"}],"about":[{"href":"https:\/\/lasprimeras.com.do\/index.php\/wp-json\/wp\/v2\/types\/post"}],"author":[{"embeddable":true,"href":"https:\/\/lasprimeras.com.do\/index.php\/wp-json\/wp\/v2\/users\/2"}],"replies":[{"embeddable":true,"href":"https:\/\/lasprimeras.com.do\/index.php\/wp-json\/wp\/v2\/comments?post=58083"}],"version-history":[{"count":3,"href":"https:\/\/lasprimeras.com.do\/index.php\/wp-json\/wp\/v2\/posts\/58083\/revisions"}],"predecessor-version":[{"id":58113,"href":"https:\/\/lasprimeras.com.do\/index.php\/wp-json\/wp\/v2\/posts\/58083\/revisions\/58113"}],"wp:featuredmedia":[{"embeddable":true,"href":"https:\/\/lasprimeras.com.do\/index.php\/wp-json\/wp\/v2\/media\/58114"}],"wp:attachment":[{"href":"https:\/\/lasprimeras.com.do\/index.php\/wp-json\/wp\/v2\/media?parent=58083"}],"wp:term":[{"taxonomy":"category","embeddable":true,"href":"https:\/\/lasprimeras.com.do\/index.php\/wp-json\/wp\/v2\/categories?post=58083"},{"taxonomy":"post_tag","embeddable":true,"href":"https:\/\/lasprimeras.com.do\/index.php\/wp-json\/wp\/v2\/tags?post=58083"}],"curies":[{"name":"wp","href":"https:\/\/api.w.org\/{rel}","templated":true}]}}