{"id":58090,"date":"2023-08-19T22:33:02","date_gmt":"2023-08-20T02:33:02","guid":{"rendered":"https:\/\/lasprimeras.com.do\/?p=58090"},"modified":"2023-08-19T22:33:03","modified_gmt":"2023-08-20T02:33:03","slug":"luis-abinader-su-gobierno-ha-priorizado-inversion-social-en-estos-tres-anos","status":"publish","type":"post","link":"https:\/\/lasprimeras.com.do\/index.php\/2023\/08\/19\/luis-abinader-su-gobierno-ha-priorizado-inversion-social-en-estos-tres-anos\/","title":{"rendered":"Luis Abinader: Su Gobierno ha priorizado inversi\u00f3n social en estos tres a\u00f1os"},"content":{"rendered":"\n<p>El presidente Luis Abinader manifest\u00f3 que su&nbsp; Gobierno ha priorizado la inversi\u00f3n social en estos tres a\u00f1os para dar seguro m\u00e9dico a cada dominicano, duplicar la ayuda social, construyendo, remozando y ampliando los hospitales p\u00fablicos.<\/p>\n\n\n\n<p>Los pronunciamientos del presidente se produjeron al dejar inaugurado el Hospital Municipal de Ver\u00f3n con una inversi\u00f3n superior a los RD$965 millones.<\/p>\n\n\n\n<p>Esta obra, que inici\u00f3 a finales del 2019 y que estuvo paralizada, fue ejecutada en un 80% por el Ministerio de Vivienda y Edificaciones (MIVED) en menos de tres a\u00f1os.<\/p>\n\n\n\n<p>&#8220;En el gobierno que he presidido en estos tres a\u00f1os, nos hemos enfocado en aumentar el gasto social. El gasto social duplicando las ayudas sociales, llevando un seguro m\u00e9dico a cada dominicano y dominicana, invirtiendo tambi\u00e9n en salud por dos v\u00edas, por el remozamiento y ampliaci\u00f3n de los hospitales que lo hace directamente el Servicio Nacional de Salud&nbsp; o con la construcci\u00f3n de nuevos hospitales que en ese caso lo hace el Ministerio de Vivienda y Edificaciones&#8221;, explic\u00f3 el gobernante.<\/p>\n\n\n\n<p>Destac\u00f3 adem\u00e1s, que en todo el gobierno tambi\u00e9n se han caracterizado por darle seguimiento a los proyectos iniciados tambi\u00e9n en otras administraciones, &#8220;porque de eso se trata de dar continuidad del Estado hemos iniciado proyectos nuevos de construcci\u00f3n de hospitales pero tambi\u00e9n y principalmente hemos continuado porque esto se hace con dinero del pueblo no con dinero de un gobierno de un presidente sino con el dinero del pueblo&#8221;, indic\u00f3 el presidente Abinader.<\/p>\n\n\n\n<p>El mandatario le pidi\u00f3 al fundador del Grupo Punta Cana y Presidente de la Fundaci\u00f3n Punta Cana, Frank Rafael Rainieri, la ayuda para la creaci\u00f3n de un voluntariado para dar seguimiento y apoyo a la instalaci\u00f3n inaugurada.<\/p>\n\n\n\n<p>Abinader sostuvo que en 15 d\u00edas enviar\u00e1 un equipo de la Comisi\u00f3n Nacional de Voluntariado para nombrar un equipo y que desde su puesta en funcionamiento le d\u00e9 seguimiento a las instalaciones del Hospital.<\/p>\n","protected":false},"excerpt":{"rendered":"<p>El presidente Luis Abinader manifest\u00f3 que su&nbsp; Gobierno ha priorizado la inversi\u00f3n social en estos tres a\u00f1os para dar seguro m\u00e9dico a cada dominicano, duplicar la ayuda social, construyendo, remozando&hellip;<\/p>\n","protected":false},"author":2,"featured_media":58091,"comment_status":"open","ping_status":"open","sticky":false,"template":"","format":"standard","meta":{"content-type":"","jetpack_post_was_ever_published":false,"_jetpack_newsletter_access":"","_jetpack_dont_email_post_to_subs":false,"_jetpack_newsletter_tier_id":0,"_jetpack_memberships_contains_paywalled_content":false,"_jetpack_memberships_contains_paid_content":false,"footnotes":""},"categories":[39,25],"tags":[171,6452,67],"class_list":["post-58090","post","type-post","status-publish","format-standard","has-post-thumbnail","hentry","category-economia","category-portada","tag-gobierno","tag-inversion-social","tag-luis-abinader"],"jetpack_featured_media_url":"https:\/\/lasprimeras.com.do\/wp-content\/uploads\/2023\/08\/Luis-Abinader-1-2.jpg","jetpack-related-posts":[{"id":105735,"url":"https:\/\/lasprimeras.com.do\/index.php\/2025\/08\/06\/economista-luis-reyes-denuncia-el-deficiente-gasto-de-inversion-del-gobierno\/","url_meta":{"origin":58090,"position":0},"title":"Economista Luis Reyes denuncia el deficiente gasto de inversi\u00f3n del Gobierno","author":"Nelson Feliz","date":"6 de agosto de 2025","format":false,"excerpt":"Economista Luis Reyes denuncia que Gobierno del PRM ha comprometido el gasto corriente y eso se refleja en el aumento la n\u00f3mina, y el endeudamiento. El secretario de Asuntos Econ\u00f3micos del Partido de la Liberaci\u00f3n Dominicana (PLD), Luis Reyes, afirma que el gobierno no utiliz\u00f3 los 775 millones de d\u00f3lares\u2026","rel":"","context":"En \u00abECONOM\u00cdA\u00bb","block_context":{"text":"ECONOM\u00cdA","link":"https:\/\/lasprimeras.com.do\/index.php\/category\/economia\/"},"img":{"alt_text":"","src":"https:\/\/i0.wp.com\/lasprimeras.com.do\/wp-content\/uploads\/2025\/05\/Luis-Reyes.png?resize=350%2C200&ssl=1","width":350,"height":200},"classes":[]},{"id":123259,"url":"https:\/\/lasprimeras.com.do\/index.php\/2026\/02\/27\/presidente-abinader-destaca-avances-historicos-en-politica-social-y-reduccion-acelerada-de-la-pobreza\/","url_meta":{"origin":58090,"position":1},"title":"Presidente Abinader destaca avances hist\u00f3ricos en pol\u00edtica social y reducci\u00f3n acelerada de la pobreza","author":"Nelson Feliz","date":"27 de febrero de 2026","format":false,"excerpt":"El presidente Luis Abinader destac\u00f3 este viernes los avances hist\u00f3ricos alcanzados en materia de pol\u00edtica social y la reducci\u00f3n acelerada de la pobreza, asegurando que su gobierno ha centrado cada pol\u00edtica p\u00fablica, inversi\u00f3n y reforma hacia el bienestar del pueblo dominicano. Durante su sexta rendici\u00f3n de cuentas ante la Asamblea\u2026","rel":"","context":"En \u00abECONOM\u00cdA\u00bb","block_context":{"text":"ECONOM\u00cdA","link":"https:\/\/lasprimeras.com.do\/index.php\/category\/economia\/"},"img":{"alt_text":"","src":"https:\/\/i0.wp.com\/lasprimeras.com.do\/wp-content\/uploads\/2026\/02\/Luis-Abinader-c-Obras-3.jpg?resize=350%2C200&ssl=1","width":350,"height":200,"srcset":"https:\/\/i0.wp.com\/lasprimeras.com.do\/wp-content\/uploads\/2026\/02\/Luis-Abinader-c-Obras-3.jpg?resize=350%2C200&ssl=1 1x, https:\/\/i0.wp.com\/lasprimeras.com.do\/wp-content\/uploads\/2026\/02\/Luis-Abinader-c-Obras-3.jpg?resize=525%2C300&ssl=1 1.5x, https:\/\/i0.wp.com\/lasprimeras.com.do\/wp-content\/uploads\/2026\/02\/Luis-Abinader-c-Obras-3.jpg?resize=700%2C400&ssl=1 2x"},"classes":[]},{"id":105982,"url":"https:\/\/lasprimeras.com.do\/index.php\/2025\/08\/09\/robert-polanco-abinader-rompio-con-el-clientelismo-priorizando-a-los-mas-necesitados\/","url_meta":{"origin":58090,"position":2},"title":"Robert Polanco: &#8220;Abinader rompi\u00f3 con el clientelismo; priorizando a los m\u00e1s necesitados&#8221;","author":"Nelson Feliz","date":"9 de agosto de 2025","format":false,"excerpt":"El director de Propeep destac\u00f3 que en el actual Gobierno se respeta la dignidad humana y las ayudas se entregan de forma directa, sin intermediarios ni favoritismos. El director general de Proyectos Estrat\u00e9gicos y Especiales de la Presidencia (Propeep), Robert Polanco, afirm\u00f3 este s\u00e1bado que el gobierno ha instaurado un\u2026","rel":"","context":"En \u00abNACIONALES\u00bb","block_context":{"text":"NACIONALES","link":"https:\/\/lasprimeras.com.do\/index.php\/category\/nacionales\/"},"img":{"alt_text":"","src":"https:\/\/i0.wp.com\/lasprimeras.com.do\/wp-content\/uploads\/2025\/08\/properp.jpg?resize=350%2C200&ssl=1","width":350,"height":200,"srcset":"https:\/\/i0.wp.com\/lasprimeras.com.do\/wp-content\/uploads\/2025\/08\/properp.jpg?resize=350%2C200&ssl=1 1x, https:\/\/i0.wp.com\/lasprimeras.com.do\/wp-content\/uploads\/2025\/08\/properp.jpg?resize=525%2C300&ssl=1 1.5x, https:\/\/i0.wp.com\/lasprimeras.com.do\/wp-content\/uploads\/2025\/08\/properp.jpg?resize=700%2C400&ssl=1 2x"},"classes":[]},{"id":89919,"url":"https:\/\/lasprimeras.com.do\/index.php\/2024\/10\/07\/abinader-encabeza-presentacion-del-proyecto-de-ley-de-modernizacion-fiscal-en-la-semanal\/","url_meta":{"origin":58090,"position":3},"title":"Abinader encabeza presentaci\u00f3n del proyecto de ley de modernizaci\u00f3n fiscal en LA Semanal","author":"Paola Castillo","date":"7 de octubre de 2024","format":false,"excerpt":"Santo Domingo. - El presidente Luis Abinader encabez\u00f3, junto a la vicepresidenta Raquel Pe\u00f1a, la presentaci\u00f3n del proyecto de ley de modernizaci\u00f3n fiscal que busca elevar el nivel de desarrollo del pa\u00eds, mejorando los servicios de educaci\u00f3n, salud, seguridad, transporte, salarios, ayudas sociales. La misma ser\u00e1 presentada este martes ante\u2026","rel":"","context":"En \u00abNACIONALES\u00bb","block_context":{"text":"NACIONALES","link":"https:\/\/lasprimeras.com.do\/index.php\/category\/nacionales\/"},"img":{"alt_text":"","src":"https:\/\/i0.wp.com\/lasprimeras.com.do\/wp-content\/uploads\/2024\/10\/WhatsApp-Image-2024-10-08-at-2.19.17-PM.jpeg?resize=350%2C200&ssl=1","width":350,"height":200,"srcset":"https:\/\/i0.wp.com\/lasprimeras.com.do\/wp-content\/uploads\/2024\/10\/WhatsApp-Image-2024-10-08-at-2.19.17-PM.jpeg?resize=350%2C200&ssl=1 1x, https:\/\/i0.wp.com\/lasprimeras.com.do\/wp-content\/uploads\/2024\/10\/WhatsApp-Image-2024-10-08-at-2.19.17-PM.jpeg?resize=525%2C300&ssl=1 1.5x, https:\/\/i0.wp.com\/lasprimeras.com.do\/wp-content\/uploads\/2024\/10\/WhatsApp-Image-2024-10-08-at-2.19.17-PM.jpeg?resize=700%2C400&ssl=1 2x, https:\/\/i0.wp.com\/lasprimeras.com.do\/wp-content\/uploads\/2024\/10\/WhatsApp-Image-2024-10-08-at-2.19.17-PM.jpeg?resize=1050%2C600&ssl=1 3x"},"classes":[]},{"id":87747,"url":"https:\/\/lasprimeras.com.do\/index.php\/2024\/08\/16\/abinader-declara-pobreza-monetaria-pais-es-la-mas-baja-de-la-historia\/","url_meta":{"origin":58090,"position":4},"title":"Abinader declara pobreza monetaria pa\u00eds es la m\u00e1s baja de la historia","author":"Nelson Feliz","date":"16 de agosto de 2024","format":false,"excerpt":"Mandatario afirma subalimentaci\u00f3n se ha reducido en un 45%, que hay un r\u00e9cord de trabajadores activos, que el desempleo se ha situado en un 5% y que, adem\u00e1s, el salario m\u00ednimo promedio ha crecido un 14% por encima de la inflaci\u00f3n. El presidente Luis Abinader declar\u00f3 este viernes que la\u2026","rel":"","context":"En \u00abECONOM\u00cdA\u00bb","block_context":{"text":"ECONOM\u00cdA","link":"https:\/\/lasprimeras.com.do\/index.php\/category\/economia\/"},"img":{"alt_text":"Luis Abinader","src":"https:\/\/i0.wp.com\/lasprimeras.com.do\/wp-content\/uploads\/2024\/08\/Luis-Abinader-12.jpg?resize=350%2C200&ssl=1","width":350,"height":200,"srcset":"https:\/\/i0.wp.com\/lasprimeras.com.do\/wp-content\/uploads\/2024\/08\/Luis-Abinader-12.jpg?resize=350%2C200&ssl=1 1x, https:\/\/i0.wp.com\/lasprimeras.com.do\/wp-content\/uploads\/2024\/08\/Luis-Abinader-12.jpg?resize=525%2C300&ssl=1 1.5x"},"classes":[]},{"id":82300,"url":"https:\/\/lasprimeras.com.do\/index.php\/2024\/05\/01\/reformas-tributaria-y-gasto-temas-pendientes-abinader\/","url_meta":{"origin":58090,"position":5},"title":"Reformas tributaria y gasto, temas pendientes Abinader","author":"BIMARY DE JES\u00daS Matos","date":"1 de mayo de 2024","format":false,"excerpt":"Santo Domingo:- El presidente y candidato presidencial del Partido Revolucionario Moderno (PRM), Luis Abinader, manifest\u00f3 que tras ganar las elecciones el pr\u00f3ximo 19 de mayo convocar\u00e1 a los diferentes sectores de la vida nacional para discutir grandes cambios, entre ellos una reforma del gasto p\u00fablico y una tributaria. Al enumerar\u2026","rel":"","context":"En \u00abPORTADA\u00bb","block_context":{"text":"PORTADA","link":"https:\/\/lasprimeras.com.do\/index.php\/category\/portada\/"},"img":{"alt_text":"","src":"https:\/\/i0.wp.com\/lasprimeras.com.do\/wp-content\/uploads\/2024\/04\/6a0c8a05-4f4b-48f5-a1d9-1ad180753c4a-21.webp?resize=350%2C200&ssl=1","width":350,"height":200,"srcset":"https:\/\/i0.wp.com\/lasprimeras.com.do\/wp-content\/uploads\/2024\/04\/6a0c8a05-4f4b-48f5-a1d9-1ad180753c4a-21.webp?resize=350%2C200&ssl=1 1x, https:\/\/i0.wp.com\/lasprimeras.com.do\/wp-content\/uploads\/2024\/04\/6a0c8a05-4f4b-48f5-a1d9-1ad180753c4a-21.webp?resize=525%2C300&ssl=1 1.5x, https:\/\/i0.wp.com\/lasprimeras.com.do\/wp-content\/uploads\/2024\/04\/6a0c8a05-4f4b-48f5-a1d9-1ad180753c4a-21.webp?resize=700%2C400&ssl=1 2x"},"classes":[]}],"jetpack_sharing_enabled":true,"_links":{"self":[{"href":"https:\/\/lasprimeras.com.do\/index.php\/wp-json\/wp\/v2\/posts\/58090","targetHints":{"allow":["GET"]}}],"collection":[{"href":"https:\/\/lasprimeras.com.do\/index.php\/wp-json\/wp\/v2\/posts"}],"about":[{"href":"https:\/\/lasprimeras.com.do\/index.php\/wp-json\/wp\/v2\/types\/post"}],"author":[{"embeddable":true,"href":"https:\/\/lasprimeras.com.do\/index.php\/wp-json\/wp\/v2\/users\/2"}],"replies":[{"embeddable":true,"href":"https:\/\/lasprimeras.com.do\/index.php\/wp-json\/wp\/v2\/comments?post=58090"}],"version-history":[{"count":1,"href":"https:\/\/lasprimeras.com.do\/index.php\/wp-json\/wp\/v2\/posts\/58090\/revisions"}],"predecessor-version":[{"id":58092,"href":"https:\/\/lasprimeras.com.do\/index.php\/wp-json\/wp\/v2\/posts\/58090\/revisions\/58092"}],"wp:featuredmedia":[{"embeddable":true,"href":"https:\/\/lasprimeras.com.do\/index.php\/wp-json\/wp\/v2\/media\/58091"}],"wp:attachment":[{"href":"https:\/\/lasprimeras.com.do\/index.php\/wp-json\/wp\/v2\/media?parent=58090"}],"wp:term":[{"taxonomy":"category","embeddable":true,"href":"https:\/\/lasprimeras.com.do\/index.php\/wp-json\/wp\/v2\/categories?post=58090"},{"taxonomy":"post_tag","embeddable":true,"href":"https:\/\/lasprimeras.com.do\/index.php\/wp-json\/wp\/v2\/tags?post=58090"}],"curies":[{"name":"wp","href":"https:\/\/api.w.org\/{rel}","templated":true}]}}