{"id":58096,"date":"2023-08-19T23:04:30","date_gmt":"2023-08-20T03:04:30","guid":{"rendered":"https:\/\/lasprimeras.com.do\/?p=58096"},"modified":"2023-08-19T23:04:32","modified_gmt":"2023-08-20T03:04:32","slug":"casc-y-el-hospital-profesor-juan-bosch-firman-acuerdo-de-colaboracion-en-favor-de-comunicadores","status":"publish","type":"post","link":"https:\/\/lasprimeras.com.do\/index.php\/2023\/08\/19\/casc-y-el-hospital-profesor-juan-bosch-firman-acuerdo-de-colaboracion-en-favor-de-comunicadores\/","title":{"rendered":"CASC y el Hospital\u00a0Profesor Juan Bosch firman acuerdo de colaboraci\u00f3n en favor de comunicadores"},"content":{"rendered":"\n<p>Por Perfecto Rosario<\/p>\n\n\n\n<p>La Central Aut\u00f3noma Sindical Clasista (CASC) junto a sus organizaciones afiliadas UNTC y UCROPOL firm\u00f3 un acuerdo con el Hospital Traumat\u00f3logo&nbsp; y Quir\u00fargico Profesor Juan Bosch, ubicado en el Pino, La Vega.<\/p>\n\n\n\n<p>El doctor Eligi\u00f3 Joel Ortega, dijo que el&nbsp; acuerdo consiste en que este centro de salud se compromete&nbsp; en brindarle servicio&nbsp; a los miembros de los gremios period\u00edsticos (UNTC y UCROPOL) activos y sus familiares.<\/p>\n\n\n\n<p>Mientras que los comunicadores miembros de estas organizaciones a su vez&nbsp; van a colaborar con mensajes positivos en favor del Hospital Profesor Juan Bosch.<\/p>\n\n\n\n<p>La firma del convenio fue hecha&nbsp; por la CASC su presidente Gabriel del R\u00edo y por el hospital ,el director doctor Eligi\u00f3 Ortega, en presencia de los presidentes de la UNTC, Juan Francisco Morel, de UCROPOL, Ireno B\u00e1ez, as\u00ed como los dirigentes de estos gremios Heriberto Paulino(Colegom) y Perfecto Rosario.<\/p>\n","protected":false},"excerpt":{"rendered":"<p>Por Perfecto Rosario La Central Aut\u00f3noma Sindical Clasista (CASC) junto a sus organizaciones afiliadas UNTC y UCROPOL firm\u00f3 un acuerdo con el Hospital Traumat\u00f3logo&nbsp; y Quir\u00fargico Profesor Juan Bosch, ubicado&hellip;<\/p>\n","protected":false},"author":2,"featured_media":58097,"comment_status":"open","ping_status":"open","sticky":false,"template":"","format":"standard","meta":{"content-type":"","jetpack_post_was_ever_published":false,"_jetpack_newsletter_access":"","_jetpack_dont_email_post_to_subs":false,"_jetpack_newsletter_tier_id":0,"_jetpack_memberships_contains_paywalled_content":false,"_jetpack_memberships_contains_paid_content":false,"footnotes":""},"categories":[35],"tags":[521,4920,352,3467,4092],"class_list":["post-58096","post","type-post","status-publish","format-standard","has-post-thumbnail","hentry","category-nacionales","tag-acuerdo","tag-casc","tag-comunicadores","tag-hospital","tag-juan-bosch"],"jetpack_featured_media_url":"https:\/\/lasprimeras.com.do\/wp-content\/uploads\/2023\/08\/Acuerdo.jpg","jetpack-related-posts":[{"id":119394,"url":"https:\/\/lasprimeras.com.do\/index.php\/2026\/01\/12\/hospital-traumatologico-profesor-juan-bosch-destaca-avances-al-servicio-de-la-poblacion\/","url_meta":{"origin":58096,"position":0},"title":"Hospital Traumatol\u00f3gico Profesor Juan Bosch destaca avances al servicio de la poblaci\u00f3n","author":"Nelson Feliz","date":"12 de enero de 2026","format":false,"excerpt":"Hospital","rel":"","context":"En \u00abSALUD\u00bb","block_context":{"text":"SALUD","link":"https:\/\/lasprimeras.com.do\/index.php\/category\/salud\/"},"img":{"alt_text":"","src":"https:\/\/i0.wp.com\/lasprimeras.com.do\/wp-content\/uploads\/2026\/01\/IMG-20260111-WA0449.jpg?resize=350%2C200&ssl=1","width":350,"height":200,"srcset":"https:\/\/i0.wp.com\/lasprimeras.com.do\/wp-content\/uploads\/2026\/01\/IMG-20260111-WA0449.jpg?resize=350%2C200&ssl=1 1x, https:\/\/i0.wp.com\/lasprimeras.com.do\/wp-content\/uploads\/2026\/01\/IMG-20260111-WA0449.jpg?resize=525%2C300&ssl=1 1.5x, https:\/\/i0.wp.com\/lasprimeras.com.do\/wp-content\/uploads\/2026\/01\/IMG-20260111-WA0449.jpg?resize=700%2C400&ssl=1 2x, https:\/\/i0.wp.com\/lasprimeras.com.do\/wp-content\/uploads\/2026\/01\/IMG-20260111-WA0449.jpg?resize=1050%2C600&ssl=1 3x, https:\/\/i0.wp.com\/lasprimeras.com.do\/wp-content\/uploads\/2026\/01\/IMG-20260111-WA0449.jpg?resize=1400%2C800&ssl=1 4x"},"classes":[]},{"id":112816,"url":"https:\/\/lasprimeras.com.do\/index.php\/2025\/10\/27\/exdiputado-arremete-contra-el-cambio-de-nombre-de-la-avenida-ecologica-profesor-juan-bosch-por-la-av-doctor-jose-francisco-pena-gomez\/","url_meta":{"origin":58096,"position":1},"title":"Exdiputado arremete contra el cambio de nombre de la\u00a0avenida Ecol\u00f3gica profesor Juan Bosch por la Av. doctor Jos\u00e9 Francisco Pe\u00f1a G\u00f3mez","author":"Nelson Feliz","date":"27 de octubre de 2025","format":false,"excerpt":"El exdiputado y\u00a0 miembro del Comit\u00e9 Central del Partido de la Liberaci\u00f3n Dominicana (PLD) D,\u00a0V\u00edctor Manuel Terrero, ha alzado su voz en protesta contra la aprobaci\u00f3n legislativa que renombra la\u00a0avenida Ecol\u00f3gica\u00a0profesor Juan Bosch por la Avenida doctor Jos\u00e9 Francisco Pe\u00f1a G\u00f3mez. Terrero, un destacado miembro del Comit\u00e9 Central del Partido\u2026","rel":"","context":"En \u00abPOLITICA\u00bb","block_context":{"text":"POLITICA","link":"https:\/\/lasprimeras.com.do\/index.php\/category\/politica\/"},"img":{"alt_text":"V\u00edctor Manuel Terrero","src":"https:\/\/i0.wp.com\/lasprimeras.com.do\/wp-content\/uploads\/2024\/04\/Victor-Manuel-Terrero.jpg?resize=350%2C200&ssl=1","width":350,"height":200,"srcset":"https:\/\/i0.wp.com\/lasprimeras.com.do\/wp-content\/uploads\/2024\/04\/Victor-Manuel-Terrero.jpg?resize=350%2C200&ssl=1 1x, https:\/\/i0.wp.com\/lasprimeras.com.do\/wp-content\/uploads\/2024\/04\/Victor-Manuel-Terrero.jpg?resize=525%2C300&ssl=1 1.5x"},"classes":[]},{"id":106226,"url":"https:\/\/lasprimeras.com.do\/index.php\/2025\/08\/12\/instituto-de-formacion-juan-bosch-y-unicaribe-firman-un-acuerdo-de-colaboracion\/","url_meta":{"origin":58096,"position":2},"title":"Instituto de Formaci\u00f3n Juan Bosch y UNICARIBE firman un acuerdo de colaboraci\u00f3n","author":"Nelson Feliz","date":"12 de agosto de 2025","format":false,"excerpt":"Programas de grado, postgrado, maestr\u00edas, diplomados, talleres, seminarios y conferencias en la Formaci\u00f3n Pol\u00edtica del PLD. El Instituto de Formaci\u00f3n Pol\u00edtica Profesor Juan Bosch del Partido de la Liberaci\u00f3n (PLD) y la Universidad del Caribe (UNICARIBE) firmaron un acuerdo de colaboraci\u00f3n acad\u00e9mica, orientado a fortalecer la formaci\u00f3n, investigaci\u00f3n y certificaci\u00f3n\u2026","rel":"","context":"En \u00abPOLITICA\u00bb","block_context":{"text":"POLITICA","link":"https:\/\/lasprimeras.com.do\/index.php\/category\/politica\/"},"img":{"alt_text":"","src":"https:\/\/i0.wp.com\/lasprimeras.com.do\/wp-content\/uploads\/2025\/08\/Alejandrina-German-Jose-Alejandro-Aybar-y-Johnny-Pujols.jpg?resize=350%2C200&ssl=1","width":350,"height":200,"srcset":"https:\/\/i0.wp.com\/lasprimeras.com.do\/wp-content\/uploads\/2025\/08\/Alejandrina-German-Jose-Alejandro-Aybar-y-Johnny-Pujols.jpg?resize=350%2C200&ssl=1 1x, https:\/\/i0.wp.com\/lasprimeras.com.do\/wp-content\/uploads\/2025\/08\/Alejandrina-German-Jose-Alejandro-Aybar-y-Johnny-Pujols.jpg?resize=525%2C300&ssl=1 1.5x, https:\/\/i0.wp.com\/lasprimeras.com.do\/wp-content\/uploads\/2025\/08\/Alejandrina-German-Jose-Alejandro-Aybar-y-Johnny-Pujols.jpg?resize=700%2C400&ssl=1 2x"},"classes":[]},{"id":53183,"url":"https:\/\/lasprimeras.com.do\/index.php\/2023\/06\/24\/se-encuentran-estables-ocho-ninos-que-resultaron-heridos-en-un-accidente-en-la-autopista-duarte\/","url_meta":{"origin":58096,"position":3},"title":"Se encuentran estables ocho ni\u00f1os que resultaron heridos en un Accidente en la Autopista Duarte","author":"Nelson Feliz","date":"24 de junio de 2023","format":false,"excerpt":"El Servicio Regional de Salud Cibao Central inform\u00f3 que los hospitales Luis Morillo King y el Traumatol\u00f3gico Profesor Juan Bosch de La Vega, recibieron un total de 27 personas, quienes resultaron heridas durante el accidente de un autob\u00fas de pasajeros en la comunidad de Guaco, autopista Duarte. La directora regional,\u2026","rel":"","context":"En \u00abNACIONALES\u00bb","block_context":{"text":"NACIONALES","link":"https:\/\/lasprimeras.com.do\/index.php\/category\/nacionales\/"},"img":{"alt_text":"","src":"https:\/\/i0.wp.com\/lasprimeras.com.do\/wp-content\/uploads\/2023\/06\/accidente.jpg?resize=350%2C200&ssl=1","width":350,"height":200,"srcset":"https:\/\/i0.wp.com\/lasprimeras.com.do\/wp-content\/uploads\/2023\/06\/accidente.jpg?resize=350%2C200&ssl=1 1x, https:\/\/i0.wp.com\/lasprimeras.com.do\/wp-content\/uploads\/2023\/06\/accidente.jpg?resize=525%2C300&ssl=1 1.5x"},"classes":[]},{"id":102253,"url":"https:\/\/lasprimeras.com.do\/index.php\/2025\/07\/02\/barahona-celebra-natalicio-del-profesor-juan-bosch\/","url_meta":{"origin":58096,"position":4},"title":"Barahona celebra natalicio del Profesor Juan Bosch","author":"Nelson Feliz","date":"2 de julio de 2025","format":false,"excerpt":"Comit\u00e9 Municipal del PLD en Barahona reporta las actividades celebradas en el natalicio del Profesor Juan Bosch. El Partido de la Liberaci\u00f3n Dominicana (PLD) en Barahona celebr\u00f3 el natalicio del Profesor Juan Bosch con una eucarist\u00eda, una Ofrenda Floral y la presentaci\u00f3n del documental Vanguardia de la Democracia. La participaci\u00f3n\u2026","rel":"","context":"En \u00abPOLITICA\u00bb","block_context":{"text":"POLITICA","link":"https:\/\/lasprimeras.com.do\/index.php\/category\/politica\/"},"img":{"alt_text":"","src":"https:\/\/i0.wp.com\/lasprimeras.com.do\/wp-content\/uploads\/2025\/07\/Barahona-celebra-natalicio-del-Profesor-Juan-Bosch.jpg?resize=350%2C200&ssl=1","width":350,"height":200,"srcset":"https:\/\/i0.wp.com\/lasprimeras.com.do\/wp-content\/uploads\/2025\/07\/Barahona-celebra-natalicio-del-Profesor-Juan-Bosch.jpg?resize=350%2C200&ssl=1 1x, https:\/\/i0.wp.com\/lasprimeras.com.do\/wp-content\/uploads\/2025\/07\/Barahona-celebra-natalicio-del-Profesor-Juan-Bosch.jpg?resize=525%2C300&ssl=1 1.5x, https:\/\/i0.wp.com\/lasprimeras.com.do\/wp-content\/uploads\/2025\/07\/Barahona-celebra-natalicio-del-Profesor-Juan-Bosch.jpg?resize=700%2C400&ssl=1 2x"},"classes":[]},{"id":112842,"url":"https:\/\/lasprimeras.com.do\/index.php\/2025\/10\/27\/senado-designa-con-los-nombres-profesor-juan-bosch-la-circunvalacion-y-doctor-jose-francisco-pena-gomez-la-av-ecologica\/","url_meta":{"origin":58096,"position":5},"title":"Senado designa con los nombres \u201cProfesor Juan Bosch\u201d la Circunvalaci\u00f3n, y \u201cDoctor Jos\u00e9 Francisco Pe\u00f1a G\u00f3mez\u201d, la Av. Ecol\u00f3gica","author":"Nelson Feliz","date":"27 de octubre de 2025","format":false,"excerpt":"Por: Adalgisa S\u00e1nchez El Senado de la Rep\u00fablica aprob\u00f3 en dos lecturas consecutivas el Proyecto de Ley que designa con los nombres \u201cProfesor Juan Bosch\u201d, la autopista Circunvalaci\u00f3n de Santo Domingo; y \u201cdoctor Jos\u00e9 Francisco Pe\u00f1a G\u00f3mez\u201d, la avenida Ecol\u00f3gica, ubicadas en la provincia Santo Domingo. La pieza legislativa es\u2026","rel":"","context":"En \u00abPOLITICA\u00bb","block_context":{"text":"POLITICA","link":"https:\/\/lasprimeras.com.do\/index.php\/category\/politica\/"},"img":{"alt_text":"","src":"https:\/\/i0.wp.com\/lasprimeras.com.do\/wp-content\/uploads\/2025\/10\/senado-5.jpg?resize=350%2C200&ssl=1","width":350,"height":200,"srcset":"https:\/\/i0.wp.com\/lasprimeras.com.do\/wp-content\/uploads\/2025\/10\/senado-5.jpg?resize=350%2C200&ssl=1 1x, https:\/\/i0.wp.com\/lasprimeras.com.do\/wp-content\/uploads\/2025\/10\/senado-5.jpg?resize=525%2C300&ssl=1 1.5x, https:\/\/i0.wp.com\/lasprimeras.com.do\/wp-content\/uploads\/2025\/10\/senado-5.jpg?resize=700%2C400&ssl=1 2x"},"classes":[]}],"jetpack_sharing_enabled":true,"_links":{"self":[{"href":"https:\/\/lasprimeras.com.do\/index.php\/wp-json\/wp\/v2\/posts\/58096","targetHints":{"allow":["GET"]}}],"collection":[{"href":"https:\/\/lasprimeras.com.do\/index.php\/wp-json\/wp\/v2\/posts"}],"about":[{"href":"https:\/\/lasprimeras.com.do\/index.php\/wp-json\/wp\/v2\/types\/post"}],"author":[{"embeddable":true,"href":"https:\/\/lasprimeras.com.do\/index.php\/wp-json\/wp\/v2\/users\/2"}],"replies":[{"embeddable":true,"href":"https:\/\/lasprimeras.com.do\/index.php\/wp-json\/wp\/v2\/comments?post=58096"}],"version-history":[{"count":1,"href":"https:\/\/lasprimeras.com.do\/index.php\/wp-json\/wp\/v2\/posts\/58096\/revisions"}],"predecessor-version":[{"id":58098,"href":"https:\/\/lasprimeras.com.do\/index.php\/wp-json\/wp\/v2\/posts\/58096\/revisions\/58098"}],"wp:featuredmedia":[{"embeddable":true,"href":"https:\/\/lasprimeras.com.do\/index.php\/wp-json\/wp\/v2\/media\/58097"}],"wp:attachment":[{"href":"https:\/\/lasprimeras.com.do\/index.php\/wp-json\/wp\/v2\/media?parent=58096"}],"wp:term":[{"taxonomy":"category","embeddable":true,"href":"https:\/\/lasprimeras.com.do\/index.php\/wp-json\/wp\/v2\/categories?post=58096"},{"taxonomy":"post_tag","embeddable":true,"href":"https:\/\/lasprimeras.com.do\/index.php\/wp-json\/wp\/v2\/tags?post=58096"}],"curies":[{"name":"wp","href":"https:\/\/api.w.org\/{rel}","templated":true}]}}