{"id":58099,"date":"2023-08-19T23:09:53","date_gmt":"2023-08-20T03:09:53","guid":{"rendered":"https:\/\/lasprimeras.com.do\/?p=58099"},"modified":"2023-08-19T23:09:55","modified_gmt":"2023-08-20T03:09:55","slug":"sorprenden-ladron-intentando-robar-cables-y-switches-en-los-piantini-sfm","status":"publish","type":"post","link":"https:\/\/lasprimeras.com.do\/index.php\/2023\/08\/19\/sorprenden-ladron-intentando-robar-cables-y-switches-en-los-piantini-sfm\/","title":{"rendered":"Sorprenden ladr\u00f3n intentando robar cables y switches en Los Piantini, SFM"},"content":{"rendered":"\n<p>Un joven fue sorprendido por la propietaria de una casa al momento en que intentaba sustraer cables y switches en la urbanizaci\u00f3n Piantini de San Francisco de Macor\u00eds.<\/p>\n\n\n\n<p>Informaciones obtenidas arrojan que este le \u201ctiro la pasola encima\u201d a la f\u00e9mina que lo descubri\u00f3, caus\u00e1ndole leves golpes en distintas partes del cuerpo.<\/p>\n\n\n\n<p>Al lugar de lo ocurrido llegaron agentes adscritos a polic\u00eda nacional para apresarlo y trasladarlo al cuartel general de la ciudad El Jaya.<\/p>\n\n\n\n<p>Hasta el momento desconocemos la identidad del supuesto malhechor que se salv\u00f3 en \u201ctablita\u201d de que se le aplicara la olvidada y tan necesitada \u201ct\u00e9cnica barrial\u201d.<\/p>\n\n\n\n<p>Fuente Contacto News<\/p>\n","protected":false},"excerpt":{"rendered":"<p>Un joven fue sorprendido por la propietaria de una casa al momento en que intentaba sustraer cables y switches en la urbanizaci\u00f3n Piantini de San Francisco de Macor\u00eds. Informaciones obtenidas&hellip;<\/p>\n","protected":false},"author":2,"featured_media":58100,"comment_status":"open","ping_status":"open","sticky":false,"template":"","format":"standard","meta":{"content-type":"","jetpack_post_was_ever_published":false,"_jetpack_newsletter_access":"","_jetpack_dont_email_post_to_subs":false,"_jetpack_newsletter_tier_id":0,"_jetpack_memberships_contains_paywalled_content":false,"_jetpack_memberships_contains_paid_content":false,"footnotes":""},"categories":[35],"tags":[6456,6454,6457,794,59,6458,6455],"class_list":["post-58099","post","type-post","status-publish","format-standard","has-post-thumbnail","hentry","category-nacionales","tag-cables","tag-ladron","tag-los-piantini","tag-robar","tag-sfm","tag-sorprenden","tag-switches"],"jetpack_featured_media_url":"https:\/\/lasprimeras.com.do\/wp-content\/uploads\/2023\/08\/Ladron.jpg","jetpack-related-posts":[{"id":78707,"url":"https:\/\/lasprimeras.com.do\/index.php\/2024\/03\/19\/apresan-a-dos-hombres-por-robo-en-la-clinica-dr-cruz-jiminian\/","url_meta":{"origin":58099,"position":0},"title":"Apresan a dos hombres por robo en la Cl\u00ednica Dr. Cruz Jimini\u00e1n","author":"BIMARY DE JES\u00daS Matos","date":"19 de marzo de 2024","format":false,"excerpt":"Agentes policiales, adscritos a la Direcci\u00f3n Central de Investigaci\u00f3n (Dicrim), apresaron a dos hombres que el pasado 15 de marzo penetraron al \u00e1rea de Resonancia Magn\u00e9tica de la Cl\u00ednica Dr. Cruz Jimini\u00e1n, en el sector de Cristo Rey, de donde lograron sustraer una computadora completa. Los detenidos son Jos\u00e9 Luis\u2026","rel":"","context":"En \u00abPORTADA\u00bb","block_context":{"text":"PORTADA","link":"https:\/\/lasprimeras.com.do\/index.php\/category\/portada\/"},"img":{"alt_text":"","src":"https:\/\/i0.wp.com\/lasprimeras.com.do\/wp-content\/uploads\/2024\/03\/WhatsApp-Image-2024-03-19-at-11.25.24-AM.jpeg?resize=350%2C200&ssl=1","width":350,"height":200,"srcset":"https:\/\/i0.wp.com\/lasprimeras.com.do\/wp-content\/uploads\/2024\/03\/WhatsApp-Image-2024-03-19-at-11.25.24-AM.jpeg?resize=350%2C200&ssl=1 1x, https:\/\/i0.wp.com\/lasprimeras.com.do\/wp-content\/uploads\/2024\/03\/WhatsApp-Image-2024-03-19-at-11.25.24-AM.jpeg?resize=525%2C300&ssl=1 1.5x, https:\/\/i0.wp.com\/lasprimeras.com.do\/wp-content\/uploads\/2024\/03\/WhatsApp-Image-2024-03-19-at-11.25.24-AM.jpeg?resize=700%2C400&ssl=1 2x"},"classes":[]},{"id":83704,"url":"https:\/\/lasprimeras.com.do\/index.php\/2024\/05\/23\/apresan-haitiano-acusado-de-violar-a-una-compatriota-en-sfm\/","url_meta":{"origin":58099,"position":1},"title":"Apresan haitiano acusado de violar a una compatriota en SFM","author":"Nelson Feliz","date":"23 de mayo de 2024","format":false,"excerpt":"El acusado afirm\u00f3 que no sabe nada del caso, que es inocente Agentes policiales apresaron este jueves a un haitiano, quien presuntamente junto a otros cuatro asaltaron y violaron a una compatriota, la semana pasada en la urbanizaci\u00f3n Toribio Piantini de San Francisco de Macor\u00eds. El acusado afirm\u00f3 que no\u2026","rel":"","context":"En \u00abNACIONALES\u00bb","block_context":{"text":"NACIONALES","link":"https:\/\/lasprimeras.com.do\/index.php\/category\/nacionales\/"},"img":{"alt_text":"","src":"","width":0,"height":0},"classes":[]},{"id":74317,"url":"https:\/\/lasprimeras.com.do\/index.php\/2024\/01\/22\/mueren-intoxicados-por-fumigacion-una-mujer-y-su-bebe-en-piantini\/","url_meta":{"origin":58099,"position":2},"title":"Mueren intoxicados por fumigaci\u00f3n una mujer y su beb\u00e9 en Piantini","author":"Nelson Feliz","date":"22 de enero de 2024","format":false,"excerpt":"-Hay una tercera persona ingresada en cuidados intensivos. Una mujer y su beb\u00e9 de dos meses fallecieron la ma\u00f1ana de este domingo como consecuencia de una fumigaci\u00f3n en un apartamento de una torre en el sector Piantini, de esta capital. La mujer fue identificada como Adelle Ruiz Le\u00f3n, mientras que\u2026","rel":"","context":"En \u00abNACIONALES\u00bb","block_context":{"text":"NACIONALES","link":"https:\/\/lasprimeras.com.do\/index.php\/category\/nacionales\/"},"img":{"alt_text":"Personas se consuelan en la torre Da Silva 3 luego de la muerte de una mujer y su beb\u00e9 por una fumigaci\u00f3n en un apartamento. (DIARIO LIBRE\/KEVIN RIVAS)","src":"https:\/\/i0.wp.com\/lasprimeras.com.do\/wp-content\/uploads\/2024\/01\/mueren.jpg?resize=350%2C200&ssl=1","width":350,"height":200,"srcset":"https:\/\/i0.wp.com\/lasprimeras.com.do\/wp-content\/uploads\/2024\/01\/mueren.jpg?resize=350%2C200&ssl=1 1x, https:\/\/i0.wp.com\/lasprimeras.com.do\/wp-content\/uploads\/2024\/01\/mueren.jpg?resize=525%2C300&ssl=1 1.5x, https:\/\/i0.wp.com\/lasprimeras.com.do\/wp-content\/uploads\/2024\/01\/mueren.jpg?resize=700%2C400&ssl=1 2x"},"classes":[]},{"id":108195,"url":"https:\/\/lasprimeras.com.do\/index.php\/2025\/09\/03\/consul-dominicano-en-madrid-reconoce-apoyo-de-la-policia-de-espana-a-los-dominicanos\/","url_meta":{"origin":58099,"position":3},"title":"C\u00f3nsul dominicano en Madrid reconoce apoyo de la Polic\u00eda de Espa\u00f1a a los dominicanos","author":"Nelson Feliz","date":"3 de septiembre de 2025","format":false,"excerpt":"Madrid, Espa\u00f1a.-.El Consulado General de la Rep\u00fablica Dominicana en Madrid reconoci\u00f3 a cuatro miembros de la Polic\u00eda Nacional de Espa\u00f1a por su destacada colaboraci\u00f3n que, de manera constante, han brindado a la misi\u00f3n consular y a la comunidad dominicana en situaciones de vulnerabilidad. Los homenajeados fueron Jos\u00e9 Manuel Ramos Matilla,\u2026","rel":"","context":"En \u00abINTERNACIONALES\u00bb","block_context":{"text":"INTERNACIONALES","link":"https:\/\/lasprimeras.com.do\/index.php\/category\/sin-categoria\/internacionales\/"},"img":{"alt_text":"","src":"https:\/\/i0.wp.com\/lasprimeras.com.do\/wp-content\/uploads\/2025\/09\/Jose-Marte-Piantini.jpg?resize=350%2C200&ssl=1","width":350,"height":200,"srcset":"https:\/\/i0.wp.com\/lasprimeras.com.do\/wp-content\/uploads\/2025\/09\/Jose-Marte-Piantini.jpg?resize=350%2C200&ssl=1 1x, https:\/\/i0.wp.com\/lasprimeras.com.do\/wp-content\/uploads\/2025\/09\/Jose-Marte-Piantini.jpg?resize=525%2C300&ssl=1 1.5x, https:\/\/i0.wp.com\/lasprimeras.com.do\/wp-content\/uploads\/2025\/09\/Jose-Marte-Piantini.jpg?resize=700%2C400&ssl=1 2x"},"classes":[]},{"id":74383,"url":"https:\/\/lasprimeras.com.do\/index.php\/2024\/01\/22\/gobierno-prohibe-importacion-de-quimico-que-causo-intoxicacion-en-torre-de-piantini\/","url_meta":{"origin":58099,"position":4},"title":"Gobierno proh\u00edbe importaci\u00f3n de qu\u00edmico que caus\u00f3 intoxicaci\u00f3n en torre de Piantini","author":"BIMARY DE JES\u00daS Matos","date":"22 de enero de 2024","format":false,"excerpt":"Santo Domingo.-El Ministro de la Presidencia, Joel Santos Echavarr\u00eda, anunci\u00f3 la decisi\u00f3n gubernamental de llevar a cabo la evacuaci\u00f3n de los residentes de la Torre Da Silva, ubicada en el sector Piantini del Distrito Nacional. Esta medida se adopta tras el tr\u00e1gico fallecimiento de dos personas debido a una intoxicaci\u00f3n\u2026","rel":"","context":"En \u00abNACIONALES\u00bb","block_context":{"text":"NACIONALES","link":"https:\/\/lasprimeras.com.do\/index.php\/category\/nacionales\/"},"img":{"alt_text":"","src":"https:\/\/i0.wp.com\/lasprimeras.com.do\/wp-content\/uploads\/2024\/01\/WhatsApp-Image-2024-01-22-at-2.58.29-PM.jpeg?resize=350%2C200&ssl=1","width":350,"height":200,"srcset":"https:\/\/i0.wp.com\/lasprimeras.com.do\/wp-content\/uploads\/2024\/01\/WhatsApp-Image-2024-01-22-at-2.58.29-PM.jpeg?resize=350%2C200&ssl=1 1x, https:\/\/i0.wp.com\/lasprimeras.com.do\/wp-content\/uploads\/2024\/01\/WhatsApp-Image-2024-01-22-at-2.58.29-PM.jpeg?resize=525%2C300&ssl=1 1.5x"},"classes":[]},{"id":71757,"url":"https:\/\/lasprimeras.com.do\/index.php\/2023\/12\/22\/apresan-hombre-por-homicidio-de-mujer-en-torre-de-piantini\/","url_meta":{"origin":58099,"position":5},"title":"Apresan hombre por homicidio de mujer en torre de Piantini","author":"BIMARY DE JES\u00daS Matos","date":"22 de diciembre de 2023","format":false,"excerpt":"Santo Domingo RD. \u2013 La Polic\u00eda Nacional inform\u00f3 que apres\u00f3 a un hombre que le quit\u00f3 la vida a una mujer, cuyo cuerpo fue encontrado mutilado en una torre en el Ensanche Piantini del Distrito Nacional, donde le fue ocupada una pistola con la cual cometi\u00f3 el hecho, tres armas\u2026","rel":"","context":"En \u00abNACIONALES\u00bb","block_context":{"text":"NACIONALES","link":"https:\/\/lasprimeras.com.do\/index.php\/category\/nacionales\/"},"img":{"alt_text":"","src":"https:\/\/i0.wp.com\/lasprimeras.com.do\/wp-content\/uploads\/2023\/12\/Noticias-de-energia-52-1.webp?resize=350%2C200&ssl=1","width":350,"height":200,"srcset":"https:\/\/i0.wp.com\/lasprimeras.com.do\/wp-content\/uploads\/2023\/12\/Noticias-de-energia-52-1.webp?resize=350%2C200&ssl=1 1x, https:\/\/i0.wp.com\/lasprimeras.com.do\/wp-content\/uploads\/2023\/12\/Noticias-de-energia-52-1.webp?resize=525%2C300&ssl=1 1.5x"},"classes":[]}],"jetpack_sharing_enabled":true,"_links":{"self":[{"href":"https:\/\/lasprimeras.com.do\/index.php\/wp-json\/wp\/v2\/posts\/58099","targetHints":{"allow":["GET"]}}],"collection":[{"href":"https:\/\/lasprimeras.com.do\/index.php\/wp-json\/wp\/v2\/posts"}],"about":[{"href":"https:\/\/lasprimeras.com.do\/index.php\/wp-json\/wp\/v2\/types\/post"}],"author":[{"embeddable":true,"href":"https:\/\/lasprimeras.com.do\/index.php\/wp-json\/wp\/v2\/users\/2"}],"replies":[{"embeddable":true,"href":"https:\/\/lasprimeras.com.do\/index.php\/wp-json\/wp\/v2\/comments?post=58099"}],"version-history":[{"count":1,"href":"https:\/\/lasprimeras.com.do\/index.php\/wp-json\/wp\/v2\/posts\/58099\/revisions"}],"predecessor-version":[{"id":58101,"href":"https:\/\/lasprimeras.com.do\/index.php\/wp-json\/wp\/v2\/posts\/58099\/revisions\/58101"}],"wp:featuredmedia":[{"embeddable":true,"href":"https:\/\/lasprimeras.com.do\/index.php\/wp-json\/wp\/v2\/media\/58100"}],"wp:attachment":[{"href":"https:\/\/lasprimeras.com.do\/index.php\/wp-json\/wp\/v2\/media?parent=58099"}],"wp:term":[{"taxonomy":"category","embeddable":true,"href":"https:\/\/lasprimeras.com.do\/index.php\/wp-json\/wp\/v2\/categories?post=58099"},{"taxonomy":"post_tag","embeddable":true,"href":"https:\/\/lasprimeras.com.do\/index.php\/wp-json\/wp\/v2\/tags?post=58099"}],"curies":[{"name":"wp","href":"https:\/\/api.w.org\/{rel}","templated":true}]}}