{"id":58105,"date":"2023-08-19T23:24:43","date_gmt":"2023-08-20T03:24:43","guid":{"rendered":"https:\/\/lasprimeras.com.do\/?p=58105"},"modified":"2023-08-19T23:24:44","modified_gmt":"2023-08-20T03:24:44","slug":"centro-nacional-de-huracanes-vigila-el-fenomeno-al90-podria-convertirse-en-depresion-tropical","status":"publish","type":"post","link":"https:\/\/lasprimeras.com.do\/index.php\/2023\/08\/19\/centro-nacional-de-huracanes-vigila-el-fenomeno-al90-podria-convertirse-en-depresion-tropical\/","title":{"rendered":"Centro Nacional de Huracanes vigila el fen\u00f3meno AL90; podr\u00eda convertirse en depresi\u00f3n tropical"},"content":{"rendered":"\n<p>El fen\u00f3meno podr\u00eda tomar fuerza a principios de la semana pr\u00f3xima.<\/p>\n\n\n\n<p>El Centro Nacional de Huracanes (NHC) inform\u00f3 la noche de ese s\u00e1bado que se mantiene vigilando una serie de sistemas activos en el oc\u00e9ano Atl\u00e1ntico.<\/p>\n\n\n\n<p>Entre ellos figura dentro de los pron\u00f3sticos el AL90, que podr\u00eda convertirse en una depresi\u00f3n tropical dentro de los pr\u00f3ximos siete d\u00edas, con una probabilidad del 70%.<\/p>\n\n\n\n<p>El fen\u00f3meno podr\u00eda tomar fuerza a principios de la semana pr\u00f3xima, mientras el sistema se mueve hacia el oeste-noroeste de 10 a 15 mph sobre el este y el centro Mar Caribe.<\/p>\n\n\n\n<p>El organismo inform\u00f3 que independientemente de la direcci\u00f3n que tome el AL90, es posible que genere fuertes lluvias y tormentas el\u00e9ctricas sobre las Islas de Barvolento, en las Antillas Menores.<\/p>\n\n\n\n<p>De igual forma, se\u00f1alaron que los territorios situados en el Caribe oriental y central deben monitorear el progreso de este sistema.<\/p>\n","protected":false},"excerpt":{"rendered":"<p>El fen\u00f3meno podr\u00eda tomar fuerza a principios de la semana pr\u00f3xima. El Centro Nacional de Huracanes (NHC) inform\u00f3 la noche de ese s\u00e1bado que se mantiene vigilando una serie de&hellip;<\/p>\n","protected":false},"author":2,"featured_media":58106,"comment_status":"open","ping_status":"open","sticky":false,"template":"","format":"standard","meta":{"content-type":"","jetpack_post_was_ever_published":false,"_jetpack_newsletter_access":"","_jetpack_dont_email_post_to_subs":false,"_jetpack_newsletter_tier_id":0,"_jetpack_memberships_contains_paywalled_content":false,"_jetpack_memberships_contains_paid_content":false,"footnotes":""},"categories":[35,25],"tags":[6462,743,4643,6463,6460,172,3830,6461],"class_list":["post-58105","post","type-post","status-publish","format-standard","has-post-thumbnail","hentry","category-nacionales","category-portada","tag-al90","tag-centro","tag-depresion","tag-fenomeno","tag-huracanes","tag-nacional","tag-tropical","tag-vigila"],"jetpack_featured_media_url":"https:\/\/lasprimeras.com.do\/wp-content\/uploads\/2023\/08\/huracanes.jpg","jetpack-related-posts":[{"id":59573,"url":"https:\/\/lasprimeras.com.do\/index.php\/2023\/09\/05\/depresion-tropical-13-podria-llegar-a-ser-un-huracan-mayor\/","url_meta":{"origin":58105,"position":0},"title":"Depresi\u00f3n tropical 13 podr\u00eda llegar a ser un hurac\u00e1n mayor","author":"Nelson Feliz","date":"5 de septiembre de 2023","format":false,"excerpt":"La actual temporada de huracanes en el Atl\u00e1ntico concluir\u00e1 el pr\u00f3ximo 1 de noviembre. Un \u00e1rea de baja presi\u00f3n en el centro del Atl\u00e1ntico dio paso este martes a la depresi\u00f3n tropical 13, que de acuerdo al Centro Nacional de Huracanes (NHC, en ingl\u00e9s) de Estados Unidos ser\u00e1 un hurac\u00e1n\u2026","rel":"","context":"En \u00abSin categor\u00eda\u00bb","block_context":{"text":"Sin categor\u00eda","link":"https:\/\/lasprimeras.com.do\/index.php\/category\/sin-categoria\/"},"img":{"alt_text":"Depresi\u00f3n tropical 13","src":"https:\/\/i0.wp.com\/lasprimeras.com.do\/wp-content\/uploads\/2023\/09\/Depresion-tropical-13.jpg?resize=350%2C200&ssl=1","width":350,"height":200,"srcset":"https:\/\/i0.wp.com\/lasprimeras.com.do\/wp-content\/uploads\/2023\/09\/Depresion-tropical-13.jpg?resize=350%2C200&ssl=1 1x, https:\/\/i0.wp.com\/lasprimeras.com.do\/wp-content\/uploads\/2023\/09\/Depresion-tropical-13.jpg?resize=525%2C300&ssl=1 1.5x, https:\/\/i0.wp.com\/lasprimeras.com.do\/wp-content\/uploads\/2023\/09\/Depresion-tropical-13.jpg?resize=700%2C400&ssl=1 2x"},"classes":[]},{"id":58020,"url":"https:\/\/lasprimeras.com.do\/index.php\/2023\/08\/18\/meteorologos-de-ee-uu-vigilan-cuatro-areas-de-baja-presion-en-el-atlantico\/","url_meta":{"origin":58105,"position":1},"title":"Meteor\u00f3logos de EE.UU. vigilan cuatro \u00e1reas de baja presi\u00f3n en el Atl\u00e1ntico","author":"Nelson Feliz","date":"18 de agosto de 2023","format":false,"excerpt":"El Centro Nacional de Huracanes (NHC, por su sigla en ingl\u00e9s) de EE.UU. vigila este viernes cuatro sistemas de baja presi\u00f3n formados en la cuenca atl\u00e1ntica, uno de los cuales presenta altas posibilidades de convertirse en una depresi\u00f3n tropical en las pr\u00f3ximas 48 horas. De acuerdo a un bolet\u00edn matutino\u2026","rel":"","context":"En \u00abSin categor\u00eda\u00bb","block_context":{"text":"Sin categor\u00eda","link":"https:\/\/lasprimeras.com.do\/index.php\/category\/sin-categoria\/"},"img":{"alt_text":"meteorologia","src":"https:\/\/i0.wp.com\/lasprimeras.com.do\/wp-content\/uploads\/2023\/08\/meteorologia.jpg?resize=350%2C200&ssl=1","width":350,"height":200,"srcset":"https:\/\/i0.wp.com\/lasprimeras.com.do\/wp-content\/uploads\/2023\/08\/meteorologia.jpg?resize=350%2C200&ssl=1 1x, https:\/\/i0.wp.com\/lasprimeras.com.do\/wp-content\/uploads\/2023\/08\/meteorologia.jpg?resize=525%2C300&ssl=1 1.5x, https:\/\/i0.wp.com\/lasprimeras.com.do\/wp-content\/uploads\/2023\/08\/meteorologia.jpg?resize=700%2C400&ssl=1 2x"},"classes":[]},{"id":63119,"url":"https:\/\/lasprimeras.com.do\/index.php\/2023\/10\/10\/meteorologia-vigila-onda-tropical-que-podria-ser-ciclon-tropical-en-las-proximas-48-horas\/","url_meta":{"origin":58105,"position":2},"title":"Meteorolog\u00eda vigila onda tropical que podr\u00eda ser cicl\u00f3n tropical en las pr\u00f3ximas 48 horas","author":"BIMARY DE JES\u00daS Matos","date":"10 de octubre de 2023","format":false,"excerpt":"Santo Domingo.- La Oficina Nacional de Meteorolog\u00eda (Onamet) inform\u00f3 hoy que vigila a una onda tropical localizada a varios cientos de kil\u00f3metros al sur de las islas de Cabo Verde, produciendo aguaceros y tormentas el\u00e9ctricas, con un potencial de 60 por ciento para convertirse en un cicl\u00f3n tropical en las\u2026","rel":"","context":"En \u00abNACIONALES\u00bb","block_context":{"text":"NACIONALES","link":"https:\/\/lasprimeras.com.do\/index.php\/category\/nacionales\/"},"img":{"alt_text":"","src":"https:\/\/i0.wp.com\/lasprimeras.com.do\/wp-content\/uploads\/2023\/10\/WhatsApp-Image-2023-10-09-at-6.14.13-PM-2-1.webp?resize=350%2C200&ssl=1","width":350,"height":200,"srcset":"https:\/\/i0.wp.com\/lasprimeras.com.do\/wp-content\/uploads\/2023\/10\/WhatsApp-Image-2023-10-09-at-6.14.13-PM-2-1.webp?resize=350%2C200&ssl=1 1x, https:\/\/i0.wp.com\/lasprimeras.com.do\/wp-content\/uploads\/2023\/10\/WhatsApp-Image-2023-10-09-at-6.14.13-PM-2-1.webp?resize=525%2C300&ssl=1 1.5x, https:\/\/i0.wp.com\/lasprimeras.com.do\/wp-content\/uploads\/2023\/10\/WhatsApp-Image-2023-10-09-at-6.14.13-PM-2-1.webp?resize=700%2C400&ssl=1 2x"},"classes":[]},{"id":61564,"url":"https:\/\/lasprimeras.com.do\/index.php\/2023\/09\/28\/trayectoria-de-la-tormenta-tropical-philippe-apunta-hacia-republica-dominicana-y-puerto-rico\/","url_meta":{"origin":58105,"position":3},"title":"Trayectoria de la Tormenta Tropical Philippe apunta hacia Rep\u00fablica Dominicana y Puerto Rico","author":"Nelson Feliz","date":"28 de septiembre de 2023","format":false,"excerpt":"Seg\u00fan el analista meteorol\u00f3gico Jean Suriel, la m\u00e1s reciente trayectoria de la Tormenta Tropical Philippe apunta hacia Rep\u00fablica Dominicana y Puerto Rico: el Centro Nacional de Huracanes de Estados Unidos est\u00e1 presentando un acercamiento a la regi\u00f3n del Caribe durante el fin de semana. El sistema meteorol\u00f3gico se ha movido\u2026","rel":"","context":"En \u00abNACIONALES\u00bb","block_context":{"text":"NACIONALES","link":"https:\/\/lasprimeras.com.do\/index.php\/category\/nacionales\/"},"img":{"alt_text":"Trayectoria de la Tormenta Tropical Philippe","src":"https:\/\/i0.wp.com\/lasprimeras.com.do\/wp-content\/uploads\/2023\/09\/Trayectoria-de-la-Tormenta-Tropical-Philippe.jpg?resize=350%2C200&ssl=1","width":350,"height":200,"srcset":"https:\/\/i0.wp.com\/lasprimeras.com.do\/wp-content\/uploads\/2023\/09\/Trayectoria-de-la-Tormenta-Tropical-Philippe.jpg?resize=350%2C200&ssl=1 1x, https:\/\/i0.wp.com\/lasprimeras.com.do\/wp-content\/uploads\/2023\/09\/Trayectoria-de-la-Tormenta-Tropical-Philippe.jpg?resize=525%2C300&ssl=1 1.5x, https:\/\/i0.wp.com\/lasprimeras.com.do\/wp-content\/uploads\/2023\/09\/Trayectoria-de-la-Tormenta-Tropical-Philippe.jpg?resize=700%2C400&ssl=1 2x"},"classes":[]},{"id":61688,"url":"https:\/\/lasprimeras.com.do\/index.php\/2023\/09\/29\/philippe-y-rina-siguen-al-este-de-las-antillas-menores-todavia-no-son-un-riesgo-para-tierra\/","url_meta":{"origin":58105,"position":4},"title":"Philippe y Rina siguen al este de las Antillas Menores; todav\u00eda no son un riesgo para tierra","author":"Nelson Feliz","date":"29 de septiembre de 2023","format":false,"excerpt":"Rina se convertir\u00e1 en depresi\u00f3n el pr\u00f3ximo domingo y no ofrece peligro a territorio alguno, seg\u00fan el pron\u00f3stico del NHC. En la actual temporada de huracanes se han formado 6 fen\u00f3menos. La tormenta tropical Philippe se mantiene casi est\u00e1tica este viernes en aguas abiertas del Atl\u00e1ntico y al este de\u2026","rel":"","context":"En \u00abSin categor\u00eda\u00bb","block_context":{"text":"Sin categor\u00eda","link":"https:\/\/lasprimeras.com.do\/index.php\/category\/sin-categoria\/"},"img":{"alt_text":"","src":"https:\/\/i0.wp.com\/lasprimeras.com.do\/wp-content\/uploads\/2023\/09\/Tormentas-Rina-y-Philippe-NHC.png?resize=350%2C200&ssl=1","width":350,"height":200,"srcset":"https:\/\/i0.wp.com\/lasprimeras.com.do\/wp-content\/uploads\/2023\/09\/Tormentas-Rina-y-Philippe-NHC.png?resize=350%2C200&ssl=1 1x, https:\/\/i0.wp.com\/lasprimeras.com.do\/wp-content\/uploads\/2023\/09\/Tormentas-Rina-y-Philippe-NHC.png?resize=525%2C300&ssl=1 1.5x, https:\/\/i0.wp.com\/lasprimeras.com.do\/wp-content\/uploads\/2023\/09\/Tormentas-Rina-y-Philippe-NHC.png?resize=700%2C400&ssl=1 2x"},"classes":[]},{"id":67574,"url":"https:\/\/lasprimeras.com.do\/index.php\/2023\/11\/16\/disturbio-en-mar-caribe-podria-convertirse-en-ciclon-tropical-entre-sabado-y-domingo\/","url_meta":{"origin":58105,"position":5},"title":"Disturbio en mar Caribe podr\u00eda convertirse en cicl\u00f3n tropical entre s\u00e1bado y domingo","author":"Nelson Feliz","date":"16 de noviembre de 2023","format":false,"excerpt":"Debido al disturbio tropical se esperan fuertes lluvias sobre gran parte del pa\u00eds s\u00e1bado y domingo. Una amplia zona de baja presi\u00f3n sobre el centro-oeste del mar Caribe increment\u00f3 su probabilidad de convertirse en depresi\u00f3n tropical o cicl\u00f3n tropical a un 60% en las pr\u00f3ximas 48 horas, seg\u00fan el bolet\u00edn\u2026","rel":"","context":"En \u00abNACIONALES\u00bb","block_context":{"text":"NACIONALES","link":"https:\/\/lasprimeras.com.do\/index.php\/category\/nacionales\/"},"img":{"alt_text":"","src":"https:\/\/i0.wp.com\/lasprimeras.com.do\/wp-content\/uploads\/2023\/11\/ciclon-tropical-1.png?resize=350%2C200&ssl=1","width":350,"height":200,"srcset":"https:\/\/i0.wp.com\/lasprimeras.com.do\/wp-content\/uploads\/2023\/11\/ciclon-tropical-1.png?resize=350%2C200&ssl=1 1x, https:\/\/i0.wp.com\/lasprimeras.com.do\/wp-content\/uploads\/2023\/11\/ciclon-tropical-1.png?resize=525%2C300&ssl=1 1.5x, https:\/\/i0.wp.com\/lasprimeras.com.do\/wp-content\/uploads\/2023\/11\/ciclon-tropical-1.png?resize=700%2C400&ssl=1 2x"},"classes":[]}],"jetpack_sharing_enabled":true,"_links":{"self":[{"href":"https:\/\/lasprimeras.com.do\/index.php\/wp-json\/wp\/v2\/posts\/58105","targetHints":{"allow":["GET"]}}],"collection":[{"href":"https:\/\/lasprimeras.com.do\/index.php\/wp-json\/wp\/v2\/posts"}],"about":[{"href":"https:\/\/lasprimeras.com.do\/index.php\/wp-json\/wp\/v2\/types\/post"}],"author":[{"embeddable":true,"href":"https:\/\/lasprimeras.com.do\/index.php\/wp-json\/wp\/v2\/users\/2"}],"replies":[{"embeddable":true,"href":"https:\/\/lasprimeras.com.do\/index.php\/wp-json\/wp\/v2\/comments?post=58105"}],"version-history":[{"count":1,"href":"https:\/\/lasprimeras.com.do\/index.php\/wp-json\/wp\/v2\/posts\/58105\/revisions"}],"predecessor-version":[{"id":58107,"href":"https:\/\/lasprimeras.com.do\/index.php\/wp-json\/wp\/v2\/posts\/58105\/revisions\/58107"}],"wp:featuredmedia":[{"embeddable":true,"href":"https:\/\/lasprimeras.com.do\/index.php\/wp-json\/wp\/v2\/media\/58106"}],"wp:attachment":[{"href":"https:\/\/lasprimeras.com.do\/index.php\/wp-json\/wp\/v2\/media?parent=58105"}],"wp:term":[{"taxonomy":"category","embeddable":true,"href":"https:\/\/lasprimeras.com.do\/index.php\/wp-json\/wp\/v2\/categories?post=58105"},{"taxonomy":"post_tag","embeddable":true,"href":"https:\/\/lasprimeras.com.do\/index.php\/wp-json\/wp\/v2\/tags?post=58105"}],"curies":[{"name":"wp","href":"https:\/\/api.w.org\/{rel}","templated":true}]}}