{"id":58108,"date":"2023-08-19T23:29:54","date_gmt":"2023-08-20T03:29:54","guid":{"rendered":"https:\/\/lasprimeras.com.do\/?p=58108"},"modified":"2023-08-19T23:29:55","modified_gmt":"2023-08-20T03:29:55","slug":"aumentan-a-32-los-fallecidos-por-explosion-en-san-cristobal-inacif-identifica-13-cadaveres","status":"publish","type":"post","link":"https:\/\/lasprimeras.com.do\/index.php\/2023\/08\/19\/aumentan-a-32-los-fallecidos-por-explosion-en-san-cristobal-inacif-identifica-13-cadaveres\/","title":{"rendered":"Aumentan a 32 los fallecidos por explosi\u00f3n en San Crist\u00f3bal; Inacif identifica 13 cad\u00e1veres"},"content":{"rendered":"\n<p><strong>De los 59 heridos reportados desde el inicio de la emergencia, solo quedan en cl\u00ednicas y hospitales 4 personas en salas, 3 en UCI y 5 en la unidad de quemados.<\/strong><\/p>\n\n\n\n<p>El Instituto Nacional de Ciencias Forenses (Inacif) report\u00f3 32 fallecimientos, de los cuales se han identificado 13 cad\u00e1veres y entregado a los familiares 11 cuerpos.<\/p>\n\n\n\n<p>El Ministerio de Salud P\u00fablica inform\u00f3 que de los 59 heridos reportados desde el inicio de la emergencia solo quedan en cl\u00ednicas y hospitales 4 personas en salas, 3 en UCI y 5 en la unidad de quemados.<\/p>\n\n\n\n<p>Adem\u00e1s, se atendieron en hospitales 154 personas por diferentes causas y dado de alta 142.<\/p>\n\n\n\n<p>Se han realizado 692 intervenciones casa por casa en b\u00fasqueda activa de afecciones respiratorias, e inmunizaci\u00f3n, as\u00ed como de 323 intervenciones psicosocial.<\/p>\n\n\n\n<p>El hospital m\u00f3vil atendi\u00f3 unas 1,453 personas en atenciones m\u00e9dicas tipo 1 ambulatorios y de apoyo Psicosocial 162.<\/p>\n\n\n\n<p>Adem\u00e1s, de acuerdo con un comunicado de prensa del Centro de Operaciones de Emergencias (COE) se mantendr\u00e1n las labores de remoci\u00f3n de escombros; as\u00ed como, la intervenci\u00f3n del Ministerio de Medio Ambiente, para la disposici\u00f3n de los escombros, medici\u00f3n de calidad de aire y descontaminaci\u00f3n de residuos circundantes en la zona de impacto.<\/p>\n\n\n\n<p>El Ministerio de Obras P\u00fablicas report\u00f3 que han movilizado 800 toneladas de escombros y materiales s\u00f3lidos.<\/p>\n\n\n\n<p>En la actualidad, se mantiene la asistencia humanitaria a los afectados a trav\u00e9s de los Comedores Econ\u00f3micos, Instituto de Estabilizaci\u00f3n de Precios (Inespre), la Direcci\u00f3n General de Proyectos Estrat\u00e9gicos y Especiales (Propeep), Plan Social de la Presidencia, Empresa de Generaci\u00f3n Hidroel\u00e9ctrica Dominicana (Egehid) y del Consejo Nacional de Gesti\u00f3n Presidencial.<\/p>\n\n\n\n<p>El COE realiz\u00f3 un barrido conjuntamente con el Ministerio de Medio Ambiente para la detecci\u00f3n de calidad de aire, muestra de subsuelo, materiales y gases peligrosos.<\/p>\n\n\n\n<p>Las instituciones involucradas en estos operativos son el Ministerio de Obras P\u00fablicas, Comisi\u00f3n Militar y Policial (Comipol), departamento t\u00e9cnico de los Cuerpos de Bomberos, Fuerzas Armadas, Polic\u00eda Nacional, Ministerio de Salud, Servicio Nacional de Salud, Direcci\u00f3n de Atenci\u00f3n y Servicio de Emergencia Extra hospitalaria, INACIF, Ayuntamiento Municipal de San Crist\u00f3bal, la gobernaci\u00f3n de San Crist\u00f3bal y el Ministerio de Presidencia.<\/p>\n\n\n\n<p>Fuente Listin Diario<\/p>\n","protected":false},"excerpt":{"rendered":"<p>De los 59 heridos reportados desde el inicio de la emergencia, solo quedan en cl\u00ednicas y hospitales 4 personas en salas, 3 en UCI y 5 en la unidad de&hellip;<\/p>\n","protected":false},"author":2,"featured_media":58056,"comment_status":"open","ping_status":"open","sticky":false,"template":"","format":"standard","meta":{"content-type":"","jetpack_post_was_ever_published":false,"_jetpack_newsletter_access":"","_jetpack_dont_email_post_to_subs":false,"_jetpack_newsletter_tier_id":0,"_jetpack_memberships_contains_paywalled_content":false,"_jetpack_memberships_contains_paid_content":false,"footnotes":""},"categories":[35],"tags":[4882,1109,2677,6342,651],"class_list":["post-58108","post","type-post","status-publish","format-standard","has-post-thumbnail","hentry","category-nacionales","tag-cadaveres","tag-explosion","tag-fallecidos","tag-inacif","tag-san-cristobal"],"jetpack_featured_media_url":"https:\/\/lasprimeras.com.do\/wp-content\/uploads\/2023\/08\/explosion-sc.jpeg","jetpack-related-posts":[{"id":58749,"url":"https:\/\/lasprimeras.com.do\/index.php\/2023\/08\/28\/inacif-entrega-15-cadaveres-a-familias-de-victimas-de-explosion-en-sc\/","url_meta":{"origin":58108,"position":0},"title":"Inacif entrega 15 cad\u00e1veres a familias de v\u00edctimas de explosi\u00f3n en SC","author":"Nelson Feliz","date":"28 de agosto de 2023","format":false,"excerpt":"El Instituto Nacional de Ciencias Forenses (Inacif) ha recibido, identificado y entregado a sus familiares, hasta el momento, 15 cad\u00e1veres de personas que fallecieron en la explosi\u00f3n registrada el pasado 14 de agosto en una zona comercial de San Crist\u00f3bal. Al ofrecer la informaci\u00f3n este domingo a trav\u00e9s de un\u2026","rel":"","context":"En \u00abNACIONALES\u00bb","block_context":{"text":"NACIONALES","link":"https:\/\/lasprimeras.com.do\/index.php\/category\/nacionales\/"},"img":{"alt_text":"siniestro","src":"https:\/\/i0.wp.com\/lasprimeras.com.do\/wp-content\/uploads\/2023\/08\/siniestro.jpg?resize=350%2C200&ssl=1","width":350,"height":200,"srcset":"https:\/\/i0.wp.com\/lasprimeras.com.do\/wp-content\/uploads\/2023\/08\/siniestro.jpg?resize=350%2C200&ssl=1 1x, https:\/\/i0.wp.com\/lasprimeras.com.do\/wp-content\/uploads\/2023\/08\/siniestro.jpg?resize=525%2C300&ssl=1 1.5x, https:\/\/i0.wp.com\/lasprimeras.com.do\/wp-content\/uploads\/2023\/08\/siniestro.jpg?resize=700%2C400&ssl=1 2x, https:\/\/i0.wp.com\/lasprimeras.com.do\/wp-content\/uploads\/2023\/08\/siniestro.jpg?resize=1050%2C600&ssl=1 3x"},"classes":[]},{"id":57974,"url":"https:\/\/lasprimeras.com.do\/index.php\/2023\/08\/17\/fallece-herido-en-explosion-en-san-cristobal-y-cifra-se-eleva-a-28-muertos\/","url_meta":{"origin":58108,"position":1},"title":"Fallece herido en explosi\u00f3n en San Crist\u00f3bal y cifra se eleva a 28 muertos","author":"Nelson Feliz","date":"17 de agosto de 2023","format":false,"excerpt":"La persona a\u00fan sin identificar estaba ingresada en el hospital Juan Pablo Pina. Falleci\u00f3 la noche de este jueves un hombre que permanec\u00eda en estado cr\u00edtico tras la explosi\u00f3n de San Crist\u00f3bal y ya suman 28 las v\u00edctimas fatales del estallido ocurrido el pasado lunes y que tambi\u00e9n dej\u00f3 58\u2026","rel":"","context":"En \u00abNACIONALES\u00bb","block_context":{"text":"NACIONALES","link":"https:\/\/lasprimeras.com.do\/index.php\/category\/nacionales\/"},"img":{"alt_text":"La v\u00edctima estaba ingresada en el hospital Juan Pablo Pina","src":"https:\/\/i0.wp.com\/lasprimeras.com.do\/wp-content\/uploads\/2023\/08\/La-victima-estaba-ingresada-en-el-hospital-Juan-Pablo-Pina.jpg?resize=350%2C200&ssl=1","width":350,"height":200,"srcset":"https:\/\/i0.wp.com\/lasprimeras.com.do\/wp-content\/uploads\/2023\/08\/La-victima-estaba-ingresada-en-el-hospital-Juan-Pablo-Pina.jpg?resize=350%2C200&ssl=1 1x, https:\/\/i0.wp.com\/lasprimeras.com.do\/wp-content\/uploads\/2023\/08\/La-victima-estaba-ingresada-en-el-hospital-Juan-Pablo-Pina.jpg?resize=525%2C300&ssl=1 1.5x, https:\/\/i0.wp.com\/lasprimeras.com.do\/wp-content\/uploads\/2023\/08\/La-victima-estaba-ingresada-en-el-hospital-Juan-Pablo-Pina.jpg?resize=700%2C400&ssl=1 2x"},"classes":[]},{"id":57880,"url":"https:\/\/lasprimeras.com.do\/index.php\/2023\/08\/17\/inacif-retira-otro-cadaver-de-la-zona-de-la-explosion-en-san-cristobal\/","url_meta":{"origin":58108,"position":2},"title":"Inacif retira otro cad\u00e1ver de la zona de la explosi\u00f3n en San Crist\u00f3bal","author":"Nelson Feliz","date":"17 de agosto de 2023","format":false,"excerpt":"Los socorristas que laboran en la zona de la explosi\u00f3n en San Crist\u00f3bal sacaron la noche de este mi\u00e9rcoles un cad\u00e1ver m\u00e1s de uno de los negocios calcinados en la explosi\u00f3n que se registr\u00f3 la tarde del lunes. El cuerpo fue retirado de una ambulancia y llevado al Instituto Nacional\u2026","rel":"","context":"En \u00abNACIONALES\u00bb","block_context":{"text":"NACIONALES","link":"https:\/\/lasprimeras.com.do\/index.php\/category\/nacionales\/"},"img":{"alt_text":"cadaveres","src":"https:\/\/i0.wp.com\/lasprimeras.com.do\/wp-content\/uploads\/2023\/08\/cadaveres.jpg?resize=350%2C200&ssl=1","width":350,"height":200,"srcset":"https:\/\/i0.wp.com\/lasprimeras.com.do\/wp-content\/uploads\/2023\/08\/cadaveres.jpg?resize=350%2C200&ssl=1 1x, https:\/\/i0.wp.com\/lasprimeras.com.do\/wp-content\/uploads\/2023\/08\/cadaveres.jpg?resize=525%2C300&ssl=1 1.5x, https:\/\/i0.wp.com\/lasprimeras.com.do\/wp-content\/uploads\/2023\/08\/cadaveres.jpg?resize=700%2C400&ssl=1 2x"},"classes":[]},{"id":57865,"url":"https:\/\/lasprimeras.com.do\/index.php\/2023\/08\/16\/aumento-a-27-la-cifra-de-victimas-por-la-explosion-en-san-cristobal\/","url_meta":{"origin":58108,"position":3},"title":"Aument\u00f3 a 27 la cifra de v\u00edctimas por la explosi\u00f3n en San Crist\u00f3bal","author":"Nelson Feliz","date":"16 de agosto de 2023","format":false,"excerpt":"El n\u00famero de fallecidos como consecuencia de la explosi\u00f3n y posterior incendio registrados el lunes en el centro de San Crist\u00f3bal (sur) subi\u00f3 a 27 y ya no hay personas desaparecidas, seg\u00fan datos facilitados este mi\u00e9rcoles por el Centro de Operaciones de Emergencia (COE). Los equipos de rescate hallaron los\u2026","rel":"","context":"En \u00abNACIONALES\u00bb","block_context":{"text":"NACIONALES","link":"https:\/\/lasprimeras.com.do\/index.php\/category\/nacionales\/"},"img":{"alt_text":"Juan Manuel Mendez","src":"https:\/\/i0.wp.com\/lasprimeras.com.do\/wp-content\/uploads\/2023\/08\/Juan-Manuel-Mendez.png?resize=350%2C200&ssl=1","width":350,"height":200,"srcset":"https:\/\/i0.wp.com\/lasprimeras.com.do\/wp-content\/uploads\/2023\/08\/Juan-Manuel-Mendez.png?resize=350%2C200&ssl=1 1x, https:\/\/i0.wp.com\/lasprimeras.com.do\/wp-content\/uploads\/2023\/08\/Juan-Manuel-Mendez.png?resize=525%2C300&ssl=1 1.5x"},"classes":[]},{"id":58555,"url":"https:\/\/lasprimeras.com.do\/index.php\/2023\/08\/24\/muere-otra-de-las-victimas-de-la-explosion-en-san-cristobal\/","url_meta":{"origin":58108,"position":4},"title":"Muere otra de las v\u00edctimas de la explosi\u00f3n en San Crist\u00f3bal","author":"Nelson Feliz","date":"24 de agosto de 2023","format":false,"excerpt":"Suman 33 los fallecidos de la explosi\u00f3n en San Crist\u00f3bal Falleci\u00f3 otra de las v\u00edctimas de la fat\u00eddica explosi\u00f3n que ocurri\u00f3 en el centro de la ciudad de San Crist\u00f3bal el pasado lunes 14 de agosto. El fallecido, quien no pudo ser identificado por razones legales por el director de\u2026","rel":"","context":"En \u00abNACIONALES\u00bb","block_context":{"text":"NACIONALES","link":"https:\/\/lasprimeras.com.do\/index.php\/category\/nacionales\/"},"img":{"alt_text":"","src":"https:\/\/i0.wp.com\/lasprimeras.com.do\/wp-content\/uploads\/2023\/08\/explosion-sc.jpeg?resize=350%2C200&ssl=1","width":350,"height":200,"srcset":"https:\/\/i0.wp.com\/lasprimeras.com.do\/wp-content\/uploads\/2023\/08\/explosion-sc.jpeg?resize=350%2C200&ssl=1 1x, https:\/\/i0.wp.com\/lasprimeras.com.do\/wp-content\/uploads\/2023\/08\/explosion-sc.jpeg?resize=525%2C300&ssl=1 1.5x, https:\/\/i0.wp.com\/lasprimeras.com.do\/wp-content\/uploads\/2023\/08\/explosion-sc.jpeg?resize=700%2C400&ssl=1 2x"},"classes":[]},{"id":57652,"url":"https:\/\/lasprimeras.com.do\/index.php\/2023\/08\/14\/registran-tres-muertos-y-33-personas-heridas-por-explosion-en-san-cristobal\/","url_meta":{"origin":58108,"position":5},"title":"Registran tres muertos y 33 personas heridas por explosi\u00f3n en San Crist\u00f3bal","author":"Nelson Feliz","date":"14 de agosto de 2023","format":false,"excerpt":"El Servicio Nacional de Salud inform\u00f3 que registra al menos tres muertes y 33 personas heridas por la explosi\u00f3n registrada la tarde de este lunes en San Crist\u00f3bal, al sur de Rep\u00fablica Dominicana. En un comunicado de prensa, la entidad se\u00f1ala que las 33 personas atendidas en centros de la\u2026","rel":"","context":"En \u00abNACIONALES\u00bb","block_context":{"text":"NACIONALES","link":"https:\/\/lasprimeras.com.do\/index.php\/category\/nacionales\/"},"img":{"alt_text":"","src":"https:\/\/i0.wp.com\/lasprimeras.com.do\/wp-content\/uploads\/2023\/08\/explo.jpg?resize=350%2C200&ssl=1","width":350,"height":200,"srcset":"https:\/\/i0.wp.com\/lasprimeras.com.do\/wp-content\/uploads\/2023\/08\/explo.jpg?resize=350%2C200&ssl=1 1x, https:\/\/i0.wp.com\/lasprimeras.com.do\/wp-content\/uploads\/2023\/08\/explo.jpg?resize=525%2C300&ssl=1 1.5x, https:\/\/i0.wp.com\/lasprimeras.com.do\/wp-content\/uploads\/2023\/08\/explo.jpg?resize=700%2C400&ssl=1 2x"},"classes":[]}],"jetpack_sharing_enabled":true,"_links":{"self":[{"href":"https:\/\/lasprimeras.com.do\/index.php\/wp-json\/wp\/v2\/posts\/58108","targetHints":{"allow":["GET"]}}],"collection":[{"href":"https:\/\/lasprimeras.com.do\/index.php\/wp-json\/wp\/v2\/posts"}],"about":[{"href":"https:\/\/lasprimeras.com.do\/index.php\/wp-json\/wp\/v2\/types\/post"}],"author":[{"embeddable":true,"href":"https:\/\/lasprimeras.com.do\/index.php\/wp-json\/wp\/v2\/users\/2"}],"replies":[{"embeddable":true,"href":"https:\/\/lasprimeras.com.do\/index.php\/wp-json\/wp\/v2\/comments?post=58108"}],"version-history":[{"count":1,"href":"https:\/\/lasprimeras.com.do\/index.php\/wp-json\/wp\/v2\/posts\/58108\/revisions"}],"predecessor-version":[{"id":58109,"href":"https:\/\/lasprimeras.com.do\/index.php\/wp-json\/wp\/v2\/posts\/58108\/revisions\/58109"}],"wp:featuredmedia":[{"embeddable":true,"href":"https:\/\/lasprimeras.com.do\/index.php\/wp-json\/wp\/v2\/media\/58056"}],"wp:attachment":[{"href":"https:\/\/lasprimeras.com.do\/index.php\/wp-json\/wp\/v2\/media?parent=58108"}],"wp:term":[{"taxonomy":"category","embeddable":true,"href":"https:\/\/lasprimeras.com.do\/index.php\/wp-json\/wp\/v2\/categories?post=58108"},{"taxonomy":"post_tag","embeddable":true,"href":"https:\/\/lasprimeras.com.do\/index.php\/wp-json\/wp\/v2\/tags?post=58108"}],"curies":[{"name":"wp","href":"https:\/\/api.w.org\/{rel}","templated":true}]}}