{"id":58110,"date":"2023-08-19T23:55:12","date_gmt":"2023-08-20T03:55:12","guid":{"rendered":"https:\/\/lasprimeras.com.do\/?p=58110"},"modified":"2023-08-19T23:55:14","modified_gmt":"2023-08-20T03:55:14","slug":"presidente-de-la-jce-encabeza-mision-que-supervisa-servicios-y-organizacion-del-voto-en-el-exterior","status":"publish","type":"post","link":"https:\/\/lasprimeras.com.do\/index.php\/2023\/08\/19\/presidente-de-la-jce-encabeza-mision-que-supervisa-servicios-y-organizacion-del-voto-en-el-exterior\/","title":{"rendered":"Presidente de la JCE encabeza misi\u00f3n que supervisa servicios y organizaci\u00f3n del voto en el exterior"},"content":{"rendered":"\n<p><strong>Misiones de observaci\u00f3n electoral de la JCE en Guatemala y Ecuador por elecciones de este domingo.<\/strong><\/p>\n\n\n\n<p>El presidente de la Junta Central Electoral (JCE), Rom\u00e1n Andr\u00e9s J\u00e1quez Liranzo, realiza una ruta de trabajo en los Estados Unidos, donde supervisa los servicios que ofrece la instituci\u00f3n en el exterior, as\u00ed como el proceso de empadronamiento de las y los dominicanos en distintas ciudades de ese pa\u00eds.<\/p>\n\n\n\n<p>En el desarrollo de la agenda, acompa\u00f1ado por el director del Voto en el Exterior, Well Sep\u00falveda, se reuni\u00f3 con el congresista Adriano Espaillat, donde conversaron sobre los trabajos que realiza la JCE en la ciudad de Nueva York.<\/p>\n\n\n\n<p>Asimismo, dej\u00f3 inaugurada una Oficina de Servicio en New Jersey, en cumplimiento a la pol\u00edtica institucional de acercar los servicios a la ciudadan\u00eda.<\/p>\n\n\n\n<p>El presidente de la JCE, junto a los dem\u00e1s integrantes de la misi\u00f3n, tambi\u00e9n gir\u00f3 una visita al alcalde de Paterson, Andr\u00e9 Sayegh, para coordinar acciones de cara al pr\u00f3ximo proceso electoral dominicano de 2024.<\/p>\n\n\n\n<p>&nbsp;Tambi\u00e9n sostuvo una reuni\u00f3n de trabajo con los miembros de las Oficinas de Coordinaci\u00f3n de Log\u00edstica Electoral en el Exterior (OCLEE) en la ciudad de New Jersey y de New York y el c\u00f3nsul general de esa ciudad, Eligio J\u00e1quez.<\/p>\n\n\n\n<p>La Junta Central Electoral ha venido trabajando con tiempo en el proceso de pre-empadronamiento y empadronamiento en el exterior con la finalidad de que los dominicanos y dominicanas que viven fuera de Rep\u00fablica Dominicana puedan ejercer su derecho al voto.<\/p>\n\n\n\n<p>Misiones de observaci\u00f3n en Guatemala y Ecuador<\/p>\n\n\n\n<p>Por otro lado, la JCE despleg\u00f3 misiones de observaci\u00f3n electoral a Guatemala y Ecuador, que celebrar\u00e1n elecciones este domingo.<\/p>\n\n\n\n<p>La misi\u00f3n de Ecuador, que se realiza elecciones anticipadas, la integran la miembro titular del Pleno de la JCE, Patricia Lorenzo Paniagua, como Jefa de Misi\u00f3n de la Asociaci\u00f3n de Magistradas Electorales de Am\u00e9rica; el director de Relaciones Internacionales, Jorge Suncar, como observador de la Association of World Election Bodies (AWEB) y Manuel Pe\u00f1a Conce, director de la Unidad de Sanciones Administrativas, por la Uni\u00f3n Interamericana de Organismos Electorales (UNIORE) y Juan Emilio Ulloa, abogado de la Presidencia, como observador invitado por el CNE Ecuador.<\/p>\n\n\n\n<p>Mientras que, en Guatemala, por la UNIORE la misi\u00f3n la conforman los miembros titulares del Pleno, Rafael Vallejo Santelises y Samir Chami Isa, y los acompa\u00f1an la directora general Administrativa, Bilbania Batista y Tom\u00e1s Garc\u00eda Freites, encargado del Departamento de Organizaci\u00f3n y Log\u00edstica Electoral.<\/p>\n","protected":false},"excerpt":{"rendered":"<p>Misiones de observaci\u00f3n electoral de la JCE en Guatemala y Ecuador por elecciones de este domingo. El presidente de la Junta Central Electoral (JCE), Rom\u00e1n Andr\u00e9s J\u00e1quez Liranzo, realiza una&hellip;<\/p>\n","protected":false},"author":2,"featured_media":58111,"comment_status":"open","ping_status":"open","sticky":false,"template":"","format":"standard","meta":{"content-type":"","jetpack_post_was_ever_published":false,"_jetpack_newsletter_access":"","_jetpack_dont_email_post_to_subs":false,"_jetpack_newsletter_tier_id":0,"_jetpack_memberships_contains_paywalled_content":false,"_jetpack_memberships_contains_paid_content":false,"footnotes":""},"categories":[35,25],"tags":[711,183,2170,2426,994,451,1591],"class_list":["post-58110","post","type-post","status-publish","format-standard","has-post-thumbnail","hentry","category-nacionales","category-portada","tag-exterior","tag-jce","tag-mision","tag-organizacion","tag-servicios","tag-supervisa","tag-voto"],"jetpack_featured_media_url":"https:\/\/lasprimeras.com.do\/wp-content\/uploads\/2023\/08\/Roman-Andres-Jaquez-Liranzo-1.jpg","jetpack-related-posts":[{"id":115040,"url":"https:\/\/lasprimeras.com.do\/index.php\/2025\/11\/18\/jce-recibe-propuestas-de-aspirantes-a-miembros-de-las-oclee-en-chile-y-panama\/","url_meta":{"origin":58110,"position":0},"title":"JCE recibe propuestas de aspirantes a miembros de las OCLEE en Chile y Panam\u00e1","author":"Nelson Feliz","date":"18 de noviembre de 2025","format":false,"excerpt":"Una comisi\u00f3n de la Junta Central Electoral (JCE) se traslad\u00f3 a Chile y Panam\u00e1 para recibir las propuestas de los aspirantes a miembros de las Oficinas de Coordinaci\u00f3n y de Log\u00edstica Electoral en el Exterior (OCLEE) de estos pa\u00edses de cara a las elecciones de 2028. La comisi\u00f3n de la\u2026","rel":"","context":"En \u00abNACIONALES\u00bb","block_context":{"text":"NACIONALES","link":"https:\/\/lasprimeras.com.do\/index.php\/category\/nacionales\/"},"img":{"alt_text":"","src":"https:\/\/i0.wp.com\/lasprimeras.com.do\/wp-content\/uploads\/2025\/11\/jce-1-1.jpg?resize=350%2C200&ssl=1","width":350,"height":200,"srcset":"https:\/\/i0.wp.com\/lasprimeras.com.do\/wp-content\/uploads\/2025\/11\/jce-1-1.jpg?resize=350%2C200&ssl=1 1x, https:\/\/i0.wp.com\/lasprimeras.com.do\/wp-content\/uploads\/2025\/11\/jce-1-1.jpg?resize=525%2C300&ssl=1 1.5x, https:\/\/i0.wp.com\/lasprimeras.com.do\/wp-content\/uploads\/2025\/11\/jce-1-1.jpg?resize=700%2C400&ssl=1 2x"},"classes":[]},{"id":101489,"url":"https:\/\/lasprimeras.com.do\/index.php\/2025\/06\/22\/jce-firma-acuerdo-con-la-oea-y-otro-con-ifes-para-el-plan-estrategico-2024-2028\/","url_meta":{"origin":58110,"position":1},"title":"JCE firma acuerdo con la OEA y otro con IFES para el Plan Estrat\u00e9gico 2024-2028","author":"Nelson Feliz","date":"22 de junio de 2025","format":false,"excerpt":"JCE firma acuerdo con la OEA para la norma ISO Antisoborno y otro con IFES para el Plan Estrat\u00e9gico 2024-2028 Una comisi\u00f3n de la Junta Central Electoral (JCE), encabezada por su presidente, Rom\u00e1n Andr\u00e9s J\u00e1quez Liranzo e integrada por la miembro titular del Pleno Hirayda Marcelle Fern\u00e1ndez Guzm\u00e1n y por\u2026","rel":"","context":"En \u00abNACIONALES\u00bb","block_context":{"text":"NACIONALES","link":"https:\/\/lasprimeras.com.do\/index.php\/category\/nacionales\/"},"img":{"alt_text":"","src":"https:\/\/i0.wp.com\/lasprimeras.com.do\/wp-content\/uploads\/2025\/06\/jce.jpg?resize=350%2C200&ssl=1","width":350,"height":200,"srcset":"https:\/\/i0.wp.com\/lasprimeras.com.do\/wp-content\/uploads\/2025\/06\/jce.jpg?resize=350%2C200&ssl=1 1x, https:\/\/i0.wp.com\/lasprimeras.com.do\/wp-content\/uploads\/2025\/06\/jce.jpg?resize=525%2C300&ssl=1 1.5x, https:\/\/i0.wp.com\/lasprimeras.com.do\/wp-content\/uploads\/2025\/06\/jce.jpg?resize=700%2C400&ssl=1 2x"},"classes":[]},{"id":112828,"url":"https:\/\/lasprimeras.com.do\/index.php\/2025\/10\/27\/presidente-de-la-jce-en-ny-el-voto-en-el-exterior-es-la-conquista-mas-democratica-de-rd-en-materia-electoral\/","url_meta":{"origin":58110,"position":2},"title":"Presidente de la JCE en NY: el voto en el exterior es la conquista m\u00e1s democr\u00e1tica de RD en materia electoral","author":"Nelson Feliz","date":"27 de octubre de 2025","format":false,"excerpt":"Se avanza en la recepci\u00f3n de propuestas de las 24 OCLEE que operan a nivel internacional Nueva York.- El presidente de la Junta Central Electoral (JCE), Rom\u00e1n Andr\u00e9s J\u00e1quez Liranzo, proclam\u00f3 ayer en Nueva York que el derecho al voto en el exterior es la conquista m\u00e1s democr\u00e1tica que ha\u2026","rel":"","context":"En \u00abINTERNACIONALES\u00bb","block_context":{"text":"INTERNACIONALES","link":"https:\/\/lasprimeras.com.do\/index.php\/category\/sin-categoria\/internacionales\/"},"img":{"alt_text":"","src":"https:\/\/i0.wp.com\/lasprimeras.com.do\/wp-content\/uploads\/2025\/10\/Roman-Andres-Jaquez-Liranzo.jpg?resize=350%2C200&ssl=1","width":350,"height":200,"srcset":"https:\/\/i0.wp.com\/lasprimeras.com.do\/wp-content\/uploads\/2025\/10\/Roman-Andres-Jaquez-Liranzo.jpg?resize=350%2C200&ssl=1 1x, https:\/\/i0.wp.com\/lasprimeras.com.do\/wp-content\/uploads\/2025\/10\/Roman-Andres-Jaquez-Liranzo.jpg?resize=525%2C300&ssl=1 1.5x, https:\/\/i0.wp.com\/lasprimeras.com.do\/wp-content\/uploads\/2025\/10\/Roman-Andres-Jaquez-Liranzo.jpg?resize=700%2C400&ssl=1 2x"},"classes":[]},{"id":112949,"url":"https:\/\/lasprimeras.com.do\/index.php\/2025\/10\/28\/jce-se-opone-radicalmente-a-uso-de-documento-diferente-a-la-cedula-para-ejercer-el-voto\/","url_meta":{"origin":58110,"position":3},"title":"JCE se opone radicalmente a uso de documento diferente a la c\u00e9dula para ejercer el voto","author":"Nelson Feliz","date":"28 de octubre de 2025","format":false,"excerpt":"Nueva York. El presidente de la Junta Central Electoral (JCE), Rom\u00e1n Andr\u00e9s J\u00e1quez Liranzo, afirm\u00f3 ayer que el Pleno de esa instituci\u00f3n \u201cse opone radicalmente\u201d al uso de otro documento que no sea la c\u00e9dula de identidad y electoral para ejercer el derecho al voto. J\u00e1quez Liranzo manifest\u00f3 que la\u2026","rel":"","context":"En \u00abNACIONALES\u00bb","block_context":{"text":"NACIONALES","link":"https:\/\/lasprimeras.com.do\/index.php\/category\/nacionales\/"},"img":{"alt_text":"Rom\u00e1n Andr\u00e9s J\u00e1quez Liranzo","src":"https:\/\/i0.wp.com\/lasprimeras.com.do\/wp-content\/uploads\/2025\/10\/Roman-Andres-Jaquez-Liranzo-2.jpg?resize=350%2C200&ssl=1","width":350,"height":200,"srcset":"https:\/\/i0.wp.com\/lasprimeras.com.do\/wp-content\/uploads\/2025\/10\/Roman-Andres-Jaquez-Liranzo-2.jpg?resize=350%2C200&ssl=1 1x, https:\/\/i0.wp.com\/lasprimeras.com.do\/wp-content\/uploads\/2025\/10\/Roman-Andres-Jaquez-Liranzo-2.jpg?resize=525%2C300&ssl=1 1.5x, https:\/\/i0.wp.com\/lasprimeras.com.do\/wp-content\/uploads\/2025\/10\/Roman-Andres-Jaquez-Liranzo-2.jpg?resize=700%2C400&ssl=1 2x"},"classes":[]},{"id":101251,"url":"https:\/\/lasprimeras.com.do\/index.php\/2025\/06\/17\/jce-firmara-acuerdo-con-la-oea-de-cara-a-implementar-norma-iso-antisoborno\/","url_meta":{"origin":58110,"position":4},"title":"JCE firmar\u00e1 acuerdo con la OEA de cara a implementar norma ISO Antisoborno","author":"Nelson Feliz","date":"17 de junio de 2025","format":false,"excerpt":"Una misi\u00f3n de la Junta Central Electoral se reunir\u00e1 este viernes con el nuevo secretario general de la Organizaci\u00f3n de Estados Americanos (OEA), Albert Ramdin, con la finalidad de firmar un acuerdo de entendimiento que tiene por objeto establecer un marco regulatorio con respecto a la implementaci\u00f3n de la norma\u2026","rel":"","context":"En \u00abNACIONALES\u00bb","block_context":{"text":"NACIONALES","link":"https:\/\/lasprimeras.com.do\/index.php\/category\/nacionales\/"},"img":{"alt_text":"","src":"https:\/\/i0.wp.com\/lasprimeras.com.do\/wp-content\/uploads\/2025\/02\/Fachada-JCE.jpg?resize=350%2C200&ssl=1","width":350,"height":200,"srcset":"https:\/\/i0.wp.com\/lasprimeras.com.do\/wp-content\/uploads\/2025\/02\/Fachada-JCE.jpg?resize=350%2C200&ssl=1 1x, https:\/\/i0.wp.com\/lasprimeras.com.do\/wp-content\/uploads\/2025\/02\/Fachada-JCE.jpg?resize=525%2C300&ssl=1 1.5x, https:\/\/i0.wp.com\/lasprimeras.com.do\/wp-content\/uploads\/2025\/02\/Fachada-JCE.jpg?resize=700%2C400&ssl=1 2x"},"classes":[]},{"id":82571,"url":"https:\/\/lasprimeras.com.do\/index.php\/2024\/05\/05\/pleno-jce-concluye-en-ee-uu-supervisa-montaje-para-elecciones-del-19-de-mayo-en-el-exterior\/","url_meta":{"origin":58110,"position":5},"title":"Pleno JCE concluye en EE. UU. supervisa montaje para elecciones del 19 de mayo en el exterior\u00a0","author":"Esteffany Vargas","date":"5 de mayo de 2024","format":false,"excerpt":"El Pleno de la Junta Central Electoral (JCE) agot\u00f3 una ruta de trabajo de supervisi\u00f3n y encuentros en Estados Unidos donde visit\u00f3 las ciudades de Boston, New Jersey, Philadelphia y New York de cara a las elecciones en el exterior en los niveles presidenciales y de diputaciones de ultramar del\u2026","rel":"","context":"En \u00abNACIONALES\u00bb","block_context":{"text":"NACIONALES","link":"https:\/\/lasprimeras.com.do\/index.php\/category\/nacionales\/"},"img":{"alt_text":"JCE","src":"https:\/\/i0.wp.com\/lasprimeras.com.do\/wp-content\/uploads\/2024\/05\/JCE-EX-1.jpg?resize=350%2C200&ssl=1","width":350,"height":200,"srcset":"https:\/\/i0.wp.com\/lasprimeras.com.do\/wp-content\/uploads\/2024\/05\/JCE-EX-1.jpg?resize=350%2C200&ssl=1 1x, https:\/\/i0.wp.com\/lasprimeras.com.do\/wp-content\/uploads\/2024\/05\/JCE-EX-1.jpg?resize=525%2C300&ssl=1 1.5x, https:\/\/i0.wp.com\/lasprimeras.com.do\/wp-content\/uploads\/2024\/05\/JCE-EX-1.jpg?resize=700%2C400&ssl=1 2x"},"classes":[]}],"jetpack_sharing_enabled":true,"_links":{"self":[{"href":"https:\/\/lasprimeras.com.do\/index.php\/wp-json\/wp\/v2\/posts\/58110","targetHints":{"allow":["GET"]}}],"collection":[{"href":"https:\/\/lasprimeras.com.do\/index.php\/wp-json\/wp\/v2\/posts"}],"about":[{"href":"https:\/\/lasprimeras.com.do\/index.php\/wp-json\/wp\/v2\/types\/post"}],"author":[{"embeddable":true,"href":"https:\/\/lasprimeras.com.do\/index.php\/wp-json\/wp\/v2\/users\/2"}],"replies":[{"embeddable":true,"href":"https:\/\/lasprimeras.com.do\/index.php\/wp-json\/wp\/v2\/comments?post=58110"}],"version-history":[{"count":1,"href":"https:\/\/lasprimeras.com.do\/index.php\/wp-json\/wp\/v2\/posts\/58110\/revisions"}],"predecessor-version":[{"id":58112,"href":"https:\/\/lasprimeras.com.do\/index.php\/wp-json\/wp\/v2\/posts\/58110\/revisions\/58112"}],"wp:featuredmedia":[{"embeddable":true,"href":"https:\/\/lasprimeras.com.do\/index.php\/wp-json\/wp\/v2\/media\/58111"}],"wp:attachment":[{"href":"https:\/\/lasprimeras.com.do\/index.php\/wp-json\/wp\/v2\/media?parent=58110"}],"wp:term":[{"taxonomy":"category","embeddable":true,"href":"https:\/\/lasprimeras.com.do\/index.php\/wp-json\/wp\/v2\/categories?post=58110"},{"taxonomy":"post_tag","embeddable":true,"href":"https:\/\/lasprimeras.com.do\/index.php\/wp-json\/wp\/v2\/tags?post=58110"}],"curies":[{"name":"wp","href":"https:\/\/api.w.org\/{rel}","templated":true}]}}