{"id":58115,"date":"2023-08-20T12:25:41","date_gmt":"2023-08-20T16:25:41","guid":{"rendered":"https:\/\/lasprimeras.com.do\/?p=58115"},"modified":"2023-08-20T12:25:43","modified_gmt":"2023-08-20T16:25:43","slug":"la-romana-capturan-tres-reconocidos-delincuentes-y-les-ocupan-tres-armas-de-fuego","status":"publish","type":"post","link":"https:\/\/lasprimeras.com.do\/index.php\/2023\/08\/20\/la-romana-capturan-tres-reconocidos-delincuentes-y-les-ocupan-tres-armas-de-fuego\/","title":{"rendered":"La Romana: Capturan tres reconocidos delincuentes y les ocupan tres armas de fuego"},"content":{"rendered":"\n<p><strong>-Los detenidos eran buscados por herir de bala a dos personas a mediados del mes de julio.<\/strong><\/p>\n\n\n\n<p>Agentes policiales, adscritos a la Direcci\u00f3n Regional Este, apresaron a tres hombres, uno de ellos se\u00f1alado como un reconocido delincuente a quien se le atribuye la comisi\u00f3n de hechos delictivos y violentos en la provincia La Romana.<\/p>\n\n\n\n<p>Se trata de Josu\u00e9 Mercedes (a) Vigilito, de 33 a\u00f1os, quien fue apresado junto a sus compa\u00f1eros de fechor\u00edas Manuel de la Rosa, de 32, y Elis Daniel Romero Cedano, de 38.<\/p>\n\n\n\n<p>Los tres fueron capturados en los alrededores de un establecimiento comercial ubicado en la carrera La Romana-San Pedro de Macor\u00eds.<\/p>\n\n\n\n<p>Al momento de su detenci\u00f3n, a \u201cVigilito\u201d se le ocup\u00f3 la pistola marca Sig Sawer, calibre 9mm; a Manuel se le ocup\u00f3 la pistola marca Sig Pro, calibre 9mm., mientras que a Elis se le ocup\u00f3 la pistola marca Taurus, calibre 9mm., todas las armas con la numeraci\u00f3n limada.<\/p>\n\n\n\n<p>Tambi\u00e9n al grupo se le ocup\u00f3 tres verifones, tres fundas transparentes llenas de monedas de cinco pesos, y cuatro celulares de distintas marcas. Asimismo, se les ocup\u00f3 una yipeta marca Hyundai Tucson, blanca, placa G507504.<\/p>\n\n\n\n<p>Los detenidos eran buscados mediante la orden de arresto No. 197-1-OAR-00672-2023 por causar heridas de bala a un comerciante, de 32 a\u00f1os, y a un joven, de 18, en el municipio de Villa Hermosa, en fecha 12 de julio del 2023.<\/p>\n\n\n\n<p>Josu\u00e9 Mercedes (a) Vigilito era uno de los antisociales m\u00e1s buscado por las autoridades, por lo que ser\u00e1 puesto a disposici\u00f3n del Ministerio P\u00fablico, para los fines legales correspondientes.<\/p>\n","protected":false},"excerpt":{"rendered":"<p>-Los detenidos eran buscados por herir de bala a dos personas a mediados del mes de julio. Agentes policiales, adscritos a la Direcci\u00f3n Regional Este, apresaron a tres hombres, uno&hellip;<\/p>\n","protected":false},"author":2,"featured_media":58116,"comment_status":"open","ping_status":"open","sticky":false,"template":"","format":"standard","meta":{"content-type":"","jetpack_post_was_ever_published":false,"_jetpack_newsletter_access":"","_jetpack_dont_email_post_to_subs":false,"_jetpack_newsletter_tier_id":0,"_jetpack_memberships_contains_paywalled_content":false,"_jetpack_memberships_contains_paid_content":false,"footnotes":""},"categories":[3057],"tags":[1662,4873,597,965],"class_list":["post-58115","post","type-post","status-publish","format-standard","has-post-thumbnail","hentry","category-militares","tag-armas-de-fuego","tag-delincuentes","tag-detenidos","tag-la-romana"],"jetpack_featured_media_url":"https:\/\/lasprimeras.com.do\/wp-content\/uploads\/2023\/08\/Evidencias.jpg","jetpack-related-posts":[{"id":103328,"url":"https:\/\/lasprimeras.com.do\/index.php\/2025\/07\/14\/detienen-cinco-personas-y-ocupan-arma-de-fuego-pasamontanas-y-arma-blanca-en-la-romana\/","url_meta":{"origin":58115,"position":0},"title":"Detienen cinco personas y ocupan arma de fuego, pasamonta\u00f1as y arma blanca en La Romana","author":"Nelson Feliz","date":"14 de julio de 2025","format":false,"excerpt":"Agentes de la Polic\u00eda Nacional, adscritos a la Direcci\u00f3n Regional Este a trav\u00e9s de la Polic\u00eda Preventiva, incautaron un arma de fuego, un arma blanca y tres pasamonta\u00f1as durante un operativo focalizado realizado en la calle Gast\u00f3n F. Deligne, de La Romana. Como resultado de la intervenci\u00f3n, fueron detenidas cinco\u2026","rel":"","context":"En \u00abMILITARES\u00bb","block_context":{"text":"MILITARES","link":"https:\/\/lasprimeras.com.do\/index.php\/category\/militares\/"},"img":{"alt_text":"","src":"https:\/\/i0.wp.com\/lasprimeras.com.do\/wp-content\/uploads\/2025\/07\/armas.jpg?resize=350%2C200&ssl=1","width":350,"height":200,"srcset":"https:\/\/i0.wp.com\/lasprimeras.com.do\/wp-content\/uploads\/2025\/07\/armas.jpg?resize=350%2C200&ssl=1 1x, https:\/\/i0.wp.com\/lasprimeras.com.do\/wp-content\/uploads\/2025\/07\/armas.jpg?resize=525%2C300&ssl=1 1.5x, https:\/\/i0.wp.com\/lasprimeras.com.do\/wp-content\/uploads\/2025\/07\/armas.jpg?resize=700%2C400&ssl=1 2x"},"classes":[]},{"id":64156,"url":"https:\/\/lasprimeras.com.do\/index.php\/2023\/10\/18\/cae-abatido-presunto-delincuente-el-moreno-al-enfrentar-agentes-policiales-en-los-tres-brazos\/","url_meta":{"origin":58115,"position":1},"title":"Cae abatido presunto delincuente \u201cEl Moreno\u201d al enfrentar agentes policiales en Los Tres Brazos","author":"Nelson Feliz","date":"18 de octubre de 2023","format":false,"excerpt":"-Le ocupan pistola que portaba de manera ilegal y apresan a otros tres hombres. Por Mart\u00edn Restituyo Un presunto delincuente al que agentes policiales le daban seguimiento por la comisi\u00f3n de distintos atracos mano armada perpetrados en el sector Los Tres Brazos, del municipio Santo Domingo Este, cay\u00f3 abatido al\u2026","rel":"","context":"En \u00abMILITARES\u00bb","block_context":{"text":"MILITARES","link":"https:\/\/lasprimeras.com.do\/index.php\/category\/militares\/"},"img":{"alt_text":"","src":"","width":0,"height":0},"classes":[]},{"id":67697,"url":"https:\/\/lasprimeras.com.do\/index.php\/2023\/11\/17\/apresan-presuntos-integrantes-de-una-banda-de-atracadores-en-montecristi\/","url_meta":{"origin":58115,"position":2},"title":"Apresan presuntos integrantes de una banda de atracadores en Montecristi","author":"Nelson Feliz","date":"17 de noviembre de 2023","format":false,"excerpt":"Ocupan dos pistolas ilegales y 42 proyectiles. Miembros preventivos del Departamento de la Polic\u00eda Nacional de Villa V\u00e1squez y de la Divisi\u00f3n de Inteligencia Delictiva (Dintel) de Montecristi informaron del apresamiento de presuntos integrantes de una banda de atracadores. El hecho ocurri\u00f3 la noche del jueves cuando los individuos se\u2026","rel":"","context":"En \u00abMILITARES\u00bb","block_context":{"text":"MILITARES","link":"https:\/\/lasprimeras.com.do\/index.php\/category\/militares\/"},"img":{"alt_text":"armas","src":"https:\/\/i0.wp.com\/lasprimeras.com.do\/wp-content\/uploads\/2023\/11\/armas-1.jpg?resize=350%2C200&ssl=1","width":350,"height":200,"srcset":"https:\/\/i0.wp.com\/lasprimeras.com.do\/wp-content\/uploads\/2023\/11\/armas-1.jpg?resize=350%2C200&ssl=1 1x, https:\/\/i0.wp.com\/lasprimeras.com.do\/wp-content\/uploads\/2023\/11\/armas-1.jpg?resize=525%2C300&ssl=1 1.5x, https:\/\/i0.wp.com\/lasprimeras.com.do\/wp-content\/uploads\/2023\/11\/armas-1.jpg?resize=700%2C400&ssl=1 2x"},"classes":[]},{"id":84944,"url":"https:\/\/lasprimeras.com.do\/index.php\/2024\/06\/18\/capturan-reconocido-delincuente-ata-integrante-de-peligrosa-banda-implicada-en-varios-asaltos\/","url_meta":{"origin":58115,"position":3},"title":"Capturan reconocido delincuente \u201cATA\u201d, integrante de peligrosa banda implicada en varios asaltos","author":"Nelson Feliz","date":"18 de junio de 2024","format":false,"excerpt":"-Tambi\u00e9n de la comisi\u00f3n de m\u00faltiples robos y asaltos contra establecimientos comerciales y ciudadanos en SDE. Agentes policiales, adscritos a la Direcci\u00f3n Central de Investigaci\u00f3n (DICRIM), capturaron a un reconocido delincuente que forma parte de una peligrosa banda dedicada a cometer robos y asaltos a mano armada contra ciudadanos y\u2026","rel":"","context":"En \u00abMILITARES\u00bb","block_context":{"text":"MILITARES","link":"https:\/\/lasprimeras.com.do\/index.php\/category\/militares\/"},"img":{"alt_text":"preso-celda","src":"https:\/\/i0.wp.com\/lasprimeras.com.do\/wp-content\/uploads\/2023\/06\/preso-celda.jpg?resize=350%2C200&ssl=1","width":350,"height":200,"srcset":"https:\/\/i0.wp.com\/lasprimeras.com.do\/wp-content\/uploads\/2023\/06\/preso-celda.jpg?resize=350%2C200&ssl=1 1x, https:\/\/i0.wp.com\/lasprimeras.com.do\/wp-content\/uploads\/2023\/06\/preso-celda.jpg?resize=525%2C300&ssl=1 1.5x, https:\/\/i0.wp.com\/lasprimeras.com.do\/wp-content\/uploads\/2023\/06\/preso-celda.jpg?resize=700%2C400&ssl=1 2x"},"classes":[]},{"id":99251,"url":"https:\/\/lasprimeras.com.do\/index.php\/2025\/05\/19\/cae-abatido-el-abusador-al-enfrentar-patrulla-en-la-romana\/","url_meta":{"origin":58115,"position":4},"title":"Cae abatido \u201cEl Abusador\u201d al enfrentar patrulla en La Romana","author":"Nelson Feliz","date":"19 de mayo de 2025","format":false,"excerpt":"\u201cEl Abusador\u201d era buscado por homicidio y ataque a un sargento mayor ERD -Le ocupan pistola utilizada contra los agentes, la cual portaba de manera ilegal. Un reconocido delincuente que era activamente buscado con orden de arresto por su implicaci\u00f3n en el homicidio de otro antisocial identificado como Rayner Rodr\u00edguez\u2026","rel":"","context":"En \u00abMILITARES\u00bb","block_context":{"text":"MILITARES","link":"https:\/\/lasprimeras.com.do\/index.php\/category\/militares\/"},"img":{"alt_text":"","src":"https:\/\/i0.wp.com\/lasprimeras.com.do\/wp-content\/uploads\/2024\/06\/Pistola.jpg?resize=350%2C200&ssl=1","width":350,"height":200,"srcset":"https:\/\/i0.wp.com\/lasprimeras.com.do\/wp-content\/uploads\/2024\/06\/Pistola.jpg?resize=350%2C200&ssl=1 1x, https:\/\/i0.wp.com\/lasprimeras.com.do\/wp-content\/uploads\/2024\/06\/Pistola.jpg?resize=525%2C300&ssl=1 1.5x, https:\/\/i0.wp.com\/lasprimeras.com.do\/wp-content\/uploads\/2024\/06\/Pistola.jpg?resize=700%2C400&ssl=1 2x"},"classes":[]},{"id":92138,"url":"https:\/\/lasprimeras.com.do\/index.php\/2024\/12\/29\/policia-se-lambe-a-cuatro-presuntos-delincuentes-en-la-romana\/","url_meta":{"origin":58115,"position":5},"title":"Polic\u00eda se lambe a cuatro presuntos delincuentes en La Romana","author":"Nelson Feliz","date":"29 de diciembre de 2024","format":false,"excerpt":"Un enfrentamiento entre agentes policiales y presuntos delincuentes ocurrido la tarde de este domingo ha dejado un saldo de cuatro muertos y un herido en el sector Trasero de Maco, en La Romana. Hasta el momento, se reportan cuatro presuntos delincuentes fallecidos y un agente de la Polic\u00eda herido, quien\u2026","rel":"","context":"En \u00abMILITARES\u00bb","block_context":{"text":"MILITARES","link":"https:\/\/lasprimeras.com.do\/index.php\/category\/militares\/"},"img":{"alt_text":"","src":"https:\/\/i0.wp.com\/lasprimeras.com.do\/wp-content\/uploads\/2024\/12\/armas.jpg?resize=350%2C200&ssl=1","width":350,"height":200,"srcset":"https:\/\/i0.wp.com\/lasprimeras.com.do\/wp-content\/uploads\/2024\/12\/armas.jpg?resize=350%2C200&ssl=1 1x, https:\/\/i0.wp.com\/lasprimeras.com.do\/wp-content\/uploads\/2024\/12\/armas.jpg?resize=525%2C300&ssl=1 1.5x, https:\/\/i0.wp.com\/lasprimeras.com.do\/wp-content\/uploads\/2024\/12\/armas.jpg?resize=700%2C400&ssl=1 2x"},"classes":[]}],"jetpack_sharing_enabled":true,"_links":{"self":[{"href":"https:\/\/lasprimeras.com.do\/index.php\/wp-json\/wp\/v2\/posts\/58115","targetHints":{"allow":["GET"]}}],"collection":[{"href":"https:\/\/lasprimeras.com.do\/index.php\/wp-json\/wp\/v2\/posts"}],"about":[{"href":"https:\/\/lasprimeras.com.do\/index.php\/wp-json\/wp\/v2\/types\/post"}],"author":[{"embeddable":true,"href":"https:\/\/lasprimeras.com.do\/index.php\/wp-json\/wp\/v2\/users\/2"}],"replies":[{"embeddable":true,"href":"https:\/\/lasprimeras.com.do\/index.php\/wp-json\/wp\/v2\/comments?post=58115"}],"version-history":[{"count":1,"href":"https:\/\/lasprimeras.com.do\/index.php\/wp-json\/wp\/v2\/posts\/58115\/revisions"}],"predecessor-version":[{"id":58117,"href":"https:\/\/lasprimeras.com.do\/index.php\/wp-json\/wp\/v2\/posts\/58115\/revisions\/58117"}],"wp:featuredmedia":[{"embeddable":true,"href":"https:\/\/lasprimeras.com.do\/index.php\/wp-json\/wp\/v2\/media\/58116"}],"wp:attachment":[{"href":"https:\/\/lasprimeras.com.do\/index.php\/wp-json\/wp\/v2\/media?parent=58115"}],"wp:term":[{"taxonomy":"category","embeddable":true,"href":"https:\/\/lasprimeras.com.do\/index.php\/wp-json\/wp\/v2\/categories?post=58115"},{"taxonomy":"post_tag","embeddable":true,"href":"https:\/\/lasprimeras.com.do\/index.php\/wp-json\/wp\/v2\/tags?post=58115"}],"curies":[{"name":"wp","href":"https:\/\/api.w.org\/{rel}","templated":true}]}}