{"id":58118,"date":"2023-08-20T12:43:23","date_gmt":"2023-08-20T16:43:23","guid":{"rendered":"https:\/\/lasprimeras.com.do\/?p=58118"},"modified":"2023-08-20T12:43:25","modified_gmt":"2023-08-20T16:43:25","slug":"apresan-hombre-por-presunta-violacion-sexual-de-su-hijastra-de-14-anos-en-boca-chica","status":"publish","type":"post","link":"https:\/\/lasprimeras.com.do\/index.php\/2023\/08\/20\/apresan-hombre-por-presunta-violacion-sexual-de-su-hijastra-de-14-anos-en-boca-chica\/","title":{"rendered":"Apresan hombre por presunta violaci\u00f3n sexual de su hijastra de 14 a\u00f1os en Boca Chica"},"content":{"rendered":"\n<p>Agentes policiales, adscritos a la Divisi\u00f3n de Delitos Sexuales y Violencia Intrafamiliar, de la Direcci\u00f3n Central de Investigaci\u00f3n (DICRIM), y miembros preventivos, ejecutaron una orden de arresto y conducencia contra un hombre se\u00f1alado como el responsable de haber violado sexualmente a su hijastra de 14 a\u00f1os.<\/p>\n\n\n\n<p>El hecho ocurri\u00f3 en el municipio de Boca Chica, provincia Santo Domingo.<\/p>\n\n\n\n<p>El detenido es Yovan P\u00e9rez Hern\u00e1ndez, quien era buscado mediante la orden de arresto No.530-EMES-02323, acusado de violaci\u00f3n sexual contra una adolescente de 14 a\u00f1os, cuyo nombre se omite por razones legales.<\/p>\n\n\n\n<p>La denuncia fue presentada por el padre de la menor, luego de que \u00e9ste escuchara de parte de algunas personas cercanas comentarios relativos a los supuestos abusos del que era objeto su hija, por lo que opt\u00f3 por preguntarle a ella para que le aclarara la situaci\u00f3n.<\/p>\n\n\n\n<p>Fue as\u00ed que la menor le confirm\u00f3 que efectivamente su padrastro abus\u00f3 de ella sexualmente hace varios meses cuando convivi\u00f3 con su madre por un tiempo.<\/p>\n\n\n\n<p>Agreg\u00f3 que su progenitora supuestamente ten\u00eda conocimiento de la situaci\u00f3n y le habr\u00eda dicho que no dijera nada.<\/p>\n\n\n\n<p>El detenido fue enviado ante el Ministerio P\u00fablico, para los fines legales correspondientes.<\/p>\n","protected":false},"excerpt":{"rendered":"<p>Agentes policiales, adscritos a la Divisi\u00f3n de Delitos Sexuales y Violencia Intrafamiliar, de la Direcci\u00f3n Central de Investigaci\u00f3n (DICRIM), y miembros preventivos, ejecutaron una orden de arresto y conducencia contra&hellip;<\/p>\n","protected":false},"author":2,"featured_media":56997,"comment_status":"open","ping_status":"open","sticky":false,"template":"","format":"standard","meta":{"content-type":"","jetpack_post_was_ever_published":false,"_jetpack_newsletter_access":"","_jetpack_dont_email_post_to_subs":false,"_jetpack_newsletter_tier_id":0,"_jetpack_memberships_contains_paywalled_content":false,"_jetpack_memberships_contains_paid_content":false,"footnotes":""},"categories":[3057],"tags":[2703,2318,4877,46,1281,3365],"class_list":["post-58118","post","type-post","status-publish","format-standard","has-post-thumbnail","hentry","category-militares","tag-boca-chica","tag-dicrim","tag-hijastra","tag-hombre","tag-preso","tag-violacion-sexual"],"jetpack_featured_media_url":"https:\/\/lasprimeras.com.do\/wp-content\/uploads\/2023\/08\/Esposas.jpg","jetpack-related-posts":[{"id":95279,"url":"https:\/\/lasprimeras.com.do\/index.php\/2025\/03\/12\/prensa-japonesa-reporta-detencion-de-varios-hombres-por-supuestos-abusos-sexuales-a-sus-hijas\/","url_meta":{"origin":58118,"position":0},"title":"Prensa japonesa reporta detenci\u00f3n de varios hombres por supuestos abusos sexuales a sus hijas","author":"Nelson Feliz","date":"12 de marzo de 2025","format":false,"excerpt":"TOKIO (AP) \u2014 Medios japoneses informaron esta semana que la polic\u00eda ha arrestado a varios hombres acusados de agredir sexualmente a sus hijas menores de edad y de compartir los videos en internet. Por el momento, la polic\u00eda se ha negado a confirmar los reportes. La agencia noticiosa Kyodo, la\u2026","rel":"","context":"En \u00abINTERNACIONALES\u00bb","block_context":{"text":"INTERNACIONALES","link":"https:\/\/lasprimeras.com.do\/index.php\/category\/sin-categoria\/internacionales\/"},"img":{"alt_text":"","src":"https:\/\/i0.wp.com\/lasprimeras.com.do\/wp-content\/uploads\/2025\/03\/abusos-sexuales.jpg?resize=350%2C200&ssl=1","width":350,"height":200,"srcset":"https:\/\/i0.wp.com\/lasprimeras.com.do\/wp-content\/uploads\/2025\/03\/abusos-sexuales.jpg?resize=350%2C200&ssl=1 1x, https:\/\/i0.wp.com\/lasprimeras.com.do\/wp-content\/uploads\/2025\/03\/abusos-sexuales.jpg?resize=525%2C300&ssl=1 1.5x, https:\/\/i0.wp.com\/lasprimeras.com.do\/wp-content\/uploads\/2025\/03\/abusos-sexuales.jpg?resize=700%2C400&ssl=1 2x"},"classes":[]},{"id":52400,"url":"https:\/\/lasprimeras.com.do\/index.php\/2023\/06\/09\/san-cristobal-apresa-hombre-por-agresion-y-violacion-sexual-contra-una-mujer\/","url_meta":{"origin":58118,"position":1},"title":"San Crist\u00f3bal: Apresa hombre por agresi\u00f3n y violaci\u00f3n sexual contra una mujer","author":"prenxa100","date":"9 de junio de 2023","format":false,"excerpt":"Agentes policiales, adscritos a la Subdirecci\u00f3n Regional de Investigaci\u00f3n (DICRIM), en San Crist\u00f3bal, apresaron a un hombre que era buscado por agredir y violar sexualmente a una mujer en esa provincia. En un hecho ocurrido en San Crist\u00f3bal, en noviembre del 2022. A quien se le emiti\u00f3 una orden de\u2026","rel":"","context":"En \u00abMILITARES\u00bb","block_context":{"text":"MILITARES","link":"https:\/\/lasprimeras.com.do\/index.php\/category\/militares\/"},"img":{"alt_text":"","src":"","width":0,"height":0},"classes":[]},{"id":98663,"url":"https:\/\/lasprimeras.com.do\/index.php\/2025\/05\/09\/20-anos-de-prision-para-hombre-que-violo-sexualmente-a-una-mujer-en-boca-chica\/","url_meta":{"origin":58118,"position":2},"title":"20 a\u00f1os de prisi\u00f3n para hombre que viol\u00f3 sexualmente a una mujer en Boca Chica","author":"Nelson Feliz","date":"9 de mayo de 2025","format":false,"excerpt":"Un tribunal acogi\u00f3 la acusaci\u00f3n presentada por el Ministerio P\u00fablico contra un hombre que viol\u00f3 sexualmente a una mujer y lo conden\u00f3 a 20 a\u00f1os de prisi\u00f3n. El Ministerio P\u00fablico, representado por la fiscal litigante Evelyn Pe\u00f1a, demostr\u00f3 la culpabilidad de Carlos Alberto Virgen Juan, en los hechos cometidos en\u2026","rel":"","context":"En \u00abJUSTICIA\u00bb","block_context":{"text":"JUSTICIA","link":"https:\/\/lasprimeras.com.do\/index.php\/category\/justicia\/"},"img":{"alt_text":"","src":"","width":0,"height":0},"classes":[]},{"id":95739,"url":"https:\/\/lasprimeras.com.do\/index.php\/2025\/03\/18\/condenan-a-20-anos-de-prision-tres-hombres-en-diferentes-casos-de-incesto-en-la-vega\/","url_meta":{"origin":58118,"position":3},"title":"Condenan a 20 a\u00f1os de prisi\u00f3n tres hombres en diferentes casos de incesto en La Vega","author":"Nelson Feliz","date":"18 de marzo de 2025","format":false,"excerpt":"El Ministerio P\u00fablico de esta jurisdicci\u00f3n logr\u00f3 que fueran sentenciados a 20 a\u00f1os de prisi\u00f3n tres hombres hallados culpables de cometer incesto en diferentes casos ocurridos en La Vega. Uno de los hombres fue condenado a 20 a\u00f1os de prisi\u00f3n tras ser hallado culpable de violar sexualmente a una sobrina\u2026","rel":"","context":"En \u00abJUSTICIA\u00bb","block_context":{"text":"JUSTICIA","link":"https:\/\/lasprimeras.com.do\/index.php\/category\/justicia\/"},"img":{"alt_text":"","src":"https:\/\/i0.wp.com\/lasprimeras.com.do\/wp-content\/uploads\/2025\/03\/PFLaVega-Header.jpg?resize=350%2C200&ssl=1","width":350,"height":200,"srcset":"https:\/\/i0.wp.com\/lasprimeras.com.do\/wp-content\/uploads\/2025\/03\/PFLaVega-Header.jpg?resize=350%2C200&ssl=1 1x, https:\/\/i0.wp.com\/lasprimeras.com.do\/wp-content\/uploads\/2025\/03\/PFLaVega-Header.jpg?resize=525%2C300&ssl=1 1.5x, https:\/\/i0.wp.com\/lasprimeras.com.do\/wp-content\/uploads\/2025\/03\/PFLaVega-Header.jpg?resize=700%2C400&ssl=1 2x, https:\/\/i0.wp.com\/lasprimeras.com.do\/wp-content\/uploads\/2025\/03\/PFLaVega-Header.jpg?resize=1050%2C600&ssl=1 3x, https:\/\/i0.wp.com\/lasprimeras.com.do\/wp-content\/uploads\/2025\/03\/PFLaVega-Header.jpg?resize=1400%2C800&ssl=1 4x"},"classes":[]},{"id":80563,"url":"https:\/\/lasprimeras.com.do\/index.php\/2024\/04\/09\/capturado-hombre-por-violacion-y-amenaza-de-muerte-contra-una-mujer-en-su-vivienda\/","url_meta":{"origin":58118,"position":4},"title":"Capturado hombre por violaci\u00f3n y amenaza de muerte contra una mujer en su vivienda","author":"BIMARY DE JES\u00daS Matos","date":"9 de abril de 2024","format":false,"excerpt":"Santo Domingo.-Agentes policiales, adscritos a Departamento de Investigaciones de Delitos Sexuales y Violencia Intrafamiliar, de la Direcci\u00f3n Central de Investigaci\u00f3n (DICRIM), arrestaron a un hombre mediante orden de arresto por penetrar a una vivienda y abusar sexualmente de una mujer, mientras la amenazaba de muerte con un arma de fuego,\u2026","rel":"","context":"En \u00abNACIONALES\u00bb","block_context":{"text":"NACIONALES","link":"https:\/\/lasprimeras.com.do\/index.php\/category\/nacionales\/"},"img":{"alt_text":"","src":"https:\/\/i0.wp.com\/lasprimeras.com.do\/wp-content\/uploads\/2024\/04\/7745dfde-456a-4a7d-aae2-970a54c76356-1024x682-1.jpeg?resize=350%2C200&ssl=1","width":350,"height":200,"srcset":"https:\/\/i0.wp.com\/lasprimeras.com.do\/wp-content\/uploads\/2024\/04\/7745dfde-456a-4a7d-aae2-970a54c76356-1024x682-1.jpeg?resize=350%2C200&ssl=1 1x, https:\/\/i0.wp.com\/lasprimeras.com.do\/wp-content\/uploads\/2024\/04\/7745dfde-456a-4a7d-aae2-970a54c76356-1024x682-1.jpeg?resize=525%2C300&ssl=1 1.5x, https:\/\/i0.wp.com\/lasprimeras.com.do\/wp-content\/uploads\/2024\/04\/7745dfde-456a-4a7d-aae2-970a54c76356-1024x682-1.jpeg?resize=700%2C400&ssl=1 2x"},"classes":[]},{"id":61398,"url":"https:\/\/lasprimeras.com.do\/index.php\/2023\/09\/26\/apresan-hombre-acusado-de-violacion-sexual-de-dos-ninas-en-villa-mella\/","url_meta":{"origin":58118,"position":5},"title":"Apresan hombre acusado de violaci\u00f3n sexual de dos ni\u00f1as en Villa Mella","author":"Nelson Feliz","date":"26 de septiembre de 2023","format":false,"excerpt":"Por Mart\u00edn Restituyo Miembros policiales, adscritos a la Divisi\u00f3n de Investigaci\u00f3n de Delitos Sexuales, adscritos a la Direcci\u00f3n Central de Investigaci\u00f3n (DICRIM), junto a miembros de Prevenci\u00f3n, apresaron mediante orden de arresto a un hombre acusado de violar sexualmente a dos ni\u00f1as de 11 y 9 a\u00f1os, respectivamente. El hecho\u2026","rel":"","context":"En \u00abMILITARES\u00bb","block_context":{"text":"MILITARES","link":"https:\/\/lasprimeras.com.do\/index.php\/category\/militares\/"},"img":{"alt_text":"menores","src":"https:\/\/i0.wp.com\/lasprimeras.com.do\/wp-content\/uploads\/2023\/09\/menores.jpg?resize=350%2C200&ssl=1","width":350,"height":200,"srcset":"https:\/\/i0.wp.com\/lasprimeras.com.do\/wp-content\/uploads\/2023\/09\/menores.jpg?resize=350%2C200&ssl=1 1x, https:\/\/i0.wp.com\/lasprimeras.com.do\/wp-content\/uploads\/2023\/09\/menores.jpg?resize=525%2C300&ssl=1 1.5x, https:\/\/i0.wp.com\/lasprimeras.com.do\/wp-content\/uploads\/2023\/09\/menores.jpg?resize=700%2C400&ssl=1 2x"},"classes":[]}],"jetpack_sharing_enabled":true,"_links":{"self":[{"href":"https:\/\/lasprimeras.com.do\/index.php\/wp-json\/wp\/v2\/posts\/58118","targetHints":{"allow":["GET"]}}],"collection":[{"href":"https:\/\/lasprimeras.com.do\/index.php\/wp-json\/wp\/v2\/posts"}],"about":[{"href":"https:\/\/lasprimeras.com.do\/index.php\/wp-json\/wp\/v2\/types\/post"}],"author":[{"embeddable":true,"href":"https:\/\/lasprimeras.com.do\/index.php\/wp-json\/wp\/v2\/users\/2"}],"replies":[{"embeddable":true,"href":"https:\/\/lasprimeras.com.do\/index.php\/wp-json\/wp\/v2\/comments?post=58118"}],"version-history":[{"count":1,"href":"https:\/\/lasprimeras.com.do\/index.php\/wp-json\/wp\/v2\/posts\/58118\/revisions"}],"predecessor-version":[{"id":58119,"href":"https:\/\/lasprimeras.com.do\/index.php\/wp-json\/wp\/v2\/posts\/58118\/revisions\/58119"}],"wp:featuredmedia":[{"embeddable":true,"href":"https:\/\/lasprimeras.com.do\/index.php\/wp-json\/wp\/v2\/media\/56997"}],"wp:attachment":[{"href":"https:\/\/lasprimeras.com.do\/index.php\/wp-json\/wp\/v2\/media?parent=58118"}],"wp:term":[{"taxonomy":"category","embeddable":true,"href":"https:\/\/lasprimeras.com.do\/index.php\/wp-json\/wp\/v2\/categories?post=58118"},{"taxonomy":"post_tag","embeddable":true,"href":"https:\/\/lasprimeras.com.do\/index.php\/wp-json\/wp\/v2\/tags?post=58118"}],"curies":[{"name":"wp","href":"https:\/\/api.w.org\/{rel}","templated":true}]}}